{"id":77178,"date":"2025-03-06T10:41:00","date_gmt":"2025-03-06T07:41:00","guid":{"rendered":"https:\/\/kibrisdakik.com\/index.php\/2025\/03\/06\/rusya-macron-en-gec-2027de-ortadan-kaybolacak-ve-ozlenmeyecek\/"},"modified":"2025-03-06T10:41:00","modified_gmt":"2025-03-06T07:41:00","slug":"rusya-macron-en-gec-2027de-ortadan-kaybolacak-ve-ozlenmeyecek","status":"publish","type":"post","link":"https:\/\/kibrisdakik.com\/?p=77178","title":{"rendered":"Rusya: Macron, en ge\u00e7 2027\u2019de ortadan kaybolacak ve \u00f6zlenmeyecek"},"content":{"rendered":"<p><\/p>\n<div>\n<div class=\"mariselle-image-container center\">\n                <img loading=\"lazy\" decoding=\"async\" width=\"864\" height=\"486\" class=\"lazy-image\" alt=\"\" sizes=\"auto, (max-width: 864px) 100vw, 864px\" src=\"https:\/\/brtk.net\/wp-content\/uploads\/2023\/04\/13\/macron-chat.jpg?ver=afa971fbd4ecb105d7d6e92f22e1c4f8\" srcset=\"https:\/\/brtk.net\/wp-content\/uploads\/2023\/04\/13\/macron-chat.jpg?ver=afa971fbd4ecb105d7d6e92f22e1c4f8 864w, https:\/\/brtk.net\/wp-content\/uploads\/2023\/04\/13\/macron-chat-300x169.jpg?ver=afa971fbd4ecb105d7d6e92f22e1c4f8 300w, https:\/\/brtk.net\/wp-content\/uploads\/2023\/04\/13\/macron-chat-768x432.jpg?ver=afa971fbd4ecb105d7d6e92f22e1c4f8 768w\"\/>                            <\/div>\n<p>Rusya G\u00fcvenlik Konseyi Ba\u015fkan Yard\u0131mc\u0131s\u0131 Medvedev, Fransa Cumhurba\u015fkan\u0131 Macron\u2019un, \u00fclkesini Avrupa i\u00e7in tehdit olarak nitelendirmesine ili\u015fkin, \u201cKendisi en ge\u00e7 14 May\u0131s 2027\u2019de sonsuza kadar ortadan kaybolacak ve \u00f6zlenmeyecek.\u201d ifadesini kulland\u0131.<\/p>\n<p>Dmitriy Medvedev, Rusya\u2019y\u0131 Avrupa ve Fransa i\u00e7in tehdit olu\u015fturmakla su\u00e7layan Emmanuel Macron\u2019a sosyal medya hesab\u0131 \u00fczerinden yan\u0131t verdi.<\/p>\n<p>Macron\u2019un ismini \u201cMicron\u201d \u015feklinde yazan Medvedev, \u201cMicron\u2019un kendisi bir tehdit olu\u015fturmuyor. Kendisi en ge\u00e7 14 May\u0131s 2027\u2019de sonsuza kadar ortadan kaybolacak ve \u00f6zlenmeyecek.\u201d g\u00f6r\u00fc\u015f\u00fcn\u00fc payla\u015ft\u0131.<\/p>\n<p>Macron, d\u00fcn ger\u00e7ekle\u015ftirdi\u011fi ulusa sesleni\u015f konu\u015fmas\u0131nda Rusya\u2019n\u0131n 2030\u2019a kadar ordusunu 40 milyar avrodan fazla harcamayla 3 bin tank ve 300 sava\u015f u\u00e7a\u011f\u0131yla daha da b\u00fcy\u00fctmeyi planlad\u0131\u011f\u0131n\u0131, Avrupa\u2019n\u0131n g\u00fcvenli\u011fi i\u00e7in tehdit olmay\u0131 s\u00fcrd\u00fcrd\u00fc\u011f\u00fcn\u00fc s\u00f6ylemi\u015fti.<\/p>\n<\/p><\/div>\n<p><script async\n                    defer\n                    crossorigin=\"anonymous\"\n                    src=\"https:\/\/connect.facebook.net\/tr_TR\/sdk.js#xfbml=1&#038;version=v3.3\"\n            ><\/script><\/p>\n","protected":false},"excerpt":{"rendered":"<p>Rusya G\u00fcvenlik Konseyi Ba\u015fkan Yard\u0131mc\u0131s\u0131 Medvedev, Fransa Cumhurba\u015fkan\u0131 Macron\u2019un, \u00fclkesini Avrupa i\u00e7in tehdit olarak nitelendirmesine ili\u015fkin, \u201cKendisi en ge\u00e7 14 May\u0131s 2027\u2019de sonsuza kadar ortadan kaybolacak ve \u00f6zlenmeyecek.\u201d ifadesini kulland\u0131. Dmitriy Medvedev, Rusya\u2019y\u0131 Avrupa ve Fransa i\u00e7in tehdit olu\u015fturmakla su\u00e7layan Emmanuel Macron\u2019a sosyal medya hesab\u0131 \u00fczerinden yan\u0131t verdi. Macron\u2019un ismini \u201cMicron\u201d \u015feklinde yazan Medvedev, \u201cMicron\u2019un<\/p>\n","protected":false},"author":1,"featured_media":77179,"comment_status":"open","ping_status":"open","sticky":false,"template":"","format":"standard","meta":{"footnotes":""},"categories":[1],"tags":[],"class_list":["post-77178","post","type-post","status-publish","format-standard","has-post-thumbnail","hentry","category-gundem"],"yoast_head":"<!-- This site is optimized with the Yoast SEO plugin v27.4 - https:\/\/yoast.com\/product\/yoast-seo-wordpress\/ -->\n<title>Rusya: Macron, en ge\u00e7 2027\u2019de ortadan kaybolacak ve \u00f6zlenmeyecek -<\/title>\n<meta name=\"robots\" content=\"index, follow, max-snippet:-1, max-image-preview:large, max-video-preview:-1\" \/>\n<link rel=\"canonical\" href=\"https:\/\/kibrisdakik.com\/?p=77178\" \/>\n<meta property=\"og:locale\" content=\"tr_TR\" \/>\n<meta property=\"og:type\" content=\"article\" \/>\n<meta property=\"og:title\" content=\"Rusya: Macron, en ge\u00e7 2027\u2019de ortadan kaybolacak ve \u00f6zlenmeyecek -\" \/>\n<meta property=\"og:description\" content=\"Rusya G\u00fcvenlik Konseyi Ba\u015fkan Yard\u0131mc\u0131s\u0131 Medvedev, Fransa Cumhurba\u015fkan\u0131 Macron\u2019un, \u00fclkesini Avrupa i\u00e7in tehdit olarak nitelendirmesine ili\u015fkin, \u201cKendisi en ge\u00e7 14 May\u0131s 2027\u2019de sonsuza kadar ortadan kaybolacak ve \u00f6zlenmeyecek.\u201d ifadesini kulland\u0131. Dmitriy Medvedev, Rusya\u2019y\u0131 Avrupa ve Fransa i\u00e7in tehdit olu\u015fturmakla su\u00e7layan Emmanuel Macron\u2019a sosyal medya hesab\u0131 \u00fczerinden yan\u0131t verdi. Macron\u2019un ismini \u201cMicron\u201d \u015feklinde yazan Medvedev, \u201cMicron\u2019un\" \/>\n<meta property=\"og:url\" content=\"https:\/\/kibrisdakik.com\/?p=77178\" \/>\n<meta property=\"article:published_time\" content=\"2025-03-06T07:41:00+00:00\" \/>\n<meta property=\"og:image\" content=\"https:\/\/kibrisdakik.com\/wp-content\/uploads\/2025\/03\/macron-chat-740x420.jpg\" \/>\n\t<meta property=\"og:image:width\" content=\"864\" \/>\n\t<meta property=\"og:image:height\" content=\"486\" \/>\n\t<meta property=\"og:image:type\" content=\"image\/jpeg\" \/>\n<meta name=\"author\" content=\"admin\" \/>\n<meta name=\"twitter:card\" content=\"summary_large_image\" \/>\n<meta name=\"twitter:label1\" content=\"Yazan:\" \/>\n\t<meta name=\"twitter:data1\" content=\"admin\" \/>\n\t<meta name=\"twitter:label2\" content=\"Tahmini okuma s\u00fcresi\" \/>\n\t<meta name=\"twitter:data2\" content=\"1 dakika\" \/>\n<script type=\"application\/ld+json\" class=\"yoast-schema-graph\">{\"@context\":\"https:\\\/\\\/schema.org\",\"@graph\":[{\"@type\":\"Article\",\"@id\":\"https:\\\/\\\/kibrisdakik.com\\\/?p=77178#article\",\"isPartOf\":{\"@id\":\"https:\\\/\\\/kibrisdakik.com\\\/?p=77178\"},\"author\":{\"name\":\"admin\",\"@id\":\"https:\\\/\\\/kibrisdakik.com\\\/#\\\/schema\\\/person\\\/9cd9d437bbb44f72b73ba127e06d8e79\"},\"headline\":\"Rusya: Macron, en ge\u00e7 2027\u2019de ortadan kaybolacak ve \u00f6zlenmeyecek\",\"datePublished\":\"2025-03-06T07:41:00+00:00\",\"mainEntityOfPage\":{\"@id\":\"https:\\\/\\\/kibrisdakik.com\\\/?p=77178\"},\"wordCount\":155,\"commentCount\":0,\"image\":{\"@id\":\"https:\\\/\\\/kibrisdakik.com\\\/?p=77178#primaryimage\"},\"thumbnailUrl\":\"https:\\\/\\\/kibrisdakik.com\\\/wp-content\\\/uploads\\\/2025\\\/03\\\/macron-chat-740x420.jpg\",\"articleSection\":[\"G\u00fcndem\"],\"inLanguage\":\"tr\",\"potentialAction\":[{\"@type\":\"CommentAction\",\"name\":\"Comment\",\"target\":[\"https:\\\/\\\/kibrisdakik.com\\\/?p=77178#respond\"]}]},{\"@type\":\"WebPage\",\"@id\":\"https:\\\/\\\/kibrisdakik.com\\\/?p=77178\",\"url\":\"https:\\\/\\\/kibrisdakik.com\\\/?p=77178\",\"name\":\"Rusya: Macron, en ge\u00e7 2027\u2019de ortadan kaybolacak ve \u00f6zlenmeyecek -\",\"isPartOf\":{\"@id\":\"https:\\\/\\\/kibrisdakik.com\\\/#website\"},\"primaryImageOfPage\":{\"@id\":\"https:\\\/\\\/kibrisdakik.com\\\/?p=77178#primaryimage\"},\"image\":{\"@id\":\"https:\\\/\\\/kibrisdakik.com\\\/?p=77178#primaryimage\"},\"thumbnailUrl\":\"https:\\\/\\\/kibrisdakik.com\\\/wp-content\\\/uploads\\\/2025\\\/03\\\/macron-chat-740x420.jpg\",\"datePublished\":\"2025-03-06T07:41:00+00:00\",\"author\":{\"@id\":\"https:\\\/\\\/kibrisdakik.com\\\/#\\\/schema\\\/person\\\/9cd9d437bbb44f72b73ba127e06d8e79\"},\"breadcrumb\":{\"@id\":\"https:\\\/\\\/kibrisdakik.com\\\/?p=77178#breadcrumb\"},\"inLanguage\":\"tr\",\"potentialAction\":[{\"@type\":\"ReadAction\",\"target\":[\"https:\\\/\\\/kibrisdakik.com\\\/?p=77178\"]}]},{\"@type\":\"ImageObject\",\"inLanguage\":\"tr\",\"@id\":\"https:\\\/\\\/kibrisdakik.com\\\/?p=77178#primaryimage\",\"url\":\"https:\\\/\\\/kibrisdakik.com\\\/wp-content\\\/uploads\\\/2025\\\/03\\\/macron-chat-740x420.jpg\",\"contentUrl\":\"https:\\\/\\\/kibrisdakik.com\\\/wp-content\\\/uploads\\\/2025\\\/03\\\/macron-chat-740x420.jpg\",\"width\":864,\"height\":486},{\"@type\":\"BreadcrumbList\",\"@id\":\"https:\\\/\\\/kibrisdakik.com\\\/?p=77178#breadcrumb\",\"itemListElement\":[{\"@type\":\"ListItem\",\"position\":1,\"name\":\"Home\",\"item\":\"https:\\\/\\\/kibrisdakik.com\\\/\"},{\"@type\":\"ListItem\",\"position\":2,\"name\":\"Rusya: Macron, en ge\u00e7 2027\u2019de ortadan kaybolacak ve \u00f6zlenmeyecek\"}]},{\"@type\":\"WebSite\",\"@id\":\"https:\\\/\\\/kibrisdakik.com\\\/#website\",\"url\":\"https:\\\/\\\/kibrisdakik.com\\\/\",\"name\":\"\",\"description\":\"Tam vaktinde haber\",\"potentialAction\":[{\"@type\":\"SearchAction\",\"target\":{\"@type\":\"EntryPoint\",\"urlTemplate\":\"https:\\\/\\\/kibrisdakik.com\\\/?s={search_term_string}\"},\"query-input\":{\"@type\":\"PropertyValueSpecification\",\"valueRequired\":true,\"valueName\":\"search_term_string\"}}],\"inLanguage\":\"tr\"},{\"@type\":\"Person\",\"@id\":\"https:\\\/\\\/kibrisdakik.com\\\/#\\\/schema\\\/person\\\/9cd9d437bbb44f72b73ba127e06d8e79\",\"name\":\"admin\",\"image\":{\"@type\":\"ImageObject\",\"inLanguage\":\"tr\",\"@id\":\"https:\\\/\\\/secure.gravatar.com\\\/avatar\\\/ccc17943b9d660506c869530f897617f7cb1c21a4bf30023f252596d83e1f007?s=96&d=mm&r=g\",\"url\":\"https:\\\/\\\/secure.gravatar.com\\\/avatar\\\/ccc17943b9d660506c869530f897617f7cb1c21a4bf30023f252596d83e1f007?s=96&d=mm&r=g\",\"contentUrl\":\"https:\\\/\\\/secure.gravatar.com\\\/avatar\\\/ccc17943b9d660506c869530f897617f7cb1c21a4bf30023f252596d83e1f007?s=96&d=mm&r=g\",\"caption\":\"admin\"},\"sameAs\":[\"https:\\\/\\\/kibrisdakik.com\"],\"url\":\"https:\\\/\\\/kibrisdakik.com\\\/?author=1\"}]}<\/script>\n<!-- \/ Yoast SEO plugin. -->","yoast_head_json":{"title":"Rusya: Macron, en ge\u00e7 2027\u2019de ortadan kaybolacak ve \u00f6zlenmeyecek -","robots":{"index":"index","follow":"follow","max-snippet":"max-snippet:-1","max-image-preview":"max-image-preview:large","max-video-preview":"max-video-preview:-1"},"canonical":"https:\/\/kibrisdakik.com\/?p=77178","og_locale":"tr_TR","og_type":"article","og_title":"Rusya: Macron, en ge\u00e7 2027\u2019de ortadan kaybolacak ve \u00f6zlenmeyecek -","og_description":"Rusya G\u00fcvenlik Konseyi Ba\u015fkan Yard\u0131mc\u0131s\u0131 Medvedev, Fransa Cumhurba\u015fkan\u0131 Macron\u2019un, \u00fclkesini Avrupa i\u00e7in tehdit olarak nitelendirmesine ili\u015fkin, \u201cKendisi en ge\u00e7 14 May\u0131s 2027\u2019de sonsuza kadar ortadan kaybolacak ve \u00f6zlenmeyecek.\u201d ifadesini kulland\u0131. Dmitriy Medvedev, Rusya\u2019y\u0131 Avrupa ve Fransa i\u00e7in tehdit olu\u015fturmakla su\u00e7layan Emmanuel Macron\u2019a sosyal medya hesab\u0131 \u00fczerinden yan\u0131t verdi. Macron\u2019un ismini \u201cMicron\u201d \u015feklinde yazan Medvedev, \u201cMicron\u2019un","og_url":"https:\/\/kibrisdakik.com\/?p=77178","article_published_time":"2025-03-06T07:41:00+00:00","og_image":[{"width":864,"height":486,"url":"https:\/\/kibrisdakik.com\/wp-content\/uploads\/2025\/03\/macron-chat-740x420.jpg","type":"image\/jpeg"}],"author":"admin","twitter_card":"summary_large_image","twitter_misc":{"Yazan:":"admin","Tahmini okuma s\u00fcresi":"1 dakika"},"schema":{"@context":"https:\/\/schema.org","@graph":[{"@type":"Article","@id":"https:\/\/kibrisdakik.com\/?p=77178#article","isPartOf":{"@id":"https:\/\/kibrisdakik.com\/?p=77178"},"author":{"name":"admin","@id":"https:\/\/kibrisdakik.com\/#\/schema\/person\/9cd9d437bbb44f72b73ba127e06d8e79"},"headline":"Rusya: Macron, en ge\u00e7 2027\u2019de ortadan kaybolacak ve \u00f6zlenmeyecek","datePublished":"2025-03-06T07:41:00+00:00","mainEntityOfPage":{"@id":"https:\/\/kibrisdakik.com\/?p=77178"},"wordCount":155,"commentCount":0,"image":{"@id":"https:\/\/kibrisdakik.com\/?p=77178#primaryimage"},"thumbnailUrl":"https:\/\/kibrisdakik.com\/wp-content\/uploads\/2025\/03\/macron-chat-740x420.jpg","articleSection":["G\u00fcndem"],"inLanguage":"tr","potentialAction":[{"@type":"CommentAction","name":"Comment","target":["https:\/\/kibrisdakik.com\/?p=77178#respond"]}]},{"@type":"WebPage","@id":"https:\/\/kibrisdakik.com\/?p=77178","url":"https:\/\/kibrisdakik.com\/?p=77178","name":"Rusya: Macron, en ge\u00e7 2027\u2019de ortadan kaybolacak ve \u00f6zlenmeyecek -","isPartOf":{"@id":"https:\/\/kibrisdakik.com\/#website"},"primaryImageOfPage":{"@id":"https:\/\/kibrisdakik.com\/?p=77178#primaryimage"},"image":{"@id":"https:\/\/kibrisdakik.com\/?p=77178#primaryimage"},"thumbnailUrl":"https:\/\/kibrisdakik.com\/wp-content\/uploads\/2025\/03\/macron-chat-740x420.jpg","datePublished":"2025-03-06T07:41:00+00:00","author":{"@id":"https:\/\/kibrisdakik.com\/#\/schema\/person\/9cd9d437bbb44f72b73ba127e06d8e79"},"breadcrumb":{"@id":"https:\/\/kibrisdakik.com\/?p=77178#breadcrumb"},"inLanguage":"tr","potentialAction":[{"@type":"ReadAction","target":["https:\/\/kibrisdakik.com\/?p=77178"]}]},{"@type":"ImageObject","inLanguage":"tr","@id":"https:\/\/kibrisdakik.com\/?p=77178#primaryimage","url":"https:\/\/kibrisdakik.com\/wp-content\/uploads\/2025\/03\/macron-chat-740x420.jpg","contentUrl":"https:\/\/kibrisdakik.com\/wp-content\/uploads\/2025\/03\/macron-chat-740x420.jpg","width":864,"height":486},{"@type":"BreadcrumbList","@id":"https:\/\/kibrisdakik.com\/?p=77178#breadcrumb","itemListElement":[{"@type":"ListItem","position":1,"name":"Home","item":"https:\/\/kibrisdakik.com\/"},{"@type":"ListItem","position":2,"name":"Rusya: Macron, en ge\u00e7 2027\u2019de ortadan kaybolacak ve \u00f6zlenmeyecek"}]},{"@type":"WebSite","@id":"https:\/\/kibrisdakik.com\/#website","url":"https:\/\/kibrisdakik.com\/","name":"","description":"Tam vaktinde haber","potentialAction":[{"@type":"SearchAction","target":{"@type":"EntryPoint","urlTemplate":"https:\/\/kibrisdakik.com\/?s={search_term_string}"},"query-input":{"@type":"PropertyValueSpecification","valueRequired":true,"valueName":"search_term_string"}}],"inLanguage":"tr"},{"@type":"Person","@id":"https:\/\/kibrisdakik.com\/#\/schema\/person\/9cd9d437bbb44f72b73ba127e06d8e79","name":"admin","image":{"@type":"ImageObject","inLanguage":"tr","@id":"https:\/\/secure.gravatar.com\/avatar\/ccc17943b9d660506c869530f897617f7cb1c21a4bf30023f252596d83e1f007?s=96&d=mm&r=g","url":"https:\/\/secure.gravatar.com\/avatar\/ccc17943b9d660506c869530f897617f7cb1c21a4bf30023f252596d83e1f007?s=96&d=mm&r=g","contentUrl":"https:\/\/secure.gravatar.com\/avatar\/ccc17943b9d660506c869530f897617f7cb1c21a4bf30023f252596d83e1f007?s=96&d=mm&r=g","caption":"admin"},"sameAs":["https:\/\/kibrisdakik.com"],"url":"https:\/\/kibrisdakik.com\/?author=1"}]}},"_links":{"self":[{"href":"https:\/\/kibrisdakik.com\/index.php?rest_route=\/wp\/v2\/posts\/77178","targetHints":{"allow":["GET"]}}],"collection":[{"href":"https:\/\/kibrisdakik.com\/index.php?rest_route=\/wp\/v2\/posts"}],"about":[{"href":"https:\/\/kibrisdakik.com\/index.php?rest_route=\/wp\/v2\/types\/post"}],"author":[{"embeddable":true,"href":"https:\/\/kibrisdakik.com\/index.php?rest_route=\/wp\/v2\/users\/1"}],"replies":[{"embeddable":true,"href":"https:\/\/kibrisdakik.com\/index.php?rest_route=%2Fwp%2Fv2%2Fcomments&post=77178"}],"version-history":[{"count":0,"href":"https:\/\/kibrisdakik.com\/index.php?rest_route=\/wp\/v2\/posts\/77178\/revisions"}],"wp:featuredmedia":[{"embeddable":true,"href":"https:\/\/kibrisdakik.com\/index.php?rest_route=\/wp\/v2\/media\/77179"}],"wp:attachment":[{"href":"https:\/\/kibrisdakik.com\/index.php?rest_route=%2Fwp%2Fv2%2Fmedia&parent=77178"}],"wp:term":[{"taxonomy":"category","embeddable":true,"href":"https:\/\/kibrisdakik.com\/index.php?rest_route=%2Fwp%2Fv2%2Fcategories&post=77178"},{"taxonomy":"post_tag","embeddable":true,"href":"https:\/\/kibrisdakik.com\/index.php?rest_route=%2Fwp%2Fv2%2Ftags&post=77178"}],"curies":[{"name":"wp","href":"https:\/\/api.w.org\/{rel}","templated":true}]}}