{"id":77192,"date":"2025-03-07T11:27:32","date_gmt":"2025-03-07T08:27:32","guid":{"rendered":"https:\/\/kibrisdakik.com\/index.php\/2025\/03\/07\/yarin-8-mart-dunya-emekci-kadinlar-gunu-ulke-capinda-etkinlikler-duzenlenecek\/"},"modified":"2025-03-07T11:27:32","modified_gmt":"2025-03-07T08:27:32","slug":"yarin-8-mart-dunya-emekci-kadinlar-gunu-ulke-capinda-etkinlikler-duzenlenecek","status":"publish","type":"post","link":"https:\/\/kibrisdakik.com\/?p=77192","title":{"rendered":"Yar\u0131n 8 Mart D\u00fcnya Emek\u00e7i Kad\u0131nlar G\u00fcn\u00fc\u2026 \u00dclke \u00e7ap\u0131nda etkinlikler d\u00fczenlenecek"},"content":{"rendered":"<div>\n<div class=\"mariselle-image-container center\">\n                                            <\/div>\n<p>8 Mart D\u00fcnya Emek\u00e7i Kad\u0131nlar G\u00fcn\u00fc kapsam\u0131nda \u00fclke \u00e7ap\u0131nda \u00e7e\u015fitli etkinlikler ger\u00e7ekle\u015ftirilecek.<\/p>\n<p>Birle\u015fmi\u015f Milletler Kad\u0131n Birimi (UN Women), 2025 y\u0131l\u0131 i\u00e7in 8 Mart D\u00fcnya Kad\u0131nlar G\u00fcn\u00fc temas\u0131n\u0131 \u2018T\u00fcm Kad\u0131nlar ve K\u0131z \u00c7ocuklar\u0131 \u0130\u00e7in: Haklar, E\u015fitlik, G\u00fc\u00e7lendirme\u2019 olarak belirledi.<\/p>\n<p>2025 y\u0131l\u0131 ayn\u0131 zamanda Pekin Deklarasyonu ve Eylem Platformu\u2019nun 30\u2019uncu y\u0131l d\u00f6n\u00fcm\u00fcne denk geliyor. 1995 y\u0131l\u0131nda 189 h\u00fck\u00fcmet taraf\u0131ndan kabul edilen bu deklarasyon, kad\u0131nlar\u0131n ve k\u0131z \u00e7ocuklar\u0131n\u0131n haklar\u0131n\u0131 g\u00fcvence alt\u0131na alan en kapsaml\u0131 ve ilerici yol haritas\u0131 olarak kabul ediliyor.<\/p>\n<p>-\u00dclke \u00e7ap\u0131nda etkinlikler d\u00fczenlenecek<\/p>\n<p>8 Mart D\u00fcnya Emek\u00e7i Kad\u0131nlar G\u00fcn\u00fc dolay\u0131s\u0131yla \u00fclke genelinde \u00e7e\u015fitli etkinlikler ger\u00e7ekle\u015ftirilecek.<\/p>\n<p>HAKSEN ve Kad\u0131n E\u011fitimi Kolektifi i\u015f birli\u011finde d\u00fczenlenen \u201cEv \u0130\u00e7i Emek ve \u00d6tesi\u201d konulu seminer ve drama at\u00f6lyesi, bug\u00fcn saat 13.00\u2019te ba\u015flayacak.<\/p>\n<p>Ma\u011fusa K\u00fclt\u00fcr Derne\u011fi ve Klotho \u00d6rg\u00fct\u00fc\u2019nden kad\u0131nlar, Toplumsal M\u00fccadele Platformu\u2019nun katk\u0131lar\u0131yla bug\u00fcn saat 15.30\u2019da Famagusta Avenue Garage, Derinya\u2019da ortak bir etkinlik d\u00fczenleyecek. Bug\u00fcn 19.00\u2019da Gazima\u011fusa Bandabulya\u2019da TOVAD taraf\u0131ndan \u201cKad\u0131n\u0131n Sesi\u201d adl\u0131 foto\u011fraf sergisi a\u00e7\u0131lacak.<\/p>\n<p>KT\u00d6S ve DA\u00dc-SEN bug\u00fcn saat 17.00\u2019de KT\u00d6S\u2019te \u201c\u00d6\u011fretmenler ve Siyaset\u00e7iler: E\u015fitlik i\u00e7in ve ayr\u0131mc\u0131l\u0131\u011fa kar\u015f\u0131 m\u00fccadele\u201d konulu panel ger\u00e7ekle\u015ftirilecek. Panelde CTP Milletvekili Do\u011fu\u015f Derya, Ba\u011f\u0131ms\u0131z Milletvekil Ay\u015feg\u00fcl Baybars konu\u015fma yapacak. Etkinli\u011fin moderat\u00f6rl\u00fc\u011f\u00fcn\u00fc ise Umut Bozkurt \u00fcstlenecek.<\/p>\n<p>8 Mart kapsam\u0131nda Lefko\u015fa Sa\u00e7akl\u0131 Ev\u2019de bug\u00fcn saat 18.00\u2019de \u201cHere I am- Buraday\u0131m\u201d adl\u0131 resim sergisi a\u00e7\u0131lacak.<\/p>\n<p>Bug\u00fcn ayr\u0131ca, Kuzey K\u0131br\u0131s T\u00fcrk Cumhuriyeti Cumhurba\u015fkanl\u0131\u011f\u0131 Senfoni Orkestras\u0131 (KKTC CSO), 8 Mart D\u00fcnya Kad\u0131nlar G\u00fcn\u00fc kapsam\u0131nda Gazima\u011fusa DA\u00dc Rauf Raif Denkta\u015f K\u00fclt\u00fcr ve Kongre Saray\u0131\u2019nda saat 20.00\u2019de konser verecek.<\/p>\n<p>Yar\u0131n, K\u0131br\u0131s T\u00fcrk Kad\u0131nlar Konseyi Derne\u011fi, saat 10.30\u2019da Lefko\u015fa\u2019daki Atat\u00fcrk Heykeli\u2019ne \u00e7elenk koyacak. T\u00f6ren, kad\u0131nlar\u0131n toplumsal hayattaki yeri, eme\u011fi ve m\u00fccadelesine olan sayg\u0131y\u0131 ifade etmek amac\u0131yla ger\u00e7ekle\u015ftirilecek.<\/p>\n<p>Y\u0131ltan Ta\u015f\u00e7\u0131 Akademisi taraf\u0131ndan d\u00fczenlenen \u201c\u0130z B\u0131rakan Kad\u0131nlar\u0131m\u0131z 1\u201d adl\u0131 foto\u011fraf sergisi, Lefko\u015fa Sanat Merkezi M. Necati \u00d6zkan Sergi Salonu\u2019nda yar\u0131n saat 11.00\u2019de a\u00e7\u0131lacak.<\/p>\n<p>Toplumsal M\u00fccadele Platformu da 8 Mart etkinlikleri d\u00fczenleyecek. Ma\u011fusa K\u00fclt\u00fcr Derne\u011fi\u2019nin organize etti\u011fi kitap okuma etkinli\u011fi, yar\u0131n saat 14.00\u2019te Desdemona Park\u0131\u2019nda ba\u015flayacak. Ard\u0131ndan saat 15.30\u2019da Gazima\u011fusa Sulu \u00c7ember\u2019den \u201c8 Mart D\u00fcnya Emek\u00e7i Kad\u0131nlar G\u00fcn\u00fc Dayan\u0131\u015fma Y\u00fcr\u00fcy\u00fc\u015f\u00fc\u201d d\u00fczenlenecek. Y\u00fcr\u00fcy\u00fc\u015f\u00fcn ard\u0131ndan saat 17.00\u2019de Bandabulya\u2019da Grup Detay konser verecek.<\/p>\n<p>Lefko\u015fa Kumsal Park\u2019ta yar\u0131n saat 15.00\u2019te, 8 Mart Organizasyon Komitesi taraf\u0131ndan \u201cS\u00f6m\u00fcr\u00fcye Kar\u015f\u0131 \u0130natla, Bar\u0131\u015fa Do\u011fru Umutla\u201d slogan\u0131yla bir eylem d\u00fczenlenecek.<\/p>\n<\/p><\/div>\n<p><script async\n                    defer\n                    crossorigin=\"anonymous\"\n                    src=\"https:\/\/connect.facebook.net\/tr_TR\/sdk.js#xfbml=1&#038;version=v3.3\"\n            ><\/script><\/p>\n","protected":false},"excerpt":{"rendered":"<p>8 Mart D\u00fcnya Emek\u00e7i Kad\u0131nlar G\u00fcn\u00fc kapsam\u0131nda \u00fclke \u00e7ap\u0131nda \u00e7e\u015fitli etkinlikler ger\u00e7ekle\u015ftirilecek. Birle\u015fmi\u015f Milletler Kad\u0131n Birimi (UN Women), 2025 y\u0131l\u0131 i\u00e7in 8 Mart D\u00fcnya Kad\u0131nlar G\u00fcn\u00fc temas\u0131n\u0131 \u2018T\u00fcm Kad\u0131nlar ve K\u0131z \u00c7ocuklar\u0131 \u0130\u00e7in: Haklar, E\u015fitlik, G\u00fc\u00e7lendirme\u2019 olarak belirledi. 2025 y\u0131l\u0131 ayn\u0131 zamanda Pekin Deklarasyonu ve Eylem Platformu\u2019nun 30\u2019uncu y\u0131l d\u00f6n\u00fcm\u00fcne denk geliyor. 1995 y\u0131l\u0131nda 189<\/p>\n","protected":false},"author":1,"featured_media":77193,"comment_status":"open","ping_status":"open","sticky":false,"template":"","format":"standard","meta":{"footnotes":""},"categories":[81,101],"tags":[],"class_list":["post-77192","post","type-post","status-publish","format-standard","has-post-thumbnail","hentry","category-kibris","category-manset"],"yoast_head":"<!-- This site is optimized with the Yoast SEO plugin v27.4 - https:\/\/yoast.com\/product\/yoast-seo-wordpress\/ -->\n<title>Yar\u0131n 8 Mart D\u00fcnya Emek\u00e7i Kad\u0131nlar G\u00fcn\u00fc\u2026 \u00dclke \u00e7ap\u0131nda etkinlikler d\u00fczenlenecek -<\/title>\n<meta name=\"robots\" content=\"index, follow, max-snippet:-1, max-image-preview:large, max-video-preview:-1\" \/>\n<link rel=\"canonical\" href=\"https:\/\/kibrisdakik.com\/?p=77192\" \/>\n<meta property=\"og:locale\" content=\"tr_TR\" \/>\n<meta property=\"og:type\" content=\"article\" \/>\n<meta property=\"og:title\" content=\"Yar\u0131n 8 Mart D\u00fcnya Emek\u00e7i Kad\u0131nlar G\u00fcn\u00fc\u2026 \u00dclke \u00e7ap\u0131nda etkinlikler d\u00fczenlenecek -\" \/>\n<meta property=\"og:description\" content=\"8 Mart D\u00fcnya Emek\u00e7i Kad\u0131nlar G\u00fcn\u00fc kapsam\u0131nda \u00fclke \u00e7ap\u0131nda \u00e7e\u015fitli etkinlikler ger\u00e7ekle\u015ftirilecek. Birle\u015fmi\u015f Milletler Kad\u0131n Birimi (UN Women), 2025 y\u0131l\u0131 i\u00e7in 8 Mart D\u00fcnya Kad\u0131nlar G\u00fcn\u00fc temas\u0131n\u0131 \u2018T\u00fcm Kad\u0131nlar ve K\u0131z \u00c7ocuklar\u0131 \u0130\u00e7in: Haklar, E\u015fitlik, G\u00fc\u00e7lendirme\u2019 olarak belirledi. 2025 y\u0131l\u0131 ayn\u0131 zamanda Pekin Deklarasyonu ve Eylem Platformu\u2019nun 30\u2019uncu y\u0131l d\u00f6n\u00fcm\u00fcne denk geliyor. 1995 y\u0131l\u0131nda 189\" \/>\n<meta property=\"og:url\" content=\"https:\/\/kibrisdakik.com\/?p=77192\" \/>\n<meta property=\"article:published_time\" content=\"2025-03-07T08:27:32+00:00\" \/>\n<meta property=\"og:image\" content=\"https:\/\/kibrisdakik.com\/wp-content\/uploads\/2025\/03\/1741331950770international-womens-day-2022-feature1-740x420.jpg\" \/>\n\t<meta property=\"og:image:width\" content=\"1540\" \/>\n\t<meta property=\"og:image:height\" content=\"1058\" \/>\n\t<meta property=\"og:image:type\" content=\"image\/jpeg\" \/>\n<meta name=\"author\" content=\"admin\" \/>\n<meta name=\"twitter:card\" content=\"summary_large_image\" \/>\n<meta name=\"twitter:label1\" content=\"Yazan:\" \/>\n\t<meta name=\"twitter:data1\" content=\"admin\" \/>\n\t<meta name=\"twitter:label2\" content=\"Tahmini okuma s\u00fcresi\" \/>\n\t<meta name=\"twitter:data2\" content=\"3 dakika\" \/>\n<script type=\"application\/ld+json\" class=\"yoast-schema-graph\">{\"@context\":\"https:\\\/\\\/schema.org\",\"@graph\":[{\"@type\":\"Article\",\"@id\":\"https:\\\/\\\/kibrisdakik.com\\\/?p=77192#article\",\"isPartOf\":{\"@id\":\"https:\\\/\\\/kibrisdakik.com\\\/?p=77192\"},\"author\":{\"name\":\"admin\",\"@id\":\"https:\\\/\\\/kibrisdakik.com\\\/#\\\/schema\\\/person\\\/9cd9d437bbb44f72b73ba127e06d8e79\"},\"headline\":\"Yar\u0131n 8 Mart D\u00fcnya Emek\u00e7i Kad\u0131nlar G\u00fcn\u00fc\u2026 \u00dclke \u00e7ap\u0131nda etkinlikler d\u00fczenlenecek\",\"datePublished\":\"2025-03-07T08:27:32+00:00\",\"mainEntityOfPage\":{\"@id\":\"https:\\\/\\\/kibrisdakik.com\\\/?p=77192\"},\"wordCount\":551,\"commentCount\":0,\"image\":{\"@id\":\"https:\\\/\\\/kibrisdakik.com\\\/?p=77192#primaryimage\"},\"thumbnailUrl\":\"https:\\\/\\\/kibrisdakik.com\\\/wp-content\\\/uploads\\\/2025\\\/03\\\/1741331950770international-womens-day-2022-feature1-740x420.jpg\",\"articleSection\":[\"K\u0131br\u0131s\",\"Man\u015fet\"],\"inLanguage\":\"tr\",\"potentialAction\":[{\"@type\":\"CommentAction\",\"name\":\"Comment\",\"target\":[\"https:\\\/\\\/kibrisdakik.com\\\/?p=77192#respond\"]}]},{\"@type\":\"WebPage\",\"@id\":\"https:\\\/\\\/kibrisdakik.com\\\/?p=77192\",\"url\":\"https:\\\/\\\/kibrisdakik.com\\\/?p=77192\",\"name\":\"Yar\u0131n 8 Mart D\u00fcnya Emek\u00e7i Kad\u0131nlar G\u00fcn\u00fc\u2026 \u00dclke \u00e7ap\u0131nda etkinlikler d\u00fczenlenecek -\",\"isPartOf\":{\"@id\":\"https:\\\/\\\/kibrisdakik.com\\\/#website\"},\"primaryImageOfPage\":{\"@id\":\"https:\\\/\\\/kibrisdakik.com\\\/?p=77192#primaryimage\"},\"image\":{\"@id\":\"https:\\\/\\\/kibrisdakik.com\\\/?p=77192#primaryimage\"},\"thumbnailUrl\":\"https:\\\/\\\/kibrisdakik.com\\\/wp-content\\\/uploads\\\/2025\\\/03\\\/1741331950770international-womens-day-2022-feature1-740x420.jpg\",\"datePublished\":\"2025-03-07T08:27:32+00:00\",\"author\":{\"@id\":\"https:\\\/\\\/kibrisdakik.com\\\/#\\\/schema\\\/person\\\/9cd9d437bbb44f72b73ba127e06d8e79\"},\"breadcrumb\":{\"@id\":\"https:\\\/\\\/kibrisdakik.com\\\/?p=77192#breadcrumb\"},\"inLanguage\":\"tr\",\"potentialAction\":[{\"@type\":\"ReadAction\",\"target\":[\"https:\\\/\\\/kibrisdakik.com\\\/?p=77192\"]}]},{\"@type\":\"ImageObject\",\"inLanguage\":\"tr\",\"@id\":\"https:\\\/\\\/kibrisdakik.com\\\/?p=77192#primaryimage\",\"url\":\"https:\\\/\\\/kibrisdakik.com\\\/wp-content\\\/uploads\\\/2025\\\/03\\\/1741331950770international-womens-day-2022-feature1-740x420.jpg\",\"contentUrl\":\"https:\\\/\\\/kibrisdakik.com\\\/wp-content\\\/uploads\\\/2025\\\/03\\\/1741331950770international-womens-day-2022-feature1-740x420.jpg\",\"width\":1540,\"height\":1058},{\"@type\":\"BreadcrumbList\",\"@id\":\"https:\\\/\\\/kibrisdakik.com\\\/?p=77192#breadcrumb\",\"itemListElement\":[{\"@type\":\"ListItem\",\"position\":1,\"name\":\"Home\",\"item\":\"https:\\\/\\\/kibrisdakik.com\\\/\"},{\"@type\":\"ListItem\",\"position\":2,\"name\":\"Yar\u0131n 8 Mart D\u00fcnya Emek\u00e7i Kad\u0131nlar G\u00fcn\u00fc\u2026 \u00dclke \u00e7ap\u0131nda etkinlikler d\u00fczenlenecek\"}]},{\"@type\":\"WebSite\",\"@id\":\"https:\\\/\\\/kibrisdakik.com\\\/#website\",\"url\":\"https:\\\/\\\/kibrisdakik.com\\\/\",\"name\":\"\",\"description\":\"Tam vaktinde haber\",\"potentialAction\":[{\"@type\":\"SearchAction\",\"target\":{\"@type\":\"EntryPoint\",\"urlTemplate\":\"https:\\\/\\\/kibrisdakik.com\\\/?s={search_term_string}\"},\"query-input\":{\"@type\":\"PropertyValueSpecification\",\"valueRequired\":true,\"valueName\":\"search_term_string\"}}],\"inLanguage\":\"tr\"},{\"@type\":\"Person\",\"@id\":\"https:\\\/\\\/kibrisdakik.com\\\/#\\\/schema\\\/person\\\/9cd9d437bbb44f72b73ba127e06d8e79\",\"name\":\"admin\",\"image\":{\"@type\":\"ImageObject\",\"inLanguage\":\"tr\",\"@id\":\"https:\\\/\\\/secure.gravatar.com\\\/avatar\\\/ccc17943b9d660506c869530f897617f7cb1c21a4bf30023f252596d83e1f007?s=96&d=mm&r=g\",\"url\":\"https:\\\/\\\/secure.gravatar.com\\\/avatar\\\/ccc17943b9d660506c869530f897617f7cb1c21a4bf30023f252596d83e1f007?s=96&d=mm&r=g\",\"contentUrl\":\"https:\\\/\\\/secure.gravatar.com\\\/avatar\\\/ccc17943b9d660506c869530f897617f7cb1c21a4bf30023f252596d83e1f007?s=96&d=mm&r=g\",\"caption\":\"admin\"},\"sameAs\":[\"https:\\\/\\\/kibrisdakik.com\"],\"url\":\"https:\\\/\\\/kibrisdakik.com\\\/?author=1\"}]}<\/script>\n<!-- \/ Yoast SEO plugin. -->","yoast_head_json":{"title":"Yar\u0131n 8 Mart D\u00fcnya Emek\u00e7i Kad\u0131nlar G\u00fcn\u00fc\u2026 \u00dclke \u00e7ap\u0131nda etkinlikler d\u00fczenlenecek -","robots":{"index":"index","follow":"follow","max-snippet":"max-snippet:-1","max-image-preview":"max-image-preview:large","max-video-preview":"max-video-preview:-1"},"canonical":"https:\/\/kibrisdakik.com\/?p=77192","og_locale":"tr_TR","og_type":"article","og_title":"Yar\u0131n 8 Mart D\u00fcnya Emek\u00e7i Kad\u0131nlar G\u00fcn\u00fc\u2026 \u00dclke \u00e7ap\u0131nda etkinlikler d\u00fczenlenecek -","og_description":"8 Mart D\u00fcnya Emek\u00e7i Kad\u0131nlar G\u00fcn\u00fc kapsam\u0131nda \u00fclke \u00e7ap\u0131nda \u00e7e\u015fitli etkinlikler ger\u00e7ekle\u015ftirilecek. Birle\u015fmi\u015f Milletler Kad\u0131n Birimi (UN Women), 2025 y\u0131l\u0131 i\u00e7in 8 Mart D\u00fcnya Kad\u0131nlar G\u00fcn\u00fc temas\u0131n\u0131 \u2018T\u00fcm Kad\u0131nlar ve K\u0131z \u00c7ocuklar\u0131 \u0130\u00e7in: Haklar, E\u015fitlik, G\u00fc\u00e7lendirme\u2019 olarak belirledi. 2025 y\u0131l\u0131 ayn\u0131 zamanda Pekin Deklarasyonu ve Eylem Platformu\u2019nun 30\u2019uncu y\u0131l d\u00f6n\u00fcm\u00fcne denk geliyor. 1995 y\u0131l\u0131nda 189","og_url":"https:\/\/kibrisdakik.com\/?p=77192","article_published_time":"2025-03-07T08:27:32+00:00","og_image":[{"width":1540,"height":1058,"url":"https:\/\/kibrisdakik.com\/wp-content\/uploads\/2025\/03\/1741331950770international-womens-day-2022-feature1-740x420.jpg","type":"image\/jpeg"}],"author":"admin","twitter_card":"summary_large_image","twitter_misc":{"Yazan:":"admin","Tahmini okuma s\u00fcresi":"3 dakika"},"schema":{"@context":"https:\/\/schema.org","@graph":[{"@type":"Article","@id":"https:\/\/kibrisdakik.com\/?p=77192#article","isPartOf":{"@id":"https:\/\/kibrisdakik.com\/?p=77192"},"author":{"name":"admin","@id":"https:\/\/kibrisdakik.com\/#\/schema\/person\/9cd9d437bbb44f72b73ba127e06d8e79"},"headline":"Yar\u0131n 8 Mart D\u00fcnya Emek\u00e7i Kad\u0131nlar G\u00fcn\u00fc\u2026 \u00dclke \u00e7ap\u0131nda etkinlikler d\u00fczenlenecek","datePublished":"2025-03-07T08:27:32+00:00","mainEntityOfPage":{"@id":"https:\/\/kibrisdakik.com\/?p=77192"},"wordCount":551,"commentCount":0,"image":{"@id":"https:\/\/kibrisdakik.com\/?p=77192#primaryimage"},"thumbnailUrl":"https:\/\/kibrisdakik.com\/wp-content\/uploads\/2025\/03\/1741331950770international-womens-day-2022-feature1-740x420.jpg","articleSection":["K\u0131br\u0131s","Man\u015fet"],"inLanguage":"tr","potentialAction":[{"@type":"CommentAction","name":"Comment","target":["https:\/\/kibrisdakik.com\/?p=77192#respond"]}]},{"@type":"WebPage","@id":"https:\/\/kibrisdakik.com\/?p=77192","url":"https:\/\/kibrisdakik.com\/?p=77192","name":"Yar\u0131n 8 Mart D\u00fcnya Emek\u00e7i Kad\u0131nlar G\u00fcn\u00fc\u2026 \u00dclke \u00e7ap\u0131nda etkinlikler d\u00fczenlenecek -","isPartOf":{"@id":"https:\/\/kibrisdakik.com\/#website"},"primaryImageOfPage":{"@id":"https:\/\/kibrisdakik.com\/?p=77192#primaryimage"},"image":{"@id":"https:\/\/kibrisdakik.com\/?p=77192#primaryimage"},"thumbnailUrl":"https:\/\/kibrisdakik.com\/wp-content\/uploads\/2025\/03\/1741331950770international-womens-day-2022-feature1-740x420.jpg","datePublished":"2025-03-07T08:27:32+00:00","author":{"@id":"https:\/\/kibrisdakik.com\/#\/schema\/person\/9cd9d437bbb44f72b73ba127e06d8e79"},"breadcrumb":{"@id":"https:\/\/kibrisdakik.com\/?p=77192#breadcrumb"},"inLanguage":"tr","potentialAction":[{"@type":"ReadAction","target":["https:\/\/kibrisdakik.com\/?p=77192"]}]},{"@type":"ImageObject","inLanguage":"tr","@id":"https:\/\/kibrisdakik.com\/?p=77192#primaryimage","url":"https:\/\/kibrisdakik.com\/wp-content\/uploads\/2025\/03\/1741331950770international-womens-day-2022-feature1-740x420.jpg","contentUrl":"https:\/\/kibrisdakik.com\/wp-content\/uploads\/2025\/03\/1741331950770international-womens-day-2022-feature1-740x420.jpg","width":1540,"height":1058},{"@type":"BreadcrumbList","@id":"https:\/\/kibrisdakik.com\/?p=77192#breadcrumb","itemListElement":[{"@type":"ListItem","position":1,"name":"Home","item":"https:\/\/kibrisdakik.com\/"},{"@type":"ListItem","position":2,"name":"Yar\u0131n 8 Mart D\u00fcnya Emek\u00e7i Kad\u0131nlar G\u00fcn\u00fc\u2026 \u00dclke \u00e7ap\u0131nda etkinlikler d\u00fczenlenecek"}]},{"@type":"WebSite","@id":"https:\/\/kibrisdakik.com\/#website","url":"https:\/\/kibrisdakik.com\/","name":"","description":"Tam vaktinde haber","potentialAction":[{"@type":"SearchAction","target":{"@type":"EntryPoint","urlTemplate":"https:\/\/kibrisdakik.com\/?s={search_term_string}"},"query-input":{"@type":"PropertyValueSpecification","valueRequired":true,"valueName":"search_term_string"}}],"inLanguage":"tr"},{"@type":"Person","@id":"https:\/\/kibrisdakik.com\/#\/schema\/person\/9cd9d437bbb44f72b73ba127e06d8e79","name":"admin","image":{"@type":"ImageObject","inLanguage":"tr","@id":"https:\/\/secure.gravatar.com\/avatar\/ccc17943b9d660506c869530f897617f7cb1c21a4bf30023f252596d83e1f007?s=96&d=mm&r=g","url":"https:\/\/secure.gravatar.com\/avatar\/ccc17943b9d660506c869530f897617f7cb1c21a4bf30023f252596d83e1f007?s=96&d=mm&r=g","contentUrl":"https:\/\/secure.gravatar.com\/avatar\/ccc17943b9d660506c869530f897617f7cb1c21a4bf30023f252596d83e1f007?s=96&d=mm&r=g","caption":"admin"},"sameAs":["https:\/\/kibrisdakik.com"],"url":"https:\/\/kibrisdakik.com\/?author=1"}]}},"_links":{"self":[{"href":"https:\/\/kibrisdakik.com\/index.php?rest_route=\/wp\/v2\/posts\/77192","targetHints":{"allow":["GET"]}}],"collection":[{"href":"https:\/\/kibrisdakik.com\/index.php?rest_route=\/wp\/v2\/posts"}],"about":[{"href":"https:\/\/kibrisdakik.com\/index.php?rest_route=\/wp\/v2\/types\/post"}],"author":[{"embeddable":true,"href":"https:\/\/kibrisdakik.com\/index.php?rest_route=\/wp\/v2\/users\/1"}],"replies":[{"embeddable":true,"href":"https:\/\/kibrisdakik.com\/index.php?rest_route=%2Fwp%2Fv2%2Fcomments&post=77192"}],"version-history":[{"count":0,"href":"https:\/\/kibrisdakik.com\/index.php?rest_route=\/wp\/v2\/posts\/77192\/revisions"}],"wp:featuredmedia":[{"embeddable":true,"href":"https:\/\/kibrisdakik.com\/index.php?rest_route=\/wp\/v2\/media\/77193"}],"wp:attachment":[{"href":"https:\/\/kibrisdakik.com\/index.php?rest_route=%2Fwp%2Fv2%2Fmedia&parent=77192"}],"wp:term":[{"taxonomy":"category","embeddable":true,"href":"https:\/\/kibrisdakik.com\/index.php?rest_route=%2Fwp%2Fv2%2Fcategories&post=77192"},{"taxonomy":"post_tag","embeddable":true,"href":"https:\/\/kibrisdakik.com\/index.php?rest_route=%2Fwp%2Fv2%2Ftags&post=77192"}],"curies":[{"name":"wp","href":"https:\/\/api.w.org\/{rel}","templated":true}]}}