{"id":77205,"date":"2025-03-07T13:04:11","date_gmt":"2025-03-07T10:04:11","guid":{"rendered":"https:\/\/kibrisdakik.com\/index.php\/2025\/03\/07\/tarim-ve-dogal-kaynaklar-bakani-cavus-kadinlarimiz-toplumun-temel-diregi-emegin-ve-uretimin-vazgecilmez-bir-parcasidir\/"},"modified":"2025-03-07T13:04:11","modified_gmt":"2025-03-07T10:04:11","slug":"tarim-ve-dogal-kaynaklar-bakani-cavus-kadinlarimiz-toplumun-temel-diregi-emegin-ve-uretimin-vazgecilmez-bir-parcasidir","status":"publish","type":"post","link":"https:\/\/kibrisdakik.com\/?p=77205","title":{"rendered":"Tar\u0131m ve Do\u011fal Kaynaklar Bakan\u0131 \u00c7avu\u015f: \u201cKad\u0131nlar\u0131m\u0131z, toplumun temel dire\u011fi, eme\u011fin ve \u00fcretimin vazge\u00e7ilmez bir par\u00e7as\u0131d\u0131r\u201d"},"content":{"rendered":"<div>\n<div class=\"mariselle-image-container center\">\n                                            <\/div>\n<p>Tar\u0131m ve Do\u011fal Kaynaklar Bakan\u0131 H\u00fcseyin \u00c7avu\u015f, 8 Mart D\u00fcnya Kad\u0131nlar G\u00fcn\u00fc dolay\u0131s\u0131yla yay\u0131nlad\u0131\u011f\u0131 mesaj\u0131nda, kad\u0131nlar\u0131n toplumun temel dire\u011fi, eme\u011fin ve \u00fcretimin vazge\u00e7ilmez bir par\u00e7as\u0131 oldu\u011funu vurgulad\u0131.<\/p>\n<p>H\u00fcseyin \u00c7avu\u015f, kad\u0131nlar\u0131n tar\u0131mdan sanayiye, e\u011fitimden bilime kadar hayat\u0131n her alan\u0131nda b\u00fcy\u00fck ba\u015far\u0131lara imza att\u0131\u011f\u0131n\u0131 belirterek, \u201cKad\u0131nlar\u0131m\u0131z\u0131n azmi, fedak\u00e2rl\u0131\u011f\u0131 ve eme\u011fi, \u00fclkemizin kalk\u0131nmas\u0131nda \u00f6nemli bir rol oynamaktad\u0131r\u201d dedi.<\/p>\n<p>Tar\u0131m sekt\u00f6r\u00fcnde kad\u0131n \u00fcreticilerin katk\u0131lar\u0131na dikkat \u00e7eken \u00c7avu\u015f, \u201c\u00d6zellikle tar\u0131m sekt\u00f6r\u00fcnde, topra\u011f\u0131 i\u015fleyen, \u00fcretimi b\u00fcy\u00fcten, al\u0131n teriyle sofram\u0131za bereket katan kad\u0131n \u00fcreticilerimiz, s\u00fcrd\u00fcr\u00fclebilir tar\u0131m\u0131n geli\u015fmesi ve k\u0131rsal kalk\u0131nman\u0131n g\u00fc\u00e7lenmesi ad\u0131na b\u00fcy\u00fck katk\u0131lar sunmaktad\u0131r\u201d \u015feklinde konu\u015ftu.<\/p>\n<p>Tar\u0131m ve Do\u011fal Kaynaklar Bakanl\u0131\u011f\u0131 olarak kad\u0131n \u00fcreticilerin her zaman yan\u0131nda olduklar\u0131n\u0131 belirten \u00c7avu\u015f, \u201cTar\u0131mda kad\u0131n\u0131n g\u00fc\u00e7lenmesi, \u00fcretimde daha fazla s\u00f6z sahibi olmas\u0131 ve k\u0131rsal ekonomiye katk\u0131s\u0131n\u0131n art\u0131r\u0131lmas\u0131 i\u00e7in var g\u00fcc\u00fcm\u00fczle \u00e7al\u0131\u015fmaya devam edece\u011fiz. Kad\u0131nlar\u0131m\u0131z\u0131n eme\u011fi, bilgisi ve \u00fcretim g\u00fcc\u00fc, s\u00fcrd\u00fcr\u00fclebilir tar\u0131m\u0131n gelece\u011fi a\u00e7\u0131s\u0131ndan b\u00fcy\u00fck \u00f6nem ta\u015f\u0131maktad\u0131r. Onlar\u0131n desteklenmesi, tar\u0131m\u0131n verimlili\u011fini art\u0131r\u0131rken ayn\u0131 zamanda gelecek nesillere daha g\u00fc\u00e7l\u00fc bir \u00fcretim modeli b\u0131rakmam\u0131z\u0131 sa\u011flayacakt\u0131r\u201d dedi.<\/p>\n<p>Bakan H\u00fcseyin \u00c7avu\u015f, mesaj\u0131n\u0131n sonunda, \u201cBu duygu ve d\u00fc\u015f\u00fcncelerle, topra\u011f\u0131 i\u015fleyerek \u00fcretime katk\u0131 sa\u011flayan, eme\u011fiyle \u00fclkemizin tar\u0131msal geli\u015fimine y\u00f6n veren kad\u0131n \u00fcreticilerimizin yan\u0131 s\u0131ra, hayat\u0131n her alan\u0131nda fedak\u00e2rl\u0131klar\u0131, bilgileri ve emekleriyle topluma de\u011fer katan t\u00fcm kad\u0131nlar\u0131m\u0131z\u0131n 8 Mart D\u00fcnya Kad\u0131nlar G\u00fcn\u00fc\u2019n\u00fc en i\u00e7ten dileklerimle kutluyor, sa\u011fl\u0131k, mutluluk ve ba\u015far\u0131larla dolu bir ya\u015fam diliyorum\u201d ifadelerini kulland\u0131.<\/p>\n<\/p><\/div>\n<p><script async\n                    defer\n                    crossorigin=\"anonymous\"\n                    src=\"https:\/\/connect.facebook.net\/tr_TR\/sdk.js#xfbml=1&#038;version=v3.3\"\n            ><\/script><\/p>\n","protected":false},"excerpt":{"rendered":"<p>Tar\u0131m ve Do\u011fal Kaynaklar Bakan\u0131 H\u00fcseyin \u00c7avu\u015f, 8 Mart D\u00fcnya Kad\u0131nlar G\u00fcn\u00fc dolay\u0131s\u0131yla yay\u0131nlad\u0131\u011f\u0131 mesaj\u0131nda, kad\u0131nlar\u0131n toplumun temel dire\u011fi, eme\u011fin ve \u00fcretimin vazge\u00e7ilmez bir par\u00e7as\u0131 oldu\u011funu vurgulad\u0131. H\u00fcseyin \u00c7avu\u015f, kad\u0131nlar\u0131n tar\u0131mdan sanayiye, e\u011fitimden bilime kadar hayat\u0131n her alan\u0131nda b\u00fcy\u00fck ba\u015far\u0131lara imza att\u0131\u011f\u0131n\u0131 belirterek, \u201cKad\u0131nlar\u0131m\u0131z\u0131n azmi, fedak\u00e2rl\u0131\u011f\u0131 ve eme\u011fi, \u00fclkemizin kalk\u0131nmas\u0131nda \u00f6nemli bir rol oynamaktad\u0131r\u201d dedi.<\/p>\n","protected":false},"author":1,"featured_media":77206,"comment_status":"open","ping_status":"open","sticky":false,"template":"","format":"standard","meta":{"footnotes":""},"categories":[81,101],"tags":[],"class_list":["post-77205","post","type-post","status-publish","format-standard","has-post-thumbnail","hentry","category-kibris","category-manset"],"yoast_head":"<!-- This site is optimized with the Yoast SEO plugin v27.4 - https:\/\/yoast.com\/product\/yoast-seo-wordpress\/ -->\n<title>Tar\u0131m ve Do\u011fal Kaynaklar Bakan\u0131 \u00c7avu\u015f: \u201cKad\u0131nlar\u0131m\u0131z, toplumun temel dire\u011fi, eme\u011fin ve \u00fcretimin vazge\u00e7ilmez bir par\u00e7as\u0131d\u0131r\u201d -<\/title>\n<meta name=\"robots\" content=\"index, follow, max-snippet:-1, max-image-preview:large, max-video-preview:-1\" \/>\n<link rel=\"canonical\" href=\"https:\/\/kibrisdakik.com\/?p=77205\" \/>\n<meta property=\"og:locale\" content=\"tr_TR\" \/>\n<meta property=\"og:type\" content=\"article\" \/>\n<meta property=\"og:title\" content=\"Tar\u0131m ve Do\u011fal Kaynaklar Bakan\u0131 \u00c7avu\u015f: \u201cKad\u0131nlar\u0131m\u0131z, toplumun temel dire\u011fi, eme\u011fin ve \u00fcretimin vazge\u00e7ilmez bir par\u00e7as\u0131d\u0131r\u201d -\" \/>\n<meta property=\"og:description\" content=\"Tar\u0131m ve Do\u011fal Kaynaklar Bakan\u0131 H\u00fcseyin \u00c7avu\u015f, 8 Mart D\u00fcnya Kad\u0131nlar G\u00fcn\u00fc dolay\u0131s\u0131yla yay\u0131nlad\u0131\u011f\u0131 mesaj\u0131nda, kad\u0131nlar\u0131n toplumun temel dire\u011fi, eme\u011fin ve \u00fcretimin vazge\u00e7ilmez bir par\u00e7as\u0131 oldu\u011funu vurgulad\u0131. H\u00fcseyin \u00c7avu\u015f, kad\u0131nlar\u0131n tar\u0131mdan sanayiye, e\u011fitimden bilime kadar hayat\u0131n her alan\u0131nda b\u00fcy\u00fck ba\u015far\u0131lara imza att\u0131\u011f\u0131n\u0131 belirterek, \u201cKad\u0131nlar\u0131m\u0131z\u0131n azmi, fedak\u00e2rl\u0131\u011f\u0131 ve eme\u011fi, \u00fclkemizin kalk\u0131nmas\u0131nda \u00f6nemli bir rol oynamaktad\u0131r\u201d dedi.\" \/>\n<meta property=\"og:url\" content=\"https:\/\/kibrisdakik.com\/?p=77205\" \/>\n<meta property=\"article:published_time\" content=\"2025-03-07T10:04:11+00:00\" \/>\n<meta property=\"og:image\" content=\"https:\/\/kibrisdakik.com\/wp-content\/uploads\/2025\/03\/1741340472846HUSEYIN-CAVUS-2-740x420.jpg\" \/>\n\t<meta property=\"og:image:width\" content=\"2220\" \/>\n\t<meta property=\"og:image:height\" content=\"1329\" \/>\n\t<meta property=\"og:image:type\" content=\"image\/jpeg\" \/>\n<meta name=\"author\" content=\"admin\" \/>\n<meta name=\"twitter:card\" content=\"summary_large_image\" \/>\n<meta name=\"twitter:label1\" content=\"Yazan:\" \/>\n\t<meta name=\"twitter:data1\" content=\"admin\" \/>\n\t<meta name=\"twitter:label2\" content=\"Tahmini okuma s\u00fcresi\" \/>\n\t<meta name=\"twitter:data2\" content=\"2 dakika\" \/>\n<script type=\"application\/ld+json\" class=\"yoast-schema-graph\">{\"@context\":\"https:\\\/\\\/schema.org\",\"@graph\":[{\"@type\":\"Article\",\"@id\":\"https:\\\/\\\/kibrisdakik.com\\\/?p=77205#article\",\"isPartOf\":{\"@id\":\"https:\\\/\\\/kibrisdakik.com\\\/?p=77205\"},\"author\":{\"name\":\"admin\",\"@id\":\"https:\\\/\\\/kibrisdakik.com\\\/#\\\/schema\\\/person\\\/9cd9d437bbb44f72b73ba127e06d8e79\"},\"headline\":\"Tar\u0131m ve Do\u011fal Kaynaklar Bakan\u0131 \u00c7avu\u015f: \u201cKad\u0131nlar\u0131m\u0131z, toplumun temel dire\u011fi, eme\u011fin ve \u00fcretimin vazge\u00e7ilmez bir par\u00e7as\u0131d\u0131r\u201d\",\"datePublished\":\"2025-03-07T10:04:11+00:00\",\"mainEntityOfPage\":{\"@id\":\"https:\\\/\\\/kibrisdakik.com\\\/?p=77205\"},\"wordCount\":386,\"commentCount\":0,\"image\":{\"@id\":\"https:\\\/\\\/kibrisdakik.com\\\/?p=77205#primaryimage\"},\"thumbnailUrl\":\"https:\\\/\\\/kibrisdakik.com\\\/wp-content\\\/uploads\\\/2025\\\/03\\\/1741340472846HUSEYIN-CAVUS-2-740x420.jpg\",\"articleSection\":[\"K\u0131br\u0131s\",\"Man\u015fet\"],\"inLanguage\":\"tr\",\"potentialAction\":[{\"@type\":\"CommentAction\",\"name\":\"Comment\",\"target\":[\"https:\\\/\\\/kibrisdakik.com\\\/?p=77205#respond\"]}]},{\"@type\":\"WebPage\",\"@id\":\"https:\\\/\\\/kibrisdakik.com\\\/?p=77205\",\"url\":\"https:\\\/\\\/kibrisdakik.com\\\/?p=77205\",\"name\":\"Tar\u0131m ve Do\u011fal Kaynaklar Bakan\u0131 \u00c7avu\u015f: \u201cKad\u0131nlar\u0131m\u0131z, toplumun temel dire\u011fi, eme\u011fin ve \u00fcretimin vazge\u00e7ilmez bir par\u00e7as\u0131d\u0131r\u201d -\",\"isPartOf\":{\"@id\":\"https:\\\/\\\/kibrisdakik.com\\\/#website\"},\"primaryImageOfPage\":{\"@id\":\"https:\\\/\\\/kibrisdakik.com\\\/?p=77205#primaryimage\"},\"image\":{\"@id\":\"https:\\\/\\\/kibrisdakik.com\\\/?p=77205#primaryimage\"},\"thumbnailUrl\":\"https:\\\/\\\/kibrisdakik.com\\\/wp-content\\\/uploads\\\/2025\\\/03\\\/1741340472846HUSEYIN-CAVUS-2-740x420.jpg\",\"datePublished\":\"2025-03-07T10:04:11+00:00\",\"author\":{\"@id\":\"https:\\\/\\\/kibrisdakik.com\\\/#\\\/schema\\\/person\\\/9cd9d437bbb44f72b73ba127e06d8e79\"},\"breadcrumb\":{\"@id\":\"https:\\\/\\\/kibrisdakik.com\\\/?p=77205#breadcrumb\"},\"inLanguage\":\"tr\",\"potentialAction\":[{\"@type\":\"ReadAction\",\"target\":[\"https:\\\/\\\/kibrisdakik.com\\\/?p=77205\"]}]},{\"@type\":\"ImageObject\",\"inLanguage\":\"tr\",\"@id\":\"https:\\\/\\\/kibrisdakik.com\\\/?p=77205#primaryimage\",\"url\":\"https:\\\/\\\/kibrisdakik.com\\\/wp-content\\\/uploads\\\/2025\\\/03\\\/1741340472846HUSEYIN-CAVUS-2-740x420.jpg\",\"contentUrl\":\"https:\\\/\\\/kibrisdakik.com\\\/wp-content\\\/uploads\\\/2025\\\/03\\\/1741340472846HUSEYIN-CAVUS-2-740x420.jpg\",\"width\":2220,\"height\":1329},{\"@type\":\"BreadcrumbList\",\"@id\":\"https:\\\/\\\/kibrisdakik.com\\\/?p=77205#breadcrumb\",\"itemListElement\":[{\"@type\":\"ListItem\",\"position\":1,\"name\":\"Home\",\"item\":\"https:\\\/\\\/kibrisdakik.com\\\/\"},{\"@type\":\"ListItem\",\"position\":2,\"name\":\"Tar\u0131m ve Do\u011fal Kaynaklar Bakan\u0131 \u00c7avu\u015f: \u201cKad\u0131nlar\u0131m\u0131z, toplumun temel dire\u011fi, eme\u011fin ve \u00fcretimin vazge\u00e7ilmez bir par\u00e7as\u0131d\u0131r\u201d\"}]},{\"@type\":\"WebSite\",\"@id\":\"https:\\\/\\\/kibrisdakik.com\\\/#website\",\"url\":\"https:\\\/\\\/kibrisdakik.com\\\/\",\"name\":\"\",\"description\":\"Tam vaktinde haber\",\"potentialAction\":[{\"@type\":\"SearchAction\",\"target\":{\"@type\":\"EntryPoint\",\"urlTemplate\":\"https:\\\/\\\/kibrisdakik.com\\\/?s={search_term_string}\"},\"query-input\":{\"@type\":\"PropertyValueSpecification\",\"valueRequired\":true,\"valueName\":\"search_term_string\"}}],\"inLanguage\":\"tr\"},{\"@type\":\"Person\",\"@id\":\"https:\\\/\\\/kibrisdakik.com\\\/#\\\/schema\\\/person\\\/9cd9d437bbb44f72b73ba127e06d8e79\",\"name\":\"admin\",\"image\":{\"@type\":\"ImageObject\",\"inLanguage\":\"tr\",\"@id\":\"https:\\\/\\\/secure.gravatar.com\\\/avatar\\\/ccc17943b9d660506c869530f897617f7cb1c21a4bf30023f252596d83e1f007?s=96&d=mm&r=g\",\"url\":\"https:\\\/\\\/secure.gravatar.com\\\/avatar\\\/ccc17943b9d660506c869530f897617f7cb1c21a4bf30023f252596d83e1f007?s=96&d=mm&r=g\",\"contentUrl\":\"https:\\\/\\\/secure.gravatar.com\\\/avatar\\\/ccc17943b9d660506c869530f897617f7cb1c21a4bf30023f252596d83e1f007?s=96&d=mm&r=g\",\"caption\":\"admin\"},\"sameAs\":[\"https:\\\/\\\/kibrisdakik.com\"],\"url\":\"https:\\\/\\\/kibrisdakik.com\\\/?author=1\"}]}<\/script>\n<!-- \/ Yoast SEO plugin. -->","yoast_head_json":{"title":"Tar\u0131m ve Do\u011fal Kaynaklar Bakan\u0131 \u00c7avu\u015f: \u201cKad\u0131nlar\u0131m\u0131z, toplumun temel dire\u011fi, eme\u011fin ve \u00fcretimin vazge\u00e7ilmez bir par\u00e7as\u0131d\u0131r\u201d -","robots":{"index":"index","follow":"follow","max-snippet":"max-snippet:-1","max-image-preview":"max-image-preview:large","max-video-preview":"max-video-preview:-1"},"canonical":"https:\/\/kibrisdakik.com\/?p=77205","og_locale":"tr_TR","og_type":"article","og_title":"Tar\u0131m ve Do\u011fal Kaynaklar Bakan\u0131 \u00c7avu\u015f: \u201cKad\u0131nlar\u0131m\u0131z, toplumun temel dire\u011fi, eme\u011fin ve \u00fcretimin vazge\u00e7ilmez bir par\u00e7as\u0131d\u0131r\u201d -","og_description":"Tar\u0131m ve Do\u011fal Kaynaklar Bakan\u0131 H\u00fcseyin \u00c7avu\u015f, 8 Mart D\u00fcnya Kad\u0131nlar G\u00fcn\u00fc dolay\u0131s\u0131yla yay\u0131nlad\u0131\u011f\u0131 mesaj\u0131nda, kad\u0131nlar\u0131n toplumun temel dire\u011fi, eme\u011fin ve \u00fcretimin vazge\u00e7ilmez bir par\u00e7as\u0131 oldu\u011funu vurgulad\u0131. H\u00fcseyin \u00c7avu\u015f, kad\u0131nlar\u0131n tar\u0131mdan sanayiye, e\u011fitimden bilime kadar hayat\u0131n her alan\u0131nda b\u00fcy\u00fck ba\u015far\u0131lara imza att\u0131\u011f\u0131n\u0131 belirterek, \u201cKad\u0131nlar\u0131m\u0131z\u0131n azmi, fedak\u00e2rl\u0131\u011f\u0131 ve eme\u011fi, \u00fclkemizin kalk\u0131nmas\u0131nda \u00f6nemli bir rol oynamaktad\u0131r\u201d dedi.","og_url":"https:\/\/kibrisdakik.com\/?p=77205","article_published_time":"2025-03-07T10:04:11+00:00","og_image":[{"width":2220,"height":1329,"url":"https:\/\/kibrisdakik.com\/wp-content\/uploads\/2025\/03\/1741340472846HUSEYIN-CAVUS-2-740x420.jpg","type":"image\/jpeg"}],"author":"admin","twitter_card":"summary_large_image","twitter_misc":{"Yazan:":"admin","Tahmini okuma s\u00fcresi":"2 dakika"},"schema":{"@context":"https:\/\/schema.org","@graph":[{"@type":"Article","@id":"https:\/\/kibrisdakik.com\/?p=77205#article","isPartOf":{"@id":"https:\/\/kibrisdakik.com\/?p=77205"},"author":{"name":"admin","@id":"https:\/\/kibrisdakik.com\/#\/schema\/person\/9cd9d437bbb44f72b73ba127e06d8e79"},"headline":"Tar\u0131m ve Do\u011fal Kaynaklar Bakan\u0131 \u00c7avu\u015f: \u201cKad\u0131nlar\u0131m\u0131z, toplumun temel dire\u011fi, eme\u011fin ve \u00fcretimin vazge\u00e7ilmez bir par\u00e7as\u0131d\u0131r\u201d","datePublished":"2025-03-07T10:04:11+00:00","mainEntityOfPage":{"@id":"https:\/\/kibrisdakik.com\/?p=77205"},"wordCount":386,"commentCount":0,"image":{"@id":"https:\/\/kibrisdakik.com\/?p=77205#primaryimage"},"thumbnailUrl":"https:\/\/kibrisdakik.com\/wp-content\/uploads\/2025\/03\/1741340472846HUSEYIN-CAVUS-2-740x420.jpg","articleSection":["K\u0131br\u0131s","Man\u015fet"],"inLanguage":"tr","potentialAction":[{"@type":"CommentAction","name":"Comment","target":["https:\/\/kibrisdakik.com\/?p=77205#respond"]}]},{"@type":"WebPage","@id":"https:\/\/kibrisdakik.com\/?p=77205","url":"https:\/\/kibrisdakik.com\/?p=77205","name":"Tar\u0131m ve Do\u011fal Kaynaklar Bakan\u0131 \u00c7avu\u015f: \u201cKad\u0131nlar\u0131m\u0131z, toplumun temel dire\u011fi, eme\u011fin ve \u00fcretimin vazge\u00e7ilmez bir par\u00e7as\u0131d\u0131r\u201d -","isPartOf":{"@id":"https:\/\/kibrisdakik.com\/#website"},"primaryImageOfPage":{"@id":"https:\/\/kibrisdakik.com\/?p=77205#primaryimage"},"image":{"@id":"https:\/\/kibrisdakik.com\/?p=77205#primaryimage"},"thumbnailUrl":"https:\/\/kibrisdakik.com\/wp-content\/uploads\/2025\/03\/1741340472846HUSEYIN-CAVUS-2-740x420.jpg","datePublished":"2025-03-07T10:04:11+00:00","author":{"@id":"https:\/\/kibrisdakik.com\/#\/schema\/person\/9cd9d437bbb44f72b73ba127e06d8e79"},"breadcrumb":{"@id":"https:\/\/kibrisdakik.com\/?p=77205#breadcrumb"},"inLanguage":"tr","potentialAction":[{"@type":"ReadAction","target":["https:\/\/kibrisdakik.com\/?p=77205"]}]},{"@type":"ImageObject","inLanguage":"tr","@id":"https:\/\/kibrisdakik.com\/?p=77205#primaryimage","url":"https:\/\/kibrisdakik.com\/wp-content\/uploads\/2025\/03\/1741340472846HUSEYIN-CAVUS-2-740x420.jpg","contentUrl":"https:\/\/kibrisdakik.com\/wp-content\/uploads\/2025\/03\/1741340472846HUSEYIN-CAVUS-2-740x420.jpg","width":2220,"height":1329},{"@type":"BreadcrumbList","@id":"https:\/\/kibrisdakik.com\/?p=77205#breadcrumb","itemListElement":[{"@type":"ListItem","position":1,"name":"Home","item":"https:\/\/kibrisdakik.com\/"},{"@type":"ListItem","position":2,"name":"Tar\u0131m ve Do\u011fal Kaynaklar Bakan\u0131 \u00c7avu\u015f: \u201cKad\u0131nlar\u0131m\u0131z, toplumun temel dire\u011fi, eme\u011fin ve \u00fcretimin vazge\u00e7ilmez bir par\u00e7as\u0131d\u0131r\u201d"}]},{"@type":"WebSite","@id":"https:\/\/kibrisdakik.com\/#website","url":"https:\/\/kibrisdakik.com\/","name":"","description":"Tam vaktinde haber","potentialAction":[{"@type":"SearchAction","target":{"@type":"EntryPoint","urlTemplate":"https:\/\/kibrisdakik.com\/?s={search_term_string}"},"query-input":{"@type":"PropertyValueSpecification","valueRequired":true,"valueName":"search_term_string"}}],"inLanguage":"tr"},{"@type":"Person","@id":"https:\/\/kibrisdakik.com\/#\/schema\/person\/9cd9d437bbb44f72b73ba127e06d8e79","name":"admin","image":{"@type":"ImageObject","inLanguage":"tr","@id":"https:\/\/secure.gravatar.com\/avatar\/ccc17943b9d660506c869530f897617f7cb1c21a4bf30023f252596d83e1f007?s=96&d=mm&r=g","url":"https:\/\/secure.gravatar.com\/avatar\/ccc17943b9d660506c869530f897617f7cb1c21a4bf30023f252596d83e1f007?s=96&d=mm&r=g","contentUrl":"https:\/\/secure.gravatar.com\/avatar\/ccc17943b9d660506c869530f897617f7cb1c21a4bf30023f252596d83e1f007?s=96&d=mm&r=g","caption":"admin"},"sameAs":["https:\/\/kibrisdakik.com"],"url":"https:\/\/kibrisdakik.com\/?author=1"}]}},"_links":{"self":[{"href":"https:\/\/kibrisdakik.com\/index.php?rest_route=\/wp\/v2\/posts\/77205","targetHints":{"allow":["GET"]}}],"collection":[{"href":"https:\/\/kibrisdakik.com\/index.php?rest_route=\/wp\/v2\/posts"}],"about":[{"href":"https:\/\/kibrisdakik.com\/index.php?rest_route=\/wp\/v2\/types\/post"}],"author":[{"embeddable":true,"href":"https:\/\/kibrisdakik.com\/index.php?rest_route=\/wp\/v2\/users\/1"}],"replies":[{"embeddable":true,"href":"https:\/\/kibrisdakik.com\/index.php?rest_route=%2Fwp%2Fv2%2Fcomments&post=77205"}],"version-history":[{"count":0,"href":"https:\/\/kibrisdakik.com\/index.php?rest_route=\/wp\/v2\/posts\/77205\/revisions"}],"wp:featuredmedia":[{"embeddable":true,"href":"https:\/\/kibrisdakik.com\/index.php?rest_route=\/wp\/v2\/media\/77206"}],"wp:attachment":[{"href":"https:\/\/kibrisdakik.com\/index.php?rest_route=%2Fwp%2Fv2%2Fmedia&parent=77205"}],"wp:term":[{"taxonomy":"category","embeddable":true,"href":"https:\/\/kibrisdakik.com\/index.php?rest_route=%2Fwp%2Fv2%2Fcategories&post=77205"},{"taxonomy":"post_tag","embeddable":true,"href":"https:\/\/kibrisdakik.com\/index.php?rest_route=%2Fwp%2Fv2%2Ftags&post=77205"}],"curies":[{"name":"wp","href":"https:\/\/api.w.org\/{rel}","templated":true}]}}