{"id":77222,"date":"2025-03-07T14:42:27","date_gmt":"2025-03-07T11:42:27","guid":{"rendered":"https:\/\/kibrisdakik.com\/index.php\/2025\/03\/07\/bayindirlik-ve-ulastirma-bakani-arikli-8-mart-dunya-kadinlar-gunu-mesaji-yayinladi\/"},"modified":"2025-03-07T14:42:27","modified_gmt":"2025-03-07T11:42:27","slug":"bayindirlik-ve-ulastirma-bakani-arikli-8-mart-dunya-kadinlar-gunu-mesaji-yayinladi","status":"publish","type":"post","link":"https:\/\/kibrisdakik.com\/?p=77222","title":{"rendered":"Bay\u0131nd\u0131rl\u0131k ve Ula\u015ft\u0131rma Bakan\u0131 Ar\u0131kl\u0131, 8 Mart D\u00fcnya Kad\u0131nlar G\u00fcn\u00fc mesaj\u0131 yay\u0131nlad\u0131"},"content":{"rendered":"<div>\n<div class=\"mariselle-image-container center\">\n                                            <\/div>\n<p>Bay\u0131nd\u0131rl\u0131k ve Ula\u015ft\u0131rma Bakan\u0131 Erhan Ar\u0131kl\u0131, 8 Mart D\u00fcnya Kad\u0131nlar G\u00fcn\u00fc nedeniyle mesaj yay\u0131mlayarak, kad\u0131nlar\u0131n toplumdaki yerinin ve haklar\u0131n\u0131n bir g\u00fcnle s\u0131n\u0131rlanamayacak kadar de\u011ferli oldu\u011funu vurgulad\u0131.<\/p>\n<p>\u201cGe\u00e7ti\u011fimiz g\u00fcnlerde ya\u015fanan trajik olay, hepimizi derinden sarsm\u0131\u015ft\u0131r. Bu ac\u0131 olay, g\u00f6rmezden gelinemeyecek bir ger\u00e7e\u011fi bir kez daha g\u00f6zler \u00f6n\u00fcne sermi\u015ftir: Kad\u0131nlar\u0131 s\u00f6m\u00fcren, onurlar\u0131n\u0131 hi\u00e7e sayan sistemlere kar\u015f\u0131 daha kararl\u0131 ad\u0131mlar atmak zorunday\u0131z. \u0130nsan ticareti ve s\u00f6m\u00fcr\u00fc, hi\u00e7bir toplumun kabul edemeyece\u011fi su\u00e7lard\u0131r ve bunlara kar\u015f\u0131 m\u00fccadele etmek hepimizin sorumlulu\u011fudur\u201d diyen Ar\u0131kl\u0131 mesaj\u0131n\u0131 \u015f\u00f6yle s\u00fcrd\u00fcrd\u00fc:<\/p>\n<p>\u201cDevlet olarak, kad\u0131nlar\u0131n g\u00fcven i\u00e7inde ya\u015fayabilece\u011fi bir d\u00fczeni sa\u011flamak, adaletin i\u015flemesini garanti alt\u0131na almak ve toplumsal fark\u0131ndal\u0131\u011f\u0131 art\u0131rmak g\u00f6revimizdir. Kad\u0131nlar\u0131n yaln\u0131zca bir g\u00fcn de\u011fil, her g\u00fcn hak ettikleri de\u011feri g\u00f6rmeleri i\u00e7in kararl\u0131 ad\u0131mlarla ilerlemeliyiz.<\/p>\n<p>Bu vesileyle, hayat\u0131n her alan\u0131nda m\u00fccadele eden, eme\u011fi ve onuru i\u00e7in direnen t\u00fcm kad\u0131nlara sayg\u0131lar\u0131m\u0131 sunuyorum. Adil ve e\u015fit bir toplum in\u015fa etmek i\u00e7in hep birlikte \u00e7al\u0131\u015faca\u011f\u0131m\u0131za olan inanc\u0131m\u0131 vurgulamak isterim\u201d<\/p>\n<\/p><\/div>\n<p><script async\n                    defer\n                    crossorigin=\"anonymous\"\n                    src=\"https:\/\/connect.facebook.net\/tr_TR\/sdk.js#xfbml=1&#038;version=v3.3\"\n            ><\/script><\/p>\n","protected":false},"excerpt":{"rendered":"<p>Bay\u0131nd\u0131rl\u0131k ve Ula\u015ft\u0131rma Bakan\u0131 Erhan Ar\u0131kl\u0131, 8 Mart D\u00fcnya Kad\u0131nlar G\u00fcn\u00fc nedeniyle mesaj yay\u0131mlayarak, kad\u0131nlar\u0131n toplumdaki yerinin ve haklar\u0131n\u0131n bir g\u00fcnle s\u0131n\u0131rlanamayacak kadar de\u011ferli oldu\u011funu vurgulad\u0131. \u201cGe\u00e7ti\u011fimiz g\u00fcnlerde ya\u015fanan trajik olay, hepimizi derinden sarsm\u0131\u015ft\u0131r. Bu ac\u0131 olay, g\u00f6rmezden gelinemeyecek bir ger\u00e7e\u011fi bir kez daha g\u00f6zler \u00f6n\u00fcne sermi\u015ftir: Kad\u0131nlar\u0131 s\u00f6m\u00fcren, onurlar\u0131n\u0131 hi\u00e7e sayan sistemlere kar\u015f\u0131 daha<\/p>\n","protected":false},"author":1,"featured_media":77223,"comment_status":"open","ping_status":"open","sticky":false,"template":"","format":"standard","meta":{"footnotes":""},"categories":[81,101],"tags":[],"class_list":["post-77222","post","type-post","status-publish","format-standard","has-post-thumbnail","hentry","category-kibris","category-manset"],"yoast_head":"<!-- This site is optimized with the Yoast SEO plugin v27.4 - https:\/\/yoast.com\/product\/yoast-seo-wordpress\/ -->\n<title>Bay\u0131nd\u0131rl\u0131k ve Ula\u015ft\u0131rma Bakan\u0131 Ar\u0131kl\u0131, 8 Mart D\u00fcnya Kad\u0131nlar G\u00fcn\u00fc mesaj\u0131 yay\u0131nlad\u0131 -<\/title>\n<meta name=\"robots\" content=\"index, follow, max-snippet:-1, max-image-preview:large, max-video-preview:-1\" \/>\n<link rel=\"canonical\" href=\"https:\/\/kibrisdakik.com\/?p=77222\" \/>\n<meta property=\"og:locale\" content=\"tr_TR\" \/>\n<meta property=\"og:type\" content=\"article\" \/>\n<meta property=\"og:title\" content=\"Bay\u0131nd\u0131rl\u0131k ve Ula\u015ft\u0131rma Bakan\u0131 Ar\u0131kl\u0131, 8 Mart D\u00fcnya Kad\u0131nlar G\u00fcn\u00fc mesaj\u0131 yay\u0131nlad\u0131 -\" \/>\n<meta property=\"og:description\" content=\"Bay\u0131nd\u0131rl\u0131k ve Ula\u015ft\u0131rma Bakan\u0131 Erhan Ar\u0131kl\u0131, 8 Mart D\u00fcnya Kad\u0131nlar G\u00fcn\u00fc nedeniyle mesaj yay\u0131mlayarak, kad\u0131nlar\u0131n toplumdaki yerinin ve haklar\u0131n\u0131n bir g\u00fcnle s\u0131n\u0131rlanamayacak kadar de\u011ferli oldu\u011funu vurgulad\u0131. \u201cGe\u00e7ti\u011fimiz g\u00fcnlerde ya\u015fanan trajik olay, hepimizi derinden sarsm\u0131\u015ft\u0131r. Bu ac\u0131 olay, g\u00f6rmezden gelinemeyecek bir ger\u00e7e\u011fi bir kez daha g\u00f6zler \u00f6n\u00fcne sermi\u015ftir: Kad\u0131nlar\u0131 s\u00f6m\u00fcren, onurlar\u0131n\u0131 hi\u00e7e sayan sistemlere kar\u015f\u0131 daha\" \/>\n<meta property=\"og:url\" content=\"https:\/\/kibrisdakik.com\/?p=77222\" \/>\n<meta property=\"article:published_time\" content=\"2025-03-07T11:42:27+00:00\" \/>\n<meta property=\"og:image\" content=\"https:\/\/kibrisdakik.com\/wp-content\/uploads\/2025\/03\/1741340158970ARIKLI-ROPORTAJ-7-scaled-740x420.jpg\" \/>\n\t<meta property=\"og:image:width\" content=\"1790\" \/>\n\t<meta property=\"og:image:height\" content=\"2560\" \/>\n\t<meta property=\"og:image:type\" content=\"image\/jpeg\" \/>\n<meta name=\"author\" content=\"admin\" \/>\n<meta name=\"twitter:card\" content=\"summary_large_image\" \/>\n<meta name=\"twitter:label1\" content=\"Yazan:\" \/>\n\t<meta name=\"twitter:data1\" content=\"admin\" \/>\n\t<meta name=\"twitter:label2\" content=\"Tahmini okuma s\u00fcresi\" \/>\n\t<meta name=\"twitter:data2\" content=\"1 dakika\" \/>\n<script type=\"application\/ld+json\" class=\"yoast-schema-graph\">{\"@context\":\"https:\\\/\\\/schema.org\",\"@graph\":[{\"@type\":\"Article\",\"@id\":\"https:\\\/\\\/kibrisdakik.com\\\/?p=77222#article\",\"isPartOf\":{\"@id\":\"https:\\\/\\\/kibrisdakik.com\\\/?p=77222\"},\"author\":{\"name\":\"admin\",\"@id\":\"https:\\\/\\\/kibrisdakik.com\\\/#\\\/schema\\\/person\\\/9cd9d437bbb44f72b73ba127e06d8e79\"},\"headline\":\"Bay\u0131nd\u0131rl\u0131k ve Ula\u015ft\u0131rma Bakan\u0131 Ar\u0131kl\u0131, 8 Mart D\u00fcnya Kad\u0131nlar G\u00fcn\u00fc mesaj\u0131 yay\u0131nlad\u0131\",\"datePublished\":\"2025-03-07T11:42:27+00:00\",\"mainEntityOfPage\":{\"@id\":\"https:\\\/\\\/kibrisdakik.com\\\/?p=77222\"},\"wordCount\":254,\"commentCount\":0,\"image\":{\"@id\":\"https:\\\/\\\/kibrisdakik.com\\\/?p=77222#primaryimage\"},\"thumbnailUrl\":\"https:\\\/\\\/kibrisdakik.com\\\/wp-content\\\/uploads\\\/2025\\\/03\\\/1741340158970ARIKLI-ROPORTAJ-7-scaled-740x420.jpg\",\"articleSection\":[\"K\u0131br\u0131s\",\"Man\u015fet\"],\"inLanguage\":\"tr\",\"potentialAction\":[{\"@type\":\"CommentAction\",\"name\":\"Comment\",\"target\":[\"https:\\\/\\\/kibrisdakik.com\\\/?p=77222#respond\"]}]},{\"@type\":\"WebPage\",\"@id\":\"https:\\\/\\\/kibrisdakik.com\\\/?p=77222\",\"url\":\"https:\\\/\\\/kibrisdakik.com\\\/?p=77222\",\"name\":\"Bay\u0131nd\u0131rl\u0131k ve Ula\u015ft\u0131rma Bakan\u0131 Ar\u0131kl\u0131, 8 Mart D\u00fcnya Kad\u0131nlar G\u00fcn\u00fc mesaj\u0131 yay\u0131nlad\u0131 -\",\"isPartOf\":{\"@id\":\"https:\\\/\\\/kibrisdakik.com\\\/#website\"},\"primaryImageOfPage\":{\"@id\":\"https:\\\/\\\/kibrisdakik.com\\\/?p=77222#primaryimage\"},\"image\":{\"@id\":\"https:\\\/\\\/kibrisdakik.com\\\/?p=77222#primaryimage\"},\"thumbnailUrl\":\"https:\\\/\\\/kibrisdakik.com\\\/wp-content\\\/uploads\\\/2025\\\/03\\\/1741340158970ARIKLI-ROPORTAJ-7-scaled-740x420.jpg\",\"datePublished\":\"2025-03-07T11:42:27+00:00\",\"author\":{\"@id\":\"https:\\\/\\\/kibrisdakik.com\\\/#\\\/schema\\\/person\\\/9cd9d437bbb44f72b73ba127e06d8e79\"},\"breadcrumb\":{\"@id\":\"https:\\\/\\\/kibrisdakik.com\\\/?p=77222#breadcrumb\"},\"inLanguage\":\"tr\",\"potentialAction\":[{\"@type\":\"ReadAction\",\"target\":[\"https:\\\/\\\/kibrisdakik.com\\\/?p=77222\"]}]},{\"@type\":\"ImageObject\",\"inLanguage\":\"tr\",\"@id\":\"https:\\\/\\\/kibrisdakik.com\\\/?p=77222#primaryimage\",\"url\":\"https:\\\/\\\/kibrisdakik.com\\\/wp-content\\\/uploads\\\/2025\\\/03\\\/1741340158970ARIKLI-ROPORTAJ-7-scaled-740x420.jpg\",\"contentUrl\":\"https:\\\/\\\/kibrisdakik.com\\\/wp-content\\\/uploads\\\/2025\\\/03\\\/1741340158970ARIKLI-ROPORTAJ-7-scaled-740x420.jpg\",\"width\":1790,\"height\":2560},{\"@type\":\"BreadcrumbList\",\"@id\":\"https:\\\/\\\/kibrisdakik.com\\\/?p=77222#breadcrumb\",\"itemListElement\":[{\"@type\":\"ListItem\",\"position\":1,\"name\":\"Home\",\"item\":\"https:\\\/\\\/kibrisdakik.com\\\/\"},{\"@type\":\"ListItem\",\"position\":2,\"name\":\"Bay\u0131nd\u0131rl\u0131k ve Ula\u015ft\u0131rma Bakan\u0131 Ar\u0131kl\u0131, 8 Mart D\u00fcnya Kad\u0131nlar G\u00fcn\u00fc mesaj\u0131 yay\u0131nlad\u0131\"}]},{\"@type\":\"WebSite\",\"@id\":\"https:\\\/\\\/kibrisdakik.com\\\/#website\",\"url\":\"https:\\\/\\\/kibrisdakik.com\\\/\",\"name\":\"\",\"description\":\"Tam vaktinde haber\",\"potentialAction\":[{\"@type\":\"SearchAction\",\"target\":{\"@type\":\"EntryPoint\",\"urlTemplate\":\"https:\\\/\\\/kibrisdakik.com\\\/?s={search_term_string}\"},\"query-input\":{\"@type\":\"PropertyValueSpecification\",\"valueRequired\":true,\"valueName\":\"search_term_string\"}}],\"inLanguage\":\"tr\"},{\"@type\":\"Person\",\"@id\":\"https:\\\/\\\/kibrisdakik.com\\\/#\\\/schema\\\/person\\\/9cd9d437bbb44f72b73ba127e06d8e79\",\"name\":\"admin\",\"image\":{\"@type\":\"ImageObject\",\"inLanguage\":\"tr\",\"@id\":\"https:\\\/\\\/secure.gravatar.com\\\/avatar\\\/ccc17943b9d660506c869530f897617f7cb1c21a4bf30023f252596d83e1f007?s=96&d=mm&r=g\",\"url\":\"https:\\\/\\\/secure.gravatar.com\\\/avatar\\\/ccc17943b9d660506c869530f897617f7cb1c21a4bf30023f252596d83e1f007?s=96&d=mm&r=g\",\"contentUrl\":\"https:\\\/\\\/secure.gravatar.com\\\/avatar\\\/ccc17943b9d660506c869530f897617f7cb1c21a4bf30023f252596d83e1f007?s=96&d=mm&r=g\",\"caption\":\"admin\"},\"sameAs\":[\"https:\\\/\\\/kibrisdakik.com\"],\"url\":\"https:\\\/\\\/kibrisdakik.com\\\/?author=1\"}]}<\/script>\n<!-- \/ Yoast SEO plugin. -->","yoast_head_json":{"title":"Bay\u0131nd\u0131rl\u0131k ve Ula\u015ft\u0131rma Bakan\u0131 Ar\u0131kl\u0131, 8 Mart D\u00fcnya Kad\u0131nlar G\u00fcn\u00fc mesaj\u0131 yay\u0131nlad\u0131 -","robots":{"index":"index","follow":"follow","max-snippet":"max-snippet:-1","max-image-preview":"max-image-preview:large","max-video-preview":"max-video-preview:-1"},"canonical":"https:\/\/kibrisdakik.com\/?p=77222","og_locale":"tr_TR","og_type":"article","og_title":"Bay\u0131nd\u0131rl\u0131k ve Ula\u015ft\u0131rma Bakan\u0131 Ar\u0131kl\u0131, 8 Mart D\u00fcnya Kad\u0131nlar G\u00fcn\u00fc mesaj\u0131 yay\u0131nlad\u0131 -","og_description":"Bay\u0131nd\u0131rl\u0131k ve Ula\u015ft\u0131rma Bakan\u0131 Erhan Ar\u0131kl\u0131, 8 Mart D\u00fcnya Kad\u0131nlar G\u00fcn\u00fc nedeniyle mesaj yay\u0131mlayarak, kad\u0131nlar\u0131n toplumdaki yerinin ve haklar\u0131n\u0131n bir g\u00fcnle s\u0131n\u0131rlanamayacak kadar de\u011ferli oldu\u011funu vurgulad\u0131. \u201cGe\u00e7ti\u011fimiz g\u00fcnlerde ya\u015fanan trajik olay, hepimizi derinden sarsm\u0131\u015ft\u0131r. Bu ac\u0131 olay, g\u00f6rmezden gelinemeyecek bir ger\u00e7e\u011fi bir kez daha g\u00f6zler \u00f6n\u00fcne sermi\u015ftir: Kad\u0131nlar\u0131 s\u00f6m\u00fcren, onurlar\u0131n\u0131 hi\u00e7e sayan sistemlere kar\u015f\u0131 daha","og_url":"https:\/\/kibrisdakik.com\/?p=77222","article_published_time":"2025-03-07T11:42:27+00:00","og_image":[{"width":1790,"height":2560,"url":"https:\/\/kibrisdakik.com\/wp-content\/uploads\/2025\/03\/1741340158970ARIKLI-ROPORTAJ-7-scaled-740x420.jpg","type":"image\/jpeg"}],"author":"admin","twitter_card":"summary_large_image","twitter_misc":{"Yazan:":"admin","Tahmini okuma s\u00fcresi":"1 dakika"},"schema":{"@context":"https:\/\/schema.org","@graph":[{"@type":"Article","@id":"https:\/\/kibrisdakik.com\/?p=77222#article","isPartOf":{"@id":"https:\/\/kibrisdakik.com\/?p=77222"},"author":{"name":"admin","@id":"https:\/\/kibrisdakik.com\/#\/schema\/person\/9cd9d437bbb44f72b73ba127e06d8e79"},"headline":"Bay\u0131nd\u0131rl\u0131k ve Ula\u015ft\u0131rma Bakan\u0131 Ar\u0131kl\u0131, 8 Mart D\u00fcnya Kad\u0131nlar G\u00fcn\u00fc mesaj\u0131 yay\u0131nlad\u0131","datePublished":"2025-03-07T11:42:27+00:00","mainEntityOfPage":{"@id":"https:\/\/kibrisdakik.com\/?p=77222"},"wordCount":254,"commentCount":0,"image":{"@id":"https:\/\/kibrisdakik.com\/?p=77222#primaryimage"},"thumbnailUrl":"https:\/\/kibrisdakik.com\/wp-content\/uploads\/2025\/03\/1741340158970ARIKLI-ROPORTAJ-7-scaled-740x420.jpg","articleSection":["K\u0131br\u0131s","Man\u015fet"],"inLanguage":"tr","potentialAction":[{"@type":"CommentAction","name":"Comment","target":["https:\/\/kibrisdakik.com\/?p=77222#respond"]}]},{"@type":"WebPage","@id":"https:\/\/kibrisdakik.com\/?p=77222","url":"https:\/\/kibrisdakik.com\/?p=77222","name":"Bay\u0131nd\u0131rl\u0131k ve Ula\u015ft\u0131rma Bakan\u0131 Ar\u0131kl\u0131, 8 Mart D\u00fcnya Kad\u0131nlar G\u00fcn\u00fc mesaj\u0131 yay\u0131nlad\u0131 -","isPartOf":{"@id":"https:\/\/kibrisdakik.com\/#website"},"primaryImageOfPage":{"@id":"https:\/\/kibrisdakik.com\/?p=77222#primaryimage"},"image":{"@id":"https:\/\/kibrisdakik.com\/?p=77222#primaryimage"},"thumbnailUrl":"https:\/\/kibrisdakik.com\/wp-content\/uploads\/2025\/03\/1741340158970ARIKLI-ROPORTAJ-7-scaled-740x420.jpg","datePublished":"2025-03-07T11:42:27+00:00","author":{"@id":"https:\/\/kibrisdakik.com\/#\/schema\/person\/9cd9d437bbb44f72b73ba127e06d8e79"},"breadcrumb":{"@id":"https:\/\/kibrisdakik.com\/?p=77222#breadcrumb"},"inLanguage":"tr","potentialAction":[{"@type":"ReadAction","target":["https:\/\/kibrisdakik.com\/?p=77222"]}]},{"@type":"ImageObject","inLanguage":"tr","@id":"https:\/\/kibrisdakik.com\/?p=77222#primaryimage","url":"https:\/\/kibrisdakik.com\/wp-content\/uploads\/2025\/03\/1741340158970ARIKLI-ROPORTAJ-7-scaled-740x420.jpg","contentUrl":"https:\/\/kibrisdakik.com\/wp-content\/uploads\/2025\/03\/1741340158970ARIKLI-ROPORTAJ-7-scaled-740x420.jpg","width":1790,"height":2560},{"@type":"BreadcrumbList","@id":"https:\/\/kibrisdakik.com\/?p=77222#breadcrumb","itemListElement":[{"@type":"ListItem","position":1,"name":"Home","item":"https:\/\/kibrisdakik.com\/"},{"@type":"ListItem","position":2,"name":"Bay\u0131nd\u0131rl\u0131k ve Ula\u015ft\u0131rma Bakan\u0131 Ar\u0131kl\u0131, 8 Mart D\u00fcnya Kad\u0131nlar G\u00fcn\u00fc mesaj\u0131 yay\u0131nlad\u0131"}]},{"@type":"WebSite","@id":"https:\/\/kibrisdakik.com\/#website","url":"https:\/\/kibrisdakik.com\/","name":"","description":"Tam vaktinde haber","potentialAction":[{"@type":"SearchAction","target":{"@type":"EntryPoint","urlTemplate":"https:\/\/kibrisdakik.com\/?s={search_term_string}"},"query-input":{"@type":"PropertyValueSpecification","valueRequired":true,"valueName":"search_term_string"}}],"inLanguage":"tr"},{"@type":"Person","@id":"https:\/\/kibrisdakik.com\/#\/schema\/person\/9cd9d437bbb44f72b73ba127e06d8e79","name":"admin","image":{"@type":"ImageObject","inLanguage":"tr","@id":"https:\/\/secure.gravatar.com\/avatar\/ccc17943b9d660506c869530f897617f7cb1c21a4bf30023f252596d83e1f007?s=96&d=mm&r=g","url":"https:\/\/secure.gravatar.com\/avatar\/ccc17943b9d660506c869530f897617f7cb1c21a4bf30023f252596d83e1f007?s=96&d=mm&r=g","contentUrl":"https:\/\/secure.gravatar.com\/avatar\/ccc17943b9d660506c869530f897617f7cb1c21a4bf30023f252596d83e1f007?s=96&d=mm&r=g","caption":"admin"},"sameAs":["https:\/\/kibrisdakik.com"],"url":"https:\/\/kibrisdakik.com\/?author=1"}]}},"_links":{"self":[{"href":"https:\/\/kibrisdakik.com\/index.php?rest_route=\/wp\/v2\/posts\/77222","targetHints":{"allow":["GET"]}}],"collection":[{"href":"https:\/\/kibrisdakik.com\/index.php?rest_route=\/wp\/v2\/posts"}],"about":[{"href":"https:\/\/kibrisdakik.com\/index.php?rest_route=\/wp\/v2\/types\/post"}],"author":[{"embeddable":true,"href":"https:\/\/kibrisdakik.com\/index.php?rest_route=\/wp\/v2\/users\/1"}],"replies":[{"embeddable":true,"href":"https:\/\/kibrisdakik.com\/index.php?rest_route=%2Fwp%2Fv2%2Fcomments&post=77222"}],"version-history":[{"count":0,"href":"https:\/\/kibrisdakik.com\/index.php?rest_route=\/wp\/v2\/posts\/77222\/revisions"}],"wp:featuredmedia":[{"embeddable":true,"href":"https:\/\/kibrisdakik.com\/index.php?rest_route=\/wp\/v2\/media\/77223"}],"wp:attachment":[{"href":"https:\/\/kibrisdakik.com\/index.php?rest_route=%2Fwp%2Fv2%2Fmedia&parent=77222"}],"wp:term":[{"taxonomy":"category","embeddable":true,"href":"https:\/\/kibrisdakik.com\/index.php?rest_route=%2Fwp%2Fv2%2Fcategories&post=77222"},{"taxonomy":"post_tag","embeddable":true,"href":"https:\/\/kibrisdakik.com\/index.php?rest_route=%2Fwp%2Fv2%2Ftags&post=77222"}],"curies":[{"name":"wp","href":"https:\/\/api.w.org\/{rel}","templated":true}]}}