{"id":77239,"date":"2025-03-07T17:54:17","date_gmt":"2025-03-07T14:54:17","guid":{"rendered":"https:\/\/kibrisdakik.com\/index.php\/2025\/03\/07\/girne-emekci-kadinlar-kooperatifinden-8-mart-dunya-emekci-kadinlar-gunu-mesaji\/"},"modified":"2025-03-07T17:54:17","modified_gmt":"2025-03-07T14:54:17","slug":"girne-emekci-kadinlar-kooperatifinden-8-mart-dunya-emekci-kadinlar-gunu-mesaji","status":"publish","type":"post","link":"https:\/\/kibrisdakik.com\/?p=77239","title":{"rendered":"Girne Emek\u00e7i Kad\u0131nlar Kooperatifi\u2019nden 8 Mart D\u00fcnya Emek\u00e7i Kad\u0131nlar G\u00fcn\u00fc mesaj\u0131.."},"content":{"rendered":"<div>\n<div class=\"mariselle-image-container center\">\n                                            <\/div>\n<p>Girne Emek\u00e7i Kad\u0131nlar Kooperatifi, t\u00fcm kad\u0131nlar\u0131n, 8 Mart D\u00fcnya Emek\u00e7i Kad\u0131nlar G\u00fcn\u00fc\u2019n\u00fc kutlayarak, \u201cHer kad\u0131n\u0131n kendi ayaklar\u0131 \u00fczerinde durabildi\u011fi, eme\u011finin g\u00f6r\u00fcnmez olmad\u0131\u011f\u0131 bir d\u00fcnya i\u00e7in m\u00fccadelemizi s\u00fcrd\u00fcrece\u011fiz\u201d dedi.<\/p>\n<p>Girne Emek\u00e7i Kad\u0131nlar Kooperatifi Y\u00f6netim Kurulu imzas\u0131yla yap\u0131lan a\u00e7\u0131klamada, bu y\u0131l, 8 Mart\u2019\u0131n, gen\u00e7 bir kad\u0131n\u0131n insanl\u0131k d\u0131\u015f\u0131 ko\u015fullarda ya\u015fam\u0131n\u0131 yitirdi\u011fi ac\u0131 bir olay\u0131n g\u00f6lgesinde kar\u015f\u0131land\u0131\u011f\u0131 ifade edildi.<\/p>\n<p>8 Mart\u2019\u0131n, yaln\u0131zca bir anma ya da kutlama g\u00fcn\u00fc de\u011fil, kad\u0131n eme\u011finin, hak m\u00fccadelesinin ve toplumsal cinsiyet e\u015fitli\u011fi i\u00e7in verilen kolektif \u00e7aban\u0131n bir ifadesi oldu\u011fu belirtilen a\u00e7\u0131klamada, 8 Mart\u2019\u0131n tarihsel s\u00fcrecine i\u015faret edilerek, kad\u0131nlar\u0131n, ekonomik ve sosyal ya\u015famda e\u015fit haklara sahip olmak i\u00e7in m\u00fccadele etmeye devam etti\u011fi kaydedildi.<\/p>\n<p>\u201cBu y\u0131l da 8 Mart D\u00fcnya Kad\u0131nlar G\u00fcn\u00fc Y\u00fcr\u00fcy\u00fc\u015f\u00fcnde yan yana olmaya, sesimizi birlikte y\u00fckseltmeye devam edece\u011fiz\u201d denilen a\u00e7\u0131klamada, 9 Mart\u2019ta ise, 12\u2019nci Girne Emek\u00e7i Kad\u0131nlar Panay\u0131r\u0131nda halkla bulu\u015fulaca\u011f\u0131, kad\u0131nlar\u0131n el eme\u011fi \u00fcr\u00fcnleri ve yerel lezzetleriyle dolu bir g\u00fcn ge\u00e7irilece\u011fi kaydedildi.<\/p>\n<p>Kad\u0131n eme\u011finin sanatta da g\u00f6r\u00fcn\u00fcr olmas\u0131 ve hak etti\u011fi de\u011feri g\u00f6rmesi gerekti\u011fi belirtilen a\u00e7\u0131klamada, ge\u00e7en y\u0131l ba\u015flat\u0131lan kad\u0131n ressamlar\u0131n eserlerini turistik ama\u00e7l\u0131 de\u011ferlendirme projesinin ikinci ad\u0131m\u0131n\u0131n at\u0131laca\u011f\u0131 ifade edildi.<\/p>\n<p>Bu y\u0131l Bedia Kale, Devrim T. Malyal\u0131zade, Fevza A. San\u0131var ve \u0130pek Denizli olmak \u00fczere d\u00f6rt sanat\u00e7\u0131yla i\u015f birli\u011fi yap\u0131laca\u011f\u0131 kaydedilen a\u00e7\u0131klamada, sanat\u00e7\u0131lara katk\u0131lar\u0131ndan dolay\u0131 te\u015fekk\u00fcr edildi.<\/p>\n<p>Giri\u015fimci Kad\u0131nlar Kalk\u0131nma Kooperatifi ile y\u00fcr\u00fct\u00fclen, Girne Belediyesi\u2019nin de destekledi\u011fi Bandabulya Projesi\u2019nin h\u0131zla ilerledi\u011fi belirtilen a\u00e7\u0131klamada, kad\u0131n eme\u011fini ve yerel \u00fcretimi destekleyerek, Girne\u2019nin sosyal ve ekonomik hayat\u0131na katk\u0131 sunmay\u0131 ama\u00e7layan projenin, \u201cD\u00fcnya Kooperatif\u00e7ilik Y\u0131l\u0131\u201d ile \u00f6rt\u00fc\u015fmesinin de ayr\u0131 bir anlam ta\u015f\u0131d\u0131\u011f\u0131 kaydedildi.<\/p>\n<p>A\u00e7\u0131klamada, \u201cGirne Emek\u00e7i Kad\u0131nlar Kooperatifi olarak, \u2018birlikten g\u00fc\u00e7 do\u011far\u2019 ilkesiyle, kad\u0131n eme\u011fini ve dayan\u0131\u015fmas\u0131n\u0131 b\u00fcy\u00fctmeye devam ediyoruz. Her kad\u0131n\u0131n kendi ayaklar\u0131 \u00fczerinde durabildi\u011fi, eme\u011finin g\u00f6r\u00fcnmez olmad\u0131\u011f\u0131 bir d\u00fcnya i\u00e7in m\u00fccadelemizi s\u00fcrd\u00fcrece\u011fiz\u201d ifadeleri kullan\u0131ld\u0131.<\/p>\n<\/p><\/div>\n<p><script async\n                    defer\n                    crossorigin=\"anonymous\"\n                    src=\"https:\/\/connect.facebook.net\/tr_TR\/sdk.js#xfbml=1&#038;version=v3.3\"\n            ><\/script><\/p>\n","protected":false},"excerpt":{"rendered":"<p>Girne Emek\u00e7i Kad\u0131nlar Kooperatifi, t\u00fcm kad\u0131nlar\u0131n, 8 Mart D\u00fcnya Emek\u00e7i Kad\u0131nlar G\u00fcn\u00fc\u2019n\u00fc kutlayarak, \u201cHer kad\u0131n\u0131n kendi ayaklar\u0131 \u00fczerinde durabildi\u011fi, eme\u011finin g\u00f6r\u00fcnmez olmad\u0131\u011f\u0131 bir d\u00fcnya i\u00e7in m\u00fccadelemizi s\u00fcrd\u00fcrece\u011fiz\u201d dedi. Girne Emek\u00e7i Kad\u0131nlar Kooperatifi Y\u00f6netim Kurulu imzas\u0131yla yap\u0131lan a\u00e7\u0131klamada, bu y\u0131l, 8 Mart\u2019\u0131n, gen\u00e7 bir kad\u0131n\u0131n insanl\u0131k d\u0131\u015f\u0131 ko\u015fullarda ya\u015fam\u0131n\u0131 yitirdi\u011fi ac\u0131 bir olay\u0131n g\u00f6lgesinde kar\u015f\u0131land\u0131\u011f\u0131 ifade<\/p>\n","protected":false},"author":1,"featured_media":77240,"comment_status":"open","ping_status":"open","sticky":false,"template":"","format":"standard","meta":{"footnotes":""},"categories":[81,101],"tags":[],"class_list":["post-77239","post","type-post","status-publish","format-standard","has-post-thumbnail","hentry","category-kibris","category-manset"],"yoast_head":"<!-- This site is optimized with the Yoast SEO plugin v27.4 - https:\/\/yoast.com\/product\/yoast-seo-wordpress\/ -->\n<title>Girne Emek\u00e7i Kad\u0131nlar Kooperatifi\u2019nden 8 Mart D\u00fcnya Emek\u00e7i Kad\u0131nlar G\u00fcn\u00fc mesaj\u0131.. -<\/title>\n<meta name=\"robots\" content=\"index, follow, max-snippet:-1, max-image-preview:large, max-video-preview:-1\" \/>\n<link rel=\"canonical\" href=\"https:\/\/kibrisdakik.com\/?p=77239\" \/>\n<meta property=\"og:locale\" content=\"tr_TR\" \/>\n<meta property=\"og:type\" content=\"article\" \/>\n<meta property=\"og:title\" content=\"Girne Emek\u00e7i Kad\u0131nlar Kooperatifi\u2019nden 8 Mart D\u00fcnya Emek\u00e7i Kad\u0131nlar G\u00fcn\u00fc mesaj\u0131.. -\" \/>\n<meta property=\"og:description\" content=\"Girne Emek\u00e7i Kad\u0131nlar Kooperatifi, t\u00fcm kad\u0131nlar\u0131n, 8 Mart D\u00fcnya Emek\u00e7i Kad\u0131nlar G\u00fcn\u00fc\u2019n\u00fc kutlayarak, \u201cHer kad\u0131n\u0131n kendi ayaklar\u0131 \u00fczerinde durabildi\u011fi, eme\u011finin g\u00f6r\u00fcnmez olmad\u0131\u011f\u0131 bir d\u00fcnya i\u00e7in m\u00fccadelemizi s\u00fcrd\u00fcrece\u011fiz\u201d dedi. Girne Emek\u00e7i Kad\u0131nlar Kooperatifi Y\u00f6netim Kurulu imzas\u0131yla yap\u0131lan a\u00e7\u0131klamada, bu y\u0131l, 8 Mart\u2019\u0131n, gen\u00e7 bir kad\u0131n\u0131n insanl\u0131k d\u0131\u015f\u0131 ko\u015fullarda ya\u015fam\u0131n\u0131 yitirdi\u011fi ac\u0131 bir olay\u0131n g\u00f6lgesinde kar\u015f\u0131land\u0131\u011f\u0131 ifade\" \/>\n<meta property=\"og:url\" content=\"https:\/\/kibrisdakik.com\/?p=77239\" \/>\n<meta property=\"article:published_time\" content=\"2025-03-07T14:54:17+00:00\" \/>\n<meta property=\"og:image\" content=\"https:\/\/kibrisdakik.com\/wp-content\/uploads\/2025\/03\/1741349740675GIRNE-EMEKCI-KADINLAR-740x420.jpeg\" \/>\n\t<meta property=\"og:image:width\" content=\"1600\" \/>\n\t<meta property=\"og:image:height\" content=\"1200\" \/>\n\t<meta property=\"og:image:type\" content=\"image\/jpeg\" \/>\n<meta name=\"author\" content=\"admin\" \/>\n<meta name=\"twitter:card\" content=\"summary_large_image\" \/>\n<meta name=\"twitter:label1\" content=\"Yazan:\" \/>\n\t<meta name=\"twitter:data1\" content=\"admin\" \/>\n\t<meta name=\"twitter:label2\" content=\"Tahmini okuma s\u00fcresi\" \/>\n\t<meta name=\"twitter:data2\" content=\"2 dakika\" \/>\n<script type=\"application\/ld+json\" class=\"yoast-schema-graph\">{\"@context\":\"https:\\\/\\\/schema.org\",\"@graph\":[{\"@type\":\"Article\",\"@id\":\"https:\\\/\\\/kibrisdakik.com\\\/?p=77239#article\",\"isPartOf\":{\"@id\":\"https:\\\/\\\/kibrisdakik.com\\\/?p=77239\"},\"author\":{\"name\":\"admin\",\"@id\":\"https:\\\/\\\/kibrisdakik.com\\\/#\\\/schema\\\/person\\\/9cd9d437bbb44f72b73ba127e06d8e79\"},\"headline\":\"Girne Emek\u00e7i Kad\u0131nlar Kooperatifi\u2019nden 8 Mart D\u00fcnya Emek\u00e7i Kad\u0131nlar G\u00fcn\u00fc mesaj\u0131..\",\"datePublished\":\"2025-03-07T14:54:17+00:00\",\"mainEntityOfPage\":{\"@id\":\"https:\\\/\\\/kibrisdakik.com\\\/?p=77239\"},\"wordCount\":453,\"commentCount\":0,\"image\":{\"@id\":\"https:\\\/\\\/kibrisdakik.com\\\/?p=77239#primaryimage\"},\"thumbnailUrl\":\"https:\\\/\\\/kibrisdakik.com\\\/wp-content\\\/uploads\\\/2025\\\/03\\\/1741349740675GIRNE-EMEKCI-KADINLAR-740x420.jpeg\",\"articleSection\":[\"K\u0131br\u0131s\",\"Man\u015fet\"],\"inLanguage\":\"tr\",\"potentialAction\":[{\"@type\":\"CommentAction\",\"name\":\"Comment\",\"target\":[\"https:\\\/\\\/kibrisdakik.com\\\/?p=77239#respond\"]}]},{\"@type\":\"WebPage\",\"@id\":\"https:\\\/\\\/kibrisdakik.com\\\/?p=77239\",\"url\":\"https:\\\/\\\/kibrisdakik.com\\\/?p=77239\",\"name\":\"Girne Emek\u00e7i Kad\u0131nlar Kooperatifi\u2019nden 8 Mart D\u00fcnya Emek\u00e7i Kad\u0131nlar G\u00fcn\u00fc mesaj\u0131.. -\",\"isPartOf\":{\"@id\":\"https:\\\/\\\/kibrisdakik.com\\\/#website\"},\"primaryImageOfPage\":{\"@id\":\"https:\\\/\\\/kibrisdakik.com\\\/?p=77239#primaryimage\"},\"image\":{\"@id\":\"https:\\\/\\\/kibrisdakik.com\\\/?p=77239#primaryimage\"},\"thumbnailUrl\":\"https:\\\/\\\/kibrisdakik.com\\\/wp-content\\\/uploads\\\/2025\\\/03\\\/1741349740675GIRNE-EMEKCI-KADINLAR-740x420.jpeg\",\"datePublished\":\"2025-03-07T14:54:17+00:00\",\"author\":{\"@id\":\"https:\\\/\\\/kibrisdakik.com\\\/#\\\/schema\\\/person\\\/9cd9d437bbb44f72b73ba127e06d8e79\"},\"breadcrumb\":{\"@id\":\"https:\\\/\\\/kibrisdakik.com\\\/?p=77239#breadcrumb\"},\"inLanguage\":\"tr\",\"potentialAction\":[{\"@type\":\"ReadAction\",\"target\":[\"https:\\\/\\\/kibrisdakik.com\\\/?p=77239\"]}]},{\"@type\":\"ImageObject\",\"inLanguage\":\"tr\",\"@id\":\"https:\\\/\\\/kibrisdakik.com\\\/?p=77239#primaryimage\",\"url\":\"https:\\\/\\\/kibrisdakik.com\\\/wp-content\\\/uploads\\\/2025\\\/03\\\/1741349740675GIRNE-EMEKCI-KADINLAR-740x420.jpeg\",\"contentUrl\":\"https:\\\/\\\/kibrisdakik.com\\\/wp-content\\\/uploads\\\/2025\\\/03\\\/1741349740675GIRNE-EMEKCI-KADINLAR-740x420.jpeg\",\"width\":1600,\"height\":1200},{\"@type\":\"BreadcrumbList\",\"@id\":\"https:\\\/\\\/kibrisdakik.com\\\/?p=77239#breadcrumb\",\"itemListElement\":[{\"@type\":\"ListItem\",\"position\":1,\"name\":\"Home\",\"item\":\"https:\\\/\\\/kibrisdakik.com\\\/\"},{\"@type\":\"ListItem\",\"position\":2,\"name\":\"Girne Emek\u00e7i Kad\u0131nlar Kooperatifi\u2019nden 8 Mart D\u00fcnya Emek\u00e7i Kad\u0131nlar G\u00fcn\u00fc mesaj\u0131..\"}]},{\"@type\":\"WebSite\",\"@id\":\"https:\\\/\\\/kibrisdakik.com\\\/#website\",\"url\":\"https:\\\/\\\/kibrisdakik.com\\\/\",\"name\":\"\",\"description\":\"Tam vaktinde haber\",\"potentialAction\":[{\"@type\":\"SearchAction\",\"target\":{\"@type\":\"EntryPoint\",\"urlTemplate\":\"https:\\\/\\\/kibrisdakik.com\\\/?s={search_term_string}\"},\"query-input\":{\"@type\":\"PropertyValueSpecification\",\"valueRequired\":true,\"valueName\":\"search_term_string\"}}],\"inLanguage\":\"tr\"},{\"@type\":\"Person\",\"@id\":\"https:\\\/\\\/kibrisdakik.com\\\/#\\\/schema\\\/person\\\/9cd9d437bbb44f72b73ba127e06d8e79\",\"name\":\"admin\",\"image\":{\"@type\":\"ImageObject\",\"inLanguage\":\"tr\",\"@id\":\"https:\\\/\\\/secure.gravatar.com\\\/avatar\\\/ccc17943b9d660506c869530f897617f7cb1c21a4bf30023f252596d83e1f007?s=96&d=mm&r=g\",\"url\":\"https:\\\/\\\/secure.gravatar.com\\\/avatar\\\/ccc17943b9d660506c869530f897617f7cb1c21a4bf30023f252596d83e1f007?s=96&d=mm&r=g\",\"contentUrl\":\"https:\\\/\\\/secure.gravatar.com\\\/avatar\\\/ccc17943b9d660506c869530f897617f7cb1c21a4bf30023f252596d83e1f007?s=96&d=mm&r=g\",\"caption\":\"admin\"},\"sameAs\":[\"https:\\\/\\\/kibrisdakik.com\"],\"url\":\"https:\\\/\\\/kibrisdakik.com\\\/?author=1\"}]}<\/script>\n<!-- \/ Yoast SEO plugin. -->","yoast_head_json":{"title":"Girne Emek\u00e7i Kad\u0131nlar Kooperatifi\u2019nden 8 Mart D\u00fcnya Emek\u00e7i Kad\u0131nlar G\u00fcn\u00fc mesaj\u0131.. -","robots":{"index":"index","follow":"follow","max-snippet":"max-snippet:-1","max-image-preview":"max-image-preview:large","max-video-preview":"max-video-preview:-1"},"canonical":"https:\/\/kibrisdakik.com\/?p=77239","og_locale":"tr_TR","og_type":"article","og_title":"Girne Emek\u00e7i Kad\u0131nlar Kooperatifi\u2019nden 8 Mart D\u00fcnya Emek\u00e7i Kad\u0131nlar G\u00fcn\u00fc mesaj\u0131.. -","og_description":"Girne Emek\u00e7i Kad\u0131nlar Kooperatifi, t\u00fcm kad\u0131nlar\u0131n, 8 Mart D\u00fcnya Emek\u00e7i Kad\u0131nlar G\u00fcn\u00fc\u2019n\u00fc kutlayarak, \u201cHer kad\u0131n\u0131n kendi ayaklar\u0131 \u00fczerinde durabildi\u011fi, eme\u011finin g\u00f6r\u00fcnmez olmad\u0131\u011f\u0131 bir d\u00fcnya i\u00e7in m\u00fccadelemizi s\u00fcrd\u00fcrece\u011fiz\u201d dedi. Girne Emek\u00e7i Kad\u0131nlar Kooperatifi Y\u00f6netim Kurulu imzas\u0131yla yap\u0131lan a\u00e7\u0131klamada, bu y\u0131l, 8 Mart\u2019\u0131n, gen\u00e7 bir kad\u0131n\u0131n insanl\u0131k d\u0131\u015f\u0131 ko\u015fullarda ya\u015fam\u0131n\u0131 yitirdi\u011fi ac\u0131 bir olay\u0131n g\u00f6lgesinde kar\u015f\u0131land\u0131\u011f\u0131 ifade","og_url":"https:\/\/kibrisdakik.com\/?p=77239","article_published_time":"2025-03-07T14:54:17+00:00","og_image":[{"width":1600,"height":1200,"url":"https:\/\/kibrisdakik.com\/wp-content\/uploads\/2025\/03\/1741349740675GIRNE-EMEKCI-KADINLAR-740x420.jpeg","type":"image\/jpeg"}],"author":"admin","twitter_card":"summary_large_image","twitter_misc":{"Yazan:":"admin","Tahmini okuma s\u00fcresi":"2 dakika"},"schema":{"@context":"https:\/\/schema.org","@graph":[{"@type":"Article","@id":"https:\/\/kibrisdakik.com\/?p=77239#article","isPartOf":{"@id":"https:\/\/kibrisdakik.com\/?p=77239"},"author":{"name":"admin","@id":"https:\/\/kibrisdakik.com\/#\/schema\/person\/9cd9d437bbb44f72b73ba127e06d8e79"},"headline":"Girne Emek\u00e7i Kad\u0131nlar Kooperatifi\u2019nden 8 Mart D\u00fcnya Emek\u00e7i Kad\u0131nlar G\u00fcn\u00fc mesaj\u0131..","datePublished":"2025-03-07T14:54:17+00:00","mainEntityOfPage":{"@id":"https:\/\/kibrisdakik.com\/?p=77239"},"wordCount":453,"commentCount":0,"image":{"@id":"https:\/\/kibrisdakik.com\/?p=77239#primaryimage"},"thumbnailUrl":"https:\/\/kibrisdakik.com\/wp-content\/uploads\/2025\/03\/1741349740675GIRNE-EMEKCI-KADINLAR-740x420.jpeg","articleSection":["K\u0131br\u0131s","Man\u015fet"],"inLanguage":"tr","potentialAction":[{"@type":"CommentAction","name":"Comment","target":["https:\/\/kibrisdakik.com\/?p=77239#respond"]}]},{"@type":"WebPage","@id":"https:\/\/kibrisdakik.com\/?p=77239","url":"https:\/\/kibrisdakik.com\/?p=77239","name":"Girne Emek\u00e7i Kad\u0131nlar Kooperatifi\u2019nden 8 Mart D\u00fcnya Emek\u00e7i Kad\u0131nlar G\u00fcn\u00fc mesaj\u0131.. -","isPartOf":{"@id":"https:\/\/kibrisdakik.com\/#website"},"primaryImageOfPage":{"@id":"https:\/\/kibrisdakik.com\/?p=77239#primaryimage"},"image":{"@id":"https:\/\/kibrisdakik.com\/?p=77239#primaryimage"},"thumbnailUrl":"https:\/\/kibrisdakik.com\/wp-content\/uploads\/2025\/03\/1741349740675GIRNE-EMEKCI-KADINLAR-740x420.jpeg","datePublished":"2025-03-07T14:54:17+00:00","author":{"@id":"https:\/\/kibrisdakik.com\/#\/schema\/person\/9cd9d437bbb44f72b73ba127e06d8e79"},"breadcrumb":{"@id":"https:\/\/kibrisdakik.com\/?p=77239#breadcrumb"},"inLanguage":"tr","potentialAction":[{"@type":"ReadAction","target":["https:\/\/kibrisdakik.com\/?p=77239"]}]},{"@type":"ImageObject","inLanguage":"tr","@id":"https:\/\/kibrisdakik.com\/?p=77239#primaryimage","url":"https:\/\/kibrisdakik.com\/wp-content\/uploads\/2025\/03\/1741349740675GIRNE-EMEKCI-KADINLAR-740x420.jpeg","contentUrl":"https:\/\/kibrisdakik.com\/wp-content\/uploads\/2025\/03\/1741349740675GIRNE-EMEKCI-KADINLAR-740x420.jpeg","width":1600,"height":1200},{"@type":"BreadcrumbList","@id":"https:\/\/kibrisdakik.com\/?p=77239#breadcrumb","itemListElement":[{"@type":"ListItem","position":1,"name":"Home","item":"https:\/\/kibrisdakik.com\/"},{"@type":"ListItem","position":2,"name":"Girne Emek\u00e7i Kad\u0131nlar Kooperatifi\u2019nden 8 Mart D\u00fcnya Emek\u00e7i Kad\u0131nlar G\u00fcn\u00fc mesaj\u0131.."}]},{"@type":"WebSite","@id":"https:\/\/kibrisdakik.com\/#website","url":"https:\/\/kibrisdakik.com\/","name":"","description":"Tam vaktinde haber","potentialAction":[{"@type":"SearchAction","target":{"@type":"EntryPoint","urlTemplate":"https:\/\/kibrisdakik.com\/?s={search_term_string}"},"query-input":{"@type":"PropertyValueSpecification","valueRequired":true,"valueName":"search_term_string"}}],"inLanguage":"tr"},{"@type":"Person","@id":"https:\/\/kibrisdakik.com\/#\/schema\/person\/9cd9d437bbb44f72b73ba127e06d8e79","name":"admin","image":{"@type":"ImageObject","inLanguage":"tr","@id":"https:\/\/secure.gravatar.com\/avatar\/ccc17943b9d660506c869530f897617f7cb1c21a4bf30023f252596d83e1f007?s=96&d=mm&r=g","url":"https:\/\/secure.gravatar.com\/avatar\/ccc17943b9d660506c869530f897617f7cb1c21a4bf30023f252596d83e1f007?s=96&d=mm&r=g","contentUrl":"https:\/\/secure.gravatar.com\/avatar\/ccc17943b9d660506c869530f897617f7cb1c21a4bf30023f252596d83e1f007?s=96&d=mm&r=g","caption":"admin"},"sameAs":["https:\/\/kibrisdakik.com"],"url":"https:\/\/kibrisdakik.com\/?author=1"}]}},"_links":{"self":[{"href":"https:\/\/kibrisdakik.com\/index.php?rest_route=\/wp\/v2\/posts\/77239","targetHints":{"allow":["GET"]}}],"collection":[{"href":"https:\/\/kibrisdakik.com\/index.php?rest_route=\/wp\/v2\/posts"}],"about":[{"href":"https:\/\/kibrisdakik.com\/index.php?rest_route=\/wp\/v2\/types\/post"}],"author":[{"embeddable":true,"href":"https:\/\/kibrisdakik.com\/index.php?rest_route=\/wp\/v2\/users\/1"}],"replies":[{"embeddable":true,"href":"https:\/\/kibrisdakik.com\/index.php?rest_route=%2Fwp%2Fv2%2Fcomments&post=77239"}],"version-history":[{"count":0,"href":"https:\/\/kibrisdakik.com\/index.php?rest_route=\/wp\/v2\/posts\/77239\/revisions"}],"wp:featuredmedia":[{"embeddable":true,"href":"https:\/\/kibrisdakik.com\/index.php?rest_route=\/wp\/v2\/media\/77240"}],"wp:attachment":[{"href":"https:\/\/kibrisdakik.com\/index.php?rest_route=%2Fwp%2Fv2%2Fmedia&parent=77239"}],"wp:term":[{"taxonomy":"category","embeddable":true,"href":"https:\/\/kibrisdakik.com\/index.php?rest_route=%2Fwp%2Fv2%2Fcategories&post=77239"},{"taxonomy":"post_tag","embeddable":true,"href":"https:\/\/kibrisdakik.com\/index.php?rest_route=%2Fwp%2Fv2%2Ftags&post=77239"}],"curies":[{"name":"wp","href":"https:\/\/api.w.org\/{rel}","templated":true}]}}