{"id":77248,"date":"2025-03-07T16:33:00","date_gmt":"2025-03-07T13:33:00","guid":{"rendered":"https:\/\/kibrisdakik.com\/index.php\/2025\/03\/07\/lefkosa-guzelyurt-ana-yolunda-kaza-ehliyetsiz-surucu-tutuklandi\/"},"modified":"2025-03-07T16:33:00","modified_gmt":"2025-03-07T13:33:00","slug":"lefkosa-guzelyurt-ana-yolunda-kaza-ehliyetsiz-surucu-tutuklandi","status":"publish","type":"post","link":"https:\/\/kibrisdakik.com\/?p=77248","title":{"rendered":"Lefko\u015fa-G\u00fczelyurt ana yolunda kaza\u2026 Ehliyetsiz s\u00fcr\u00fcc\u00fc tutukland\u0131"},"content":{"rendered":"<p><\/p>\n<div>\n<div class=\"mariselle-image-container center\">\n                <img loading=\"lazy\" decoding=\"async\" width=\"1277\" height=\"718\" class=\"lazy-image\" alt=\"\" sizes=\"auto, (max-width: 1277px) 100vw, 1277px\" src=\"https:\/\/brtk.net\/wp-content\/uploads\/2025\/03\/07\/17413510982771740739605623trafik-kazasi.jpg?ver=157d659ea40d3d751adbfaee846d71c4\" srcset=\"https:\/\/brtk.net\/wp-content\/uploads\/2025\/03\/07\/17413510982771740739605623trafik-kazasi.jpg?ver=157d659ea40d3d751adbfaee846d71c4 1277w, https:\/\/brtk.net\/wp-content\/uploads\/2025\/03\/07\/17413510982771740739605623trafik-kazasi-300x169.jpg?ver=55ac8ca2617659dc315b4ba31c857788 300w, https:\/\/brtk.net\/wp-content\/uploads\/2025\/03\/07\/17413510982771740739605623trafik-kazasi-1024x576.jpg?ver=55ac8ca2617659dc315b4ba31c857788 1024w, https:\/\/brtk.net\/wp-content\/uploads\/2025\/03\/07\/17413510982771740739605623trafik-kazasi-768x432.jpg?ver=55ac8ca2617659dc315b4ba31c857788 768w\"\/>                            <\/div>\n<p>Lefko\u015fa-G\u00fczelyurt ana yolunda, d\u00fcn gece meydana gelen trafik kazas\u0131, yaralanma olmadan hasarla atlat\u0131ld\u0131; ehliyetsiz s\u00fcr\u00fcc\u00fc tutukland\u0131.<\/p>\n<p>Polis bas\u0131n b\u00fcltenine g\u00f6re, 19 ya\u015f\u0131ndaki s\u00fcr\u00fcc\u00fc Enes Demir, y\u00f6netimindeki RK 474 plakal\u0131 ara\u00e7la seyretti\u011fi s\u0131rada, kav\u015fa\u011fa geldi\u011finde ana yolda seyreden ara\u00e7lara \u00f6ncelik hakk\u0131 vermeden ana yola giri\u015f yapt\u0131. Ara\u00e7, o esnada ana yolda seyreden Ay\u015feg\u00fcl \u00d6z\u00e7\u00f6l (K-29) y\u00f6netimindeki VD 625 plakal\u0131 arac\u0131n \u00f6n\u00fcn\u00fc t\u0131kamas\u0131 sonucu \u00e7arp\u0131\u015ft\u0131. Kaza sonucu yaralanan olmad\u0131.<\/p>\n<p>RK 474 plakal\u0131 ara\u00e7 s\u00fcr\u00fcc\u00fcs\u00fc Enes Demir, s\u00fcr\u00fc\u015f ehliyetsiz ve sigorta kapsamaks\u0131z\u0131n ara\u00e7 kullanmak ve trafik kazas\u0131 yapmak su\u00e7lar\u0131ndan tutukland\u0131.<\/p>\n<p>Polisin kazayla ilgili soru\u015fturmas\u0131 s\u00fcr\u00fcyor.<\/p>\n<\/p><\/div>\n<p><script async\n                    defer\n                    crossorigin=\"anonymous\"\n                    src=\"https:\/\/connect.facebook.net\/tr_TR\/sdk.js#xfbml=1&#038;version=v3.3\"\n            ><\/script><\/p>\n","protected":false},"excerpt":{"rendered":"<p>Lefko\u015fa-G\u00fczelyurt ana yolunda, d\u00fcn gece meydana gelen trafik kazas\u0131, yaralanma olmadan hasarla atlat\u0131ld\u0131; ehliyetsiz s\u00fcr\u00fcc\u00fc tutukland\u0131. Polis bas\u0131n b\u00fcltenine g\u00f6re, 19 ya\u015f\u0131ndaki s\u00fcr\u00fcc\u00fc Enes Demir, y\u00f6netimindeki RK 474 plakal\u0131 ara\u00e7la seyretti\u011fi s\u0131rada, kav\u015fa\u011fa geldi\u011finde ana yolda seyreden ara\u00e7lara \u00f6ncelik hakk\u0131 vermeden ana yola giri\u015f yapt\u0131. Ara\u00e7, o esnada ana yolda seyreden Ay\u015feg\u00fcl \u00d6z\u00e7\u00f6l (K-29) y\u00f6netimindeki<\/p>\n","protected":false},"author":1,"featured_media":77249,"comment_status":"open","ping_status":"open","sticky":false,"template":"","format":"standard","meta":{"footnotes":""},"categories":[1,101],"tags":[],"class_list":["post-77248","post","type-post","status-publish","format-standard","has-post-thumbnail","hentry","category-gundem","category-manset"],"yoast_head":"<!-- This site is optimized with the Yoast SEO plugin v27.5 - https:\/\/yoast.com\/product\/yoast-seo-wordpress\/ -->\n<title>Lefko\u015fa-G\u00fczelyurt ana yolunda kaza\u2026 Ehliyetsiz s\u00fcr\u00fcc\u00fc tutukland\u0131 -<\/title>\n<meta name=\"robots\" content=\"index, follow, max-snippet:-1, max-image-preview:large, max-video-preview:-1\" \/>\n<link rel=\"canonical\" href=\"https:\/\/kibrisdakik.com\/?p=77248\" \/>\n<meta property=\"og:locale\" content=\"tr_TR\" \/>\n<meta property=\"og:type\" content=\"article\" \/>\n<meta property=\"og:title\" content=\"Lefko\u015fa-G\u00fczelyurt ana yolunda kaza\u2026 Ehliyetsiz s\u00fcr\u00fcc\u00fc tutukland\u0131 -\" \/>\n<meta property=\"og:description\" content=\"Lefko\u015fa-G\u00fczelyurt ana yolunda, d\u00fcn gece meydana gelen trafik kazas\u0131, yaralanma olmadan hasarla atlat\u0131ld\u0131; ehliyetsiz s\u00fcr\u00fcc\u00fc tutukland\u0131. Polis bas\u0131n b\u00fcltenine g\u00f6re, 19 ya\u015f\u0131ndaki s\u00fcr\u00fcc\u00fc Enes Demir, y\u00f6netimindeki RK 474 plakal\u0131 ara\u00e7la seyretti\u011fi s\u0131rada, kav\u015fa\u011fa geldi\u011finde ana yolda seyreden ara\u00e7lara \u00f6ncelik hakk\u0131 vermeden ana yola giri\u015f yapt\u0131. Ara\u00e7, o esnada ana yolda seyreden Ay\u015feg\u00fcl \u00d6z\u00e7\u00f6l (K-29) y\u00f6netimindeki\" \/>\n<meta property=\"og:url\" content=\"https:\/\/kibrisdakik.com\/?p=77248\" \/>\n<meta property=\"article:published_time\" content=\"2025-03-07T13:33:00+00:00\" \/>\n<meta property=\"og:image\" content=\"https:\/\/kibrisdakik.com\/wp-content\/uploads\/2025\/03\/17413510982771740739605623trafik-kazasi-740x420.jpg\" \/>\n\t<meta property=\"og:image:width\" content=\"1277\" \/>\n\t<meta property=\"og:image:height\" content=\"718\" \/>\n\t<meta property=\"og:image:type\" content=\"image\/jpeg\" \/>\n<meta name=\"author\" content=\"admin\" \/>\n<meta name=\"twitter:card\" content=\"summary_large_image\" \/>\n<meta name=\"twitter:label1\" content=\"Yazan:\" \/>\n\t<meta name=\"twitter:data1\" content=\"admin\" \/>\n\t<meta name=\"twitter:label2\" content=\"Tahmini okuma s\u00fcresi\" \/>\n\t<meta name=\"twitter:data2\" content=\"1 dakika\" \/>\n<script type=\"application\/ld+json\" class=\"yoast-schema-graph\">{\"@context\":\"https:\\\/\\\/schema.org\",\"@graph\":[{\"@type\":\"Article\",\"@id\":\"https:\\\/\\\/kibrisdakik.com\\\/?p=77248#article\",\"isPartOf\":{\"@id\":\"https:\\\/\\\/kibrisdakik.com\\\/?p=77248\"},\"author\":{\"name\":\"admin\",\"@id\":\"https:\\\/\\\/kibrisdakik.com\\\/#\\\/schema\\\/person\\\/9cd9d437bbb44f72b73ba127e06d8e79\"},\"headline\":\"Lefko\u015fa-G\u00fczelyurt ana yolunda kaza\u2026 Ehliyetsiz s\u00fcr\u00fcc\u00fc tutukland\u0131\",\"datePublished\":\"2025-03-07T13:33:00+00:00\",\"mainEntityOfPage\":{\"@id\":\"https:\\\/\\\/kibrisdakik.com\\\/?p=77248\"},\"wordCount\":138,\"commentCount\":0,\"image\":{\"@id\":\"https:\\\/\\\/kibrisdakik.com\\\/?p=77248#primaryimage\"},\"thumbnailUrl\":\"https:\\\/\\\/kibrisdakik.com\\\/wp-content\\\/uploads\\\/2025\\\/03\\\/17413510982771740739605623trafik-kazasi-740x420.jpg\",\"articleSection\":[\"G\u00fcndem\",\"Man\u015fet\"],\"inLanguage\":\"tr\",\"potentialAction\":[{\"@type\":\"CommentAction\",\"name\":\"Comment\",\"target\":[\"https:\\\/\\\/kibrisdakik.com\\\/?p=77248#respond\"]}]},{\"@type\":\"WebPage\",\"@id\":\"https:\\\/\\\/kibrisdakik.com\\\/?p=77248\",\"url\":\"https:\\\/\\\/kibrisdakik.com\\\/?p=77248\",\"name\":\"Lefko\u015fa-G\u00fczelyurt ana yolunda kaza\u2026 Ehliyetsiz s\u00fcr\u00fcc\u00fc tutukland\u0131 -\",\"isPartOf\":{\"@id\":\"https:\\\/\\\/kibrisdakik.com\\\/#website\"},\"primaryImageOfPage\":{\"@id\":\"https:\\\/\\\/kibrisdakik.com\\\/?p=77248#primaryimage\"},\"image\":{\"@id\":\"https:\\\/\\\/kibrisdakik.com\\\/?p=77248#primaryimage\"},\"thumbnailUrl\":\"https:\\\/\\\/kibrisdakik.com\\\/wp-content\\\/uploads\\\/2025\\\/03\\\/17413510982771740739605623trafik-kazasi-740x420.jpg\",\"datePublished\":\"2025-03-07T13:33:00+00:00\",\"author\":{\"@id\":\"https:\\\/\\\/kibrisdakik.com\\\/#\\\/schema\\\/person\\\/9cd9d437bbb44f72b73ba127e06d8e79\"},\"breadcrumb\":{\"@id\":\"https:\\\/\\\/kibrisdakik.com\\\/?p=77248#breadcrumb\"},\"inLanguage\":\"tr\",\"potentialAction\":[{\"@type\":\"ReadAction\",\"target\":[\"https:\\\/\\\/kibrisdakik.com\\\/?p=77248\"]}]},{\"@type\":\"ImageObject\",\"inLanguage\":\"tr\",\"@id\":\"https:\\\/\\\/kibrisdakik.com\\\/?p=77248#primaryimage\",\"url\":\"https:\\\/\\\/kibrisdakik.com\\\/wp-content\\\/uploads\\\/2025\\\/03\\\/17413510982771740739605623trafik-kazasi-740x420.jpg\",\"contentUrl\":\"https:\\\/\\\/kibrisdakik.com\\\/wp-content\\\/uploads\\\/2025\\\/03\\\/17413510982771740739605623trafik-kazasi-740x420.jpg\",\"width\":1277,\"height\":718},{\"@type\":\"BreadcrumbList\",\"@id\":\"https:\\\/\\\/kibrisdakik.com\\\/?p=77248#breadcrumb\",\"itemListElement\":[{\"@type\":\"ListItem\",\"position\":1,\"name\":\"Home\",\"item\":\"https:\\\/\\\/kibrisdakik.com\\\/\"},{\"@type\":\"ListItem\",\"position\":2,\"name\":\"Lefko\u015fa-G\u00fczelyurt ana yolunda kaza\u2026 Ehliyetsiz s\u00fcr\u00fcc\u00fc tutukland\u0131\"}]},{\"@type\":\"WebSite\",\"@id\":\"https:\\\/\\\/kibrisdakik.com\\\/#website\",\"url\":\"https:\\\/\\\/kibrisdakik.com\\\/\",\"name\":\"\",\"description\":\"Tam vaktinde haber\",\"potentialAction\":[{\"@type\":\"SearchAction\",\"target\":{\"@type\":\"EntryPoint\",\"urlTemplate\":\"https:\\\/\\\/kibrisdakik.com\\\/?s={search_term_string}\"},\"query-input\":{\"@type\":\"PropertyValueSpecification\",\"valueRequired\":true,\"valueName\":\"search_term_string\"}}],\"inLanguage\":\"tr\"},{\"@type\":\"Person\",\"@id\":\"https:\\\/\\\/kibrisdakik.com\\\/#\\\/schema\\\/person\\\/9cd9d437bbb44f72b73ba127e06d8e79\",\"name\":\"admin\",\"image\":{\"@type\":\"ImageObject\",\"inLanguage\":\"tr\",\"@id\":\"https:\\\/\\\/secure.gravatar.com\\\/avatar\\\/ccc17943b9d660506c869530f897617f7cb1c21a4bf30023f252596d83e1f007?s=96&d=mm&r=g\",\"url\":\"https:\\\/\\\/secure.gravatar.com\\\/avatar\\\/ccc17943b9d660506c869530f897617f7cb1c21a4bf30023f252596d83e1f007?s=96&d=mm&r=g\",\"contentUrl\":\"https:\\\/\\\/secure.gravatar.com\\\/avatar\\\/ccc17943b9d660506c869530f897617f7cb1c21a4bf30023f252596d83e1f007?s=96&d=mm&r=g\",\"caption\":\"admin\"},\"sameAs\":[\"https:\\\/\\\/kibrisdakik.com\"],\"url\":\"https:\\\/\\\/kibrisdakik.com\\\/?author=1\"}]}<\/script>\n<!-- \/ Yoast SEO plugin. -->","yoast_head_json":{"title":"Lefko\u015fa-G\u00fczelyurt ana yolunda kaza\u2026 Ehliyetsiz s\u00fcr\u00fcc\u00fc tutukland\u0131 -","robots":{"index":"index","follow":"follow","max-snippet":"max-snippet:-1","max-image-preview":"max-image-preview:large","max-video-preview":"max-video-preview:-1"},"canonical":"https:\/\/kibrisdakik.com\/?p=77248","og_locale":"tr_TR","og_type":"article","og_title":"Lefko\u015fa-G\u00fczelyurt ana yolunda kaza\u2026 Ehliyetsiz s\u00fcr\u00fcc\u00fc tutukland\u0131 -","og_description":"Lefko\u015fa-G\u00fczelyurt ana yolunda, d\u00fcn gece meydana gelen trafik kazas\u0131, yaralanma olmadan hasarla atlat\u0131ld\u0131; ehliyetsiz s\u00fcr\u00fcc\u00fc tutukland\u0131. Polis bas\u0131n b\u00fcltenine g\u00f6re, 19 ya\u015f\u0131ndaki s\u00fcr\u00fcc\u00fc Enes Demir, y\u00f6netimindeki RK 474 plakal\u0131 ara\u00e7la seyretti\u011fi s\u0131rada, kav\u015fa\u011fa geldi\u011finde ana yolda seyreden ara\u00e7lara \u00f6ncelik hakk\u0131 vermeden ana yola giri\u015f yapt\u0131. Ara\u00e7, o esnada ana yolda seyreden Ay\u015feg\u00fcl \u00d6z\u00e7\u00f6l (K-29) y\u00f6netimindeki","og_url":"https:\/\/kibrisdakik.com\/?p=77248","article_published_time":"2025-03-07T13:33:00+00:00","og_image":[{"width":1277,"height":718,"url":"https:\/\/kibrisdakik.com\/wp-content\/uploads\/2025\/03\/17413510982771740739605623trafik-kazasi-740x420.jpg","type":"image\/jpeg"}],"author":"admin","twitter_card":"summary_large_image","twitter_misc":{"Yazan:":"admin","Tahmini okuma s\u00fcresi":"1 dakika"},"schema":{"@context":"https:\/\/schema.org","@graph":[{"@type":"Article","@id":"https:\/\/kibrisdakik.com\/?p=77248#article","isPartOf":{"@id":"https:\/\/kibrisdakik.com\/?p=77248"},"author":{"name":"admin","@id":"https:\/\/kibrisdakik.com\/#\/schema\/person\/9cd9d437bbb44f72b73ba127e06d8e79"},"headline":"Lefko\u015fa-G\u00fczelyurt ana yolunda kaza\u2026 Ehliyetsiz s\u00fcr\u00fcc\u00fc tutukland\u0131","datePublished":"2025-03-07T13:33:00+00:00","mainEntityOfPage":{"@id":"https:\/\/kibrisdakik.com\/?p=77248"},"wordCount":138,"commentCount":0,"image":{"@id":"https:\/\/kibrisdakik.com\/?p=77248#primaryimage"},"thumbnailUrl":"https:\/\/kibrisdakik.com\/wp-content\/uploads\/2025\/03\/17413510982771740739605623trafik-kazasi-740x420.jpg","articleSection":["G\u00fcndem","Man\u015fet"],"inLanguage":"tr","potentialAction":[{"@type":"CommentAction","name":"Comment","target":["https:\/\/kibrisdakik.com\/?p=77248#respond"]}]},{"@type":"WebPage","@id":"https:\/\/kibrisdakik.com\/?p=77248","url":"https:\/\/kibrisdakik.com\/?p=77248","name":"Lefko\u015fa-G\u00fczelyurt ana yolunda kaza\u2026 Ehliyetsiz s\u00fcr\u00fcc\u00fc tutukland\u0131 -","isPartOf":{"@id":"https:\/\/kibrisdakik.com\/#website"},"primaryImageOfPage":{"@id":"https:\/\/kibrisdakik.com\/?p=77248#primaryimage"},"image":{"@id":"https:\/\/kibrisdakik.com\/?p=77248#primaryimage"},"thumbnailUrl":"https:\/\/kibrisdakik.com\/wp-content\/uploads\/2025\/03\/17413510982771740739605623trafik-kazasi-740x420.jpg","datePublished":"2025-03-07T13:33:00+00:00","author":{"@id":"https:\/\/kibrisdakik.com\/#\/schema\/person\/9cd9d437bbb44f72b73ba127e06d8e79"},"breadcrumb":{"@id":"https:\/\/kibrisdakik.com\/?p=77248#breadcrumb"},"inLanguage":"tr","potentialAction":[{"@type":"ReadAction","target":["https:\/\/kibrisdakik.com\/?p=77248"]}]},{"@type":"ImageObject","inLanguage":"tr","@id":"https:\/\/kibrisdakik.com\/?p=77248#primaryimage","url":"https:\/\/kibrisdakik.com\/wp-content\/uploads\/2025\/03\/17413510982771740739605623trafik-kazasi-740x420.jpg","contentUrl":"https:\/\/kibrisdakik.com\/wp-content\/uploads\/2025\/03\/17413510982771740739605623trafik-kazasi-740x420.jpg","width":1277,"height":718},{"@type":"BreadcrumbList","@id":"https:\/\/kibrisdakik.com\/?p=77248#breadcrumb","itemListElement":[{"@type":"ListItem","position":1,"name":"Home","item":"https:\/\/kibrisdakik.com\/"},{"@type":"ListItem","position":2,"name":"Lefko\u015fa-G\u00fczelyurt ana yolunda kaza\u2026 Ehliyetsiz s\u00fcr\u00fcc\u00fc tutukland\u0131"}]},{"@type":"WebSite","@id":"https:\/\/kibrisdakik.com\/#website","url":"https:\/\/kibrisdakik.com\/","name":"","description":"Tam vaktinde haber","potentialAction":[{"@type":"SearchAction","target":{"@type":"EntryPoint","urlTemplate":"https:\/\/kibrisdakik.com\/?s={search_term_string}"},"query-input":{"@type":"PropertyValueSpecification","valueRequired":true,"valueName":"search_term_string"}}],"inLanguage":"tr"},{"@type":"Person","@id":"https:\/\/kibrisdakik.com\/#\/schema\/person\/9cd9d437bbb44f72b73ba127e06d8e79","name":"admin","image":{"@type":"ImageObject","inLanguage":"tr","@id":"https:\/\/secure.gravatar.com\/avatar\/ccc17943b9d660506c869530f897617f7cb1c21a4bf30023f252596d83e1f007?s=96&d=mm&r=g","url":"https:\/\/secure.gravatar.com\/avatar\/ccc17943b9d660506c869530f897617f7cb1c21a4bf30023f252596d83e1f007?s=96&d=mm&r=g","contentUrl":"https:\/\/secure.gravatar.com\/avatar\/ccc17943b9d660506c869530f897617f7cb1c21a4bf30023f252596d83e1f007?s=96&d=mm&r=g","caption":"admin"},"sameAs":["https:\/\/kibrisdakik.com"],"url":"https:\/\/kibrisdakik.com\/?author=1"}]}},"_links":{"self":[{"href":"https:\/\/kibrisdakik.com\/index.php?rest_route=\/wp\/v2\/posts\/77248","targetHints":{"allow":["GET"]}}],"collection":[{"href":"https:\/\/kibrisdakik.com\/index.php?rest_route=\/wp\/v2\/posts"}],"about":[{"href":"https:\/\/kibrisdakik.com\/index.php?rest_route=\/wp\/v2\/types\/post"}],"author":[{"embeddable":true,"href":"https:\/\/kibrisdakik.com\/index.php?rest_route=\/wp\/v2\/users\/1"}],"replies":[{"embeddable":true,"href":"https:\/\/kibrisdakik.com\/index.php?rest_route=%2Fwp%2Fv2%2Fcomments&post=77248"}],"version-history":[{"count":0,"href":"https:\/\/kibrisdakik.com\/index.php?rest_route=\/wp\/v2\/posts\/77248\/revisions"}],"wp:featuredmedia":[{"embeddable":true,"href":"https:\/\/kibrisdakik.com\/index.php?rest_route=\/wp\/v2\/media\/77249"}],"wp:attachment":[{"href":"https:\/\/kibrisdakik.com\/index.php?rest_route=%2Fwp%2Fv2%2Fmedia&parent=77248"}],"wp:term":[{"taxonomy":"category","embeddable":true,"href":"https:\/\/kibrisdakik.com\/index.php?rest_route=%2Fwp%2Fv2%2Fcategories&post=77248"},{"taxonomy":"post_tag","embeddable":true,"href":"https:\/\/kibrisdakik.com\/index.php?rest_route=%2Fwp%2Fv2%2Ftags&post=77248"}],"curies":[{"name":"wp","href":"https:\/\/api.w.org\/{rel}","templated":true}]}}