{"id":77277,"date":"2025-03-07T23:09:00","date_gmt":"2025-03-07T20:09:00","guid":{"rendered":"https:\/\/kibrisdakik.com\/index.php\/2025\/03\/07\/kstu-kampusundeki-cafede-kundaklama-bir-tutuklu\/"},"modified":"2025-03-07T23:09:00","modified_gmt":"2025-03-07T20:09:00","slug":"kstu-kampusundeki-cafede-kundaklama-bir-tutuklu","status":"publish","type":"post","link":"https:\/\/kibrisdakik.com\/?p=77277","title":{"rendered":"KST\u00dc kampus\u00fcndeki cafede kundaklama\u2026 Bir tutuklu"},"content":{"rendered":"<p><\/p>\n<div>\n<div class=\"mariselle-image-container center\">\n                <img loading=\"lazy\" decoding=\"async\" width=\"512\" height=\"237\" class=\"lazy-image\" alt=\"\" sizes=\"auto, (max-width: 512px) 100vw, 512px\" src=\"https:\/\/brtk.net\/wp-content\/uploads\/2023\/09\/23\/renkli-polis.jpg?ver=199d3cf933ae1a46494e351be04c2f76\" srcset=\"https:\/\/brtk.net\/wp-content\/uploads\/2023\/09\/23\/renkli-polis.jpg?ver=199d3cf933ae1a46494e351be04c2f76 512w, https:\/\/brtk.net\/wp-content\/uploads\/2023\/09\/23\/renkli-polis-300x139.jpg?ver=199d3cf933ae1a46494e351be04c2f76 300w\"\/>                            <\/div>\n<p>G\u00fczelyurt\u2019ta K\u0131br\u0131s Sa\u011fl\u0131k ve Toplum Bilimleri \u00dcniversitesinin kampus\u00fcndeki Cafe No 83 isimli i\u015f yerinin tuvaletinde \u00e7\u0131kan yang\u0131n\u0131n kundaklama oldu\u011funu tespit eden polis, bir ki\u015fiyi  tutuklad\u0131.<\/p>\n<p>Polisten yap\u0131lan a\u00e7\u0131klamaya g\u00f6re, 3 Mart\u2019ta meydana gelen ve  ah\u015fap tuvalet kap\u0131s\u0131 dahil odadaki e\u015fya ve aksamlar\u0131n yand\u0131\u011f\u0131, olu\u015fan \u0131s\u0131 ve dumandan tuvalet rezervuar\u0131 yan\u0131s\u0131ra  bir adet 2kg\u2019l\u0131k piknik t\u00fcp\u00fc, tuvalet duvarlar\u0131 ve tavan k\u0131sm\u0131 ile salona ait tavan\u0131n ise k\u0131smen zarar g\u00f6rd\u00fc\u011f\u00fc yang\u0131n  \u0130tfaiye Ekipleri taraf\u0131ndan s\u00f6nd\u00fcr\u00fcld\u00fc.<\/p>\n<p>A\u00e7\u0131klamada, \u201cYang\u0131n\u0131n \u00e7\u0131k\u0131\u015f sebebi ile ilgili olarak y\u00fcr\u00fct\u00fclen geni\u015f \u00e7apl\u0131 soru\u015fturmada, yang\u0131n\u0131n S.T. (K-41) taraf\u0131ndan, bahse konu i\u015f yerine kasten zarar vermek amac\u0131yla beraberinde konu yere g\u00f6t\u00fcrd\u00fc\u011f\u00fc piknik t\u00fcp\u00fc \u00fczerine yan\u0131c\u0131 madde d\u00f6k\u00fcl\u00fcp ate\u015fe verilmek suretiyle kundakland\u0131\u011f\u0131 tespit edilmi\u015f ve  konu \u015fah\u0131s 07.03.2025 tarihinde tutuklanm\u0131\u015ft\u0131r. Soru\u015fturma devam etmektedir\u201ddenildi.<\/p>\n<\/p><\/div>\n<p><script async\n                    defer\n                    crossorigin=\"anonymous\"\n                    src=\"https:\/\/connect.facebook.net\/tr_TR\/sdk.js#xfbml=1&#038;version=v3.3\"\n            ><\/script><\/p>\n","protected":false},"excerpt":{"rendered":"<p>G\u00fczelyurt\u2019ta K\u0131br\u0131s Sa\u011fl\u0131k ve Toplum Bilimleri \u00dcniversitesinin kampus\u00fcndeki Cafe No 83 isimli i\u015f yerinin tuvaletinde \u00e7\u0131kan yang\u0131n\u0131n kundaklama oldu\u011funu tespit eden polis, bir ki\u015fiyi tutuklad\u0131. Polisten yap\u0131lan a\u00e7\u0131klamaya g\u00f6re, 3 Mart\u2019ta meydana gelen ve ah\u015fap tuvalet kap\u0131s\u0131 dahil odadaki e\u015fya ve aksamlar\u0131n yand\u0131\u011f\u0131, olu\u015fan \u0131s\u0131 ve dumandan tuvalet rezervuar\u0131 yan\u0131s\u0131ra bir adet 2kg\u2019l\u0131k piknik t\u00fcp\u00fc,<\/p>\n","protected":false},"author":1,"featured_media":70130,"comment_status":"open","ping_status":"open","sticky":false,"template":"","format":"standard","meta":{"footnotes":""},"categories":[1,101],"tags":[],"class_list":["post-77277","post","type-post","status-publish","format-standard","has-post-thumbnail","hentry","category-gundem","category-manset"],"yoast_head":"<!-- This site is optimized with the Yoast SEO plugin v27.4 - https:\/\/yoast.com\/product\/yoast-seo-wordpress\/ -->\n<title>KST\u00dc kampus\u00fcndeki cafede kundaklama\u2026 Bir tutuklu -<\/title>\n<meta name=\"robots\" content=\"index, follow, max-snippet:-1, max-image-preview:large, max-video-preview:-1\" \/>\n<link rel=\"canonical\" href=\"https:\/\/kibrisdakik.com\/?p=77277\" \/>\n<meta property=\"og:locale\" content=\"tr_TR\" \/>\n<meta property=\"og:type\" content=\"article\" \/>\n<meta property=\"og:title\" content=\"KST\u00dc kampus\u00fcndeki cafede kundaklama\u2026 Bir tutuklu -\" \/>\n<meta property=\"og:description\" content=\"G\u00fczelyurt\u2019ta K\u0131br\u0131s Sa\u011fl\u0131k ve Toplum Bilimleri \u00dcniversitesinin kampus\u00fcndeki Cafe No 83 isimli i\u015f yerinin tuvaletinde \u00e7\u0131kan yang\u0131n\u0131n kundaklama oldu\u011funu tespit eden polis, bir ki\u015fiyi tutuklad\u0131. Polisten yap\u0131lan a\u00e7\u0131klamaya g\u00f6re, 3 Mart\u2019ta meydana gelen ve ah\u015fap tuvalet kap\u0131s\u0131 dahil odadaki e\u015fya ve aksamlar\u0131n yand\u0131\u011f\u0131, olu\u015fan \u0131s\u0131 ve dumandan tuvalet rezervuar\u0131 yan\u0131s\u0131ra bir adet 2kg\u2019l\u0131k piknik t\u00fcp\u00fc,\" \/>\n<meta property=\"og:url\" content=\"https:\/\/kibrisdakik.com\/?p=77277\" \/>\n<meta property=\"article:published_time\" content=\"2025-03-07T20:09:00+00:00\" \/>\n<meta property=\"og:image\" content=\"https:\/\/kibrisdakik.com\/wp-content\/uploads\/2024\/11\/renkli-polis.jpg\" \/>\n\t<meta property=\"og:image:width\" content=\"512\" \/>\n\t<meta property=\"og:image:height\" content=\"237\" \/>\n\t<meta property=\"og:image:type\" content=\"image\/jpeg\" \/>\n<meta name=\"author\" content=\"admin\" \/>\n<meta name=\"twitter:card\" content=\"summary_large_image\" \/>\n<meta name=\"twitter:label1\" content=\"Yazan:\" \/>\n\t<meta name=\"twitter:data1\" content=\"admin\" \/>\n\t<meta name=\"twitter:label2\" content=\"Tahmini okuma s\u00fcresi\" \/>\n\t<meta name=\"twitter:data2\" content=\"1 dakika\" \/>\n<script type=\"application\/ld+json\" class=\"yoast-schema-graph\">{\"@context\":\"https:\\\/\\\/schema.org\",\"@graph\":[{\"@type\":\"Article\",\"@id\":\"https:\\\/\\\/kibrisdakik.com\\\/?p=77277#article\",\"isPartOf\":{\"@id\":\"https:\\\/\\\/kibrisdakik.com\\\/?p=77277\"},\"author\":{\"name\":\"admin\",\"@id\":\"https:\\\/\\\/kibrisdakik.com\\\/#\\\/schema\\\/person\\\/9cd9d437bbb44f72b73ba127e06d8e79\"},\"headline\":\"KST\u00dc kampus\u00fcndeki cafede kundaklama\u2026 Bir tutuklu\",\"datePublished\":\"2025-03-07T20:09:00+00:00\",\"mainEntityOfPage\":{\"@id\":\"https:\\\/\\\/kibrisdakik.com\\\/?p=77277\"},\"wordCount\":184,\"commentCount\":0,\"image\":{\"@id\":\"https:\\\/\\\/kibrisdakik.com\\\/?p=77277#primaryimage\"},\"thumbnailUrl\":\"https:\\\/\\\/kibrisdakik.com\\\/wp-content\\\/uploads\\\/2024\\\/11\\\/renkli-polis.jpg\",\"articleSection\":[\"G\u00fcndem\",\"Man\u015fet\"],\"inLanguage\":\"tr\",\"potentialAction\":[{\"@type\":\"CommentAction\",\"name\":\"Comment\",\"target\":[\"https:\\\/\\\/kibrisdakik.com\\\/?p=77277#respond\"]}]},{\"@type\":\"WebPage\",\"@id\":\"https:\\\/\\\/kibrisdakik.com\\\/?p=77277\",\"url\":\"https:\\\/\\\/kibrisdakik.com\\\/?p=77277\",\"name\":\"KST\u00dc kampus\u00fcndeki cafede kundaklama\u2026 Bir tutuklu -\",\"isPartOf\":{\"@id\":\"https:\\\/\\\/kibrisdakik.com\\\/#website\"},\"primaryImageOfPage\":{\"@id\":\"https:\\\/\\\/kibrisdakik.com\\\/?p=77277#primaryimage\"},\"image\":{\"@id\":\"https:\\\/\\\/kibrisdakik.com\\\/?p=77277#primaryimage\"},\"thumbnailUrl\":\"https:\\\/\\\/kibrisdakik.com\\\/wp-content\\\/uploads\\\/2024\\\/11\\\/renkli-polis.jpg\",\"datePublished\":\"2025-03-07T20:09:00+00:00\",\"author\":{\"@id\":\"https:\\\/\\\/kibrisdakik.com\\\/#\\\/schema\\\/person\\\/9cd9d437bbb44f72b73ba127e06d8e79\"},\"breadcrumb\":{\"@id\":\"https:\\\/\\\/kibrisdakik.com\\\/?p=77277#breadcrumb\"},\"inLanguage\":\"tr\",\"potentialAction\":[{\"@type\":\"ReadAction\",\"target\":[\"https:\\\/\\\/kibrisdakik.com\\\/?p=77277\"]}]},{\"@type\":\"ImageObject\",\"inLanguage\":\"tr\",\"@id\":\"https:\\\/\\\/kibrisdakik.com\\\/?p=77277#primaryimage\",\"url\":\"https:\\\/\\\/kibrisdakik.com\\\/wp-content\\\/uploads\\\/2024\\\/11\\\/renkli-polis.jpg\",\"contentUrl\":\"https:\\\/\\\/kibrisdakik.com\\\/wp-content\\\/uploads\\\/2024\\\/11\\\/renkli-polis.jpg\",\"width\":512,\"height\":237},{\"@type\":\"BreadcrumbList\",\"@id\":\"https:\\\/\\\/kibrisdakik.com\\\/?p=77277#breadcrumb\",\"itemListElement\":[{\"@type\":\"ListItem\",\"position\":1,\"name\":\"Home\",\"item\":\"https:\\\/\\\/kibrisdakik.com\\\/\"},{\"@type\":\"ListItem\",\"position\":2,\"name\":\"KST\u00dc kampus\u00fcndeki cafede kundaklama\u2026 Bir tutuklu\"}]},{\"@type\":\"WebSite\",\"@id\":\"https:\\\/\\\/kibrisdakik.com\\\/#website\",\"url\":\"https:\\\/\\\/kibrisdakik.com\\\/\",\"name\":\"\",\"description\":\"Tam vaktinde haber\",\"potentialAction\":[{\"@type\":\"SearchAction\",\"target\":{\"@type\":\"EntryPoint\",\"urlTemplate\":\"https:\\\/\\\/kibrisdakik.com\\\/?s={search_term_string}\"},\"query-input\":{\"@type\":\"PropertyValueSpecification\",\"valueRequired\":true,\"valueName\":\"search_term_string\"}}],\"inLanguage\":\"tr\"},{\"@type\":\"Person\",\"@id\":\"https:\\\/\\\/kibrisdakik.com\\\/#\\\/schema\\\/person\\\/9cd9d437bbb44f72b73ba127e06d8e79\",\"name\":\"admin\",\"image\":{\"@type\":\"ImageObject\",\"inLanguage\":\"tr\",\"@id\":\"https:\\\/\\\/secure.gravatar.com\\\/avatar\\\/ccc17943b9d660506c869530f897617f7cb1c21a4bf30023f252596d83e1f007?s=96&d=mm&r=g\",\"url\":\"https:\\\/\\\/secure.gravatar.com\\\/avatar\\\/ccc17943b9d660506c869530f897617f7cb1c21a4bf30023f252596d83e1f007?s=96&d=mm&r=g\",\"contentUrl\":\"https:\\\/\\\/secure.gravatar.com\\\/avatar\\\/ccc17943b9d660506c869530f897617f7cb1c21a4bf30023f252596d83e1f007?s=96&d=mm&r=g\",\"caption\":\"admin\"},\"sameAs\":[\"https:\\\/\\\/kibrisdakik.com\"],\"url\":\"https:\\\/\\\/kibrisdakik.com\\\/?author=1\"}]}<\/script>\n<!-- \/ Yoast SEO plugin. -->","yoast_head_json":{"title":"KST\u00dc kampus\u00fcndeki cafede kundaklama\u2026 Bir tutuklu -","robots":{"index":"index","follow":"follow","max-snippet":"max-snippet:-1","max-image-preview":"max-image-preview:large","max-video-preview":"max-video-preview:-1"},"canonical":"https:\/\/kibrisdakik.com\/?p=77277","og_locale":"tr_TR","og_type":"article","og_title":"KST\u00dc kampus\u00fcndeki cafede kundaklama\u2026 Bir tutuklu -","og_description":"G\u00fczelyurt\u2019ta K\u0131br\u0131s Sa\u011fl\u0131k ve Toplum Bilimleri \u00dcniversitesinin kampus\u00fcndeki Cafe No 83 isimli i\u015f yerinin tuvaletinde \u00e7\u0131kan yang\u0131n\u0131n kundaklama oldu\u011funu tespit eden polis, bir ki\u015fiyi tutuklad\u0131. Polisten yap\u0131lan a\u00e7\u0131klamaya g\u00f6re, 3 Mart\u2019ta meydana gelen ve ah\u015fap tuvalet kap\u0131s\u0131 dahil odadaki e\u015fya ve aksamlar\u0131n yand\u0131\u011f\u0131, olu\u015fan \u0131s\u0131 ve dumandan tuvalet rezervuar\u0131 yan\u0131s\u0131ra bir adet 2kg\u2019l\u0131k piknik t\u00fcp\u00fc,","og_url":"https:\/\/kibrisdakik.com\/?p=77277","article_published_time":"2025-03-07T20:09:00+00:00","og_image":[{"width":512,"height":237,"url":"https:\/\/kibrisdakik.com\/wp-content\/uploads\/2024\/11\/renkli-polis.jpg","type":"image\/jpeg"}],"author":"admin","twitter_card":"summary_large_image","twitter_misc":{"Yazan:":"admin","Tahmini okuma s\u00fcresi":"1 dakika"},"schema":{"@context":"https:\/\/schema.org","@graph":[{"@type":"Article","@id":"https:\/\/kibrisdakik.com\/?p=77277#article","isPartOf":{"@id":"https:\/\/kibrisdakik.com\/?p=77277"},"author":{"name":"admin","@id":"https:\/\/kibrisdakik.com\/#\/schema\/person\/9cd9d437bbb44f72b73ba127e06d8e79"},"headline":"KST\u00dc kampus\u00fcndeki cafede kundaklama\u2026 Bir tutuklu","datePublished":"2025-03-07T20:09:00+00:00","mainEntityOfPage":{"@id":"https:\/\/kibrisdakik.com\/?p=77277"},"wordCount":184,"commentCount":0,"image":{"@id":"https:\/\/kibrisdakik.com\/?p=77277#primaryimage"},"thumbnailUrl":"https:\/\/kibrisdakik.com\/wp-content\/uploads\/2024\/11\/renkli-polis.jpg","articleSection":["G\u00fcndem","Man\u015fet"],"inLanguage":"tr","potentialAction":[{"@type":"CommentAction","name":"Comment","target":["https:\/\/kibrisdakik.com\/?p=77277#respond"]}]},{"@type":"WebPage","@id":"https:\/\/kibrisdakik.com\/?p=77277","url":"https:\/\/kibrisdakik.com\/?p=77277","name":"KST\u00dc kampus\u00fcndeki cafede kundaklama\u2026 Bir tutuklu -","isPartOf":{"@id":"https:\/\/kibrisdakik.com\/#website"},"primaryImageOfPage":{"@id":"https:\/\/kibrisdakik.com\/?p=77277#primaryimage"},"image":{"@id":"https:\/\/kibrisdakik.com\/?p=77277#primaryimage"},"thumbnailUrl":"https:\/\/kibrisdakik.com\/wp-content\/uploads\/2024\/11\/renkli-polis.jpg","datePublished":"2025-03-07T20:09:00+00:00","author":{"@id":"https:\/\/kibrisdakik.com\/#\/schema\/person\/9cd9d437bbb44f72b73ba127e06d8e79"},"breadcrumb":{"@id":"https:\/\/kibrisdakik.com\/?p=77277#breadcrumb"},"inLanguage":"tr","potentialAction":[{"@type":"ReadAction","target":["https:\/\/kibrisdakik.com\/?p=77277"]}]},{"@type":"ImageObject","inLanguage":"tr","@id":"https:\/\/kibrisdakik.com\/?p=77277#primaryimage","url":"https:\/\/kibrisdakik.com\/wp-content\/uploads\/2024\/11\/renkli-polis.jpg","contentUrl":"https:\/\/kibrisdakik.com\/wp-content\/uploads\/2024\/11\/renkli-polis.jpg","width":512,"height":237},{"@type":"BreadcrumbList","@id":"https:\/\/kibrisdakik.com\/?p=77277#breadcrumb","itemListElement":[{"@type":"ListItem","position":1,"name":"Home","item":"https:\/\/kibrisdakik.com\/"},{"@type":"ListItem","position":2,"name":"KST\u00dc kampus\u00fcndeki cafede kundaklama\u2026 Bir tutuklu"}]},{"@type":"WebSite","@id":"https:\/\/kibrisdakik.com\/#website","url":"https:\/\/kibrisdakik.com\/","name":"","description":"Tam vaktinde haber","potentialAction":[{"@type":"SearchAction","target":{"@type":"EntryPoint","urlTemplate":"https:\/\/kibrisdakik.com\/?s={search_term_string}"},"query-input":{"@type":"PropertyValueSpecification","valueRequired":true,"valueName":"search_term_string"}}],"inLanguage":"tr"},{"@type":"Person","@id":"https:\/\/kibrisdakik.com\/#\/schema\/person\/9cd9d437bbb44f72b73ba127e06d8e79","name":"admin","image":{"@type":"ImageObject","inLanguage":"tr","@id":"https:\/\/secure.gravatar.com\/avatar\/ccc17943b9d660506c869530f897617f7cb1c21a4bf30023f252596d83e1f007?s=96&d=mm&r=g","url":"https:\/\/secure.gravatar.com\/avatar\/ccc17943b9d660506c869530f897617f7cb1c21a4bf30023f252596d83e1f007?s=96&d=mm&r=g","contentUrl":"https:\/\/secure.gravatar.com\/avatar\/ccc17943b9d660506c869530f897617f7cb1c21a4bf30023f252596d83e1f007?s=96&d=mm&r=g","caption":"admin"},"sameAs":["https:\/\/kibrisdakik.com"],"url":"https:\/\/kibrisdakik.com\/?author=1"}]}},"_links":{"self":[{"href":"https:\/\/kibrisdakik.com\/index.php?rest_route=\/wp\/v2\/posts\/77277","targetHints":{"allow":["GET"]}}],"collection":[{"href":"https:\/\/kibrisdakik.com\/index.php?rest_route=\/wp\/v2\/posts"}],"about":[{"href":"https:\/\/kibrisdakik.com\/index.php?rest_route=\/wp\/v2\/types\/post"}],"author":[{"embeddable":true,"href":"https:\/\/kibrisdakik.com\/index.php?rest_route=\/wp\/v2\/users\/1"}],"replies":[{"embeddable":true,"href":"https:\/\/kibrisdakik.com\/index.php?rest_route=%2Fwp%2Fv2%2Fcomments&post=77277"}],"version-history":[{"count":0,"href":"https:\/\/kibrisdakik.com\/index.php?rest_route=\/wp\/v2\/posts\/77277\/revisions"}],"wp:featuredmedia":[{"embeddable":true,"href":"https:\/\/kibrisdakik.com\/index.php?rest_route=\/wp\/v2\/media\/70130"}],"wp:attachment":[{"href":"https:\/\/kibrisdakik.com\/index.php?rest_route=%2Fwp%2Fv2%2Fmedia&parent=77277"}],"wp:term":[{"taxonomy":"category","embeddable":true,"href":"https:\/\/kibrisdakik.com\/index.php?rest_route=%2Fwp%2Fv2%2Fcategories&post=77277"},{"taxonomy":"post_tag","embeddable":true,"href":"https:\/\/kibrisdakik.com\/index.php?rest_route=%2Fwp%2Fv2%2Ftags&post=77277"}],"curies":[{"name":"wp","href":"https:\/\/api.w.org\/{rel}","templated":true}]}}