{"id":77327,"date":"2025-03-08T17:01:55","date_gmt":"2025-03-08T14:01:55","guid":{"rendered":"https:\/\/kibrisdakik.com\/index.php\/2025\/03\/08\/gardiyanoglu-8-mart-dunya-emekci-kadinlar-gunu-dolayisiyla-mesaj-yayimladi\/"},"modified":"2025-03-08T17:01:55","modified_gmt":"2025-03-08T14:01:55","slug":"gardiyanoglu-8-mart-dunya-emekci-kadinlar-gunu-dolayisiyla-mesaj-yayimladi","status":"publish","type":"post","link":"https:\/\/kibrisdakik.com\/?p=77327","title":{"rendered":"Gardiyano\u011flu, 8 Mart D\u00fcnya Emek\u00e7i Kad\u0131nlar G\u00fcn\u00fc dolay\u0131s\u0131yla mesaj yay\u0131mlad\u0131"},"content":{"rendered":"<div>\n<div class=\"mariselle-image-container center\">\n                                            <\/div>\n<p>\u00c7al\u0131\u015fma ve Sosyal G\u00fcvenlik Bakan\u0131 Sad\u0131k Gardiyano\u011flu, kad\u0131nlar\u0131n eme\u011fi, g\u00fcc\u00fc ve kararl\u0131l\u0131\u011f\u0131n\u0131n, gelece\u011fin in\u015fas\u0131nda \u00f6nemli bir yer tuttu\u011funu belirterek, b\u00fct\u00fcn kad\u0131nlar\u0131n 8 Mart D\u00fcnya Emek\u00e7i Kad\u0131nlar G\u00fcn\u00fc\u2019n\u00fc kutlad\u0131. <\/p>\n<p>Gardiyano\u011flu 8 Mart D\u00fcnya Emek\u00e7i Kad\u0131nlar G\u00fcn\u00fc nedeniyle yay\u0131mlad\u0131\u011f\u0131 mesajda, \u201cBug\u00fcn, d\u00fcnya \u00e7ap\u0131nda kad\u0131nlar\u0131n sosyal, ekonomik, k\u00fclt\u00fcrel ve siyasal ba\u015far\u0131lar\u0131n\u0131 kutlad\u0131\u011f\u0131m\u0131z, ayn\u0131 zamanda kad\u0131nlar\u0131n i\u015f g\u00fcc\u00fcndeki e\u015fit haklar ve f\u0131rsatlar i\u00e7in verdi\u011fi m\u00fccadelenin \u00f6nemini hat\u0131rlad\u0131\u011f\u0131m\u0131z \u00f6zel bir g\u00fcnd\u00fcr.\u201d ifadelerine yer verdi.<\/p>\n<p>Kad\u0131nlar\u0131n, tarih boyunca toplumlar\u0131n \u015fekillenmesinde ve kalk\u0131nmas\u0131nda \u00f6nemli roller \u00fcstlendi\u011fini ve her alanda emekleriyle b\u00fcy\u00fck katk\u0131lar sundu\u011funu ifade eden Bakan Gardiyano\u011flu, t\u00fcm emek\u00e7i kad\u0131nlara olan minnettarl\u0131\u011f\u0131n\u0131 dile getirdi.<\/p>\n<p>Kad\u0131nlara, ba\u015fta \u00e7al\u0131\u015fma hayat\u0131 olmak \u00fczere her alanda daha fazla f\u0131rsat sunmak i\u00e7in \u00e7al\u0131\u015fmay\u0131 s\u00fcrd\u00fcrece\u011fini dile getiren Gardiyano\u011flu, kad\u0131nlar\u0131n \u00e7al\u0131\u015fma ya\u015fam\u0131nda e\u015fit ve adil bir \u015fekilde yer almas\u0131; maruz kald\u0131klar\u0131 fiziksel ve ruhsal \u015fiddet ba\u015fta olmak \u00fczere ya\u015fad\u0131klar\u0131 her t\u00fcrl\u00fc olumsuzlu\u011fun giderilmesi i\u00e7in \u00c7al\u0131\u015fma ve Sosyal G\u00fcvenlik Bakanl\u0131\u011f\u0131\u2019n\u0131n \u00e7al\u0131\u015fmalar\u0131n\u0131 s\u00fcrd\u00fcrd\u00fc\u011f\u00fcn\u00fc s\u00f6yledi.<\/p>\n<p>Gardiyano\u011flu mesaj\u0131nda \u015fu ifadelere yer verdi:<\/p>\n<p>\u201cHayat\u0131n her alan\u0131nda, \u00fcreten, i\u015f kuran, sigortal\u0131 t\u00fcm kad\u0131nlara hizmet veren bir bakanl\u0131k olarak, kad\u0131na y\u00f6nelik ba\u015flatt\u0131\u011f\u0131m\u0131z projeler kapsam\u0131nda kendi i\u015fini kuracak giri\u015fimci kad\u0131nlar\u0131m\u0131za sosyal g\u00fcvenlik deste\u011fi anlam\u0131nda katk\u0131da da bulunuyoruz.<\/p>\n<p>Kad\u0131nlar\u0131n eme\u011fi, g\u00fcc\u00fc ve kararl\u0131l\u0131\u011f\u0131, gelece\u011fimizin in\u015fas\u0131nda \u00f6nemli bir yer tutmaktad\u0131r. 8 Mart D\u00fcnya Emek\u00e7i Kad\u0131nlar G\u00fcn\u00fc\u2019nde, t\u00fcm kad\u0131nlar\u0131n haklar\u0131n\u0131n savunulmas\u0131 ve g\u00fc\u00e7lendirilmesi ad\u0131na y\u00fcr\u00fct\u00fclecek t\u00fcm \u00e7al\u0131\u015fmalara katk\u0131 sa\u011flamaya devam edece\u011fiz. B\u00fct\u00fcn kad\u0131nlar\u0131m\u0131z\u0131n 8 Mart D\u00fcnya Emek\u00e7i Kad\u0131nlar G\u00fcn\u00fc\u2019n\u00fc kutluyorum.\u201d<\/p>\n<\/p><\/div>\n<p><script async\n                    defer\n                    crossorigin=\"anonymous\"\n                    src=\"https:\/\/connect.facebook.net\/tr_TR\/sdk.js#xfbml=1&#038;version=v3.3\"\n            ><\/script><\/p>\n","protected":false},"excerpt":{"rendered":"<p>\u00c7al\u0131\u015fma ve Sosyal G\u00fcvenlik Bakan\u0131 Sad\u0131k Gardiyano\u011flu, kad\u0131nlar\u0131n eme\u011fi, g\u00fcc\u00fc ve kararl\u0131l\u0131\u011f\u0131n\u0131n, gelece\u011fin in\u015fas\u0131nda \u00f6nemli bir yer tuttu\u011funu belirterek, b\u00fct\u00fcn kad\u0131nlar\u0131n 8 Mart D\u00fcnya Emek\u00e7i Kad\u0131nlar G\u00fcn\u00fc\u2019n\u00fc kutlad\u0131. Gardiyano\u011flu 8 Mart D\u00fcnya Emek\u00e7i Kad\u0131nlar G\u00fcn\u00fc nedeniyle yay\u0131mlad\u0131\u011f\u0131 mesajda, \u201cBug\u00fcn, d\u00fcnya \u00e7ap\u0131nda kad\u0131nlar\u0131n sosyal, ekonomik, k\u00fclt\u00fcrel ve siyasal ba\u015far\u0131lar\u0131n\u0131 kutlad\u0131\u011f\u0131m\u0131z, ayn\u0131 zamanda kad\u0131nlar\u0131n i\u015f g\u00fcc\u00fcndeki e\u015fit<\/p>\n","protected":false},"author":1,"featured_media":69872,"comment_status":"open","ping_status":"open","sticky":false,"template":"","format":"standard","meta":{"footnotes":""},"categories":[81,101],"tags":[],"class_list":["post-77327","post","type-post","status-publish","format-standard","has-post-thumbnail","hentry","category-kibris","category-manset"],"yoast_head":"<!-- This site is optimized with the Yoast SEO plugin v27.5 - https:\/\/yoast.com\/product\/yoast-seo-wordpress\/ -->\n<title>Gardiyano\u011flu, 8 Mart D\u00fcnya Emek\u00e7i Kad\u0131nlar G\u00fcn\u00fc dolay\u0131s\u0131yla mesaj yay\u0131mlad\u0131 -<\/title>\n<meta name=\"robots\" content=\"index, follow, max-snippet:-1, max-image-preview:large, max-video-preview:-1\" \/>\n<link rel=\"canonical\" href=\"https:\/\/kibrisdakik.com\/?p=77327\" \/>\n<meta property=\"og:locale\" content=\"tr_TR\" \/>\n<meta property=\"og:type\" content=\"article\" \/>\n<meta property=\"og:title\" content=\"Gardiyano\u011flu, 8 Mart D\u00fcnya Emek\u00e7i Kad\u0131nlar G\u00fcn\u00fc dolay\u0131s\u0131yla mesaj yay\u0131mlad\u0131 -\" \/>\n<meta property=\"og:description\" content=\"\u00c7al\u0131\u015fma ve Sosyal G\u00fcvenlik Bakan\u0131 Sad\u0131k Gardiyano\u011flu, kad\u0131nlar\u0131n eme\u011fi, g\u00fcc\u00fc ve kararl\u0131l\u0131\u011f\u0131n\u0131n, gelece\u011fin in\u015fas\u0131nda \u00f6nemli bir yer tuttu\u011funu belirterek, b\u00fct\u00fcn kad\u0131nlar\u0131n 8 Mart D\u00fcnya Emek\u00e7i Kad\u0131nlar G\u00fcn\u00fc\u2019n\u00fc kutlad\u0131. Gardiyano\u011flu 8 Mart D\u00fcnya Emek\u00e7i Kad\u0131nlar G\u00fcn\u00fc nedeniyle yay\u0131mlad\u0131\u011f\u0131 mesajda, \u201cBug\u00fcn, d\u00fcnya \u00e7ap\u0131nda kad\u0131nlar\u0131n sosyal, ekonomik, k\u00fclt\u00fcrel ve siyasal ba\u015far\u0131lar\u0131n\u0131 kutlad\u0131\u011f\u0131m\u0131z, ayn\u0131 zamanda kad\u0131nlar\u0131n i\u015f g\u00fcc\u00fcndeki e\u015fit\" \/>\n<meta property=\"og:url\" content=\"https:\/\/kibrisdakik.com\/?p=77327\" \/>\n<meta property=\"article:published_time\" content=\"2025-03-08T14:01:55+00:00\" \/>\n<meta property=\"og:image\" content=\"https:\/\/kibrisdakik.com\/wp-content\/uploads\/2024\/11\/gardiyanoglu3-740x420.jpeg\" \/>\n\t<meta property=\"og:image:width\" content=\"1600\" \/>\n\t<meta property=\"og:image:height\" content=\"1215\" \/>\n\t<meta property=\"og:image:type\" content=\"image\/jpeg\" \/>\n<meta name=\"author\" content=\"admin\" \/>\n<meta name=\"twitter:card\" content=\"summary_large_image\" \/>\n<meta name=\"twitter:label1\" content=\"Yazan:\" \/>\n\t<meta name=\"twitter:data1\" content=\"admin\" \/>\n\t<meta name=\"twitter:label2\" content=\"Tahmini okuma s\u00fcresi\" \/>\n\t<meta name=\"twitter:data2\" content=\"2 dakika\" \/>\n<script type=\"application\/ld+json\" class=\"yoast-schema-graph\">{\"@context\":\"https:\\\/\\\/schema.org\",\"@graph\":[{\"@type\":\"Article\",\"@id\":\"https:\\\/\\\/kibrisdakik.com\\\/?p=77327#article\",\"isPartOf\":{\"@id\":\"https:\\\/\\\/kibrisdakik.com\\\/?p=77327\"},\"author\":{\"name\":\"admin\",\"@id\":\"https:\\\/\\\/kibrisdakik.com\\\/#\\\/schema\\\/person\\\/9cd9d437bbb44f72b73ba127e06d8e79\"},\"headline\":\"Gardiyano\u011flu, 8 Mart D\u00fcnya Emek\u00e7i Kad\u0131nlar G\u00fcn\u00fc dolay\u0131s\u0131yla mesaj yay\u0131mlad\u0131\",\"datePublished\":\"2025-03-08T14:01:55+00:00\",\"mainEntityOfPage\":{\"@id\":\"https:\\\/\\\/kibrisdakik.com\\\/?p=77327\"},\"wordCount\":403,\"commentCount\":0,\"image\":{\"@id\":\"https:\\\/\\\/kibrisdakik.com\\\/?p=77327#primaryimage\"},\"thumbnailUrl\":\"https:\\\/\\\/kibrisdakik.com\\\/wp-content\\\/uploads\\\/2024\\\/11\\\/gardiyanoglu3-740x420.jpeg\",\"articleSection\":[\"K\u0131br\u0131s\",\"Man\u015fet\"],\"inLanguage\":\"tr\",\"potentialAction\":[{\"@type\":\"CommentAction\",\"name\":\"Comment\",\"target\":[\"https:\\\/\\\/kibrisdakik.com\\\/?p=77327#respond\"]}]},{\"@type\":\"WebPage\",\"@id\":\"https:\\\/\\\/kibrisdakik.com\\\/?p=77327\",\"url\":\"https:\\\/\\\/kibrisdakik.com\\\/?p=77327\",\"name\":\"Gardiyano\u011flu, 8 Mart D\u00fcnya Emek\u00e7i Kad\u0131nlar G\u00fcn\u00fc dolay\u0131s\u0131yla mesaj yay\u0131mlad\u0131 -\",\"isPartOf\":{\"@id\":\"https:\\\/\\\/kibrisdakik.com\\\/#website\"},\"primaryImageOfPage\":{\"@id\":\"https:\\\/\\\/kibrisdakik.com\\\/?p=77327#primaryimage\"},\"image\":{\"@id\":\"https:\\\/\\\/kibrisdakik.com\\\/?p=77327#primaryimage\"},\"thumbnailUrl\":\"https:\\\/\\\/kibrisdakik.com\\\/wp-content\\\/uploads\\\/2024\\\/11\\\/gardiyanoglu3-740x420.jpeg\",\"datePublished\":\"2025-03-08T14:01:55+00:00\",\"author\":{\"@id\":\"https:\\\/\\\/kibrisdakik.com\\\/#\\\/schema\\\/person\\\/9cd9d437bbb44f72b73ba127e06d8e79\"},\"breadcrumb\":{\"@id\":\"https:\\\/\\\/kibrisdakik.com\\\/?p=77327#breadcrumb\"},\"inLanguage\":\"tr\",\"potentialAction\":[{\"@type\":\"ReadAction\",\"target\":[\"https:\\\/\\\/kibrisdakik.com\\\/?p=77327\"]}]},{\"@type\":\"ImageObject\",\"inLanguage\":\"tr\",\"@id\":\"https:\\\/\\\/kibrisdakik.com\\\/?p=77327#primaryimage\",\"url\":\"https:\\\/\\\/kibrisdakik.com\\\/wp-content\\\/uploads\\\/2024\\\/11\\\/gardiyanoglu3-740x420.jpeg\",\"contentUrl\":\"https:\\\/\\\/kibrisdakik.com\\\/wp-content\\\/uploads\\\/2024\\\/11\\\/gardiyanoglu3-740x420.jpeg\",\"width\":1600,\"height\":1215},{\"@type\":\"BreadcrumbList\",\"@id\":\"https:\\\/\\\/kibrisdakik.com\\\/?p=77327#breadcrumb\",\"itemListElement\":[{\"@type\":\"ListItem\",\"position\":1,\"name\":\"Home\",\"item\":\"https:\\\/\\\/kibrisdakik.com\\\/\"},{\"@type\":\"ListItem\",\"position\":2,\"name\":\"Gardiyano\u011flu, 8 Mart D\u00fcnya Emek\u00e7i Kad\u0131nlar G\u00fcn\u00fc dolay\u0131s\u0131yla mesaj yay\u0131mlad\u0131\"}]},{\"@type\":\"WebSite\",\"@id\":\"https:\\\/\\\/kibrisdakik.com\\\/#website\",\"url\":\"https:\\\/\\\/kibrisdakik.com\\\/\",\"name\":\"\",\"description\":\"Tam vaktinde haber\",\"potentialAction\":[{\"@type\":\"SearchAction\",\"target\":{\"@type\":\"EntryPoint\",\"urlTemplate\":\"https:\\\/\\\/kibrisdakik.com\\\/?s={search_term_string}\"},\"query-input\":{\"@type\":\"PropertyValueSpecification\",\"valueRequired\":true,\"valueName\":\"search_term_string\"}}],\"inLanguage\":\"tr\"},{\"@type\":\"Person\",\"@id\":\"https:\\\/\\\/kibrisdakik.com\\\/#\\\/schema\\\/person\\\/9cd9d437bbb44f72b73ba127e06d8e79\",\"name\":\"admin\",\"image\":{\"@type\":\"ImageObject\",\"inLanguage\":\"tr\",\"@id\":\"https:\\\/\\\/secure.gravatar.com\\\/avatar\\\/ccc17943b9d660506c869530f897617f7cb1c21a4bf30023f252596d83e1f007?s=96&d=mm&r=g\",\"url\":\"https:\\\/\\\/secure.gravatar.com\\\/avatar\\\/ccc17943b9d660506c869530f897617f7cb1c21a4bf30023f252596d83e1f007?s=96&d=mm&r=g\",\"contentUrl\":\"https:\\\/\\\/secure.gravatar.com\\\/avatar\\\/ccc17943b9d660506c869530f897617f7cb1c21a4bf30023f252596d83e1f007?s=96&d=mm&r=g\",\"caption\":\"admin\"},\"sameAs\":[\"https:\\\/\\\/kibrisdakik.com\"],\"url\":\"https:\\\/\\\/kibrisdakik.com\\\/?author=1\"}]}<\/script>\n<!-- \/ Yoast SEO plugin. -->","yoast_head_json":{"title":"Gardiyano\u011flu, 8 Mart D\u00fcnya Emek\u00e7i Kad\u0131nlar G\u00fcn\u00fc dolay\u0131s\u0131yla mesaj yay\u0131mlad\u0131 -","robots":{"index":"index","follow":"follow","max-snippet":"max-snippet:-1","max-image-preview":"max-image-preview:large","max-video-preview":"max-video-preview:-1"},"canonical":"https:\/\/kibrisdakik.com\/?p=77327","og_locale":"tr_TR","og_type":"article","og_title":"Gardiyano\u011flu, 8 Mart D\u00fcnya Emek\u00e7i Kad\u0131nlar G\u00fcn\u00fc dolay\u0131s\u0131yla mesaj yay\u0131mlad\u0131 -","og_description":"\u00c7al\u0131\u015fma ve Sosyal G\u00fcvenlik Bakan\u0131 Sad\u0131k Gardiyano\u011flu, kad\u0131nlar\u0131n eme\u011fi, g\u00fcc\u00fc ve kararl\u0131l\u0131\u011f\u0131n\u0131n, gelece\u011fin in\u015fas\u0131nda \u00f6nemli bir yer tuttu\u011funu belirterek, b\u00fct\u00fcn kad\u0131nlar\u0131n 8 Mart D\u00fcnya Emek\u00e7i Kad\u0131nlar G\u00fcn\u00fc\u2019n\u00fc kutlad\u0131. Gardiyano\u011flu 8 Mart D\u00fcnya Emek\u00e7i Kad\u0131nlar G\u00fcn\u00fc nedeniyle yay\u0131mlad\u0131\u011f\u0131 mesajda, \u201cBug\u00fcn, d\u00fcnya \u00e7ap\u0131nda kad\u0131nlar\u0131n sosyal, ekonomik, k\u00fclt\u00fcrel ve siyasal ba\u015far\u0131lar\u0131n\u0131 kutlad\u0131\u011f\u0131m\u0131z, ayn\u0131 zamanda kad\u0131nlar\u0131n i\u015f g\u00fcc\u00fcndeki e\u015fit","og_url":"https:\/\/kibrisdakik.com\/?p=77327","article_published_time":"2025-03-08T14:01:55+00:00","og_image":[{"width":1600,"height":1215,"url":"https:\/\/kibrisdakik.com\/wp-content\/uploads\/2024\/11\/gardiyanoglu3-740x420.jpeg","type":"image\/jpeg"}],"author":"admin","twitter_card":"summary_large_image","twitter_misc":{"Yazan:":"admin","Tahmini okuma s\u00fcresi":"2 dakika"},"schema":{"@context":"https:\/\/schema.org","@graph":[{"@type":"Article","@id":"https:\/\/kibrisdakik.com\/?p=77327#article","isPartOf":{"@id":"https:\/\/kibrisdakik.com\/?p=77327"},"author":{"name":"admin","@id":"https:\/\/kibrisdakik.com\/#\/schema\/person\/9cd9d437bbb44f72b73ba127e06d8e79"},"headline":"Gardiyano\u011flu, 8 Mart D\u00fcnya Emek\u00e7i Kad\u0131nlar G\u00fcn\u00fc dolay\u0131s\u0131yla mesaj yay\u0131mlad\u0131","datePublished":"2025-03-08T14:01:55+00:00","mainEntityOfPage":{"@id":"https:\/\/kibrisdakik.com\/?p=77327"},"wordCount":403,"commentCount":0,"image":{"@id":"https:\/\/kibrisdakik.com\/?p=77327#primaryimage"},"thumbnailUrl":"https:\/\/kibrisdakik.com\/wp-content\/uploads\/2024\/11\/gardiyanoglu3-740x420.jpeg","articleSection":["K\u0131br\u0131s","Man\u015fet"],"inLanguage":"tr","potentialAction":[{"@type":"CommentAction","name":"Comment","target":["https:\/\/kibrisdakik.com\/?p=77327#respond"]}]},{"@type":"WebPage","@id":"https:\/\/kibrisdakik.com\/?p=77327","url":"https:\/\/kibrisdakik.com\/?p=77327","name":"Gardiyano\u011flu, 8 Mart D\u00fcnya Emek\u00e7i Kad\u0131nlar G\u00fcn\u00fc dolay\u0131s\u0131yla mesaj yay\u0131mlad\u0131 -","isPartOf":{"@id":"https:\/\/kibrisdakik.com\/#website"},"primaryImageOfPage":{"@id":"https:\/\/kibrisdakik.com\/?p=77327#primaryimage"},"image":{"@id":"https:\/\/kibrisdakik.com\/?p=77327#primaryimage"},"thumbnailUrl":"https:\/\/kibrisdakik.com\/wp-content\/uploads\/2024\/11\/gardiyanoglu3-740x420.jpeg","datePublished":"2025-03-08T14:01:55+00:00","author":{"@id":"https:\/\/kibrisdakik.com\/#\/schema\/person\/9cd9d437bbb44f72b73ba127e06d8e79"},"breadcrumb":{"@id":"https:\/\/kibrisdakik.com\/?p=77327#breadcrumb"},"inLanguage":"tr","potentialAction":[{"@type":"ReadAction","target":["https:\/\/kibrisdakik.com\/?p=77327"]}]},{"@type":"ImageObject","inLanguage":"tr","@id":"https:\/\/kibrisdakik.com\/?p=77327#primaryimage","url":"https:\/\/kibrisdakik.com\/wp-content\/uploads\/2024\/11\/gardiyanoglu3-740x420.jpeg","contentUrl":"https:\/\/kibrisdakik.com\/wp-content\/uploads\/2024\/11\/gardiyanoglu3-740x420.jpeg","width":1600,"height":1215},{"@type":"BreadcrumbList","@id":"https:\/\/kibrisdakik.com\/?p=77327#breadcrumb","itemListElement":[{"@type":"ListItem","position":1,"name":"Home","item":"https:\/\/kibrisdakik.com\/"},{"@type":"ListItem","position":2,"name":"Gardiyano\u011flu, 8 Mart D\u00fcnya Emek\u00e7i Kad\u0131nlar G\u00fcn\u00fc dolay\u0131s\u0131yla mesaj yay\u0131mlad\u0131"}]},{"@type":"WebSite","@id":"https:\/\/kibrisdakik.com\/#website","url":"https:\/\/kibrisdakik.com\/","name":"","description":"Tam vaktinde haber","potentialAction":[{"@type":"SearchAction","target":{"@type":"EntryPoint","urlTemplate":"https:\/\/kibrisdakik.com\/?s={search_term_string}"},"query-input":{"@type":"PropertyValueSpecification","valueRequired":true,"valueName":"search_term_string"}}],"inLanguage":"tr"},{"@type":"Person","@id":"https:\/\/kibrisdakik.com\/#\/schema\/person\/9cd9d437bbb44f72b73ba127e06d8e79","name":"admin","image":{"@type":"ImageObject","inLanguage":"tr","@id":"https:\/\/secure.gravatar.com\/avatar\/ccc17943b9d660506c869530f897617f7cb1c21a4bf30023f252596d83e1f007?s=96&d=mm&r=g","url":"https:\/\/secure.gravatar.com\/avatar\/ccc17943b9d660506c869530f897617f7cb1c21a4bf30023f252596d83e1f007?s=96&d=mm&r=g","contentUrl":"https:\/\/secure.gravatar.com\/avatar\/ccc17943b9d660506c869530f897617f7cb1c21a4bf30023f252596d83e1f007?s=96&d=mm&r=g","caption":"admin"},"sameAs":["https:\/\/kibrisdakik.com"],"url":"https:\/\/kibrisdakik.com\/?author=1"}]}},"_links":{"self":[{"href":"https:\/\/kibrisdakik.com\/index.php?rest_route=\/wp\/v2\/posts\/77327","targetHints":{"allow":["GET"]}}],"collection":[{"href":"https:\/\/kibrisdakik.com\/index.php?rest_route=\/wp\/v2\/posts"}],"about":[{"href":"https:\/\/kibrisdakik.com\/index.php?rest_route=\/wp\/v2\/types\/post"}],"author":[{"embeddable":true,"href":"https:\/\/kibrisdakik.com\/index.php?rest_route=\/wp\/v2\/users\/1"}],"replies":[{"embeddable":true,"href":"https:\/\/kibrisdakik.com\/index.php?rest_route=%2Fwp%2Fv2%2Fcomments&post=77327"}],"version-history":[{"count":0,"href":"https:\/\/kibrisdakik.com\/index.php?rest_route=\/wp\/v2\/posts\/77327\/revisions"}],"wp:featuredmedia":[{"embeddable":true,"href":"https:\/\/kibrisdakik.com\/index.php?rest_route=\/wp\/v2\/media\/69872"}],"wp:attachment":[{"href":"https:\/\/kibrisdakik.com\/index.php?rest_route=%2Fwp%2Fv2%2Fmedia&parent=77327"}],"wp:term":[{"taxonomy":"category","embeddable":true,"href":"https:\/\/kibrisdakik.com\/index.php?rest_route=%2Fwp%2Fv2%2Fcategories&post=77327"},{"taxonomy":"post_tag","embeddable":true,"href":"https:\/\/kibrisdakik.com\/index.php?rest_route=%2Fwp%2Fv2%2Ftags&post=77327"}],"curies":[{"name":"wp","href":"https:\/\/api.w.org\/{rel}","templated":true}]}}