{"id":77334,"date":"2025-03-08T17:16:28","date_gmt":"2025-03-08T14:16:28","guid":{"rendered":"https:\/\/kibrisdakik.com\/index.php\/2025\/03\/08\/girnede-8-mart-eyleminde-kadinlar-taleplerini-dile-getirdi\/"},"modified":"2025-03-08T17:16:28","modified_gmt":"2025-03-08T14:16:28","slug":"girnede-8-mart-eyleminde-kadinlar-taleplerini-dile-getirdi","status":"publish","type":"post","link":"https:\/\/kibrisdakik.com\/?p=77334","title":{"rendered":"Girne\u2019de 8 Mart eyleminde kad\u0131nlar taleplerini dile getirdi"},"content":{"rendered":"<div>\n<div class=\"mariselle-image-container center\">\n                                            <\/div>\n<p>Ba\u011f\u0131ms\u0131zl\u0131k Yolu, Baraka K\u00fclt\u00fcr Merkezi ve Kad\u0131n E\u011fitimi Kollektifi (KEK), 8 Mart D\u00fcnya Emek\u00e7i Kad\u0131nlar G\u00fcn\u00fc nedeniyle Girne Kaymakaml\u0131\u011f\u0131 \u00f6n\u00fcnde ortak bas\u0131n a\u00e7\u0131klamas\u0131 ve eylem ger\u00e7ekle\u015ftirdi.<\/p>\n<p>Ba\u011f\u0131ms\u0131zl\u0131k yolundan verilen bilgiye g\u00f6re, eylemde \u00f6rg\u00fctler ortak a\u00e7\u0131klama yapt\u0131.  Ortak a\u00e7\u0131klamada, 8 Mart\u2019\u0131n tarihinden bahsedilerek, 8 Mart\u2019\u0131n kad\u0131n eme\u011finin s\u00f6m\u00fcr\u00fclmesi ve ya\u015fam hakk\u0131n\u0131n gasp edilmesine kar\u015f\u0131 verilen m\u00fccadelenin g\u00fcn\u00fc oldu\u011fu vurguland\u0131. <\/p>\n<p>\u00dc\u00e7 \u00f6rg\u00fct\u00fcn ortak a\u00e7\u0131klamas\u0131nda, kad\u0131n eme\u011finin g\u00fcvenceye al\u0131nmas\u0131, asgari \u00fccretin en d\u00fc\u015f\u00fck kamu maa\u015f\u0131na endekslenmesi ve \u00f6zel sekt\u00f6rde sendikala\u015fman\u0131n sa\u011flanmas\u0131 gerekti\u011fi vurguland\u0131. <\/p>\n<p>Kad\u0131na y\u00f6nelik \u015fiddetin her ge\u00e7en g\u00fcn artt\u0131\u011f\u0131, devlet ve yasalar\u0131n ise bu konuda yetersiz kald\u0131\u011f\u0131 savunulan a\u00e7\u0131klamada, kad\u0131na y\u00f6nelik \u015fiddeti durdurmak i\u00e7in devletin etkin denetimiyle, her b\u00f6lgede g\u00fcvenli s\u0131\u011f\u0131nma evleri a\u00e7\u0131lmas\u0131, \u015fiddet \u00f6nleme merkezleri kurulmas\u0131n\u0131n \u00f6nemine i\u015faret edildi. <\/p>\n<p>Gece kul\u00fcplerinin derhal kapat\u0131lmas\u0131 gerekti\u011fi ifade edilen ortak a\u00e7\u0131klamada \u015fu ifadelere yer verildi: \u201cKad\u0131n ticareti d\u00fczeni y\u0131k\u0131lana kadar m\u00fccadelemiz s\u00fcrecektir.  Kad\u0131nlar\u0131n \u00f6zg\u00fcrle\u015fmesi i\u00e7in m\u00fccadelemizi s\u00fcrd\u00fcrece\u011fiz. Kad\u0131n eme\u011fi g\u00f6r\u00fcn\u00fcr olana, s\u00f6m\u00fcr\u00fc sona erene ve kad\u0131nlar g\u00fcven i\u00e7inde ya\u015fayana dek m\u00fccadelemiz devam edecektir.\u201d<\/p>\n<\/p><\/div>\n<p><script async\n                    defer\n                    crossorigin=\"anonymous\"\n                    src=\"https:\/\/connect.facebook.net\/tr_TR\/sdk.js#xfbml=1&#038;version=v3.3\"\n            ><\/script><\/p>\n","protected":false},"excerpt":{"rendered":"<p>Ba\u011f\u0131ms\u0131zl\u0131k Yolu, Baraka K\u00fclt\u00fcr Merkezi ve Kad\u0131n E\u011fitimi Kollektifi (KEK), 8 Mart D\u00fcnya Emek\u00e7i Kad\u0131nlar G\u00fcn\u00fc nedeniyle Girne Kaymakaml\u0131\u011f\u0131 \u00f6n\u00fcnde ortak bas\u0131n a\u00e7\u0131klamas\u0131 ve eylem ger\u00e7ekle\u015ftirdi. Ba\u011f\u0131ms\u0131zl\u0131k yolundan verilen bilgiye g\u00f6re, eylemde \u00f6rg\u00fctler ortak a\u00e7\u0131klama yapt\u0131. Ortak a\u00e7\u0131klamada, 8 Mart\u2019\u0131n tarihinden bahsedilerek, 8 Mart\u2019\u0131n kad\u0131n eme\u011finin s\u00f6m\u00fcr\u00fclmesi ve ya\u015fam hakk\u0131n\u0131n gasp edilmesine kar\u015f\u0131 verilen m\u00fccadelenin<\/p>\n","protected":false},"author":1,"featured_media":77335,"comment_status":"open","ping_status":"open","sticky":false,"template":"","format":"standard","meta":{"footnotes":""},"categories":[81,101],"tags":[],"class_list":["post-77334","post","type-post","status-publish","format-standard","has-post-thumbnail","hentry","category-kibris","category-manset"],"yoast_head":"<!-- This site is optimized with the Yoast SEO plugin v27.4 - https:\/\/yoast.com\/product\/yoast-seo-wordpress\/ -->\n<title>Girne\u2019de 8 Mart eyleminde kad\u0131nlar taleplerini dile getirdi -<\/title>\n<meta name=\"robots\" content=\"index, follow, max-snippet:-1, max-image-preview:large, max-video-preview:-1\" \/>\n<link rel=\"canonical\" href=\"https:\/\/kibrisdakik.com\/?p=77334\" \/>\n<meta property=\"og:locale\" content=\"tr_TR\" \/>\n<meta property=\"og:type\" content=\"article\" \/>\n<meta property=\"og:title\" content=\"Girne\u2019de 8 Mart eyleminde kad\u0131nlar taleplerini dile getirdi -\" \/>\n<meta property=\"og:description\" content=\"Ba\u011f\u0131ms\u0131zl\u0131k Yolu, Baraka K\u00fclt\u00fcr Merkezi ve Kad\u0131n E\u011fitimi Kollektifi (KEK), 8 Mart D\u00fcnya Emek\u00e7i Kad\u0131nlar G\u00fcn\u00fc nedeniyle Girne Kaymakaml\u0131\u011f\u0131 \u00f6n\u00fcnde ortak bas\u0131n a\u00e7\u0131klamas\u0131 ve eylem ger\u00e7ekle\u015ftirdi. Ba\u011f\u0131ms\u0131zl\u0131k yolundan verilen bilgiye g\u00f6re, eylemde \u00f6rg\u00fctler ortak a\u00e7\u0131klama yapt\u0131. Ortak a\u00e7\u0131klamada, 8 Mart\u2019\u0131n tarihinden bahsedilerek, 8 Mart\u2019\u0131n kad\u0131n eme\u011finin s\u00f6m\u00fcr\u00fclmesi ve ya\u015fam hakk\u0131n\u0131n gasp edilmesine kar\u015f\u0131 verilen m\u00fccadelenin\" \/>\n<meta property=\"og:url\" content=\"https:\/\/kibrisdakik.com\/?p=77334\" \/>\n<meta property=\"article:published_time\" content=\"2025-03-08T14:16:28+00:00\" \/>\n<meta property=\"og:image\" content=\"https:\/\/kibrisdakik.com\/wp-content\/uploads\/2025\/03\/17414373405668-Mart-Girne-Eylem-1-740x420.jpeg\" \/>\n\t<meta property=\"og:image:width\" content=\"1200\" \/>\n\t<meta property=\"og:image:height\" content=\"1600\" \/>\n\t<meta property=\"og:image:type\" content=\"image\/jpeg\" \/>\n<meta name=\"author\" content=\"admin\" \/>\n<meta name=\"twitter:card\" content=\"summary_large_image\" \/>\n<meta name=\"twitter:label1\" content=\"Yazan:\" \/>\n\t<meta name=\"twitter:data1\" content=\"admin\" \/>\n\t<meta name=\"twitter:label2\" content=\"Tahmini okuma s\u00fcresi\" \/>\n\t<meta name=\"twitter:data2\" content=\"1 dakika\" \/>\n<script type=\"application\/ld+json\" class=\"yoast-schema-graph\">{\"@context\":\"https:\\\/\\\/schema.org\",\"@graph\":[{\"@type\":\"Article\",\"@id\":\"https:\\\/\\\/kibrisdakik.com\\\/?p=77334#article\",\"isPartOf\":{\"@id\":\"https:\\\/\\\/kibrisdakik.com\\\/?p=77334\"},\"author\":{\"name\":\"admin\",\"@id\":\"https:\\\/\\\/kibrisdakik.com\\\/#\\\/schema\\\/person\\\/9cd9d437bbb44f72b73ba127e06d8e79\"},\"headline\":\"Girne\u2019de 8 Mart eyleminde kad\u0131nlar taleplerini dile getirdi\",\"datePublished\":\"2025-03-08T14:16:28+00:00\",\"mainEntityOfPage\":{\"@id\":\"https:\\\/\\\/kibrisdakik.com\\\/?p=77334\"},\"wordCount\":262,\"commentCount\":0,\"image\":{\"@id\":\"https:\\\/\\\/kibrisdakik.com\\\/?p=77334#primaryimage\"},\"thumbnailUrl\":\"https:\\\/\\\/kibrisdakik.com\\\/wp-content\\\/uploads\\\/2025\\\/03\\\/17414373405668-Mart-Girne-Eylem-1-740x420.jpeg\",\"articleSection\":[\"K\u0131br\u0131s\",\"Man\u015fet\"],\"inLanguage\":\"tr\",\"potentialAction\":[{\"@type\":\"CommentAction\",\"name\":\"Comment\",\"target\":[\"https:\\\/\\\/kibrisdakik.com\\\/?p=77334#respond\"]}]},{\"@type\":\"WebPage\",\"@id\":\"https:\\\/\\\/kibrisdakik.com\\\/?p=77334\",\"url\":\"https:\\\/\\\/kibrisdakik.com\\\/?p=77334\",\"name\":\"Girne\u2019de 8 Mart eyleminde kad\u0131nlar taleplerini dile getirdi -\",\"isPartOf\":{\"@id\":\"https:\\\/\\\/kibrisdakik.com\\\/#website\"},\"primaryImageOfPage\":{\"@id\":\"https:\\\/\\\/kibrisdakik.com\\\/?p=77334#primaryimage\"},\"image\":{\"@id\":\"https:\\\/\\\/kibrisdakik.com\\\/?p=77334#primaryimage\"},\"thumbnailUrl\":\"https:\\\/\\\/kibrisdakik.com\\\/wp-content\\\/uploads\\\/2025\\\/03\\\/17414373405668-Mart-Girne-Eylem-1-740x420.jpeg\",\"datePublished\":\"2025-03-08T14:16:28+00:00\",\"author\":{\"@id\":\"https:\\\/\\\/kibrisdakik.com\\\/#\\\/schema\\\/person\\\/9cd9d437bbb44f72b73ba127e06d8e79\"},\"breadcrumb\":{\"@id\":\"https:\\\/\\\/kibrisdakik.com\\\/?p=77334#breadcrumb\"},\"inLanguage\":\"tr\",\"potentialAction\":[{\"@type\":\"ReadAction\",\"target\":[\"https:\\\/\\\/kibrisdakik.com\\\/?p=77334\"]}]},{\"@type\":\"ImageObject\",\"inLanguage\":\"tr\",\"@id\":\"https:\\\/\\\/kibrisdakik.com\\\/?p=77334#primaryimage\",\"url\":\"https:\\\/\\\/kibrisdakik.com\\\/wp-content\\\/uploads\\\/2025\\\/03\\\/17414373405668-Mart-Girne-Eylem-1-740x420.jpeg\",\"contentUrl\":\"https:\\\/\\\/kibrisdakik.com\\\/wp-content\\\/uploads\\\/2025\\\/03\\\/17414373405668-Mart-Girne-Eylem-1-740x420.jpeg\",\"width\":1200,\"height\":1600},{\"@type\":\"BreadcrumbList\",\"@id\":\"https:\\\/\\\/kibrisdakik.com\\\/?p=77334#breadcrumb\",\"itemListElement\":[{\"@type\":\"ListItem\",\"position\":1,\"name\":\"Home\",\"item\":\"https:\\\/\\\/kibrisdakik.com\\\/\"},{\"@type\":\"ListItem\",\"position\":2,\"name\":\"Girne\u2019de 8 Mart eyleminde kad\u0131nlar taleplerini dile getirdi\"}]},{\"@type\":\"WebSite\",\"@id\":\"https:\\\/\\\/kibrisdakik.com\\\/#website\",\"url\":\"https:\\\/\\\/kibrisdakik.com\\\/\",\"name\":\"\",\"description\":\"Tam vaktinde haber\",\"potentialAction\":[{\"@type\":\"SearchAction\",\"target\":{\"@type\":\"EntryPoint\",\"urlTemplate\":\"https:\\\/\\\/kibrisdakik.com\\\/?s={search_term_string}\"},\"query-input\":{\"@type\":\"PropertyValueSpecification\",\"valueRequired\":true,\"valueName\":\"search_term_string\"}}],\"inLanguage\":\"tr\"},{\"@type\":\"Person\",\"@id\":\"https:\\\/\\\/kibrisdakik.com\\\/#\\\/schema\\\/person\\\/9cd9d437bbb44f72b73ba127e06d8e79\",\"name\":\"admin\",\"image\":{\"@type\":\"ImageObject\",\"inLanguage\":\"tr\",\"@id\":\"https:\\\/\\\/secure.gravatar.com\\\/avatar\\\/ccc17943b9d660506c869530f897617f7cb1c21a4bf30023f252596d83e1f007?s=96&d=mm&r=g\",\"url\":\"https:\\\/\\\/secure.gravatar.com\\\/avatar\\\/ccc17943b9d660506c869530f897617f7cb1c21a4bf30023f252596d83e1f007?s=96&d=mm&r=g\",\"contentUrl\":\"https:\\\/\\\/secure.gravatar.com\\\/avatar\\\/ccc17943b9d660506c869530f897617f7cb1c21a4bf30023f252596d83e1f007?s=96&d=mm&r=g\",\"caption\":\"admin\"},\"sameAs\":[\"https:\\\/\\\/kibrisdakik.com\"],\"url\":\"https:\\\/\\\/kibrisdakik.com\\\/?author=1\"}]}<\/script>\n<!-- \/ Yoast SEO plugin. -->","yoast_head_json":{"title":"Girne\u2019de 8 Mart eyleminde kad\u0131nlar taleplerini dile getirdi -","robots":{"index":"index","follow":"follow","max-snippet":"max-snippet:-1","max-image-preview":"max-image-preview:large","max-video-preview":"max-video-preview:-1"},"canonical":"https:\/\/kibrisdakik.com\/?p=77334","og_locale":"tr_TR","og_type":"article","og_title":"Girne\u2019de 8 Mart eyleminde kad\u0131nlar taleplerini dile getirdi -","og_description":"Ba\u011f\u0131ms\u0131zl\u0131k Yolu, Baraka K\u00fclt\u00fcr Merkezi ve Kad\u0131n E\u011fitimi Kollektifi (KEK), 8 Mart D\u00fcnya Emek\u00e7i Kad\u0131nlar G\u00fcn\u00fc nedeniyle Girne Kaymakaml\u0131\u011f\u0131 \u00f6n\u00fcnde ortak bas\u0131n a\u00e7\u0131klamas\u0131 ve eylem ger\u00e7ekle\u015ftirdi. Ba\u011f\u0131ms\u0131zl\u0131k yolundan verilen bilgiye g\u00f6re, eylemde \u00f6rg\u00fctler ortak a\u00e7\u0131klama yapt\u0131. Ortak a\u00e7\u0131klamada, 8 Mart\u2019\u0131n tarihinden bahsedilerek, 8 Mart\u2019\u0131n kad\u0131n eme\u011finin s\u00f6m\u00fcr\u00fclmesi ve ya\u015fam hakk\u0131n\u0131n gasp edilmesine kar\u015f\u0131 verilen m\u00fccadelenin","og_url":"https:\/\/kibrisdakik.com\/?p=77334","article_published_time":"2025-03-08T14:16:28+00:00","og_image":[{"width":1200,"height":1600,"url":"https:\/\/kibrisdakik.com\/wp-content\/uploads\/2025\/03\/17414373405668-Mart-Girne-Eylem-1-740x420.jpeg","type":"image\/jpeg"}],"author":"admin","twitter_card":"summary_large_image","twitter_misc":{"Yazan:":"admin","Tahmini okuma s\u00fcresi":"1 dakika"},"schema":{"@context":"https:\/\/schema.org","@graph":[{"@type":"Article","@id":"https:\/\/kibrisdakik.com\/?p=77334#article","isPartOf":{"@id":"https:\/\/kibrisdakik.com\/?p=77334"},"author":{"name":"admin","@id":"https:\/\/kibrisdakik.com\/#\/schema\/person\/9cd9d437bbb44f72b73ba127e06d8e79"},"headline":"Girne\u2019de 8 Mart eyleminde kad\u0131nlar taleplerini dile getirdi","datePublished":"2025-03-08T14:16:28+00:00","mainEntityOfPage":{"@id":"https:\/\/kibrisdakik.com\/?p=77334"},"wordCount":262,"commentCount":0,"image":{"@id":"https:\/\/kibrisdakik.com\/?p=77334#primaryimage"},"thumbnailUrl":"https:\/\/kibrisdakik.com\/wp-content\/uploads\/2025\/03\/17414373405668-Mart-Girne-Eylem-1-740x420.jpeg","articleSection":["K\u0131br\u0131s","Man\u015fet"],"inLanguage":"tr","potentialAction":[{"@type":"CommentAction","name":"Comment","target":["https:\/\/kibrisdakik.com\/?p=77334#respond"]}]},{"@type":"WebPage","@id":"https:\/\/kibrisdakik.com\/?p=77334","url":"https:\/\/kibrisdakik.com\/?p=77334","name":"Girne\u2019de 8 Mart eyleminde kad\u0131nlar taleplerini dile getirdi -","isPartOf":{"@id":"https:\/\/kibrisdakik.com\/#website"},"primaryImageOfPage":{"@id":"https:\/\/kibrisdakik.com\/?p=77334#primaryimage"},"image":{"@id":"https:\/\/kibrisdakik.com\/?p=77334#primaryimage"},"thumbnailUrl":"https:\/\/kibrisdakik.com\/wp-content\/uploads\/2025\/03\/17414373405668-Mart-Girne-Eylem-1-740x420.jpeg","datePublished":"2025-03-08T14:16:28+00:00","author":{"@id":"https:\/\/kibrisdakik.com\/#\/schema\/person\/9cd9d437bbb44f72b73ba127e06d8e79"},"breadcrumb":{"@id":"https:\/\/kibrisdakik.com\/?p=77334#breadcrumb"},"inLanguage":"tr","potentialAction":[{"@type":"ReadAction","target":["https:\/\/kibrisdakik.com\/?p=77334"]}]},{"@type":"ImageObject","inLanguage":"tr","@id":"https:\/\/kibrisdakik.com\/?p=77334#primaryimage","url":"https:\/\/kibrisdakik.com\/wp-content\/uploads\/2025\/03\/17414373405668-Mart-Girne-Eylem-1-740x420.jpeg","contentUrl":"https:\/\/kibrisdakik.com\/wp-content\/uploads\/2025\/03\/17414373405668-Mart-Girne-Eylem-1-740x420.jpeg","width":1200,"height":1600},{"@type":"BreadcrumbList","@id":"https:\/\/kibrisdakik.com\/?p=77334#breadcrumb","itemListElement":[{"@type":"ListItem","position":1,"name":"Home","item":"https:\/\/kibrisdakik.com\/"},{"@type":"ListItem","position":2,"name":"Girne\u2019de 8 Mart eyleminde kad\u0131nlar taleplerini dile getirdi"}]},{"@type":"WebSite","@id":"https:\/\/kibrisdakik.com\/#website","url":"https:\/\/kibrisdakik.com\/","name":"","description":"Tam vaktinde haber","potentialAction":[{"@type":"SearchAction","target":{"@type":"EntryPoint","urlTemplate":"https:\/\/kibrisdakik.com\/?s={search_term_string}"},"query-input":{"@type":"PropertyValueSpecification","valueRequired":true,"valueName":"search_term_string"}}],"inLanguage":"tr"},{"@type":"Person","@id":"https:\/\/kibrisdakik.com\/#\/schema\/person\/9cd9d437bbb44f72b73ba127e06d8e79","name":"admin","image":{"@type":"ImageObject","inLanguage":"tr","@id":"https:\/\/secure.gravatar.com\/avatar\/ccc17943b9d660506c869530f897617f7cb1c21a4bf30023f252596d83e1f007?s=96&d=mm&r=g","url":"https:\/\/secure.gravatar.com\/avatar\/ccc17943b9d660506c869530f897617f7cb1c21a4bf30023f252596d83e1f007?s=96&d=mm&r=g","contentUrl":"https:\/\/secure.gravatar.com\/avatar\/ccc17943b9d660506c869530f897617f7cb1c21a4bf30023f252596d83e1f007?s=96&d=mm&r=g","caption":"admin"},"sameAs":["https:\/\/kibrisdakik.com"],"url":"https:\/\/kibrisdakik.com\/?author=1"}]}},"_links":{"self":[{"href":"https:\/\/kibrisdakik.com\/index.php?rest_route=\/wp\/v2\/posts\/77334","targetHints":{"allow":["GET"]}}],"collection":[{"href":"https:\/\/kibrisdakik.com\/index.php?rest_route=\/wp\/v2\/posts"}],"about":[{"href":"https:\/\/kibrisdakik.com\/index.php?rest_route=\/wp\/v2\/types\/post"}],"author":[{"embeddable":true,"href":"https:\/\/kibrisdakik.com\/index.php?rest_route=\/wp\/v2\/users\/1"}],"replies":[{"embeddable":true,"href":"https:\/\/kibrisdakik.com\/index.php?rest_route=%2Fwp%2Fv2%2Fcomments&post=77334"}],"version-history":[{"count":0,"href":"https:\/\/kibrisdakik.com\/index.php?rest_route=\/wp\/v2\/posts\/77334\/revisions"}],"wp:featuredmedia":[{"embeddable":true,"href":"https:\/\/kibrisdakik.com\/index.php?rest_route=\/wp\/v2\/media\/77335"}],"wp:attachment":[{"href":"https:\/\/kibrisdakik.com\/index.php?rest_route=%2Fwp%2Fv2%2Fmedia&parent=77334"}],"wp:term":[{"taxonomy":"category","embeddable":true,"href":"https:\/\/kibrisdakik.com\/index.php?rest_route=%2Fwp%2Fv2%2Fcategories&post=77334"},{"taxonomy":"post_tag","embeddable":true,"href":"https:\/\/kibrisdakik.com\/index.php?rest_route=%2Fwp%2Fv2%2Ftags&post=77334"}],"curies":[{"name":"wp","href":"https:\/\/api.w.org\/{rel}","templated":true}]}}