{"id":77346,"date":"2025-03-08T18:42:12","date_gmt":"2025-03-08T15:42:12","guid":{"rendered":"https:\/\/kibrisdakik.com\/index.php\/2025\/03\/08\/8-mart-dunya-kadinlar-gunu-dolayisiyla-iskelede-toren-ve-etkinlik-yapildi\/"},"modified":"2025-03-08T18:42:12","modified_gmt":"2025-03-08T15:42:12","slug":"8-mart-dunya-kadinlar-gunu-dolayisiyla-iskelede-toren-ve-etkinlik-yapildi","status":"publish","type":"post","link":"https:\/\/kibrisdakik.com\/?p=77346","title":{"rendered":"8 Mart D\u00fcnya Kad\u0131nlar G\u00fcn\u00fc dolay\u0131s\u0131yla \u0130skele\u2019de t\u00f6ren ve etkinlik yap\u0131ld\u0131"},"content":{"rendered":"<div>\n<div class=\"mariselle-image-container center\">\n                                            <\/div>\n<p>8 Mart D\u00fcnya Kad\u0131nlar G\u00fcn\u00fc dolay\u0131s\u0131yla \u0130skele\u2019de t\u00f6ren ve etkinlik yap\u0131ld\u0131.<\/p>\n<p>Larnaka T\u00fcrk Kad\u0131nlar Derne\u011fi ile \u0130skele Kad\u0131nlar Derne\u011fi, \u0130skele Ecevit Meydan\u0131\u2019ndaki Atat\u00fcrk B\u00fcst\u00fc \u00f6n\u00fcnde t\u00f6ren yap\u0131ld\u0131.<\/p>\n<p>T\u00f6rende g\u00fcn\u00fcn anlam ve \u00f6nemine ili\u015fkin konu\u015fmay\u0131 Larnaka T\u00fcrk Kad\u0131nlar Derne\u011fi Ba\u015fkan\u0131 Fatma Yahyalar yapt\u0131.<\/p>\n<p>Uluslararas\u0131 s\u00f6zle\u015fmelere ve ulusal d\u00fczeyde takip edilen politikalara ra\u011fmen kad\u0131n haklar\u0131 ve kad\u0131n\u0131n toplumdaki yerinin hala d\u00fcnyada istenilen noktaya gelmedi\u011fini belirten Yahyalar, d\u00fcnyada her \u00fc\u00e7 kad\u0131ndan birinin halen \u015fiddete maruz kald\u0131\u011f\u0131n\u0131n alt\u0131n\u0131 \u00e7izdi.<\/p>\n<p>Yahyalar konu\u015fmas\u0131n\u0131 \u201cKad\u0131nlar birlikte omuz omuza birbirlerine destek verdik\u00e7e, o zaman \u00e7o\u011fal\u0131r\u0131z, ye\u015feririz ve \u00e7i\u00e7eklerimizi a\u00e7ar\u0131z\u201d s\u00f6zleriyle tamamlad\u0131.<\/p>\n<div class=\"mariselle-image-container center\">\n                <img loading=\"lazy\" decoding=\"async\" width=\"1200\" height=\"996\" class=\"lazy-image\" alt=\"\" sizes=\"auto, (max-width: 1200px) 100vw, 1200px\" src=\"https:\/\/brtk.net\/wp-content\/uploads\/2025\/03\/08\/783917f7-0d36-4043-8324-c586ae76c686.jpg?ver=1685603a5762a6d80585d3a48b7dce53\" srcset=\"https:\/\/brtk.net\/wp-content\/uploads\/2025\/03\/08\/783917f7-0d36-4043-8324-c586ae76c686.jpg?ver=1685603a5762a6d80585d3a48b7dce53 1200w, https:\/\/brtk.net\/wp-content\/uploads\/2025\/03\/08\/783917f7-0d36-4043-8324-c586ae76c686-300x249.jpg?ver=76a33391992f95d9509010bf4f29af93 300w, https:\/\/brtk.net\/wp-content\/uploads\/2025\/03\/08\/783917f7-0d36-4043-8324-c586ae76c686-1024x850.jpg?ver=bc1caa03e05d6f1cc01b89035377a6d9 1024w, https:\/\/brtk.net\/wp-content\/uploads\/2025\/03\/08\/783917f7-0d36-4043-8324-c586ae76c686-768x637.jpg?ver=bc1caa03e05d6f1cc01b89035377a6d9 768w\"\/>                            <\/div>\n<p>\nT\u00f6renin ard\u0131ndan \u0130skele K\u00fclt\u00fcr Evi\u2019nde bir araya gelen kad\u0131nlar sohbet ederek fikir al\u0131\u015fveri\u015finde bulundu.\n                    <\/div>\n<p><script async\n                    defer\n                    crossorigin=\"anonymous\"\n                    src=\"https:\/\/connect.facebook.net\/tr_TR\/sdk.js#xfbml=1&#038;version=v3.3\"\n            ><\/script><\/p>\n","protected":false},"excerpt":{"rendered":"<p>8 Mart D\u00fcnya Kad\u0131nlar G\u00fcn\u00fc dolay\u0131s\u0131yla \u0130skele\u2019de t\u00f6ren ve etkinlik yap\u0131ld\u0131. Larnaka T\u00fcrk Kad\u0131nlar Derne\u011fi ile \u0130skele Kad\u0131nlar Derne\u011fi, \u0130skele Ecevit Meydan\u0131\u2019ndaki Atat\u00fcrk B\u00fcst\u00fc \u00f6n\u00fcnde t\u00f6ren yap\u0131ld\u0131. T\u00f6rende g\u00fcn\u00fcn anlam ve \u00f6nemine ili\u015fkin konu\u015fmay\u0131 Larnaka T\u00fcrk Kad\u0131nlar Derne\u011fi Ba\u015fkan\u0131 Fatma Yahyalar yapt\u0131. Uluslararas\u0131 s\u00f6zle\u015fmelere ve ulusal d\u00fczeyde takip edilen politikalara ra\u011fmen kad\u0131n haklar\u0131 ve kad\u0131n\u0131n<\/p>\n","protected":false},"author":1,"featured_media":77347,"comment_status":"open","ping_status":"open","sticky":false,"template":"","format":"standard","meta":{"footnotes":""},"categories":[81,101],"tags":[],"class_list":["post-77346","post","type-post","status-publish","format-standard","has-post-thumbnail","hentry","category-kibris","category-manset"],"yoast_head":"<!-- This site is optimized with the Yoast SEO plugin v27.5 - https:\/\/yoast.com\/product\/yoast-seo-wordpress\/ -->\n<title>8 Mart D\u00fcnya Kad\u0131nlar G\u00fcn\u00fc dolay\u0131s\u0131yla \u0130skele\u2019de t\u00f6ren ve etkinlik yap\u0131ld\u0131 -<\/title>\n<meta name=\"robots\" content=\"index, follow, max-snippet:-1, max-image-preview:large, max-video-preview:-1\" \/>\n<link rel=\"canonical\" href=\"https:\/\/kibrisdakik.com\/?p=77346\" \/>\n<meta property=\"og:locale\" content=\"tr_TR\" \/>\n<meta property=\"og:type\" content=\"article\" \/>\n<meta property=\"og:title\" content=\"8 Mart D\u00fcnya Kad\u0131nlar G\u00fcn\u00fc dolay\u0131s\u0131yla \u0130skele\u2019de t\u00f6ren ve etkinlik yap\u0131ld\u0131 -\" \/>\n<meta property=\"og:description\" content=\"8 Mart D\u00fcnya Kad\u0131nlar G\u00fcn\u00fc dolay\u0131s\u0131yla \u0130skele\u2019de t\u00f6ren ve etkinlik yap\u0131ld\u0131. Larnaka T\u00fcrk Kad\u0131nlar Derne\u011fi ile \u0130skele Kad\u0131nlar Derne\u011fi, \u0130skele Ecevit Meydan\u0131\u2019ndaki Atat\u00fcrk B\u00fcst\u00fc \u00f6n\u00fcnde t\u00f6ren yap\u0131ld\u0131. T\u00f6rende g\u00fcn\u00fcn anlam ve \u00f6nemine ili\u015fkin konu\u015fmay\u0131 Larnaka T\u00fcrk Kad\u0131nlar Derne\u011fi Ba\u015fkan\u0131 Fatma Yahyalar yapt\u0131. Uluslararas\u0131 s\u00f6zle\u015fmelere ve ulusal d\u00fczeyde takip edilen politikalara ra\u011fmen kad\u0131n haklar\u0131 ve kad\u0131n\u0131n\" \/>\n<meta property=\"og:url\" content=\"https:\/\/kibrisdakik.com\/?p=77346\" \/>\n<meta property=\"article:published_time\" content=\"2025-03-08T15:42:12+00:00\" \/>\n<meta property=\"og:image\" content=\"https:\/\/kibrisdakik.com\/wp-content\/uploads\/2025\/03\/664b3991-0ed1-4d31-9137-3972f90af808-740x420.jpg\" \/>\n\t<meta property=\"og:image:width\" content=\"1536\" \/>\n\t<meta property=\"og:image:height\" content=\"1185\" \/>\n\t<meta property=\"og:image:type\" content=\"image\/jpeg\" \/>\n<meta name=\"author\" content=\"admin\" \/>\n<meta name=\"twitter:card\" content=\"summary_large_image\" \/>\n<meta name=\"twitter:label1\" content=\"Yazan:\" \/>\n\t<meta name=\"twitter:data1\" content=\"admin\" \/>\n\t<meta name=\"twitter:label2\" content=\"Tahmini okuma s\u00fcresi\" \/>\n\t<meta name=\"twitter:data2\" content=\"1 dakika\" \/>\n<script type=\"application\/ld+json\" class=\"yoast-schema-graph\">{\"@context\":\"https:\\\/\\\/schema.org\",\"@graph\":[{\"@type\":\"Article\",\"@id\":\"https:\\\/\\\/kibrisdakik.com\\\/?p=77346#article\",\"isPartOf\":{\"@id\":\"https:\\\/\\\/kibrisdakik.com\\\/?p=77346\"},\"author\":{\"name\":\"admin\",\"@id\":\"https:\\\/\\\/kibrisdakik.com\\\/#\\\/schema\\\/person\\\/9cd9d437bbb44f72b73ba127e06d8e79\"},\"headline\":\"8 Mart D\u00fcnya Kad\u0131nlar G\u00fcn\u00fc dolay\u0131s\u0131yla \u0130skele\u2019de t\u00f6ren ve etkinlik yap\u0131ld\u0131\",\"datePublished\":\"2025-03-08T15:42:12+00:00\",\"mainEntityOfPage\":{\"@id\":\"https:\\\/\\\/kibrisdakik.com\\\/?p=77346\"},\"wordCount\":185,\"commentCount\":0,\"image\":{\"@id\":\"https:\\\/\\\/kibrisdakik.com\\\/?p=77346#primaryimage\"},\"thumbnailUrl\":\"https:\\\/\\\/kibrisdakik.com\\\/wp-content\\\/uploads\\\/2025\\\/03\\\/664b3991-0ed1-4d31-9137-3972f90af808-740x420.jpg\",\"articleSection\":[\"K\u0131br\u0131s\",\"Man\u015fet\"],\"inLanguage\":\"tr\",\"potentialAction\":[{\"@type\":\"CommentAction\",\"name\":\"Comment\",\"target\":[\"https:\\\/\\\/kibrisdakik.com\\\/?p=77346#respond\"]}]},{\"@type\":\"WebPage\",\"@id\":\"https:\\\/\\\/kibrisdakik.com\\\/?p=77346\",\"url\":\"https:\\\/\\\/kibrisdakik.com\\\/?p=77346\",\"name\":\"8 Mart D\u00fcnya Kad\u0131nlar G\u00fcn\u00fc dolay\u0131s\u0131yla \u0130skele\u2019de t\u00f6ren ve etkinlik yap\u0131ld\u0131 -\",\"isPartOf\":{\"@id\":\"https:\\\/\\\/kibrisdakik.com\\\/#website\"},\"primaryImageOfPage\":{\"@id\":\"https:\\\/\\\/kibrisdakik.com\\\/?p=77346#primaryimage\"},\"image\":{\"@id\":\"https:\\\/\\\/kibrisdakik.com\\\/?p=77346#primaryimage\"},\"thumbnailUrl\":\"https:\\\/\\\/kibrisdakik.com\\\/wp-content\\\/uploads\\\/2025\\\/03\\\/664b3991-0ed1-4d31-9137-3972f90af808-740x420.jpg\",\"datePublished\":\"2025-03-08T15:42:12+00:00\",\"author\":{\"@id\":\"https:\\\/\\\/kibrisdakik.com\\\/#\\\/schema\\\/person\\\/9cd9d437bbb44f72b73ba127e06d8e79\"},\"breadcrumb\":{\"@id\":\"https:\\\/\\\/kibrisdakik.com\\\/?p=77346#breadcrumb\"},\"inLanguage\":\"tr\",\"potentialAction\":[{\"@type\":\"ReadAction\",\"target\":[\"https:\\\/\\\/kibrisdakik.com\\\/?p=77346\"]}]},{\"@type\":\"ImageObject\",\"inLanguage\":\"tr\",\"@id\":\"https:\\\/\\\/kibrisdakik.com\\\/?p=77346#primaryimage\",\"url\":\"https:\\\/\\\/kibrisdakik.com\\\/wp-content\\\/uploads\\\/2025\\\/03\\\/664b3991-0ed1-4d31-9137-3972f90af808-740x420.jpg\",\"contentUrl\":\"https:\\\/\\\/kibrisdakik.com\\\/wp-content\\\/uploads\\\/2025\\\/03\\\/664b3991-0ed1-4d31-9137-3972f90af808-740x420.jpg\",\"width\":1536,\"height\":1185},{\"@type\":\"BreadcrumbList\",\"@id\":\"https:\\\/\\\/kibrisdakik.com\\\/?p=77346#breadcrumb\",\"itemListElement\":[{\"@type\":\"ListItem\",\"position\":1,\"name\":\"Home\",\"item\":\"https:\\\/\\\/kibrisdakik.com\\\/\"},{\"@type\":\"ListItem\",\"position\":2,\"name\":\"8 Mart D\u00fcnya Kad\u0131nlar G\u00fcn\u00fc dolay\u0131s\u0131yla \u0130skele\u2019de t\u00f6ren ve etkinlik yap\u0131ld\u0131\"}]},{\"@type\":\"WebSite\",\"@id\":\"https:\\\/\\\/kibrisdakik.com\\\/#website\",\"url\":\"https:\\\/\\\/kibrisdakik.com\\\/\",\"name\":\"\",\"description\":\"Tam vaktinde haber\",\"potentialAction\":[{\"@type\":\"SearchAction\",\"target\":{\"@type\":\"EntryPoint\",\"urlTemplate\":\"https:\\\/\\\/kibrisdakik.com\\\/?s={search_term_string}\"},\"query-input\":{\"@type\":\"PropertyValueSpecification\",\"valueRequired\":true,\"valueName\":\"search_term_string\"}}],\"inLanguage\":\"tr\"},{\"@type\":\"Person\",\"@id\":\"https:\\\/\\\/kibrisdakik.com\\\/#\\\/schema\\\/person\\\/9cd9d437bbb44f72b73ba127e06d8e79\",\"name\":\"admin\",\"image\":{\"@type\":\"ImageObject\",\"inLanguage\":\"tr\",\"@id\":\"https:\\\/\\\/secure.gravatar.com\\\/avatar\\\/ccc17943b9d660506c869530f897617f7cb1c21a4bf30023f252596d83e1f007?s=96&d=mm&r=g\",\"url\":\"https:\\\/\\\/secure.gravatar.com\\\/avatar\\\/ccc17943b9d660506c869530f897617f7cb1c21a4bf30023f252596d83e1f007?s=96&d=mm&r=g\",\"contentUrl\":\"https:\\\/\\\/secure.gravatar.com\\\/avatar\\\/ccc17943b9d660506c869530f897617f7cb1c21a4bf30023f252596d83e1f007?s=96&d=mm&r=g\",\"caption\":\"admin\"},\"sameAs\":[\"https:\\\/\\\/kibrisdakik.com\"],\"url\":\"https:\\\/\\\/kibrisdakik.com\\\/?author=1\"}]}<\/script>\n<!-- \/ Yoast SEO plugin. -->","yoast_head_json":{"title":"8 Mart D\u00fcnya Kad\u0131nlar G\u00fcn\u00fc dolay\u0131s\u0131yla \u0130skele\u2019de t\u00f6ren ve etkinlik yap\u0131ld\u0131 -","robots":{"index":"index","follow":"follow","max-snippet":"max-snippet:-1","max-image-preview":"max-image-preview:large","max-video-preview":"max-video-preview:-1"},"canonical":"https:\/\/kibrisdakik.com\/?p=77346","og_locale":"tr_TR","og_type":"article","og_title":"8 Mart D\u00fcnya Kad\u0131nlar G\u00fcn\u00fc dolay\u0131s\u0131yla \u0130skele\u2019de t\u00f6ren ve etkinlik yap\u0131ld\u0131 -","og_description":"8 Mart D\u00fcnya Kad\u0131nlar G\u00fcn\u00fc dolay\u0131s\u0131yla \u0130skele\u2019de t\u00f6ren ve etkinlik yap\u0131ld\u0131. Larnaka T\u00fcrk Kad\u0131nlar Derne\u011fi ile \u0130skele Kad\u0131nlar Derne\u011fi, \u0130skele Ecevit Meydan\u0131\u2019ndaki Atat\u00fcrk B\u00fcst\u00fc \u00f6n\u00fcnde t\u00f6ren yap\u0131ld\u0131. T\u00f6rende g\u00fcn\u00fcn anlam ve \u00f6nemine ili\u015fkin konu\u015fmay\u0131 Larnaka T\u00fcrk Kad\u0131nlar Derne\u011fi Ba\u015fkan\u0131 Fatma Yahyalar yapt\u0131. Uluslararas\u0131 s\u00f6zle\u015fmelere ve ulusal d\u00fczeyde takip edilen politikalara ra\u011fmen kad\u0131n haklar\u0131 ve kad\u0131n\u0131n","og_url":"https:\/\/kibrisdakik.com\/?p=77346","article_published_time":"2025-03-08T15:42:12+00:00","og_image":[{"width":1536,"height":1185,"url":"https:\/\/kibrisdakik.com\/wp-content\/uploads\/2025\/03\/664b3991-0ed1-4d31-9137-3972f90af808-740x420.jpg","type":"image\/jpeg"}],"author":"admin","twitter_card":"summary_large_image","twitter_misc":{"Yazan:":"admin","Tahmini okuma s\u00fcresi":"1 dakika"},"schema":{"@context":"https:\/\/schema.org","@graph":[{"@type":"Article","@id":"https:\/\/kibrisdakik.com\/?p=77346#article","isPartOf":{"@id":"https:\/\/kibrisdakik.com\/?p=77346"},"author":{"name":"admin","@id":"https:\/\/kibrisdakik.com\/#\/schema\/person\/9cd9d437bbb44f72b73ba127e06d8e79"},"headline":"8 Mart D\u00fcnya Kad\u0131nlar G\u00fcn\u00fc dolay\u0131s\u0131yla \u0130skele\u2019de t\u00f6ren ve etkinlik yap\u0131ld\u0131","datePublished":"2025-03-08T15:42:12+00:00","mainEntityOfPage":{"@id":"https:\/\/kibrisdakik.com\/?p=77346"},"wordCount":185,"commentCount":0,"image":{"@id":"https:\/\/kibrisdakik.com\/?p=77346#primaryimage"},"thumbnailUrl":"https:\/\/kibrisdakik.com\/wp-content\/uploads\/2025\/03\/664b3991-0ed1-4d31-9137-3972f90af808-740x420.jpg","articleSection":["K\u0131br\u0131s","Man\u015fet"],"inLanguage":"tr","potentialAction":[{"@type":"CommentAction","name":"Comment","target":["https:\/\/kibrisdakik.com\/?p=77346#respond"]}]},{"@type":"WebPage","@id":"https:\/\/kibrisdakik.com\/?p=77346","url":"https:\/\/kibrisdakik.com\/?p=77346","name":"8 Mart D\u00fcnya Kad\u0131nlar G\u00fcn\u00fc dolay\u0131s\u0131yla \u0130skele\u2019de t\u00f6ren ve etkinlik yap\u0131ld\u0131 -","isPartOf":{"@id":"https:\/\/kibrisdakik.com\/#website"},"primaryImageOfPage":{"@id":"https:\/\/kibrisdakik.com\/?p=77346#primaryimage"},"image":{"@id":"https:\/\/kibrisdakik.com\/?p=77346#primaryimage"},"thumbnailUrl":"https:\/\/kibrisdakik.com\/wp-content\/uploads\/2025\/03\/664b3991-0ed1-4d31-9137-3972f90af808-740x420.jpg","datePublished":"2025-03-08T15:42:12+00:00","author":{"@id":"https:\/\/kibrisdakik.com\/#\/schema\/person\/9cd9d437bbb44f72b73ba127e06d8e79"},"breadcrumb":{"@id":"https:\/\/kibrisdakik.com\/?p=77346#breadcrumb"},"inLanguage":"tr","potentialAction":[{"@type":"ReadAction","target":["https:\/\/kibrisdakik.com\/?p=77346"]}]},{"@type":"ImageObject","inLanguage":"tr","@id":"https:\/\/kibrisdakik.com\/?p=77346#primaryimage","url":"https:\/\/kibrisdakik.com\/wp-content\/uploads\/2025\/03\/664b3991-0ed1-4d31-9137-3972f90af808-740x420.jpg","contentUrl":"https:\/\/kibrisdakik.com\/wp-content\/uploads\/2025\/03\/664b3991-0ed1-4d31-9137-3972f90af808-740x420.jpg","width":1536,"height":1185},{"@type":"BreadcrumbList","@id":"https:\/\/kibrisdakik.com\/?p=77346#breadcrumb","itemListElement":[{"@type":"ListItem","position":1,"name":"Home","item":"https:\/\/kibrisdakik.com\/"},{"@type":"ListItem","position":2,"name":"8 Mart D\u00fcnya Kad\u0131nlar G\u00fcn\u00fc dolay\u0131s\u0131yla \u0130skele\u2019de t\u00f6ren ve etkinlik yap\u0131ld\u0131"}]},{"@type":"WebSite","@id":"https:\/\/kibrisdakik.com\/#website","url":"https:\/\/kibrisdakik.com\/","name":"","description":"Tam vaktinde haber","potentialAction":[{"@type":"SearchAction","target":{"@type":"EntryPoint","urlTemplate":"https:\/\/kibrisdakik.com\/?s={search_term_string}"},"query-input":{"@type":"PropertyValueSpecification","valueRequired":true,"valueName":"search_term_string"}}],"inLanguage":"tr"},{"@type":"Person","@id":"https:\/\/kibrisdakik.com\/#\/schema\/person\/9cd9d437bbb44f72b73ba127e06d8e79","name":"admin","image":{"@type":"ImageObject","inLanguage":"tr","@id":"https:\/\/secure.gravatar.com\/avatar\/ccc17943b9d660506c869530f897617f7cb1c21a4bf30023f252596d83e1f007?s=96&d=mm&r=g","url":"https:\/\/secure.gravatar.com\/avatar\/ccc17943b9d660506c869530f897617f7cb1c21a4bf30023f252596d83e1f007?s=96&d=mm&r=g","contentUrl":"https:\/\/secure.gravatar.com\/avatar\/ccc17943b9d660506c869530f897617f7cb1c21a4bf30023f252596d83e1f007?s=96&d=mm&r=g","caption":"admin"},"sameAs":["https:\/\/kibrisdakik.com"],"url":"https:\/\/kibrisdakik.com\/?author=1"}]}},"_links":{"self":[{"href":"https:\/\/kibrisdakik.com\/index.php?rest_route=\/wp\/v2\/posts\/77346","targetHints":{"allow":["GET"]}}],"collection":[{"href":"https:\/\/kibrisdakik.com\/index.php?rest_route=\/wp\/v2\/posts"}],"about":[{"href":"https:\/\/kibrisdakik.com\/index.php?rest_route=\/wp\/v2\/types\/post"}],"author":[{"embeddable":true,"href":"https:\/\/kibrisdakik.com\/index.php?rest_route=\/wp\/v2\/users\/1"}],"replies":[{"embeddable":true,"href":"https:\/\/kibrisdakik.com\/index.php?rest_route=%2Fwp%2Fv2%2Fcomments&post=77346"}],"version-history":[{"count":0,"href":"https:\/\/kibrisdakik.com\/index.php?rest_route=\/wp\/v2\/posts\/77346\/revisions"}],"wp:featuredmedia":[{"embeddable":true,"href":"https:\/\/kibrisdakik.com\/index.php?rest_route=\/wp\/v2\/media\/77347"}],"wp:attachment":[{"href":"https:\/\/kibrisdakik.com\/index.php?rest_route=%2Fwp%2Fv2%2Fmedia&parent=77346"}],"wp:term":[{"taxonomy":"category","embeddable":true,"href":"https:\/\/kibrisdakik.com\/index.php?rest_route=%2Fwp%2Fv2%2Fcategories&post=77346"},{"taxonomy":"post_tag","embeddable":true,"href":"https:\/\/kibrisdakik.com\/index.php?rest_route=%2Fwp%2Fv2%2Ftags&post=77346"}],"curies":[{"name":"wp","href":"https:\/\/api.w.org\/{rel}","templated":true}]}}