{"id":7737,"date":"2023-05-28T12:00:18","date_gmt":"2023-05-28T12:00:18","guid":{"rendered":"https:\/\/kibrisdakik.com\/index.php\/2023\/05\/28\/alaykoy-kanlikoy-kavsagindaki-kameralarin-hiz-limitleri-yarindan-itibaren-50-km-saate-dusecek\/"},"modified":"2023-05-28T12:00:18","modified_gmt":"2023-05-28T12:00:18","slug":"alaykoy-kanlikoy-kavsagindaki-kameralarin-hiz-limitleri-yarindan-itibaren-50-km-saate-dusecek","status":"publish","type":"post","link":"https:\/\/kibrisdakik.com\/?p=7737","title":{"rendered":"Alayk\u00f6y-Kanl\u0131k\u00f6y kav\u015fa\u011f\u0131ndaki kameralar\u0131n h\u0131z limitleri yar\u0131ndan itibaren 50 km\/saate d\u00fc\u015fecek"},"content":{"rendered":"<p><\/p>\n<div>\n<div class=\"mariselle-image-container none\">\n                <img width=\"700\" height=\"700\" class=\"lazy-image\" alt=\"\" decoding=\"async\" loading=\"lazy\" sizes=\"auto, (max-width: 700px) 100vw, 700px\" src=\"https:\/\/brtk.net\/wp-content\/uploads\/2023\/05\/28\/50-km-hiz.jpg?ver=0401d8e6163a2c70ce2a7ca82fc1d517\" srcset=\"https:\/\/brtk.net\/wp-content\/uploads\/2023\/05\/28\/50-km-hiz.jpg?ver=0401d8e6163a2c70ce2a7ca82fc1d517 700w, https:\/\/brtk.net\/wp-content\/uploads\/2023\/05\/28\/50-km-hiz-300x300.jpg?ver=5fe9e886ba5c6fa27ec668a630eafc14 300w, https:\/\/brtk.net\/wp-content\/uploads\/2023\/05\/28\/50-km-hiz-150x150.jpg?ver=5fe9e886ba5c6fa27ec668a630eafc14 150w\"\/>                            <\/div>\n<p style=\"font-weight: 300;\">G\u00fczelyurt- Lefko\u015fa ana yolu Alayk\u00f6y- Kanl\u0131k\u00f6y ayr\u0131m\u0131nda bulunan kav\u015faktaki iki sabit g\u00f6r\u00fcnt\u00fcl\u00fc h\u0131z tespit kameras\u0131n\u0131n maksimum h\u0131z limitleri 65 km\/saatten 50 km\/saate d\u00fc\u015f\u00fcr\u00fcl\u00fcyor.<\/p>\n<p style=\"font-weight: 300;\">Bay\u0131nd\u0131rl\u0131k ve Ula\u015ft\u0131rma Bakanl\u0131\u011f\u0131 Trafik Dairesi M\u00fcd\u00fcrl\u00fc\u011f\u00fc\u2019nden yap\u0131lan a\u00e7\u0131klamaya g\u00f6re, yeni h\u0131z limitleri, yar\u0131ndan itibaren devreye girecek.<\/p>\n<p style=\"font-weight: 300;\">A\u00e7\u0131klamada, s\u00fcr\u00fcc\u00fclerin h\u0131z limitlerine uymalar\u0131 istendi.<\/p>\n<p>\u00a0<\/p>\n<\/p><\/div>\n<p><script async\n                    defer\n                    crossorigin=\"anonymous\"\n                    src=\"https:\/\/connect.facebook.net\/tr_TR\/sdk.js#xfbml=1&#038;version=v3.3\"\n            ><\/script><\/p>\n","protected":false},"excerpt":{"rendered":"<p>G\u00fczelyurt- Lefko\u015fa ana yolu Alayk\u00f6y- Kanl\u0131k\u00f6y ayr\u0131m\u0131nda bulunan kav\u015faktaki iki sabit g\u00f6r\u00fcnt\u00fcl\u00fc h\u0131z tespit kameras\u0131n\u0131n maksimum h\u0131z limitleri 65 km\/saatten 50 km\/saate d\u00fc\u015f\u00fcr\u00fcl\u00fcyor. Bay\u0131nd\u0131rl\u0131k ve Ula\u015ft\u0131rma Bakanl\u0131\u011f\u0131 Trafik Dairesi M\u00fcd\u00fcrl\u00fc\u011f\u00fc\u2019nden yap\u0131lan a\u00e7\u0131klamaya g\u00f6re, yeni h\u0131z limitleri, yar\u0131ndan itibaren devreye girecek. A\u00e7\u0131klamada, s\u00fcr\u00fcc\u00fclerin h\u0131z limitlerine uymalar\u0131 istendi. \u00a0<\/p>\n","protected":false},"author":1,"featured_media":7738,"comment_status":"open","ping_status":"open","sticky":false,"template":"","format":"standard","meta":{"footnotes":""},"categories":[1],"tags":[],"class_list":["post-7737","post","type-post","status-publish","format-standard","has-post-thumbnail","hentry","category-gundem"],"yoast_head":"<!-- This site is optimized with the Yoast SEO plugin v27.4 - https:\/\/yoast.com\/product\/yoast-seo-wordpress\/ -->\n<title>Alayk\u00f6y-Kanl\u0131k\u00f6y kav\u015fa\u011f\u0131ndaki kameralar\u0131n h\u0131z limitleri yar\u0131ndan itibaren 50 km\/saate d\u00fc\u015fecek -<\/title>\n<meta name=\"robots\" content=\"index, follow, max-snippet:-1, max-image-preview:large, max-video-preview:-1\" \/>\n<link rel=\"canonical\" href=\"https:\/\/kibrisdakik.com\/?p=7737\" \/>\n<meta property=\"og:locale\" content=\"tr_TR\" \/>\n<meta property=\"og:type\" content=\"article\" \/>\n<meta property=\"og:title\" content=\"Alayk\u00f6y-Kanl\u0131k\u00f6y kav\u015fa\u011f\u0131ndaki kameralar\u0131n h\u0131z limitleri yar\u0131ndan itibaren 50 km\/saate d\u00fc\u015fecek -\" \/>\n<meta property=\"og:description\" content=\"G\u00fczelyurt- Lefko\u015fa ana yolu Alayk\u00f6y- Kanl\u0131k\u00f6y ayr\u0131m\u0131nda bulunan kav\u015faktaki iki sabit g\u00f6r\u00fcnt\u00fcl\u00fc h\u0131z tespit kameras\u0131n\u0131n maksimum h\u0131z limitleri 65 km\/saatten 50 km\/saate d\u00fc\u015f\u00fcr\u00fcl\u00fcyor. Bay\u0131nd\u0131rl\u0131k ve Ula\u015ft\u0131rma Bakanl\u0131\u011f\u0131 Trafik Dairesi M\u00fcd\u00fcrl\u00fc\u011f\u00fc\u2019nden yap\u0131lan a\u00e7\u0131klamaya g\u00f6re, yeni h\u0131z limitleri, yar\u0131ndan itibaren devreye girecek. A\u00e7\u0131klamada, s\u00fcr\u00fcc\u00fclerin h\u0131z limitlerine uymalar\u0131 istendi. \u00a0\" \/>\n<meta property=\"og:url\" content=\"https:\/\/kibrisdakik.com\/?p=7737\" \/>\n<meta property=\"article:published_time\" content=\"2023-05-28T12:00:18+00:00\" \/>\n<meta property=\"og:image\" content=\"https:\/\/kibrisdakik.com\/wp-content\/uploads\/2023\/05\/50-km-hiz-700x420.jpg\" \/>\n\t<meta property=\"og:image:width\" content=\"700\" \/>\n\t<meta property=\"og:image:height\" content=\"700\" \/>\n\t<meta property=\"og:image:type\" content=\"image\/jpeg\" \/>\n<meta name=\"author\" content=\"admin\" \/>\n<meta name=\"twitter:card\" content=\"summary_large_image\" \/>\n<meta name=\"twitter:label1\" content=\"Yazan:\" \/>\n\t<meta name=\"twitter:data1\" content=\"admin\" \/>\n<script type=\"application\/ld+json\" class=\"yoast-schema-graph\">{\"@context\":\"https:\\\/\\\/schema.org\",\"@graph\":[{\"@type\":\"Article\",\"@id\":\"https:\\\/\\\/kibrisdakik.com\\\/?p=7737#article\",\"isPartOf\":{\"@id\":\"https:\\\/\\\/kibrisdakik.com\\\/?p=7737\"},\"author\":{\"name\":\"admin\",\"@id\":\"https:\\\/\\\/kibrisdakik.com\\\/#\\\/schema\\\/person\\\/9cd9d437bbb44f72b73ba127e06d8e79\"},\"headline\":\"Alayk\u00f6y-Kanl\u0131k\u00f6y kav\u015fa\u011f\u0131ndaki kameralar\u0131n h\u0131z limitleri yar\u0131ndan itibaren 50 km\\\/saate d\u00fc\u015fecek\",\"datePublished\":\"2023-05-28T12:00:18+00:00\",\"mainEntityOfPage\":{\"@id\":\"https:\\\/\\\/kibrisdakik.com\\\/?p=7737\"},\"wordCount\":101,\"commentCount\":0,\"image\":{\"@id\":\"https:\\\/\\\/kibrisdakik.com\\\/?p=7737#primaryimage\"},\"thumbnailUrl\":\"https:\\\/\\\/kibrisdakik.com\\\/wp-content\\\/uploads\\\/2023\\\/05\\\/50-km-hiz-700x420.jpg\",\"articleSection\":[\"G\u00fcndem\"],\"inLanguage\":\"tr\",\"potentialAction\":[{\"@type\":\"CommentAction\",\"name\":\"Comment\",\"target\":[\"https:\\\/\\\/kibrisdakik.com\\\/?p=7737#respond\"]}]},{\"@type\":\"WebPage\",\"@id\":\"https:\\\/\\\/kibrisdakik.com\\\/?p=7737\",\"url\":\"https:\\\/\\\/kibrisdakik.com\\\/?p=7737\",\"name\":\"Alayk\u00f6y-Kanl\u0131k\u00f6y kav\u015fa\u011f\u0131ndaki kameralar\u0131n h\u0131z limitleri yar\u0131ndan itibaren 50 km\\\/saate d\u00fc\u015fecek -\",\"isPartOf\":{\"@id\":\"https:\\\/\\\/kibrisdakik.com\\\/#website\"},\"primaryImageOfPage\":{\"@id\":\"https:\\\/\\\/kibrisdakik.com\\\/?p=7737#primaryimage\"},\"image\":{\"@id\":\"https:\\\/\\\/kibrisdakik.com\\\/?p=7737#primaryimage\"},\"thumbnailUrl\":\"https:\\\/\\\/kibrisdakik.com\\\/wp-content\\\/uploads\\\/2023\\\/05\\\/50-km-hiz-700x420.jpg\",\"datePublished\":\"2023-05-28T12:00:18+00:00\",\"author\":{\"@id\":\"https:\\\/\\\/kibrisdakik.com\\\/#\\\/schema\\\/person\\\/9cd9d437bbb44f72b73ba127e06d8e79\"},\"breadcrumb\":{\"@id\":\"https:\\\/\\\/kibrisdakik.com\\\/?p=7737#breadcrumb\"},\"inLanguage\":\"tr\",\"potentialAction\":[{\"@type\":\"ReadAction\",\"target\":[\"https:\\\/\\\/kibrisdakik.com\\\/?p=7737\"]}]},{\"@type\":\"ImageObject\",\"inLanguage\":\"tr\",\"@id\":\"https:\\\/\\\/kibrisdakik.com\\\/?p=7737#primaryimage\",\"url\":\"https:\\\/\\\/kibrisdakik.com\\\/wp-content\\\/uploads\\\/2023\\\/05\\\/50-km-hiz-700x420.jpg\",\"contentUrl\":\"https:\\\/\\\/kibrisdakik.com\\\/wp-content\\\/uploads\\\/2023\\\/05\\\/50-km-hiz-700x420.jpg\",\"width\":700,\"height\":700},{\"@type\":\"BreadcrumbList\",\"@id\":\"https:\\\/\\\/kibrisdakik.com\\\/?p=7737#breadcrumb\",\"itemListElement\":[{\"@type\":\"ListItem\",\"position\":1,\"name\":\"Home\",\"item\":\"https:\\\/\\\/kibrisdakik.com\\\/\"},{\"@type\":\"ListItem\",\"position\":2,\"name\":\"Alayk\u00f6y-Kanl\u0131k\u00f6y kav\u015fa\u011f\u0131ndaki kameralar\u0131n h\u0131z limitleri yar\u0131ndan itibaren 50 km\\\/saate d\u00fc\u015fecek\"}]},{\"@type\":\"WebSite\",\"@id\":\"https:\\\/\\\/kibrisdakik.com\\\/#website\",\"url\":\"https:\\\/\\\/kibrisdakik.com\\\/\",\"name\":\"\",\"description\":\"Tam vaktinde haber\",\"potentialAction\":[{\"@type\":\"SearchAction\",\"target\":{\"@type\":\"EntryPoint\",\"urlTemplate\":\"https:\\\/\\\/kibrisdakik.com\\\/?s={search_term_string}\"},\"query-input\":{\"@type\":\"PropertyValueSpecification\",\"valueRequired\":true,\"valueName\":\"search_term_string\"}}],\"inLanguage\":\"tr\"},{\"@type\":\"Person\",\"@id\":\"https:\\\/\\\/kibrisdakik.com\\\/#\\\/schema\\\/person\\\/9cd9d437bbb44f72b73ba127e06d8e79\",\"name\":\"admin\",\"image\":{\"@type\":\"ImageObject\",\"inLanguage\":\"tr\",\"@id\":\"https:\\\/\\\/secure.gravatar.com\\\/avatar\\\/ccc17943b9d660506c869530f897617f7cb1c21a4bf30023f252596d83e1f007?s=96&d=mm&r=g\",\"url\":\"https:\\\/\\\/secure.gravatar.com\\\/avatar\\\/ccc17943b9d660506c869530f897617f7cb1c21a4bf30023f252596d83e1f007?s=96&d=mm&r=g\",\"contentUrl\":\"https:\\\/\\\/secure.gravatar.com\\\/avatar\\\/ccc17943b9d660506c869530f897617f7cb1c21a4bf30023f252596d83e1f007?s=96&d=mm&r=g\",\"caption\":\"admin\"},\"sameAs\":[\"https:\\\/\\\/kibrisdakik.com\"],\"url\":\"https:\\\/\\\/kibrisdakik.com\\\/?author=1\"}]}<\/script>\n<!-- \/ Yoast SEO plugin. -->","yoast_head_json":{"title":"Alayk\u00f6y-Kanl\u0131k\u00f6y kav\u015fa\u011f\u0131ndaki kameralar\u0131n h\u0131z limitleri yar\u0131ndan itibaren 50 km\/saate d\u00fc\u015fecek -","robots":{"index":"index","follow":"follow","max-snippet":"max-snippet:-1","max-image-preview":"max-image-preview:large","max-video-preview":"max-video-preview:-1"},"canonical":"https:\/\/kibrisdakik.com\/?p=7737","og_locale":"tr_TR","og_type":"article","og_title":"Alayk\u00f6y-Kanl\u0131k\u00f6y kav\u015fa\u011f\u0131ndaki kameralar\u0131n h\u0131z limitleri yar\u0131ndan itibaren 50 km\/saate d\u00fc\u015fecek -","og_description":"G\u00fczelyurt- Lefko\u015fa ana yolu Alayk\u00f6y- Kanl\u0131k\u00f6y ayr\u0131m\u0131nda bulunan kav\u015faktaki iki sabit g\u00f6r\u00fcnt\u00fcl\u00fc h\u0131z tespit kameras\u0131n\u0131n maksimum h\u0131z limitleri 65 km\/saatten 50 km\/saate d\u00fc\u015f\u00fcr\u00fcl\u00fcyor. Bay\u0131nd\u0131rl\u0131k ve Ula\u015ft\u0131rma Bakanl\u0131\u011f\u0131 Trafik Dairesi M\u00fcd\u00fcrl\u00fc\u011f\u00fc\u2019nden yap\u0131lan a\u00e7\u0131klamaya g\u00f6re, yeni h\u0131z limitleri, yar\u0131ndan itibaren devreye girecek. A\u00e7\u0131klamada, s\u00fcr\u00fcc\u00fclerin h\u0131z limitlerine uymalar\u0131 istendi. \u00a0","og_url":"https:\/\/kibrisdakik.com\/?p=7737","article_published_time":"2023-05-28T12:00:18+00:00","og_image":[{"width":700,"height":700,"url":"https:\/\/kibrisdakik.com\/wp-content\/uploads\/2023\/05\/50-km-hiz-700x420.jpg","type":"image\/jpeg"}],"author":"admin","twitter_card":"summary_large_image","twitter_misc":{"Yazan:":"admin"},"schema":{"@context":"https:\/\/schema.org","@graph":[{"@type":"Article","@id":"https:\/\/kibrisdakik.com\/?p=7737#article","isPartOf":{"@id":"https:\/\/kibrisdakik.com\/?p=7737"},"author":{"name":"admin","@id":"https:\/\/kibrisdakik.com\/#\/schema\/person\/9cd9d437bbb44f72b73ba127e06d8e79"},"headline":"Alayk\u00f6y-Kanl\u0131k\u00f6y kav\u015fa\u011f\u0131ndaki kameralar\u0131n h\u0131z limitleri yar\u0131ndan itibaren 50 km\/saate d\u00fc\u015fecek","datePublished":"2023-05-28T12:00:18+00:00","mainEntityOfPage":{"@id":"https:\/\/kibrisdakik.com\/?p=7737"},"wordCount":101,"commentCount":0,"image":{"@id":"https:\/\/kibrisdakik.com\/?p=7737#primaryimage"},"thumbnailUrl":"https:\/\/kibrisdakik.com\/wp-content\/uploads\/2023\/05\/50-km-hiz-700x420.jpg","articleSection":["G\u00fcndem"],"inLanguage":"tr","potentialAction":[{"@type":"CommentAction","name":"Comment","target":["https:\/\/kibrisdakik.com\/?p=7737#respond"]}]},{"@type":"WebPage","@id":"https:\/\/kibrisdakik.com\/?p=7737","url":"https:\/\/kibrisdakik.com\/?p=7737","name":"Alayk\u00f6y-Kanl\u0131k\u00f6y kav\u015fa\u011f\u0131ndaki kameralar\u0131n h\u0131z limitleri yar\u0131ndan itibaren 50 km\/saate d\u00fc\u015fecek -","isPartOf":{"@id":"https:\/\/kibrisdakik.com\/#website"},"primaryImageOfPage":{"@id":"https:\/\/kibrisdakik.com\/?p=7737#primaryimage"},"image":{"@id":"https:\/\/kibrisdakik.com\/?p=7737#primaryimage"},"thumbnailUrl":"https:\/\/kibrisdakik.com\/wp-content\/uploads\/2023\/05\/50-km-hiz-700x420.jpg","datePublished":"2023-05-28T12:00:18+00:00","author":{"@id":"https:\/\/kibrisdakik.com\/#\/schema\/person\/9cd9d437bbb44f72b73ba127e06d8e79"},"breadcrumb":{"@id":"https:\/\/kibrisdakik.com\/?p=7737#breadcrumb"},"inLanguage":"tr","potentialAction":[{"@type":"ReadAction","target":["https:\/\/kibrisdakik.com\/?p=7737"]}]},{"@type":"ImageObject","inLanguage":"tr","@id":"https:\/\/kibrisdakik.com\/?p=7737#primaryimage","url":"https:\/\/kibrisdakik.com\/wp-content\/uploads\/2023\/05\/50-km-hiz-700x420.jpg","contentUrl":"https:\/\/kibrisdakik.com\/wp-content\/uploads\/2023\/05\/50-km-hiz-700x420.jpg","width":700,"height":700},{"@type":"BreadcrumbList","@id":"https:\/\/kibrisdakik.com\/?p=7737#breadcrumb","itemListElement":[{"@type":"ListItem","position":1,"name":"Home","item":"https:\/\/kibrisdakik.com\/"},{"@type":"ListItem","position":2,"name":"Alayk\u00f6y-Kanl\u0131k\u00f6y kav\u015fa\u011f\u0131ndaki kameralar\u0131n h\u0131z limitleri yar\u0131ndan itibaren 50 km\/saate d\u00fc\u015fecek"}]},{"@type":"WebSite","@id":"https:\/\/kibrisdakik.com\/#website","url":"https:\/\/kibrisdakik.com\/","name":"","description":"Tam vaktinde haber","potentialAction":[{"@type":"SearchAction","target":{"@type":"EntryPoint","urlTemplate":"https:\/\/kibrisdakik.com\/?s={search_term_string}"},"query-input":{"@type":"PropertyValueSpecification","valueRequired":true,"valueName":"search_term_string"}}],"inLanguage":"tr"},{"@type":"Person","@id":"https:\/\/kibrisdakik.com\/#\/schema\/person\/9cd9d437bbb44f72b73ba127e06d8e79","name":"admin","image":{"@type":"ImageObject","inLanguage":"tr","@id":"https:\/\/secure.gravatar.com\/avatar\/ccc17943b9d660506c869530f897617f7cb1c21a4bf30023f252596d83e1f007?s=96&d=mm&r=g","url":"https:\/\/secure.gravatar.com\/avatar\/ccc17943b9d660506c869530f897617f7cb1c21a4bf30023f252596d83e1f007?s=96&d=mm&r=g","contentUrl":"https:\/\/secure.gravatar.com\/avatar\/ccc17943b9d660506c869530f897617f7cb1c21a4bf30023f252596d83e1f007?s=96&d=mm&r=g","caption":"admin"},"sameAs":["https:\/\/kibrisdakik.com"],"url":"https:\/\/kibrisdakik.com\/?author=1"}]}},"_links":{"self":[{"href":"https:\/\/kibrisdakik.com\/index.php?rest_route=\/wp\/v2\/posts\/7737","targetHints":{"allow":["GET"]}}],"collection":[{"href":"https:\/\/kibrisdakik.com\/index.php?rest_route=\/wp\/v2\/posts"}],"about":[{"href":"https:\/\/kibrisdakik.com\/index.php?rest_route=\/wp\/v2\/types\/post"}],"author":[{"embeddable":true,"href":"https:\/\/kibrisdakik.com\/index.php?rest_route=\/wp\/v2\/users\/1"}],"replies":[{"embeddable":true,"href":"https:\/\/kibrisdakik.com\/index.php?rest_route=%2Fwp%2Fv2%2Fcomments&post=7737"}],"version-history":[{"count":0,"href":"https:\/\/kibrisdakik.com\/index.php?rest_route=\/wp\/v2\/posts\/7737\/revisions"}],"wp:featuredmedia":[{"embeddable":true,"href":"https:\/\/kibrisdakik.com\/index.php?rest_route=\/wp\/v2\/media\/7738"}],"wp:attachment":[{"href":"https:\/\/kibrisdakik.com\/index.php?rest_route=%2Fwp%2Fv2%2Fmedia&parent=7737"}],"wp:term":[{"taxonomy":"category","embeddable":true,"href":"https:\/\/kibrisdakik.com\/index.php?rest_route=%2Fwp%2Fv2%2Fcategories&post=7737"},{"taxonomy":"post_tag","embeddable":true,"href":"https:\/\/kibrisdakik.com\/index.php?rest_route=%2Fwp%2Fv2%2Ftags&post=7737"}],"curies":[{"name":"wp","href":"https:\/\/api.w.org\/{rel}","templated":true}]}}