{"id":77376,"date":"2025-03-09T14:26:08","date_gmt":"2025-03-09T11:26:08","guid":{"rendered":"https:\/\/kibrisdakik.com\/index.php\/2025\/03\/09\/basbakan-ustelden-irsen-kucuku-anma-mesaji\/"},"modified":"2025-03-09T14:26:08","modified_gmt":"2025-03-09T11:26:08","slug":"basbakan-ustelden-irsen-kucuku-anma-mesaji","status":"publish","type":"post","link":"https:\/\/kibrisdakik.com\/?p=77376","title":{"rendered":"Ba\u015fbakan \u00dcstel\u2019den \u0130rsen K\u00fc\u00e7\u00fck\u2019\u00fc anma mesaj\u0131"},"content":{"rendered":"<div>\n<div class=\"mariselle-image-container none\">\n                                            <\/div>\n<p>Ba\u015fbakan \u00dcnal \u00dcstel, merhum ba\u015fbakan \u0130rsen K\u00fc\u00e7\u00fck\u2019\u00fcn \u201c\u00fclkenin ekonomik ve sosyal geli\u015fimi i\u00e7in \u00f6nemli projelere imza atan ve K\u0131br\u0131s T\u00fcrk halk\u0131n\u0131n hak ve menfaatlerini korumak, devletin kalk\u0131nmas\u0131n\u0131 sa\u011flamak i\u00e7in b\u00fcy\u00fck bir \u00f6zveriyle \u00e7al\u0131\u015fan bir devlet adam\u0131 oldu\u011funu\u201d belirtti.<\/p>\n<p>Ba\u015fbakan \u00dcstel, merhum Ba\u015fbakan \u0130rsen K\u00fc\u00e7\u00fck\u2019\u00fcn \u00f6l\u00fcm\u00fcn\u00fcn 6. y\u0131l d\u00f6n\u00fcm\u00fc dolay\u0131s\u0131yla mesaj yay\u0131mlad\u0131.<\/p>\n<p>\u00dcstel\u2019in anma mesaj\u0131nda \u015fu ifadelere yer verildi:<\/p>\n<p>\u201cKuzey K\u0131br\u0131s T\u00fcrk Cumhuriyeti\u2019nin de\u011ferli devlet adamlar\u0131ndan, eski ba\u015fbakanlar\u0131m\u0131zdan ve Ulusal Birlik Partisi\u2019nin eski genel ba\u015fkanlar\u0131ndan \u0130rsen K\u00fc\u00e7\u00fck\u2019\u00fc vefat\u0131n\u0131n alt\u0131nc\u0131 y\u0131l\u0131nda sayg\u0131, \u00f6zlem ve rahmetle an\u0131yoruz.<\/p>\n<p>Siyasi ya\u015fam\u0131 boyunca halk\u0131m\u0131za hizmet etmeyi kendine \u015fiar edinen, \u00fclkemizin ekonomik ve sosyal geli\u015fimi i\u00e7in \u00f6nemli projelere imza atan \u0130rsen K\u00fc\u00e7\u00fck, K\u0131br\u0131s T\u00fcrk halk\u0131n\u0131n hak ve menfaatlerini korumak, devletimizin kalk\u0131nmas\u0131n\u0131 sa\u011flamak ve Ulusal Birlik Partisi\u2019nin vizyonunu ileri ta\u015f\u0131mak i\u00e7in b\u00fcy\u00fck bir \u00f6zveriyle \u00e7al\u0131\u015fm\u0131\u015ft\u0131r.<\/p>\n<p>Halk\u0131m\u0131z\u0131n refah\u0131 i\u00e7in att\u0131\u011f\u0131 ad\u0131mlar, devletimize ve partimize yapt\u0131\u011f\u0131 katk\u0131lar asla unutulmayacakt\u0131r.<\/p>\n<p>K\u0131br\u0131s T\u00fcrk siyasi tarihinde devlet adaml\u0131\u011f\u0131, genel ba\u015fkanl\u0131k ve ba\u015fbakanl\u0131\u011f\u0131n\u0131n yan\u0131 s\u0131ra, kucaklay\u0131c\u0131 tavr\u0131 ve abili\u011fiyle bizlerde unutulmaz izler b\u0131rakan merhum \u0130rsen K\u00fc\u00e7\u00fck\u2019\u00fc vefat\u0131n\u0131n y\u0131l d\u00f6n\u00fcm\u00fcnde sayg\u0131, rahmet ve minnetle an\u0131yor; ailesine ve sevenlerine sab\u0131r diliyorum.\u201d<\/p>\n<\/p><\/div>\n<p><script async\n                    defer\n                    crossorigin=\"anonymous\"\n                    src=\"https:\/\/connect.facebook.net\/tr_TR\/sdk.js#xfbml=1&#038;version=v3.3\"\n            ><\/script><\/p>\n","protected":false},"excerpt":{"rendered":"<p>Ba\u015fbakan \u00dcnal \u00dcstel, merhum ba\u015fbakan \u0130rsen K\u00fc\u00e7\u00fck\u2019\u00fcn \u201c\u00fclkenin ekonomik ve sosyal geli\u015fimi i\u00e7in \u00f6nemli projelere imza atan ve K\u0131br\u0131s T\u00fcrk halk\u0131n\u0131n hak ve menfaatlerini korumak, devletin kalk\u0131nmas\u0131n\u0131 sa\u011flamak i\u00e7in b\u00fcy\u00fck bir \u00f6zveriyle \u00e7al\u0131\u015fan bir devlet adam\u0131 oldu\u011funu\u201d belirtti. Ba\u015fbakan \u00dcstel, merhum Ba\u015fbakan \u0130rsen K\u00fc\u00e7\u00fck\u2019\u00fcn \u00f6l\u00fcm\u00fcn\u00fcn 6. y\u0131l d\u00f6n\u00fcm\u00fc dolay\u0131s\u0131yla mesaj yay\u0131mlad\u0131. \u00dcstel\u2019in anma mesaj\u0131nda \u015fu<\/p>\n","protected":false},"author":1,"featured_media":77377,"comment_status":"open","ping_status":"open","sticky":false,"template":"","format":"standard","meta":{"footnotes":""},"categories":[81,101],"tags":[],"class_list":["post-77376","post","type-post","status-publish","format-standard","has-post-thumbnail","hentry","category-kibris","category-manset"],"yoast_head":"<!-- This site is optimized with the Yoast SEO plugin v27.5 - https:\/\/yoast.com\/product\/yoast-seo-wordpress\/ -->\n<title>Ba\u015fbakan \u00dcstel\u2019den \u0130rsen K\u00fc\u00e7\u00fck\u2019\u00fc anma mesaj\u0131 -<\/title>\n<meta name=\"robots\" content=\"index, follow, max-snippet:-1, max-image-preview:large, max-video-preview:-1\" \/>\n<link rel=\"canonical\" href=\"https:\/\/kibrisdakik.com\/?p=77376\" \/>\n<meta property=\"og:locale\" content=\"tr_TR\" \/>\n<meta property=\"og:type\" content=\"article\" \/>\n<meta property=\"og:title\" content=\"Ba\u015fbakan \u00dcstel\u2019den \u0130rsen K\u00fc\u00e7\u00fck\u2019\u00fc anma mesaj\u0131 -\" \/>\n<meta property=\"og:description\" content=\"Ba\u015fbakan \u00dcnal \u00dcstel, merhum ba\u015fbakan \u0130rsen K\u00fc\u00e7\u00fck\u2019\u00fcn \u201c\u00fclkenin ekonomik ve sosyal geli\u015fimi i\u00e7in \u00f6nemli projelere imza atan ve K\u0131br\u0131s T\u00fcrk halk\u0131n\u0131n hak ve menfaatlerini korumak, devletin kalk\u0131nmas\u0131n\u0131 sa\u011flamak i\u00e7in b\u00fcy\u00fck bir \u00f6zveriyle \u00e7al\u0131\u015fan bir devlet adam\u0131 oldu\u011funu\u201d belirtti. Ba\u015fbakan \u00dcstel, merhum Ba\u015fbakan \u0130rsen K\u00fc\u00e7\u00fck\u2019\u00fcn \u00f6l\u00fcm\u00fcn\u00fcn 6. y\u0131l d\u00f6n\u00fcm\u00fc dolay\u0131s\u0131yla mesaj yay\u0131mlad\u0131. \u00dcstel\u2019in anma mesaj\u0131nda \u015fu\" \/>\n<meta property=\"og:url\" content=\"https:\/\/kibrisdakik.com\/?p=77376\" \/>\n<meta property=\"article:published_time\" content=\"2025-03-09T11:26:08+00:00\" \/>\n<meta property=\"og:image\" content=\"https:\/\/kibrisdakik.com\/wp-content\/uploads\/2025\/03\/BASBAKAN-UNAL-USTEL-ACIKLAMA-740x420.jpg\" \/>\n\t<meta property=\"og:image:width\" content=\"1080\" \/>\n\t<meta property=\"og:image:height\" content=\"894\" \/>\n\t<meta property=\"og:image:type\" content=\"image\/jpeg\" \/>\n<meta name=\"author\" content=\"admin\" \/>\n<meta name=\"twitter:card\" content=\"summary_large_image\" \/>\n<meta name=\"twitter:label1\" content=\"Yazan:\" \/>\n\t<meta name=\"twitter:data1\" content=\"admin\" \/>\n\t<meta name=\"twitter:label2\" content=\"Tahmini okuma s\u00fcresi\" \/>\n\t<meta name=\"twitter:data2\" content=\"1 dakika\" \/>\n<script type=\"application\/ld+json\" class=\"yoast-schema-graph\">{\"@context\":\"https:\\\/\\\/schema.org\",\"@graph\":[{\"@type\":\"Article\",\"@id\":\"https:\\\/\\\/kibrisdakik.com\\\/?p=77376#article\",\"isPartOf\":{\"@id\":\"https:\\\/\\\/kibrisdakik.com\\\/?p=77376\"},\"author\":{\"name\":\"admin\",\"@id\":\"https:\\\/\\\/kibrisdakik.com\\\/#\\\/schema\\\/person\\\/9cd9d437bbb44f72b73ba127e06d8e79\"},\"headline\":\"Ba\u015fbakan \u00dcstel\u2019den \u0130rsen K\u00fc\u00e7\u00fck\u2019\u00fc anma mesaj\u0131\",\"datePublished\":\"2025-03-09T11:26:08+00:00\",\"mainEntityOfPage\":{\"@id\":\"https:\\\/\\\/kibrisdakik.com\\\/?p=77376\"},\"wordCount\":286,\"commentCount\":0,\"image\":{\"@id\":\"https:\\\/\\\/kibrisdakik.com\\\/?p=77376#primaryimage\"},\"thumbnailUrl\":\"https:\\\/\\\/kibrisdakik.com\\\/wp-content\\\/uploads\\\/2025\\\/03\\\/BASBAKAN-UNAL-USTEL-ACIKLAMA-740x420.jpg\",\"articleSection\":[\"K\u0131br\u0131s\",\"Man\u015fet\"],\"inLanguage\":\"tr\",\"potentialAction\":[{\"@type\":\"CommentAction\",\"name\":\"Comment\",\"target\":[\"https:\\\/\\\/kibrisdakik.com\\\/?p=77376#respond\"]}]},{\"@type\":\"WebPage\",\"@id\":\"https:\\\/\\\/kibrisdakik.com\\\/?p=77376\",\"url\":\"https:\\\/\\\/kibrisdakik.com\\\/?p=77376\",\"name\":\"Ba\u015fbakan \u00dcstel\u2019den \u0130rsen K\u00fc\u00e7\u00fck\u2019\u00fc anma mesaj\u0131 -\",\"isPartOf\":{\"@id\":\"https:\\\/\\\/kibrisdakik.com\\\/#website\"},\"primaryImageOfPage\":{\"@id\":\"https:\\\/\\\/kibrisdakik.com\\\/?p=77376#primaryimage\"},\"image\":{\"@id\":\"https:\\\/\\\/kibrisdakik.com\\\/?p=77376#primaryimage\"},\"thumbnailUrl\":\"https:\\\/\\\/kibrisdakik.com\\\/wp-content\\\/uploads\\\/2025\\\/03\\\/BASBAKAN-UNAL-USTEL-ACIKLAMA-740x420.jpg\",\"datePublished\":\"2025-03-09T11:26:08+00:00\",\"author\":{\"@id\":\"https:\\\/\\\/kibrisdakik.com\\\/#\\\/schema\\\/person\\\/9cd9d437bbb44f72b73ba127e06d8e79\"},\"breadcrumb\":{\"@id\":\"https:\\\/\\\/kibrisdakik.com\\\/?p=77376#breadcrumb\"},\"inLanguage\":\"tr\",\"potentialAction\":[{\"@type\":\"ReadAction\",\"target\":[\"https:\\\/\\\/kibrisdakik.com\\\/?p=77376\"]}]},{\"@type\":\"ImageObject\",\"inLanguage\":\"tr\",\"@id\":\"https:\\\/\\\/kibrisdakik.com\\\/?p=77376#primaryimage\",\"url\":\"https:\\\/\\\/kibrisdakik.com\\\/wp-content\\\/uploads\\\/2025\\\/03\\\/BASBAKAN-UNAL-USTEL-ACIKLAMA-740x420.jpg\",\"contentUrl\":\"https:\\\/\\\/kibrisdakik.com\\\/wp-content\\\/uploads\\\/2025\\\/03\\\/BASBAKAN-UNAL-USTEL-ACIKLAMA-740x420.jpg\",\"width\":1080,\"height\":894},{\"@type\":\"BreadcrumbList\",\"@id\":\"https:\\\/\\\/kibrisdakik.com\\\/?p=77376#breadcrumb\",\"itemListElement\":[{\"@type\":\"ListItem\",\"position\":1,\"name\":\"Home\",\"item\":\"https:\\\/\\\/kibrisdakik.com\\\/\"},{\"@type\":\"ListItem\",\"position\":2,\"name\":\"Ba\u015fbakan \u00dcstel\u2019den \u0130rsen K\u00fc\u00e7\u00fck\u2019\u00fc anma mesaj\u0131\"}]},{\"@type\":\"WebSite\",\"@id\":\"https:\\\/\\\/kibrisdakik.com\\\/#website\",\"url\":\"https:\\\/\\\/kibrisdakik.com\\\/\",\"name\":\"\",\"description\":\"Tam vaktinde haber\",\"potentialAction\":[{\"@type\":\"SearchAction\",\"target\":{\"@type\":\"EntryPoint\",\"urlTemplate\":\"https:\\\/\\\/kibrisdakik.com\\\/?s={search_term_string}\"},\"query-input\":{\"@type\":\"PropertyValueSpecification\",\"valueRequired\":true,\"valueName\":\"search_term_string\"}}],\"inLanguage\":\"tr\"},{\"@type\":\"Person\",\"@id\":\"https:\\\/\\\/kibrisdakik.com\\\/#\\\/schema\\\/person\\\/9cd9d437bbb44f72b73ba127e06d8e79\",\"name\":\"admin\",\"image\":{\"@type\":\"ImageObject\",\"inLanguage\":\"tr\",\"@id\":\"https:\\\/\\\/secure.gravatar.com\\\/avatar\\\/ccc17943b9d660506c869530f897617f7cb1c21a4bf30023f252596d83e1f007?s=96&d=mm&r=g\",\"url\":\"https:\\\/\\\/secure.gravatar.com\\\/avatar\\\/ccc17943b9d660506c869530f897617f7cb1c21a4bf30023f252596d83e1f007?s=96&d=mm&r=g\",\"contentUrl\":\"https:\\\/\\\/secure.gravatar.com\\\/avatar\\\/ccc17943b9d660506c869530f897617f7cb1c21a4bf30023f252596d83e1f007?s=96&d=mm&r=g\",\"caption\":\"admin\"},\"sameAs\":[\"https:\\\/\\\/kibrisdakik.com\"],\"url\":\"https:\\\/\\\/kibrisdakik.com\\\/?author=1\"}]}<\/script>\n<!-- \/ Yoast SEO plugin. -->","yoast_head_json":{"title":"Ba\u015fbakan \u00dcstel\u2019den \u0130rsen K\u00fc\u00e7\u00fck\u2019\u00fc anma mesaj\u0131 -","robots":{"index":"index","follow":"follow","max-snippet":"max-snippet:-1","max-image-preview":"max-image-preview:large","max-video-preview":"max-video-preview:-1"},"canonical":"https:\/\/kibrisdakik.com\/?p=77376","og_locale":"tr_TR","og_type":"article","og_title":"Ba\u015fbakan \u00dcstel\u2019den \u0130rsen K\u00fc\u00e7\u00fck\u2019\u00fc anma mesaj\u0131 -","og_description":"Ba\u015fbakan \u00dcnal \u00dcstel, merhum ba\u015fbakan \u0130rsen K\u00fc\u00e7\u00fck\u2019\u00fcn \u201c\u00fclkenin ekonomik ve sosyal geli\u015fimi i\u00e7in \u00f6nemli projelere imza atan ve K\u0131br\u0131s T\u00fcrk halk\u0131n\u0131n hak ve menfaatlerini korumak, devletin kalk\u0131nmas\u0131n\u0131 sa\u011flamak i\u00e7in b\u00fcy\u00fck bir \u00f6zveriyle \u00e7al\u0131\u015fan bir devlet adam\u0131 oldu\u011funu\u201d belirtti. Ba\u015fbakan \u00dcstel, merhum Ba\u015fbakan \u0130rsen K\u00fc\u00e7\u00fck\u2019\u00fcn \u00f6l\u00fcm\u00fcn\u00fcn 6. y\u0131l d\u00f6n\u00fcm\u00fc dolay\u0131s\u0131yla mesaj yay\u0131mlad\u0131. \u00dcstel\u2019in anma mesaj\u0131nda \u015fu","og_url":"https:\/\/kibrisdakik.com\/?p=77376","article_published_time":"2025-03-09T11:26:08+00:00","og_image":[{"width":1080,"height":894,"url":"https:\/\/kibrisdakik.com\/wp-content\/uploads\/2025\/03\/BASBAKAN-UNAL-USTEL-ACIKLAMA-740x420.jpg","type":"image\/jpeg"}],"author":"admin","twitter_card":"summary_large_image","twitter_misc":{"Yazan:":"admin","Tahmini okuma s\u00fcresi":"1 dakika"},"schema":{"@context":"https:\/\/schema.org","@graph":[{"@type":"Article","@id":"https:\/\/kibrisdakik.com\/?p=77376#article","isPartOf":{"@id":"https:\/\/kibrisdakik.com\/?p=77376"},"author":{"name":"admin","@id":"https:\/\/kibrisdakik.com\/#\/schema\/person\/9cd9d437bbb44f72b73ba127e06d8e79"},"headline":"Ba\u015fbakan \u00dcstel\u2019den \u0130rsen K\u00fc\u00e7\u00fck\u2019\u00fc anma mesaj\u0131","datePublished":"2025-03-09T11:26:08+00:00","mainEntityOfPage":{"@id":"https:\/\/kibrisdakik.com\/?p=77376"},"wordCount":286,"commentCount":0,"image":{"@id":"https:\/\/kibrisdakik.com\/?p=77376#primaryimage"},"thumbnailUrl":"https:\/\/kibrisdakik.com\/wp-content\/uploads\/2025\/03\/BASBAKAN-UNAL-USTEL-ACIKLAMA-740x420.jpg","articleSection":["K\u0131br\u0131s","Man\u015fet"],"inLanguage":"tr","potentialAction":[{"@type":"CommentAction","name":"Comment","target":["https:\/\/kibrisdakik.com\/?p=77376#respond"]}]},{"@type":"WebPage","@id":"https:\/\/kibrisdakik.com\/?p=77376","url":"https:\/\/kibrisdakik.com\/?p=77376","name":"Ba\u015fbakan \u00dcstel\u2019den \u0130rsen K\u00fc\u00e7\u00fck\u2019\u00fc anma mesaj\u0131 -","isPartOf":{"@id":"https:\/\/kibrisdakik.com\/#website"},"primaryImageOfPage":{"@id":"https:\/\/kibrisdakik.com\/?p=77376#primaryimage"},"image":{"@id":"https:\/\/kibrisdakik.com\/?p=77376#primaryimage"},"thumbnailUrl":"https:\/\/kibrisdakik.com\/wp-content\/uploads\/2025\/03\/BASBAKAN-UNAL-USTEL-ACIKLAMA-740x420.jpg","datePublished":"2025-03-09T11:26:08+00:00","author":{"@id":"https:\/\/kibrisdakik.com\/#\/schema\/person\/9cd9d437bbb44f72b73ba127e06d8e79"},"breadcrumb":{"@id":"https:\/\/kibrisdakik.com\/?p=77376#breadcrumb"},"inLanguage":"tr","potentialAction":[{"@type":"ReadAction","target":["https:\/\/kibrisdakik.com\/?p=77376"]}]},{"@type":"ImageObject","inLanguage":"tr","@id":"https:\/\/kibrisdakik.com\/?p=77376#primaryimage","url":"https:\/\/kibrisdakik.com\/wp-content\/uploads\/2025\/03\/BASBAKAN-UNAL-USTEL-ACIKLAMA-740x420.jpg","contentUrl":"https:\/\/kibrisdakik.com\/wp-content\/uploads\/2025\/03\/BASBAKAN-UNAL-USTEL-ACIKLAMA-740x420.jpg","width":1080,"height":894},{"@type":"BreadcrumbList","@id":"https:\/\/kibrisdakik.com\/?p=77376#breadcrumb","itemListElement":[{"@type":"ListItem","position":1,"name":"Home","item":"https:\/\/kibrisdakik.com\/"},{"@type":"ListItem","position":2,"name":"Ba\u015fbakan \u00dcstel\u2019den \u0130rsen K\u00fc\u00e7\u00fck\u2019\u00fc anma mesaj\u0131"}]},{"@type":"WebSite","@id":"https:\/\/kibrisdakik.com\/#website","url":"https:\/\/kibrisdakik.com\/","name":"","description":"Tam vaktinde haber","potentialAction":[{"@type":"SearchAction","target":{"@type":"EntryPoint","urlTemplate":"https:\/\/kibrisdakik.com\/?s={search_term_string}"},"query-input":{"@type":"PropertyValueSpecification","valueRequired":true,"valueName":"search_term_string"}}],"inLanguage":"tr"},{"@type":"Person","@id":"https:\/\/kibrisdakik.com\/#\/schema\/person\/9cd9d437bbb44f72b73ba127e06d8e79","name":"admin","image":{"@type":"ImageObject","inLanguage":"tr","@id":"https:\/\/secure.gravatar.com\/avatar\/ccc17943b9d660506c869530f897617f7cb1c21a4bf30023f252596d83e1f007?s=96&d=mm&r=g","url":"https:\/\/secure.gravatar.com\/avatar\/ccc17943b9d660506c869530f897617f7cb1c21a4bf30023f252596d83e1f007?s=96&d=mm&r=g","contentUrl":"https:\/\/secure.gravatar.com\/avatar\/ccc17943b9d660506c869530f897617f7cb1c21a4bf30023f252596d83e1f007?s=96&d=mm&r=g","caption":"admin"},"sameAs":["https:\/\/kibrisdakik.com"],"url":"https:\/\/kibrisdakik.com\/?author=1"}]}},"_links":{"self":[{"href":"https:\/\/kibrisdakik.com\/index.php?rest_route=\/wp\/v2\/posts\/77376","targetHints":{"allow":["GET"]}}],"collection":[{"href":"https:\/\/kibrisdakik.com\/index.php?rest_route=\/wp\/v2\/posts"}],"about":[{"href":"https:\/\/kibrisdakik.com\/index.php?rest_route=\/wp\/v2\/types\/post"}],"author":[{"embeddable":true,"href":"https:\/\/kibrisdakik.com\/index.php?rest_route=\/wp\/v2\/users\/1"}],"replies":[{"embeddable":true,"href":"https:\/\/kibrisdakik.com\/index.php?rest_route=%2Fwp%2Fv2%2Fcomments&post=77376"}],"version-history":[{"count":0,"href":"https:\/\/kibrisdakik.com\/index.php?rest_route=\/wp\/v2\/posts\/77376\/revisions"}],"wp:featuredmedia":[{"embeddable":true,"href":"https:\/\/kibrisdakik.com\/index.php?rest_route=\/wp\/v2\/media\/77377"}],"wp:attachment":[{"href":"https:\/\/kibrisdakik.com\/index.php?rest_route=%2Fwp%2Fv2%2Fmedia&parent=77376"}],"wp:term":[{"taxonomy":"category","embeddable":true,"href":"https:\/\/kibrisdakik.com\/index.php?rest_route=%2Fwp%2Fv2%2Fcategories&post=77376"},{"taxonomy":"post_tag","embeddable":true,"href":"https:\/\/kibrisdakik.com\/index.php?rest_route=%2Fwp%2Fv2%2Ftags&post=77376"}],"curies":[{"name":"wp","href":"https:\/\/api.w.org\/{rel}","templated":true}]}}