{"id":77378,"date":"2025-03-09T11:20:00","date_gmt":"2025-03-09T08:20:00","guid":{"rendered":"https:\/\/kibrisdakik.com\/index.php\/2025\/03\/09\/yunus-emre-enstitusunde-8-mart-dunya-kadinlar-gunu-sanat-edebiyat-ve-dayanisma-bulusmasi\/"},"modified":"2025-03-09T11:20:00","modified_gmt":"2025-03-09T08:20:00","slug":"yunus-emre-enstitusunde-8-mart-dunya-kadinlar-gunu-sanat-edebiyat-ve-dayanisma-bulusmasi","status":"publish","type":"post","link":"https:\/\/kibrisdakik.com\/?p=77378","title":{"rendered":"Yunus Emre Enstit\u00fcs\u00fc\u2019nde 8 Mart D\u00fcnya Kad\u0131nlar G\u00fcn\u00fc: Sanat, Edebiyat ve Dayan\u0131\u015fma Bulu\u015fmas\u0131"},"content":{"rendered":"<p> <br \/>\n<\/p>\n<div>\n<div class=\"mariselle-image-container none\">\n                <img loading=\"lazy\" decoding=\"async\" width=\"1280\" height=\"960\" class=\"lazy-image\" alt=\"\" sizes=\"auto, (max-width: 1280px) 100vw, 1280px\" src=\"https:\/\/brtk.net\/wp-content\/uploads\/2025\/03\/09\/1741516305051yunus-3.jpg?ver=07757ed2ef1c68e5f2e3d5a93d7468f1\" srcset=\"https:\/\/brtk.net\/wp-content\/uploads\/2025\/03\/09\/1741516305051yunus-3.jpg?ver=07757ed2ef1c68e5f2e3d5a93d7468f1 1280w, https:\/\/brtk.net\/wp-content\/uploads\/2025\/03\/09\/1741516305051yunus-3-300x225.jpg?ver=07757ed2ef1c68e5f2e3d5a93d7468f1 300w, https:\/\/brtk.net\/wp-content\/uploads\/2025\/03\/09\/1741516305051yunus-3-1024x768.jpg?ver=a1c90e4238042a2ae55e52b611e4db1a 1024w, https:\/\/brtk.net\/wp-content\/uploads\/2025\/03\/09\/1741516305051yunus-3-768x576.jpg?ver=a1c90e4238042a2ae55e52b611e4db1a 768w\"\/>                            <\/div>\n<p>T\u00fcrkiye\u2019nin Lefko\u015fa B\u00fcy\u00fckel\u00e7ili\u011fi E\u011fitim M\u00fc\u015favirli\u011fi, T\u00fcrkiye Cumhuriyeti Gen\u00e7lik ve Spor Bakanl\u0131\u011f\u0131 KKTC Koordinat\u00f6rl\u00fc\u011f\u00fc, Lefko\u015fa Yunus Emre Enstit\u00fcs\u00fc, Lefkara Dergisi ve Damla Derne\u011fi i\u015f birli\u011fiyle, 8 Mart D\u00fcnya Kad\u0131nlar G\u00fcn\u00fc\u2019ne \u00f6zel bir etkinlik d\u00fczenlendi.<\/p>\n<p>Seramik sanat\u00e7\u0131s\u0131 Leman Cankat taraf\u0131ndan ger\u00e7ekle\u015ftirilen kad\u0131nlara \u00f6zel seramik at\u00f6lyesi, kat\u0131l\u0131mc\u0131lara sanat\u0131n iyile\u015ftirici ve birle\u015ftirici g\u00fcc\u00fcn\u00fc deneyimleme f\u0131rsat\u0131 sundu. Workshopun ard\u0131ndan kad\u0131nlar, sanat\u0131n ve edebiyat\u0131n bulu\u015fturdu\u011fu iftar sofras\u0131nda bir araya geldi.<\/p>\n<p>Gecenin en \u00f6zel anlar\u0131ndan biri de \u015eeniz Ak\u015fahinler\u2019in \u015fiir dinletisi oldu.<\/p>\n<p>Sanat\u0131n, edebiyat\u0131n ve payla\u015f\u0131m\u0131n \u00f6n planda oldu\u011fu bu anlaml\u0131 bulu\u015fma, kad\u0131n dayan\u0131\u015fmas\u0131n\u0131 ve yarat\u0131c\u0131l\u0131\u011f\u0131n\u0131 kutlayan bir etkinlik olarak be\u011feni toplad\u0131.<\/p>\n<\/p><\/div>\n<p><script async\n                    defer\n                    crossorigin=\"anonymous\"\n                    src=\"https:\/\/connect.facebook.net\/tr_TR\/sdk.js#xfbml=1&#038;version=v3.3\"\n            ><\/script><br \/>\n<br \/><br \/>\n<br \/><a href=\"https:\/\/brtk.net\/yunus-emre-enstitusunde-8-mart-dunya-kadinlar-gunu-sanat-edebiyat-ve-dayanisma-bulusmasi\/\">kpostasi <\/a><\/p>\n","protected":false},"excerpt":{"rendered":"<p>T\u00fcrkiye\u2019nin Lefko\u015fa B\u00fcy\u00fckel\u00e7ili\u011fi E\u011fitim M\u00fc\u015favirli\u011fi, T\u00fcrkiye Cumhuriyeti Gen\u00e7lik ve Spor Bakanl\u0131\u011f\u0131 KKTC Koordinat\u00f6rl\u00fc\u011f\u00fc, Lefko\u015fa Yunus Emre Enstit\u00fcs\u00fc, Lefkara Dergisi ve Damla Derne\u011fi i\u015f birli\u011fiyle, 8 Mart D\u00fcnya Kad\u0131nlar G\u00fcn\u00fc\u2019ne \u00f6zel bir etkinlik d\u00fczenlendi. Seramik sanat\u00e7\u0131s\u0131 Leman Cankat taraf\u0131ndan ger\u00e7ekle\u015ftirilen kad\u0131nlara \u00f6zel seramik at\u00f6lyesi, kat\u0131l\u0131mc\u0131lara sanat\u0131n iyile\u015ftirici ve birle\u015ftirici g\u00fcc\u00fcn\u00fc deneyimleme f\u0131rsat\u0131 sundu. Workshopun ard\u0131ndan kad\u0131nlar,<\/p>\n","protected":false},"author":1,"featured_media":77379,"comment_status":"open","ping_status":"open","sticky":false,"template":"","format":"standard","meta":{"footnotes":""},"categories":[1,81,101],"tags":[],"class_list":["post-77378","post","type-post","status-publish","format-standard","has-post-thumbnail","hentry","category-gundem","category-kibris","category-manset"],"yoast_head":"<!-- This site is optimized with the Yoast SEO plugin v27.5 - https:\/\/yoast.com\/product\/yoast-seo-wordpress\/ -->\n<title>Yunus Emre Enstit\u00fcs\u00fc\u2019nde 8 Mart D\u00fcnya Kad\u0131nlar G\u00fcn\u00fc: Sanat, Edebiyat ve Dayan\u0131\u015fma Bulu\u015fmas\u0131 -<\/title>\n<meta name=\"robots\" content=\"index, follow, max-snippet:-1, max-image-preview:large, max-video-preview:-1\" \/>\n<link rel=\"canonical\" href=\"https:\/\/kibrisdakik.com\/?p=77378\" \/>\n<meta property=\"og:locale\" content=\"tr_TR\" \/>\n<meta property=\"og:type\" content=\"article\" \/>\n<meta property=\"og:title\" content=\"Yunus Emre Enstit\u00fcs\u00fc\u2019nde 8 Mart D\u00fcnya Kad\u0131nlar G\u00fcn\u00fc: Sanat, Edebiyat ve Dayan\u0131\u015fma Bulu\u015fmas\u0131 -\" \/>\n<meta property=\"og:description\" content=\"T\u00fcrkiye\u2019nin Lefko\u015fa B\u00fcy\u00fckel\u00e7ili\u011fi E\u011fitim M\u00fc\u015favirli\u011fi, T\u00fcrkiye Cumhuriyeti Gen\u00e7lik ve Spor Bakanl\u0131\u011f\u0131 KKTC Koordinat\u00f6rl\u00fc\u011f\u00fc, Lefko\u015fa Yunus Emre Enstit\u00fcs\u00fc, Lefkara Dergisi ve Damla Derne\u011fi i\u015f birli\u011fiyle, 8 Mart D\u00fcnya Kad\u0131nlar G\u00fcn\u00fc\u2019ne \u00f6zel bir etkinlik d\u00fczenlendi. Seramik sanat\u00e7\u0131s\u0131 Leman Cankat taraf\u0131ndan ger\u00e7ekle\u015ftirilen kad\u0131nlara \u00f6zel seramik at\u00f6lyesi, kat\u0131l\u0131mc\u0131lara sanat\u0131n iyile\u015ftirici ve birle\u015ftirici g\u00fcc\u00fcn\u00fc deneyimleme f\u0131rsat\u0131 sundu. Workshopun ard\u0131ndan kad\u0131nlar,\" \/>\n<meta property=\"og:url\" content=\"https:\/\/kibrisdakik.com\/?p=77378\" \/>\n<meta property=\"article:published_time\" content=\"2025-03-09T08:20:00+00:00\" \/>\n<meta property=\"og:image\" content=\"https:\/\/kibrisdakik.com\/wp-content\/uploads\/2025\/03\/1741516305051yunus-3-740x420.jpg\" \/>\n\t<meta property=\"og:image:width\" content=\"1280\" \/>\n\t<meta property=\"og:image:height\" content=\"960\" \/>\n\t<meta property=\"og:image:type\" content=\"image\/jpeg\" \/>\n<meta name=\"author\" content=\"admin\" \/>\n<meta name=\"twitter:card\" content=\"summary_large_image\" \/>\n<meta name=\"twitter:label1\" content=\"Yazan:\" \/>\n\t<meta name=\"twitter:data1\" content=\"admin\" \/>\n\t<meta name=\"twitter:label2\" content=\"Tahmini okuma s\u00fcresi\" \/>\n\t<meta name=\"twitter:data2\" content=\"1 dakika\" \/>\n<script type=\"application\/ld+json\" class=\"yoast-schema-graph\">{\"@context\":\"https:\\\/\\\/schema.org\",\"@graph\":[{\"@type\":\"Article\",\"@id\":\"https:\\\/\\\/kibrisdakik.com\\\/?p=77378#article\",\"isPartOf\":{\"@id\":\"https:\\\/\\\/kibrisdakik.com\\\/?p=77378\"},\"author\":{\"name\":\"admin\",\"@id\":\"https:\\\/\\\/kibrisdakik.com\\\/#\\\/schema\\\/person\\\/9cd9d437bbb44f72b73ba127e06d8e79\"},\"headline\":\"Yunus Emre Enstit\u00fcs\u00fc\u2019nde 8 Mart D\u00fcnya Kad\u0131nlar G\u00fcn\u00fc: Sanat, Edebiyat ve Dayan\u0131\u015fma Bulu\u015fmas\u0131\",\"datePublished\":\"2025-03-09T08:20:00+00:00\",\"mainEntityOfPage\":{\"@id\":\"https:\\\/\\\/kibrisdakik.com\\\/?p=77378\"},\"wordCount\":176,\"commentCount\":0,\"image\":{\"@id\":\"https:\\\/\\\/kibrisdakik.com\\\/?p=77378#primaryimage\"},\"thumbnailUrl\":\"https:\\\/\\\/kibrisdakik.com\\\/wp-content\\\/uploads\\\/2025\\\/03\\\/1741516305051yunus-3-740x420.jpg\",\"articleSection\":[\"G\u00fcndem\",\"K\u0131br\u0131s\",\"Man\u015fet\"],\"inLanguage\":\"tr\",\"potentialAction\":[{\"@type\":\"CommentAction\",\"name\":\"Comment\",\"target\":[\"https:\\\/\\\/kibrisdakik.com\\\/?p=77378#respond\"]}]},{\"@type\":\"WebPage\",\"@id\":\"https:\\\/\\\/kibrisdakik.com\\\/?p=77378\",\"url\":\"https:\\\/\\\/kibrisdakik.com\\\/?p=77378\",\"name\":\"Yunus Emre Enstit\u00fcs\u00fc\u2019nde 8 Mart D\u00fcnya Kad\u0131nlar G\u00fcn\u00fc: Sanat, Edebiyat ve Dayan\u0131\u015fma Bulu\u015fmas\u0131 -\",\"isPartOf\":{\"@id\":\"https:\\\/\\\/kibrisdakik.com\\\/#website\"},\"primaryImageOfPage\":{\"@id\":\"https:\\\/\\\/kibrisdakik.com\\\/?p=77378#primaryimage\"},\"image\":{\"@id\":\"https:\\\/\\\/kibrisdakik.com\\\/?p=77378#primaryimage\"},\"thumbnailUrl\":\"https:\\\/\\\/kibrisdakik.com\\\/wp-content\\\/uploads\\\/2025\\\/03\\\/1741516305051yunus-3-740x420.jpg\",\"datePublished\":\"2025-03-09T08:20:00+00:00\",\"author\":{\"@id\":\"https:\\\/\\\/kibrisdakik.com\\\/#\\\/schema\\\/person\\\/9cd9d437bbb44f72b73ba127e06d8e79\"},\"breadcrumb\":{\"@id\":\"https:\\\/\\\/kibrisdakik.com\\\/?p=77378#breadcrumb\"},\"inLanguage\":\"tr\",\"potentialAction\":[{\"@type\":\"ReadAction\",\"target\":[\"https:\\\/\\\/kibrisdakik.com\\\/?p=77378\"]}]},{\"@type\":\"ImageObject\",\"inLanguage\":\"tr\",\"@id\":\"https:\\\/\\\/kibrisdakik.com\\\/?p=77378#primaryimage\",\"url\":\"https:\\\/\\\/kibrisdakik.com\\\/wp-content\\\/uploads\\\/2025\\\/03\\\/1741516305051yunus-3-740x420.jpg\",\"contentUrl\":\"https:\\\/\\\/kibrisdakik.com\\\/wp-content\\\/uploads\\\/2025\\\/03\\\/1741516305051yunus-3-740x420.jpg\",\"width\":1280,\"height\":960},{\"@type\":\"BreadcrumbList\",\"@id\":\"https:\\\/\\\/kibrisdakik.com\\\/?p=77378#breadcrumb\",\"itemListElement\":[{\"@type\":\"ListItem\",\"position\":1,\"name\":\"Home\",\"item\":\"https:\\\/\\\/kibrisdakik.com\\\/\"},{\"@type\":\"ListItem\",\"position\":2,\"name\":\"Yunus Emre Enstit\u00fcs\u00fc\u2019nde 8 Mart D\u00fcnya Kad\u0131nlar G\u00fcn\u00fc: Sanat, Edebiyat ve Dayan\u0131\u015fma Bulu\u015fmas\u0131\"}]},{\"@type\":\"WebSite\",\"@id\":\"https:\\\/\\\/kibrisdakik.com\\\/#website\",\"url\":\"https:\\\/\\\/kibrisdakik.com\\\/\",\"name\":\"\",\"description\":\"Tam vaktinde haber\",\"potentialAction\":[{\"@type\":\"SearchAction\",\"target\":{\"@type\":\"EntryPoint\",\"urlTemplate\":\"https:\\\/\\\/kibrisdakik.com\\\/?s={search_term_string}\"},\"query-input\":{\"@type\":\"PropertyValueSpecification\",\"valueRequired\":true,\"valueName\":\"search_term_string\"}}],\"inLanguage\":\"tr\"},{\"@type\":\"Person\",\"@id\":\"https:\\\/\\\/kibrisdakik.com\\\/#\\\/schema\\\/person\\\/9cd9d437bbb44f72b73ba127e06d8e79\",\"name\":\"admin\",\"image\":{\"@type\":\"ImageObject\",\"inLanguage\":\"tr\",\"@id\":\"https:\\\/\\\/secure.gravatar.com\\\/avatar\\\/ccc17943b9d660506c869530f897617f7cb1c21a4bf30023f252596d83e1f007?s=96&d=mm&r=g\",\"url\":\"https:\\\/\\\/secure.gravatar.com\\\/avatar\\\/ccc17943b9d660506c869530f897617f7cb1c21a4bf30023f252596d83e1f007?s=96&d=mm&r=g\",\"contentUrl\":\"https:\\\/\\\/secure.gravatar.com\\\/avatar\\\/ccc17943b9d660506c869530f897617f7cb1c21a4bf30023f252596d83e1f007?s=96&d=mm&r=g\",\"caption\":\"admin\"},\"sameAs\":[\"https:\\\/\\\/kibrisdakik.com\"],\"url\":\"https:\\\/\\\/kibrisdakik.com\\\/?author=1\"}]}<\/script>\n<!-- \/ Yoast SEO plugin. -->","yoast_head_json":{"title":"Yunus Emre Enstit\u00fcs\u00fc\u2019nde 8 Mart D\u00fcnya Kad\u0131nlar G\u00fcn\u00fc: Sanat, Edebiyat ve Dayan\u0131\u015fma Bulu\u015fmas\u0131 -","robots":{"index":"index","follow":"follow","max-snippet":"max-snippet:-1","max-image-preview":"max-image-preview:large","max-video-preview":"max-video-preview:-1"},"canonical":"https:\/\/kibrisdakik.com\/?p=77378","og_locale":"tr_TR","og_type":"article","og_title":"Yunus Emre Enstit\u00fcs\u00fc\u2019nde 8 Mart D\u00fcnya Kad\u0131nlar G\u00fcn\u00fc: Sanat, Edebiyat ve Dayan\u0131\u015fma Bulu\u015fmas\u0131 -","og_description":"T\u00fcrkiye\u2019nin Lefko\u015fa B\u00fcy\u00fckel\u00e7ili\u011fi E\u011fitim M\u00fc\u015favirli\u011fi, T\u00fcrkiye Cumhuriyeti Gen\u00e7lik ve Spor Bakanl\u0131\u011f\u0131 KKTC Koordinat\u00f6rl\u00fc\u011f\u00fc, Lefko\u015fa Yunus Emre Enstit\u00fcs\u00fc, Lefkara Dergisi ve Damla Derne\u011fi i\u015f birli\u011fiyle, 8 Mart D\u00fcnya Kad\u0131nlar G\u00fcn\u00fc\u2019ne \u00f6zel bir etkinlik d\u00fczenlendi. Seramik sanat\u00e7\u0131s\u0131 Leman Cankat taraf\u0131ndan ger\u00e7ekle\u015ftirilen kad\u0131nlara \u00f6zel seramik at\u00f6lyesi, kat\u0131l\u0131mc\u0131lara sanat\u0131n iyile\u015ftirici ve birle\u015ftirici g\u00fcc\u00fcn\u00fc deneyimleme f\u0131rsat\u0131 sundu. Workshopun ard\u0131ndan kad\u0131nlar,","og_url":"https:\/\/kibrisdakik.com\/?p=77378","article_published_time":"2025-03-09T08:20:00+00:00","og_image":[{"width":1280,"height":960,"url":"https:\/\/kibrisdakik.com\/wp-content\/uploads\/2025\/03\/1741516305051yunus-3-740x420.jpg","type":"image\/jpeg"}],"author":"admin","twitter_card":"summary_large_image","twitter_misc":{"Yazan:":"admin","Tahmini okuma s\u00fcresi":"1 dakika"},"schema":{"@context":"https:\/\/schema.org","@graph":[{"@type":"Article","@id":"https:\/\/kibrisdakik.com\/?p=77378#article","isPartOf":{"@id":"https:\/\/kibrisdakik.com\/?p=77378"},"author":{"name":"admin","@id":"https:\/\/kibrisdakik.com\/#\/schema\/person\/9cd9d437bbb44f72b73ba127e06d8e79"},"headline":"Yunus Emre Enstit\u00fcs\u00fc\u2019nde 8 Mart D\u00fcnya Kad\u0131nlar G\u00fcn\u00fc: Sanat, Edebiyat ve Dayan\u0131\u015fma Bulu\u015fmas\u0131","datePublished":"2025-03-09T08:20:00+00:00","mainEntityOfPage":{"@id":"https:\/\/kibrisdakik.com\/?p=77378"},"wordCount":176,"commentCount":0,"image":{"@id":"https:\/\/kibrisdakik.com\/?p=77378#primaryimage"},"thumbnailUrl":"https:\/\/kibrisdakik.com\/wp-content\/uploads\/2025\/03\/1741516305051yunus-3-740x420.jpg","articleSection":["G\u00fcndem","K\u0131br\u0131s","Man\u015fet"],"inLanguage":"tr","potentialAction":[{"@type":"CommentAction","name":"Comment","target":["https:\/\/kibrisdakik.com\/?p=77378#respond"]}]},{"@type":"WebPage","@id":"https:\/\/kibrisdakik.com\/?p=77378","url":"https:\/\/kibrisdakik.com\/?p=77378","name":"Yunus Emre Enstit\u00fcs\u00fc\u2019nde 8 Mart D\u00fcnya Kad\u0131nlar G\u00fcn\u00fc: Sanat, Edebiyat ve Dayan\u0131\u015fma Bulu\u015fmas\u0131 -","isPartOf":{"@id":"https:\/\/kibrisdakik.com\/#website"},"primaryImageOfPage":{"@id":"https:\/\/kibrisdakik.com\/?p=77378#primaryimage"},"image":{"@id":"https:\/\/kibrisdakik.com\/?p=77378#primaryimage"},"thumbnailUrl":"https:\/\/kibrisdakik.com\/wp-content\/uploads\/2025\/03\/1741516305051yunus-3-740x420.jpg","datePublished":"2025-03-09T08:20:00+00:00","author":{"@id":"https:\/\/kibrisdakik.com\/#\/schema\/person\/9cd9d437bbb44f72b73ba127e06d8e79"},"breadcrumb":{"@id":"https:\/\/kibrisdakik.com\/?p=77378#breadcrumb"},"inLanguage":"tr","potentialAction":[{"@type":"ReadAction","target":["https:\/\/kibrisdakik.com\/?p=77378"]}]},{"@type":"ImageObject","inLanguage":"tr","@id":"https:\/\/kibrisdakik.com\/?p=77378#primaryimage","url":"https:\/\/kibrisdakik.com\/wp-content\/uploads\/2025\/03\/1741516305051yunus-3-740x420.jpg","contentUrl":"https:\/\/kibrisdakik.com\/wp-content\/uploads\/2025\/03\/1741516305051yunus-3-740x420.jpg","width":1280,"height":960},{"@type":"BreadcrumbList","@id":"https:\/\/kibrisdakik.com\/?p=77378#breadcrumb","itemListElement":[{"@type":"ListItem","position":1,"name":"Home","item":"https:\/\/kibrisdakik.com\/"},{"@type":"ListItem","position":2,"name":"Yunus Emre Enstit\u00fcs\u00fc\u2019nde 8 Mart D\u00fcnya Kad\u0131nlar G\u00fcn\u00fc: Sanat, Edebiyat ve Dayan\u0131\u015fma Bulu\u015fmas\u0131"}]},{"@type":"WebSite","@id":"https:\/\/kibrisdakik.com\/#website","url":"https:\/\/kibrisdakik.com\/","name":"","description":"Tam vaktinde haber","potentialAction":[{"@type":"SearchAction","target":{"@type":"EntryPoint","urlTemplate":"https:\/\/kibrisdakik.com\/?s={search_term_string}"},"query-input":{"@type":"PropertyValueSpecification","valueRequired":true,"valueName":"search_term_string"}}],"inLanguage":"tr"},{"@type":"Person","@id":"https:\/\/kibrisdakik.com\/#\/schema\/person\/9cd9d437bbb44f72b73ba127e06d8e79","name":"admin","image":{"@type":"ImageObject","inLanguage":"tr","@id":"https:\/\/secure.gravatar.com\/avatar\/ccc17943b9d660506c869530f897617f7cb1c21a4bf30023f252596d83e1f007?s=96&d=mm&r=g","url":"https:\/\/secure.gravatar.com\/avatar\/ccc17943b9d660506c869530f897617f7cb1c21a4bf30023f252596d83e1f007?s=96&d=mm&r=g","contentUrl":"https:\/\/secure.gravatar.com\/avatar\/ccc17943b9d660506c869530f897617f7cb1c21a4bf30023f252596d83e1f007?s=96&d=mm&r=g","caption":"admin"},"sameAs":["https:\/\/kibrisdakik.com"],"url":"https:\/\/kibrisdakik.com\/?author=1"}]}},"_links":{"self":[{"href":"https:\/\/kibrisdakik.com\/index.php?rest_route=\/wp\/v2\/posts\/77378","targetHints":{"allow":["GET"]}}],"collection":[{"href":"https:\/\/kibrisdakik.com\/index.php?rest_route=\/wp\/v2\/posts"}],"about":[{"href":"https:\/\/kibrisdakik.com\/index.php?rest_route=\/wp\/v2\/types\/post"}],"author":[{"embeddable":true,"href":"https:\/\/kibrisdakik.com\/index.php?rest_route=\/wp\/v2\/users\/1"}],"replies":[{"embeddable":true,"href":"https:\/\/kibrisdakik.com\/index.php?rest_route=%2Fwp%2Fv2%2Fcomments&post=77378"}],"version-history":[{"count":0,"href":"https:\/\/kibrisdakik.com\/index.php?rest_route=\/wp\/v2\/posts\/77378\/revisions"}],"wp:featuredmedia":[{"embeddable":true,"href":"https:\/\/kibrisdakik.com\/index.php?rest_route=\/wp\/v2\/media\/77379"}],"wp:attachment":[{"href":"https:\/\/kibrisdakik.com\/index.php?rest_route=%2Fwp%2Fv2%2Fmedia&parent=77378"}],"wp:term":[{"taxonomy":"category","embeddable":true,"href":"https:\/\/kibrisdakik.com\/index.php?rest_route=%2Fwp%2Fv2%2Fcategories&post=77378"},{"taxonomy":"post_tag","embeddable":true,"href":"https:\/\/kibrisdakik.com\/index.php?rest_route=%2Fwp%2Fv2%2Ftags&post=77378"}],"curies":[{"name":"wp","href":"https:\/\/api.w.org\/{rel}","templated":true}]}}