{"id":77395,"date":"2025-03-09T18:27:31","date_gmt":"2025-03-09T15:27:31","guid":{"rendered":"https:\/\/kibrisdakik.com\/index.php\/2025\/03\/09\/tatar-cifti-ubpnin-iftar-yemegine-katildi-cumhurbaskani-tatar-kibris-turk-kadinina-guveniyorum\/"},"modified":"2025-03-09T18:27:31","modified_gmt":"2025-03-09T15:27:31","slug":"tatar-cifti-ubpnin-iftar-yemegine-katildi-cumhurbaskani-tatar-kibris-turk-kadinina-guveniyorum","status":"publish","type":"post","link":"https:\/\/kibrisdakik.com\/?p=77395","title":{"rendered":"Tatar \u00e7ifti UBP\u2019nin iftar yeme\u011fine kat\u0131ld\u0131\u2026.Cumhurba\u015fkan\u0131 Tatar: K\u0131br\u0131s T\u00fcrk kad\u0131n\u0131na g\u00fcveniyorum"},"content":{"rendered":"<div>\n<div class=\"mariselle-image-container none\">\n                                            <\/div>\n<p>Cumhurba\u015fkan\u0131 Ersin Tatar ve e\u015fi Sibel Tatar, 8 Mart D\u00fcnya Kad\u0131nlar G\u00fcn\u00fc dolay\u0131s\u0131yla Ulusal Birlik Partisi (UBP) Genel Ba\u015fkan\u0131 ve Ba\u015fbakan \u00dcnal \u00dcstel ile e\u015fi Zerrin \u00dcstel taraf\u0131ndan d\u00fczenlenen iftar yeme\u011fine kat\u0131ld\u0131.<\/p>\n<p>Cumhurba\u015fkanl\u0131\u011f\u0131ndan yap\u0131lan a\u00e7\u0131klamaya g\u00f6re, Tatar burada yapt\u0131\u011f\u0131 konu\u015fmada, 8 Mart D\u00fcnya Kad\u0131nlar G\u00fcn\u00fc nedeniyle d\u00fczenlenen etkinlikte bulunmaktan duydu\u011fu memnuniyeti ifade ederek, kad\u0131nlar\u0131 tebrik etti.<\/p>\n<p>Cumhurba\u015fkan\u0131 Tatar, 4 bu\u00e7uk y\u0131ld\u0131r T\u00fcrkiye Cumhuriyeti ve UBP\u2019nin deste\u011fiyle iki devletli \u00e7\u00f6z\u00fcm siyasetini y\u00fcr\u00fctt\u00fcklerini belirterek, Kuzey K\u0131br\u0131s T\u00fcrk Cumhuriyeti\u2019ni d\u00fcnyaya tan\u0131tmak i\u00e7in \u00e7al\u0131\u015ft\u0131klar\u0131n\u0131 s\u00f6yledi.<\/p>\n<p>Ba\u015far\u0131l\u0131 olan siyasi partilerde kad\u0131nlar\u0131n yer ald\u0131\u011f\u0131na i\u015faret eden Cumhurba\u015fkan\u0131 Tatar, kad\u0131nlar\u0131n siyasette daha \u00e7ok yer almas\u0131 gerekti\u011fine dikkat \u00e7ekti.<\/p>\n<p>Kad\u0131n\u0131n sosyal ya\u015fam ve i\u015f hayat\u0131na kat\u0131l\u0131m\u0131n\u0131n \u00f6neminden bahseden Cumhurba\u015fkan\u0131 Tatar, kad\u0131na prim deste\u011fi verilmesi, istihdam ve f\u0131rsat e\u015fitli\u011fi yarat\u0131lmas\u0131yla ba\u015far\u0131n\u0131n artaca\u011f\u0131n\u0131 kaydetti.<\/p>\n<p>Kad\u0131n\u0131n ekonomi alan\u0131na kat\u0131l\u0131m\u0131n\u0131n yan\u0131nda devletin k\u00fclt\u00fcr, sanat ve sporda da kad\u0131nlar\u0131n ba\u015far\u0131l\u0131 olmalar\u0131 i\u00e7in \u00e7al\u0131\u015fmalar\u0131n\u0131 s\u00fcrd\u00fcrmeye devam edece\u011fini belirten Cumhurba\u015fkan\u0131 Tatar, hayata ge\u00e7ecek yeni projelerle, f\u0131rsat e\u015fitli\u011fi ve istihdam konusunda K\u0131br\u0131s T\u00fcrk kad\u0131n\u0131na \u00f6nemli f\u0131rsatlar verilece\u011fini vurgulad\u0131.<\/p>\n<p>UBP\u2019de yer alan kad\u0131nlar\u0131n ge\u00e7mi\u015fte \u00fclkesi i\u00e7in b\u00fcy\u00fck gayretler g\u00f6sterdi\u011fini dile getiren Cumhurba\u015fkan\u0131 Tatar, hizmeti ge\u00e7en kad\u0131nlara te\u015fekk\u00fcr etti ve hayatta olamayanlar\u0131 sayg\u0131yla and\u0131.<\/p>\n<p>K\u0131br\u0131s T\u00fcrk kad\u0131n\u0131na g\u00fcvendi\u011fini ifade eden Cumhurba\u015fkan\u0131 Tatar, \u201cBizlere olan g\u00fcveninizi kaybetmeyin. Birlik ve beraberli\u011fi koruyarak gelece\u011fe g\u00fc\u00e7l\u00fc ad\u0131mlarla y\u00fcr\u00fcyece\u011fiz. \u0130ki devletli \u00e7\u00f6z\u00fcm siyasetinin devam\u0131 ve Kuzey K\u0131br\u0131s T\u00fcrk Cumhuriyeti\u2019nin kalk\u0131n\u0131p geli\u015fmesi i\u00e7in deste\u011finizi bekliyorum\u201d dedi.<\/p>\n<p>UBP\u2019nin bu y\u0131l 50\u2019nci kurulu\u015f y\u0131l d\u00f6n\u00fcm\u00fcn\u00fcn kutlanaca\u011f\u0131n\u0131 an\u0131msatan Cumhurba\u015fkan\u0131 Tatar, yar\u0131m as\u0131rdan beridir faaliyetlerini s\u00fcrd\u00fcren partinin ba\u015far\u0131lar\u0131n\u0131n devam\u0131 i\u00e7in birlik ve beraberli\u011fin \u00f6nemine vurgu yapt\u0131.<\/p>\n<p><em>-Sibel Tatar<\/em><\/p>\n<p>Cumhurba\u015fkan\u0131 Ersin Tatar\u2019\u0131n e\u015fi Sibel Tatar da etkinlikte yapt\u0131\u011f\u0131 konu\u015fmada 8 Mart Kad\u0131nlar G\u00fcn\u00fc nedeniyle d\u00fczenlenen iftar yeme\u011finde bulunmaktan onur duydu\u011funu belirterek, duydu\u011fu memnuniyeti ifade etti.<\/p>\n<p>Kad\u0131nlar\u0131n g\u00fc\u00e7l\u00fc, k\u0131ymetli ve de\u011ferli oldu\u011funu kaydeden Sibel Tatar, K\u0131br\u0131s T\u00fcrk kad\u0131n\u0131n\u0131n aile kurup, \u00e7ocuk yeti\u015ftirerek, \u00fclke ekonomisine katk\u0131 sa\u011flayarak ve gerekti\u011finde erkeklerle birlikte \u00fclkesini koruyup sava\u015farak var oldu\u011funu vurgulad\u0131<\/p>\n<p>Sibel Tatar, kad\u0131n\u0131n modern hayattaki varl\u0131\u011f\u0131 ile sosyal hayat\u0131n\u0131n zenginle\u015fmesine ra\u011fmen eskiden gelen y\u00fckleri ta\u015f\u0131maya devam etti\u011fine dikkat \u00e7ekti.<\/p>\n<p>Kad\u0131n\u0131n i\u015f hayat\u0131ndaki konumunun iyile\u015ftirilmesi ve aile yap\u0131s\u0131na katk\u0131 koymak i\u00e7in yasal d\u00fczenlemeye ihtiya\u00e7 duyuldu\u011funa vurgulayan Sibel Tatar, kad\u0131nlara verilen do\u011fum izninin yan\u0131 s\u0131ra babalara da sorumlulu\u011funu art\u0131rmak ve \u00e7ocu\u011fuyla ba\u011f\u0131n\u0131 g\u00fc\u00e7lendirmek i\u00e7in izin verilmesi gerekti\u011fine dikkat \u00e7ekti.<\/p>\n<p>Konu\u015fmas\u0131nda K\u0131br\u0131s T\u00fcrk tarihine mal olmu\u015f g\u00fc\u00e7l\u00fc kad\u0131nlardan da bahseden Sibel Tatar, K\u0131br\u0131s\u2019\u0131n ilk kad\u0131n foto\u011fraf\u00e7\u0131s\u0131 ve Mustafa Kemal Atat\u00fcrk\u2019\u00fcn foto\u011fraf\u0131n\u0131 \u00e7eken \u0130smet \u015eevki, m\u00fczisyen ve eczac\u0131 Kamran Aziz, Fenerbah\u00e7e Voleybol tak\u0131m\u0131 kurucusu Dr. Ayten Berkalp ve kod ad\u0131 lale olan TMT \u00fcyesi Hatice Mithat Tahsin\u2019i minnet ve sayg\u0131yla and\u0131.<\/p>\n<p>Tatar, K\u0131br\u0131s T\u00fcrklerinin ilerlemesine \u00f6ncelik eden kad\u0131nlara te\u015fekk\u00fcr etti, hayatta olmayanlara ise rahmet diledi.<\/p>\n<\/p><\/div>\n<p><script async\n                    defer\n                    crossorigin=\"anonymous\"\n                    src=\"https:\/\/connect.facebook.net\/tr_TR\/sdk.js#xfbml=1&#038;version=v3.3\"\n            ><\/script><\/p>\n","protected":false},"excerpt":{"rendered":"<p>Cumhurba\u015fkan\u0131 Ersin Tatar ve e\u015fi Sibel Tatar, 8 Mart D\u00fcnya Kad\u0131nlar G\u00fcn\u00fc dolay\u0131s\u0131yla Ulusal Birlik Partisi (UBP) Genel Ba\u015fkan\u0131 ve Ba\u015fbakan \u00dcnal \u00dcstel ile e\u015fi Zerrin \u00dcstel taraf\u0131ndan d\u00fczenlenen iftar yeme\u011fine kat\u0131ld\u0131. Cumhurba\u015fkanl\u0131\u011f\u0131ndan yap\u0131lan a\u00e7\u0131klamaya g\u00f6re, Tatar burada yapt\u0131\u011f\u0131 konu\u015fmada, 8 Mart D\u00fcnya Kad\u0131nlar G\u00fcn\u00fc nedeniyle d\u00fczenlenen etkinlikte bulunmaktan duydu\u011fu memnuniyeti ifade ederek, kad\u0131nlar\u0131 tebrik<\/p>\n","protected":false},"author":1,"featured_media":77396,"comment_status":"open","ping_status":"open","sticky":false,"template":"","format":"standard","meta":{"footnotes":""},"categories":[81,101],"tags":[],"class_list":["post-77395","post","type-post","status-publish","format-standard","has-post-thumbnail","hentry","category-kibris","category-manset"],"yoast_head":"<!-- This site is optimized with the Yoast SEO plugin v27.4 - https:\/\/yoast.com\/product\/yoast-seo-wordpress\/ -->\n<title>Tatar \u00e7ifti UBP\u2019nin iftar yeme\u011fine kat\u0131ld\u0131\u2026.Cumhurba\u015fkan\u0131 Tatar: K\u0131br\u0131s T\u00fcrk kad\u0131n\u0131na g\u00fcveniyorum -<\/title>\n<meta name=\"robots\" content=\"index, follow, max-snippet:-1, max-image-preview:large, max-video-preview:-1\" \/>\n<link rel=\"canonical\" href=\"https:\/\/kibrisdakik.com\/?p=77395\" \/>\n<meta property=\"og:locale\" content=\"tr_TR\" \/>\n<meta property=\"og:type\" content=\"article\" \/>\n<meta property=\"og:title\" content=\"Tatar \u00e7ifti UBP\u2019nin iftar yeme\u011fine kat\u0131ld\u0131\u2026.Cumhurba\u015fkan\u0131 Tatar: K\u0131br\u0131s T\u00fcrk kad\u0131n\u0131na g\u00fcveniyorum -\" \/>\n<meta property=\"og:description\" content=\"Cumhurba\u015fkan\u0131 Ersin Tatar ve e\u015fi Sibel Tatar, 8 Mart D\u00fcnya Kad\u0131nlar G\u00fcn\u00fc dolay\u0131s\u0131yla Ulusal Birlik Partisi (UBP) Genel Ba\u015fkan\u0131 ve Ba\u015fbakan \u00dcnal \u00dcstel ile e\u015fi Zerrin \u00dcstel taraf\u0131ndan d\u00fczenlenen iftar yeme\u011fine kat\u0131ld\u0131. Cumhurba\u015fkanl\u0131\u011f\u0131ndan yap\u0131lan a\u00e7\u0131klamaya g\u00f6re, Tatar burada yapt\u0131\u011f\u0131 konu\u015fmada, 8 Mart D\u00fcnya Kad\u0131nlar G\u00fcn\u00fc nedeniyle d\u00fczenlenen etkinlikte bulunmaktan duydu\u011fu memnuniyeti ifade ederek, kad\u0131nlar\u0131 tebrik\" \/>\n<meta property=\"og:url\" content=\"https:\/\/kibrisdakik.com\/?p=77395\" \/>\n<meta property=\"article:published_time\" content=\"2025-03-09T15:27:31+00:00\" \/>\n<meta property=\"og:image\" content=\"https:\/\/kibrisdakik.com\/wp-content\/uploads\/2025\/03\/1741520826314TATARLAR-UBP-IFTARI-6-740x420.jpeg\" \/>\n\t<meta property=\"og:image:width\" content=\"1097\" \/>\n\t<meta property=\"og:image:height\" content=\"724\" \/>\n\t<meta property=\"og:image:type\" content=\"image\/jpeg\" \/>\n<meta name=\"author\" content=\"admin\" \/>\n<meta name=\"twitter:card\" content=\"summary_large_image\" \/>\n<meta name=\"twitter:label1\" content=\"Yazan:\" \/>\n\t<meta name=\"twitter:data1\" content=\"admin\" \/>\n\t<meta name=\"twitter:label2\" content=\"Tahmini okuma s\u00fcresi\" \/>\n\t<meta name=\"twitter:data2\" content=\"3 dakika\" \/>\n<script type=\"application\/ld+json\" class=\"yoast-schema-graph\">{\"@context\":\"https:\\\/\\\/schema.org\",\"@graph\":[{\"@type\":\"Article\",\"@id\":\"https:\\\/\\\/kibrisdakik.com\\\/?p=77395#article\",\"isPartOf\":{\"@id\":\"https:\\\/\\\/kibrisdakik.com\\\/?p=77395\"},\"author\":{\"name\":\"admin\",\"@id\":\"https:\\\/\\\/kibrisdakik.com\\\/#\\\/schema\\\/person\\\/9cd9d437bbb44f72b73ba127e06d8e79\"},\"headline\":\"Tatar \u00e7ifti UBP\u2019nin iftar yeme\u011fine kat\u0131ld\u0131\u2026.Cumhurba\u015fkan\u0131 Tatar: K\u0131br\u0131s T\u00fcrk kad\u0131n\u0131na g\u00fcveniyorum\",\"datePublished\":\"2025-03-09T15:27:31+00:00\",\"mainEntityOfPage\":{\"@id\":\"https:\\\/\\\/kibrisdakik.com\\\/?p=77395\"},\"wordCount\":700,\"commentCount\":0,\"image\":{\"@id\":\"https:\\\/\\\/kibrisdakik.com\\\/?p=77395#primaryimage\"},\"thumbnailUrl\":\"https:\\\/\\\/kibrisdakik.com\\\/wp-content\\\/uploads\\\/2025\\\/03\\\/1741520826314TATARLAR-UBP-IFTARI-6-740x420.jpeg\",\"articleSection\":[\"K\u0131br\u0131s\",\"Man\u015fet\"],\"inLanguage\":\"tr\",\"potentialAction\":[{\"@type\":\"CommentAction\",\"name\":\"Comment\",\"target\":[\"https:\\\/\\\/kibrisdakik.com\\\/?p=77395#respond\"]}]},{\"@type\":\"WebPage\",\"@id\":\"https:\\\/\\\/kibrisdakik.com\\\/?p=77395\",\"url\":\"https:\\\/\\\/kibrisdakik.com\\\/?p=77395\",\"name\":\"Tatar \u00e7ifti UBP\u2019nin iftar yeme\u011fine kat\u0131ld\u0131\u2026.Cumhurba\u015fkan\u0131 Tatar: K\u0131br\u0131s T\u00fcrk kad\u0131n\u0131na g\u00fcveniyorum -\",\"isPartOf\":{\"@id\":\"https:\\\/\\\/kibrisdakik.com\\\/#website\"},\"primaryImageOfPage\":{\"@id\":\"https:\\\/\\\/kibrisdakik.com\\\/?p=77395#primaryimage\"},\"image\":{\"@id\":\"https:\\\/\\\/kibrisdakik.com\\\/?p=77395#primaryimage\"},\"thumbnailUrl\":\"https:\\\/\\\/kibrisdakik.com\\\/wp-content\\\/uploads\\\/2025\\\/03\\\/1741520826314TATARLAR-UBP-IFTARI-6-740x420.jpeg\",\"datePublished\":\"2025-03-09T15:27:31+00:00\",\"author\":{\"@id\":\"https:\\\/\\\/kibrisdakik.com\\\/#\\\/schema\\\/person\\\/9cd9d437bbb44f72b73ba127e06d8e79\"},\"breadcrumb\":{\"@id\":\"https:\\\/\\\/kibrisdakik.com\\\/?p=77395#breadcrumb\"},\"inLanguage\":\"tr\",\"potentialAction\":[{\"@type\":\"ReadAction\",\"target\":[\"https:\\\/\\\/kibrisdakik.com\\\/?p=77395\"]}]},{\"@type\":\"ImageObject\",\"inLanguage\":\"tr\",\"@id\":\"https:\\\/\\\/kibrisdakik.com\\\/?p=77395#primaryimage\",\"url\":\"https:\\\/\\\/kibrisdakik.com\\\/wp-content\\\/uploads\\\/2025\\\/03\\\/1741520826314TATARLAR-UBP-IFTARI-6-740x420.jpeg\",\"contentUrl\":\"https:\\\/\\\/kibrisdakik.com\\\/wp-content\\\/uploads\\\/2025\\\/03\\\/1741520826314TATARLAR-UBP-IFTARI-6-740x420.jpeg\",\"width\":1097,\"height\":724},{\"@type\":\"BreadcrumbList\",\"@id\":\"https:\\\/\\\/kibrisdakik.com\\\/?p=77395#breadcrumb\",\"itemListElement\":[{\"@type\":\"ListItem\",\"position\":1,\"name\":\"Home\",\"item\":\"https:\\\/\\\/kibrisdakik.com\\\/\"},{\"@type\":\"ListItem\",\"position\":2,\"name\":\"Tatar \u00e7ifti UBP\u2019nin iftar yeme\u011fine kat\u0131ld\u0131\u2026.Cumhurba\u015fkan\u0131 Tatar: K\u0131br\u0131s T\u00fcrk kad\u0131n\u0131na g\u00fcveniyorum\"}]},{\"@type\":\"WebSite\",\"@id\":\"https:\\\/\\\/kibrisdakik.com\\\/#website\",\"url\":\"https:\\\/\\\/kibrisdakik.com\\\/\",\"name\":\"\",\"description\":\"Tam vaktinde haber\",\"potentialAction\":[{\"@type\":\"SearchAction\",\"target\":{\"@type\":\"EntryPoint\",\"urlTemplate\":\"https:\\\/\\\/kibrisdakik.com\\\/?s={search_term_string}\"},\"query-input\":{\"@type\":\"PropertyValueSpecification\",\"valueRequired\":true,\"valueName\":\"search_term_string\"}}],\"inLanguage\":\"tr\"},{\"@type\":\"Person\",\"@id\":\"https:\\\/\\\/kibrisdakik.com\\\/#\\\/schema\\\/person\\\/9cd9d437bbb44f72b73ba127e06d8e79\",\"name\":\"admin\",\"image\":{\"@type\":\"ImageObject\",\"inLanguage\":\"tr\",\"@id\":\"https:\\\/\\\/secure.gravatar.com\\\/avatar\\\/ccc17943b9d660506c869530f897617f7cb1c21a4bf30023f252596d83e1f007?s=96&d=mm&r=g\",\"url\":\"https:\\\/\\\/secure.gravatar.com\\\/avatar\\\/ccc17943b9d660506c869530f897617f7cb1c21a4bf30023f252596d83e1f007?s=96&d=mm&r=g\",\"contentUrl\":\"https:\\\/\\\/secure.gravatar.com\\\/avatar\\\/ccc17943b9d660506c869530f897617f7cb1c21a4bf30023f252596d83e1f007?s=96&d=mm&r=g\",\"caption\":\"admin\"},\"sameAs\":[\"https:\\\/\\\/kibrisdakik.com\"],\"url\":\"https:\\\/\\\/kibrisdakik.com\\\/?author=1\"}]}<\/script>\n<!-- \/ Yoast SEO plugin. -->","yoast_head_json":{"title":"Tatar \u00e7ifti UBP\u2019nin iftar yeme\u011fine kat\u0131ld\u0131\u2026.Cumhurba\u015fkan\u0131 Tatar: K\u0131br\u0131s T\u00fcrk kad\u0131n\u0131na g\u00fcveniyorum -","robots":{"index":"index","follow":"follow","max-snippet":"max-snippet:-1","max-image-preview":"max-image-preview:large","max-video-preview":"max-video-preview:-1"},"canonical":"https:\/\/kibrisdakik.com\/?p=77395","og_locale":"tr_TR","og_type":"article","og_title":"Tatar \u00e7ifti UBP\u2019nin iftar yeme\u011fine kat\u0131ld\u0131\u2026.Cumhurba\u015fkan\u0131 Tatar: K\u0131br\u0131s T\u00fcrk kad\u0131n\u0131na g\u00fcveniyorum -","og_description":"Cumhurba\u015fkan\u0131 Ersin Tatar ve e\u015fi Sibel Tatar, 8 Mart D\u00fcnya Kad\u0131nlar G\u00fcn\u00fc dolay\u0131s\u0131yla Ulusal Birlik Partisi (UBP) Genel Ba\u015fkan\u0131 ve Ba\u015fbakan \u00dcnal \u00dcstel ile e\u015fi Zerrin \u00dcstel taraf\u0131ndan d\u00fczenlenen iftar yeme\u011fine kat\u0131ld\u0131. Cumhurba\u015fkanl\u0131\u011f\u0131ndan yap\u0131lan a\u00e7\u0131klamaya g\u00f6re, Tatar burada yapt\u0131\u011f\u0131 konu\u015fmada, 8 Mart D\u00fcnya Kad\u0131nlar G\u00fcn\u00fc nedeniyle d\u00fczenlenen etkinlikte bulunmaktan duydu\u011fu memnuniyeti ifade ederek, kad\u0131nlar\u0131 tebrik","og_url":"https:\/\/kibrisdakik.com\/?p=77395","article_published_time":"2025-03-09T15:27:31+00:00","og_image":[{"width":1097,"height":724,"url":"https:\/\/kibrisdakik.com\/wp-content\/uploads\/2025\/03\/1741520826314TATARLAR-UBP-IFTARI-6-740x420.jpeg","type":"image\/jpeg"}],"author":"admin","twitter_card":"summary_large_image","twitter_misc":{"Yazan:":"admin","Tahmini okuma s\u00fcresi":"3 dakika"},"schema":{"@context":"https:\/\/schema.org","@graph":[{"@type":"Article","@id":"https:\/\/kibrisdakik.com\/?p=77395#article","isPartOf":{"@id":"https:\/\/kibrisdakik.com\/?p=77395"},"author":{"name":"admin","@id":"https:\/\/kibrisdakik.com\/#\/schema\/person\/9cd9d437bbb44f72b73ba127e06d8e79"},"headline":"Tatar \u00e7ifti UBP\u2019nin iftar yeme\u011fine kat\u0131ld\u0131\u2026.Cumhurba\u015fkan\u0131 Tatar: K\u0131br\u0131s T\u00fcrk kad\u0131n\u0131na g\u00fcveniyorum","datePublished":"2025-03-09T15:27:31+00:00","mainEntityOfPage":{"@id":"https:\/\/kibrisdakik.com\/?p=77395"},"wordCount":700,"commentCount":0,"image":{"@id":"https:\/\/kibrisdakik.com\/?p=77395#primaryimage"},"thumbnailUrl":"https:\/\/kibrisdakik.com\/wp-content\/uploads\/2025\/03\/1741520826314TATARLAR-UBP-IFTARI-6-740x420.jpeg","articleSection":["K\u0131br\u0131s","Man\u015fet"],"inLanguage":"tr","potentialAction":[{"@type":"CommentAction","name":"Comment","target":["https:\/\/kibrisdakik.com\/?p=77395#respond"]}]},{"@type":"WebPage","@id":"https:\/\/kibrisdakik.com\/?p=77395","url":"https:\/\/kibrisdakik.com\/?p=77395","name":"Tatar \u00e7ifti UBP\u2019nin iftar yeme\u011fine kat\u0131ld\u0131\u2026.Cumhurba\u015fkan\u0131 Tatar: K\u0131br\u0131s T\u00fcrk kad\u0131n\u0131na g\u00fcveniyorum -","isPartOf":{"@id":"https:\/\/kibrisdakik.com\/#website"},"primaryImageOfPage":{"@id":"https:\/\/kibrisdakik.com\/?p=77395#primaryimage"},"image":{"@id":"https:\/\/kibrisdakik.com\/?p=77395#primaryimage"},"thumbnailUrl":"https:\/\/kibrisdakik.com\/wp-content\/uploads\/2025\/03\/1741520826314TATARLAR-UBP-IFTARI-6-740x420.jpeg","datePublished":"2025-03-09T15:27:31+00:00","author":{"@id":"https:\/\/kibrisdakik.com\/#\/schema\/person\/9cd9d437bbb44f72b73ba127e06d8e79"},"breadcrumb":{"@id":"https:\/\/kibrisdakik.com\/?p=77395#breadcrumb"},"inLanguage":"tr","potentialAction":[{"@type":"ReadAction","target":["https:\/\/kibrisdakik.com\/?p=77395"]}]},{"@type":"ImageObject","inLanguage":"tr","@id":"https:\/\/kibrisdakik.com\/?p=77395#primaryimage","url":"https:\/\/kibrisdakik.com\/wp-content\/uploads\/2025\/03\/1741520826314TATARLAR-UBP-IFTARI-6-740x420.jpeg","contentUrl":"https:\/\/kibrisdakik.com\/wp-content\/uploads\/2025\/03\/1741520826314TATARLAR-UBP-IFTARI-6-740x420.jpeg","width":1097,"height":724},{"@type":"BreadcrumbList","@id":"https:\/\/kibrisdakik.com\/?p=77395#breadcrumb","itemListElement":[{"@type":"ListItem","position":1,"name":"Home","item":"https:\/\/kibrisdakik.com\/"},{"@type":"ListItem","position":2,"name":"Tatar \u00e7ifti UBP\u2019nin iftar yeme\u011fine kat\u0131ld\u0131\u2026.Cumhurba\u015fkan\u0131 Tatar: K\u0131br\u0131s T\u00fcrk kad\u0131n\u0131na g\u00fcveniyorum"}]},{"@type":"WebSite","@id":"https:\/\/kibrisdakik.com\/#website","url":"https:\/\/kibrisdakik.com\/","name":"","description":"Tam vaktinde haber","potentialAction":[{"@type":"SearchAction","target":{"@type":"EntryPoint","urlTemplate":"https:\/\/kibrisdakik.com\/?s={search_term_string}"},"query-input":{"@type":"PropertyValueSpecification","valueRequired":true,"valueName":"search_term_string"}}],"inLanguage":"tr"},{"@type":"Person","@id":"https:\/\/kibrisdakik.com\/#\/schema\/person\/9cd9d437bbb44f72b73ba127e06d8e79","name":"admin","image":{"@type":"ImageObject","inLanguage":"tr","@id":"https:\/\/secure.gravatar.com\/avatar\/ccc17943b9d660506c869530f897617f7cb1c21a4bf30023f252596d83e1f007?s=96&d=mm&r=g","url":"https:\/\/secure.gravatar.com\/avatar\/ccc17943b9d660506c869530f897617f7cb1c21a4bf30023f252596d83e1f007?s=96&d=mm&r=g","contentUrl":"https:\/\/secure.gravatar.com\/avatar\/ccc17943b9d660506c869530f897617f7cb1c21a4bf30023f252596d83e1f007?s=96&d=mm&r=g","caption":"admin"},"sameAs":["https:\/\/kibrisdakik.com"],"url":"https:\/\/kibrisdakik.com\/?author=1"}]}},"_links":{"self":[{"href":"https:\/\/kibrisdakik.com\/index.php?rest_route=\/wp\/v2\/posts\/77395","targetHints":{"allow":["GET"]}}],"collection":[{"href":"https:\/\/kibrisdakik.com\/index.php?rest_route=\/wp\/v2\/posts"}],"about":[{"href":"https:\/\/kibrisdakik.com\/index.php?rest_route=\/wp\/v2\/types\/post"}],"author":[{"embeddable":true,"href":"https:\/\/kibrisdakik.com\/index.php?rest_route=\/wp\/v2\/users\/1"}],"replies":[{"embeddable":true,"href":"https:\/\/kibrisdakik.com\/index.php?rest_route=%2Fwp%2Fv2%2Fcomments&post=77395"}],"version-history":[{"count":0,"href":"https:\/\/kibrisdakik.com\/index.php?rest_route=\/wp\/v2\/posts\/77395\/revisions"}],"wp:featuredmedia":[{"embeddable":true,"href":"https:\/\/kibrisdakik.com\/index.php?rest_route=\/wp\/v2\/media\/77396"}],"wp:attachment":[{"href":"https:\/\/kibrisdakik.com\/index.php?rest_route=%2Fwp%2Fv2%2Fmedia&parent=77395"}],"wp:term":[{"taxonomy":"category","embeddable":true,"href":"https:\/\/kibrisdakik.com\/index.php?rest_route=%2Fwp%2Fv2%2Fcategories&post=77395"},{"taxonomy":"post_tag","embeddable":true,"href":"https:\/\/kibrisdakik.com\/index.php?rest_route=%2Fwp%2Fv2%2Ftags&post=77395"}],"curies":[{"name":"wp","href":"https:\/\/api.w.org\/{rel}","templated":true}]}}