{"id":77401,"date":"2025-03-09T22:12:33","date_gmt":"2025-03-09T19:12:33","guid":{"rendered":"https:\/\/kibrisdakik.com\/index.php\/2025\/03\/09\/cumhurbaskani-tatar-guzelyurt-bolgesinde-narenciye-paketleme-tesislerini-ziyaret-etti\/"},"modified":"2025-03-09T22:12:33","modified_gmt":"2025-03-09T19:12:33","slug":"cumhurbaskani-tatar-guzelyurt-bolgesinde-narenciye-paketleme-tesislerini-ziyaret-etti","status":"publish","type":"post","link":"https:\/\/kibrisdakik.com\/?p=77401","title":{"rendered":"Cumhurba\u015fkan\u0131 Tatar, G\u00fczelyurt B\u00f6lgesi\u2019nde narenciye paketleme tesislerini ziyaret etti"},"content":{"rendered":"<div>\n<div class=\"mariselle-image-container none\">\n                                            <\/div>\n<p style=\"font-weight: 300;\"><span style=\"font-weight: 300 !important;\">Cumhurba\u015fkan\u0131 Ersin Tatar, G\u00fczelyurt B\u00f6lgesi\u2019nde Portex, Kalyoncu, Dilekler, Zafer Niyazi ve Ya\u015far Polat narenciye paketleme tesislerini ziyaret etti.<\/span><\/p>\n<p style=\"font-weight: 300;\"><span style=\"font-weight: 300 !important;\">8 Mart D\u00fcnya Kad\u0131nlar G\u00fcn\u00fc nedeniyle kad\u0131n \u00e7al\u0131\u015fanlara \u00e7i\u00e7ek takdim eden Cumhurba\u015fkan\u0131 Tatar, 2023 y\u0131l\u0131nda ya\u015fam\u0131n\u0131 yitiren i\u015f insan\u0131 Zafer Niyazi\u2019nin portakal paketleme tesisinde a\u00e7\u0131klamalarda bulundu.<\/span><\/p>\n<p style=\"font-weight: 300;\"><span style=\"font-weight: 300 !important;\">Cumhurba\u015fkan\u0131 Tatar yapt\u0131\u011f\u0131 a\u00e7\u0131klamada, narenciyenin G\u00fczelyurt y\u00f6resinin temel gelir ve ge\u00e7im kayna\u011f\u0131 oldu\u011funu belirterek, tar\u0131msal sekt\u00f6rler i\u00e7erisinde \u00fclke ekonomisine en fazla getiri sa\u011flad\u0131\u011f\u0131n\u0131, en \u00e7ok d\u00f6viz getiren ve en \u00e7ok ihracat geliri olan sekt\u00f6r olma \u00f6zelli\u011fine sahip oldu\u011funu s\u00f6yledi. Cumhurba\u015fkan\u0131 Tatar, narenciyenin istihdama \u00f6nemli katk\u0131s\u0131 oldu\u011funu ve \u00fclke ekonomisine b\u00fcy\u00fck katma de\u011fer sa\u011flad\u0131\u011f\u0131n\u0131 vurgulad\u0131.\u00a0 Cumhurba\u015fkan\u0131 Tatar ayr\u0131ca Kuzey K\u0131br\u0131s T\u00fcrk Cumhuriyeti\u2019nin m\u00fccadelesine g\u00f6n\u00fclden ba\u011fl\u0131 bir m\u00fccahit olan merhum Zafer Niyazi\u2019nin \u00fclkenin geli\u015fip kalk\u0131nmas\u0131 i\u00e7in yapt\u0131\u011f\u0131 \u00e7al\u0131\u015fmalar\u0131n \u00f6nemine dikkat \u00e7ekti.<\/span><\/p>\n<p style=\"font-weight: 300;\"><span style=\"font-weight: 300 !important;\">Zafer Niyazi\u2019ye rahmet dileyen ve kendisini K\u0131br\u0131s T\u00fcrk\u00fc\u2019ne verdi\u011fi hizmetlerden dolay\u0131 sayg\u0131yla anan Cumhurba\u015fkan\u0131 Tatar, konu\u015fmas\u0131nda \u015fu ifadelere yer verdi:<\/span><\/p>\n<p style=\"font-weight: 300;\"><span style=\"font-weight: 300 !important;\">\u201cSevecenli\u011fi, dostlu\u011fu, Kuzey K\u0131br\u0131s T\u00fcrk Cumhuriyeti a\u015fk\u0131, Baf \u00dclk\u00fc Yurdu camias\u0131n\u0131 \u015fampiyonlu\u011fa ta\u015f\u0131mas\u0131 ve sosyal hayatta verdi\u011fi her t\u00fcrl\u00fc destekle unutulmayacak bir ki\u015fi olan Zafer Niyazi\u2019nin \u00fclkeye ba\u011fl\u0131l\u0131\u011f\u0131 ile bu topraklara yapt\u0131\u011f\u0131 yat\u0131r\u0131mlar\u0131n, narenciye ve ekonomi sekt\u00f6r\u00fcne olan katk\u0131s\u0131n\u0131n \u00f6nemi b\u00fcy\u00fckt\u00fcr. Her zaman gen\u00e7lerin yan\u0131nda olmu\u015ftur.\u201d<\/span><\/p>\n<p>\u00a0<\/p>\n<\/p><\/div>\n<p><script async\n                    defer\n                    crossorigin=\"anonymous\"\n                    src=\"https:\/\/connect.facebook.net\/tr_TR\/sdk.js#xfbml=1&#038;version=v3.3\"\n            ><\/script><\/p>\n","protected":false},"excerpt":{"rendered":"<p>Cumhurba\u015fkan\u0131 Ersin Tatar, G\u00fczelyurt B\u00f6lgesi\u2019nde Portex, Kalyoncu, Dilekler, Zafer Niyazi ve Ya\u015far Polat narenciye paketleme tesislerini ziyaret etti. 8 Mart D\u00fcnya Kad\u0131nlar G\u00fcn\u00fc nedeniyle kad\u0131n \u00e7al\u0131\u015fanlara \u00e7i\u00e7ek takdim eden Cumhurba\u015fkan\u0131 Tatar, 2023 y\u0131l\u0131nda ya\u015fam\u0131n\u0131 yitiren i\u015f insan\u0131 Zafer Niyazi\u2019nin portakal paketleme tesisinde a\u00e7\u0131klamalarda bulundu. Cumhurba\u015fkan\u0131 Tatar yapt\u0131\u011f\u0131 a\u00e7\u0131klamada, narenciyenin G\u00fczelyurt y\u00f6resinin temel gelir ve ge\u00e7im<\/p>\n","protected":false},"author":1,"featured_media":77402,"comment_status":"open","ping_status":"open","sticky":false,"template":"","format":"standard","meta":{"footnotes":""},"categories":[81,101],"tags":[],"class_list":["post-77401","post","type-post","status-publish","format-standard","has-post-thumbnail","hentry","category-kibris","category-manset"],"yoast_head":"<!-- This site is optimized with the Yoast SEO plugin v27.4 - https:\/\/yoast.com\/product\/yoast-seo-wordpress\/ -->\n<title>Cumhurba\u015fkan\u0131 Tatar, G\u00fczelyurt B\u00f6lgesi\u2019nde narenciye paketleme tesislerini ziyaret etti -<\/title>\n<meta name=\"robots\" content=\"index, follow, max-snippet:-1, max-image-preview:large, max-video-preview:-1\" \/>\n<link rel=\"canonical\" href=\"https:\/\/kibrisdakik.com\/?p=77401\" \/>\n<meta property=\"og:locale\" content=\"tr_TR\" \/>\n<meta property=\"og:type\" content=\"article\" \/>\n<meta property=\"og:title\" content=\"Cumhurba\u015fkan\u0131 Tatar, G\u00fczelyurt B\u00f6lgesi\u2019nde narenciye paketleme tesislerini ziyaret etti -\" \/>\n<meta property=\"og:description\" content=\"Cumhurba\u015fkan\u0131 Ersin Tatar, G\u00fczelyurt B\u00f6lgesi\u2019nde Portex, Kalyoncu, Dilekler, Zafer Niyazi ve Ya\u015far Polat narenciye paketleme tesislerini ziyaret etti. 8 Mart D\u00fcnya Kad\u0131nlar G\u00fcn\u00fc nedeniyle kad\u0131n \u00e7al\u0131\u015fanlara \u00e7i\u00e7ek takdim eden Cumhurba\u015fkan\u0131 Tatar, 2023 y\u0131l\u0131nda ya\u015fam\u0131n\u0131 yitiren i\u015f insan\u0131 Zafer Niyazi\u2019nin portakal paketleme tesisinde a\u00e7\u0131klamalarda bulundu. Cumhurba\u015fkan\u0131 Tatar yapt\u0131\u011f\u0131 a\u00e7\u0131klamada, narenciyenin G\u00fczelyurt y\u00f6resinin temel gelir ve ge\u00e7im\" \/>\n<meta property=\"og:url\" content=\"https:\/\/kibrisdakik.com\/?p=77401\" \/>\n<meta property=\"article:published_time\" content=\"2025-03-09T19:12:33+00:00\" \/>\n<meta property=\"og:image\" content=\"https:\/\/kibrisdakik.com\/wp-content\/uploads\/2025\/03\/TATARnarenciye-1-740x414.jpg\" \/>\n\t<meta property=\"og:image:width\" content=\"928\" \/>\n\t<meta property=\"og:image:height\" content=\"414\" \/>\n\t<meta property=\"og:image:type\" content=\"image\/jpeg\" \/>\n<meta name=\"author\" content=\"admin\" \/>\n<meta name=\"twitter:card\" content=\"summary_large_image\" \/>\n<meta name=\"twitter:label1\" content=\"Yazan:\" \/>\n\t<meta name=\"twitter:data1\" content=\"admin\" \/>\n\t<meta name=\"twitter:label2\" content=\"Tahmini okuma s\u00fcresi\" \/>\n\t<meta name=\"twitter:data2\" content=\"1 dakika\" \/>\n<script type=\"application\/ld+json\" class=\"yoast-schema-graph\">{\"@context\":\"https:\\\/\\\/schema.org\",\"@graph\":[{\"@type\":\"Article\",\"@id\":\"https:\\\/\\\/kibrisdakik.com\\\/?p=77401#article\",\"isPartOf\":{\"@id\":\"https:\\\/\\\/kibrisdakik.com\\\/?p=77401\"},\"author\":{\"name\":\"admin\",\"@id\":\"https:\\\/\\\/kibrisdakik.com\\\/#\\\/schema\\\/person\\\/9cd9d437bbb44f72b73ba127e06d8e79\"},\"headline\":\"Cumhurba\u015fkan\u0131 Tatar, G\u00fczelyurt B\u00f6lgesi\u2019nde narenciye paketleme tesislerini ziyaret etti\",\"datePublished\":\"2025-03-09T19:12:33+00:00\",\"mainEntityOfPage\":{\"@id\":\"https:\\\/\\\/kibrisdakik.com\\\/?p=77401\"},\"wordCount\":298,\"commentCount\":0,\"image\":{\"@id\":\"https:\\\/\\\/kibrisdakik.com\\\/?p=77401#primaryimage\"},\"thumbnailUrl\":\"https:\\\/\\\/kibrisdakik.com\\\/wp-content\\\/uploads\\\/2025\\\/03\\\/TATARnarenciye-1-740x414.jpg\",\"articleSection\":[\"K\u0131br\u0131s\",\"Man\u015fet\"],\"inLanguage\":\"tr\",\"potentialAction\":[{\"@type\":\"CommentAction\",\"name\":\"Comment\",\"target\":[\"https:\\\/\\\/kibrisdakik.com\\\/?p=77401#respond\"]}]},{\"@type\":\"WebPage\",\"@id\":\"https:\\\/\\\/kibrisdakik.com\\\/?p=77401\",\"url\":\"https:\\\/\\\/kibrisdakik.com\\\/?p=77401\",\"name\":\"Cumhurba\u015fkan\u0131 Tatar, G\u00fczelyurt B\u00f6lgesi\u2019nde narenciye paketleme tesislerini ziyaret etti -\",\"isPartOf\":{\"@id\":\"https:\\\/\\\/kibrisdakik.com\\\/#website\"},\"primaryImageOfPage\":{\"@id\":\"https:\\\/\\\/kibrisdakik.com\\\/?p=77401#primaryimage\"},\"image\":{\"@id\":\"https:\\\/\\\/kibrisdakik.com\\\/?p=77401#primaryimage\"},\"thumbnailUrl\":\"https:\\\/\\\/kibrisdakik.com\\\/wp-content\\\/uploads\\\/2025\\\/03\\\/TATARnarenciye-1-740x414.jpg\",\"datePublished\":\"2025-03-09T19:12:33+00:00\",\"author\":{\"@id\":\"https:\\\/\\\/kibrisdakik.com\\\/#\\\/schema\\\/person\\\/9cd9d437bbb44f72b73ba127e06d8e79\"},\"breadcrumb\":{\"@id\":\"https:\\\/\\\/kibrisdakik.com\\\/?p=77401#breadcrumb\"},\"inLanguage\":\"tr\",\"potentialAction\":[{\"@type\":\"ReadAction\",\"target\":[\"https:\\\/\\\/kibrisdakik.com\\\/?p=77401\"]}]},{\"@type\":\"ImageObject\",\"inLanguage\":\"tr\",\"@id\":\"https:\\\/\\\/kibrisdakik.com\\\/?p=77401#primaryimage\",\"url\":\"https:\\\/\\\/kibrisdakik.com\\\/wp-content\\\/uploads\\\/2025\\\/03\\\/TATARnarenciye-1-740x414.jpg\",\"contentUrl\":\"https:\\\/\\\/kibrisdakik.com\\\/wp-content\\\/uploads\\\/2025\\\/03\\\/TATARnarenciye-1-740x414.jpg\",\"width\":928,\"height\":414},{\"@type\":\"BreadcrumbList\",\"@id\":\"https:\\\/\\\/kibrisdakik.com\\\/?p=77401#breadcrumb\",\"itemListElement\":[{\"@type\":\"ListItem\",\"position\":1,\"name\":\"Home\",\"item\":\"https:\\\/\\\/kibrisdakik.com\\\/\"},{\"@type\":\"ListItem\",\"position\":2,\"name\":\"Cumhurba\u015fkan\u0131 Tatar, G\u00fczelyurt B\u00f6lgesi\u2019nde narenciye paketleme tesislerini ziyaret etti\"}]},{\"@type\":\"WebSite\",\"@id\":\"https:\\\/\\\/kibrisdakik.com\\\/#website\",\"url\":\"https:\\\/\\\/kibrisdakik.com\\\/\",\"name\":\"\",\"description\":\"Tam vaktinde haber\",\"potentialAction\":[{\"@type\":\"SearchAction\",\"target\":{\"@type\":\"EntryPoint\",\"urlTemplate\":\"https:\\\/\\\/kibrisdakik.com\\\/?s={search_term_string}\"},\"query-input\":{\"@type\":\"PropertyValueSpecification\",\"valueRequired\":true,\"valueName\":\"search_term_string\"}}],\"inLanguage\":\"tr\"},{\"@type\":\"Person\",\"@id\":\"https:\\\/\\\/kibrisdakik.com\\\/#\\\/schema\\\/person\\\/9cd9d437bbb44f72b73ba127e06d8e79\",\"name\":\"admin\",\"image\":{\"@type\":\"ImageObject\",\"inLanguage\":\"tr\",\"@id\":\"https:\\\/\\\/secure.gravatar.com\\\/avatar\\\/ccc17943b9d660506c869530f897617f7cb1c21a4bf30023f252596d83e1f007?s=96&d=mm&r=g\",\"url\":\"https:\\\/\\\/secure.gravatar.com\\\/avatar\\\/ccc17943b9d660506c869530f897617f7cb1c21a4bf30023f252596d83e1f007?s=96&d=mm&r=g\",\"contentUrl\":\"https:\\\/\\\/secure.gravatar.com\\\/avatar\\\/ccc17943b9d660506c869530f897617f7cb1c21a4bf30023f252596d83e1f007?s=96&d=mm&r=g\",\"caption\":\"admin\"},\"sameAs\":[\"https:\\\/\\\/kibrisdakik.com\"],\"url\":\"https:\\\/\\\/kibrisdakik.com\\\/?author=1\"}]}<\/script>\n<!-- \/ Yoast SEO plugin. -->","yoast_head_json":{"title":"Cumhurba\u015fkan\u0131 Tatar, G\u00fczelyurt B\u00f6lgesi\u2019nde narenciye paketleme tesislerini ziyaret etti -","robots":{"index":"index","follow":"follow","max-snippet":"max-snippet:-1","max-image-preview":"max-image-preview:large","max-video-preview":"max-video-preview:-1"},"canonical":"https:\/\/kibrisdakik.com\/?p=77401","og_locale":"tr_TR","og_type":"article","og_title":"Cumhurba\u015fkan\u0131 Tatar, G\u00fczelyurt B\u00f6lgesi\u2019nde narenciye paketleme tesislerini ziyaret etti -","og_description":"Cumhurba\u015fkan\u0131 Ersin Tatar, G\u00fczelyurt B\u00f6lgesi\u2019nde Portex, Kalyoncu, Dilekler, Zafer Niyazi ve Ya\u015far Polat narenciye paketleme tesislerini ziyaret etti. 8 Mart D\u00fcnya Kad\u0131nlar G\u00fcn\u00fc nedeniyle kad\u0131n \u00e7al\u0131\u015fanlara \u00e7i\u00e7ek takdim eden Cumhurba\u015fkan\u0131 Tatar, 2023 y\u0131l\u0131nda ya\u015fam\u0131n\u0131 yitiren i\u015f insan\u0131 Zafer Niyazi\u2019nin portakal paketleme tesisinde a\u00e7\u0131klamalarda bulundu. Cumhurba\u015fkan\u0131 Tatar yapt\u0131\u011f\u0131 a\u00e7\u0131klamada, narenciyenin G\u00fczelyurt y\u00f6resinin temel gelir ve ge\u00e7im","og_url":"https:\/\/kibrisdakik.com\/?p=77401","article_published_time":"2025-03-09T19:12:33+00:00","og_image":[{"width":928,"height":414,"url":"https:\/\/kibrisdakik.com\/wp-content\/uploads\/2025\/03\/TATARnarenciye-1-740x414.jpg","type":"image\/jpeg"}],"author":"admin","twitter_card":"summary_large_image","twitter_misc":{"Yazan:":"admin","Tahmini okuma s\u00fcresi":"1 dakika"},"schema":{"@context":"https:\/\/schema.org","@graph":[{"@type":"Article","@id":"https:\/\/kibrisdakik.com\/?p=77401#article","isPartOf":{"@id":"https:\/\/kibrisdakik.com\/?p=77401"},"author":{"name":"admin","@id":"https:\/\/kibrisdakik.com\/#\/schema\/person\/9cd9d437bbb44f72b73ba127e06d8e79"},"headline":"Cumhurba\u015fkan\u0131 Tatar, G\u00fczelyurt B\u00f6lgesi\u2019nde narenciye paketleme tesislerini ziyaret etti","datePublished":"2025-03-09T19:12:33+00:00","mainEntityOfPage":{"@id":"https:\/\/kibrisdakik.com\/?p=77401"},"wordCount":298,"commentCount":0,"image":{"@id":"https:\/\/kibrisdakik.com\/?p=77401#primaryimage"},"thumbnailUrl":"https:\/\/kibrisdakik.com\/wp-content\/uploads\/2025\/03\/TATARnarenciye-1-740x414.jpg","articleSection":["K\u0131br\u0131s","Man\u015fet"],"inLanguage":"tr","potentialAction":[{"@type":"CommentAction","name":"Comment","target":["https:\/\/kibrisdakik.com\/?p=77401#respond"]}]},{"@type":"WebPage","@id":"https:\/\/kibrisdakik.com\/?p=77401","url":"https:\/\/kibrisdakik.com\/?p=77401","name":"Cumhurba\u015fkan\u0131 Tatar, G\u00fczelyurt B\u00f6lgesi\u2019nde narenciye paketleme tesislerini ziyaret etti -","isPartOf":{"@id":"https:\/\/kibrisdakik.com\/#website"},"primaryImageOfPage":{"@id":"https:\/\/kibrisdakik.com\/?p=77401#primaryimage"},"image":{"@id":"https:\/\/kibrisdakik.com\/?p=77401#primaryimage"},"thumbnailUrl":"https:\/\/kibrisdakik.com\/wp-content\/uploads\/2025\/03\/TATARnarenciye-1-740x414.jpg","datePublished":"2025-03-09T19:12:33+00:00","author":{"@id":"https:\/\/kibrisdakik.com\/#\/schema\/person\/9cd9d437bbb44f72b73ba127e06d8e79"},"breadcrumb":{"@id":"https:\/\/kibrisdakik.com\/?p=77401#breadcrumb"},"inLanguage":"tr","potentialAction":[{"@type":"ReadAction","target":["https:\/\/kibrisdakik.com\/?p=77401"]}]},{"@type":"ImageObject","inLanguage":"tr","@id":"https:\/\/kibrisdakik.com\/?p=77401#primaryimage","url":"https:\/\/kibrisdakik.com\/wp-content\/uploads\/2025\/03\/TATARnarenciye-1-740x414.jpg","contentUrl":"https:\/\/kibrisdakik.com\/wp-content\/uploads\/2025\/03\/TATARnarenciye-1-740x414.jpg","width":928,"height":414},{"@type":"BreadcrumbList","@id":"https:\/\/kibrisdakik.com\/?p=77401#breadcrumb","itemListElement":[{"@type":"ListItem","position":1,"name":"Home","item":"https:\/\/kibrisdakik.com\/"},{"@type":"ListItem","position":2,"name":"Cumhurba\u015fkan\u0131 Tatar, G\u00fczelyurt B\u00f6lgesi\u2019nde narenciye paketleme tesislerini ziyaret etti"}]},{"@type":"WebSite","@id":"https:\/\/kibrisdakik.com\/#website","url":"https:\/\/kibrisdakik.com\/","name":"","description":"Tam vaktinde haber","potentialAction":[{"@type":"SearchAction","target":{"@type":"EntryPoint","urlTemplate":"https:\/\/kibrisdakik.com\/?s={search_term_string}"},"query-input":{"@type":"PropertyValueSpecification","valueRequired":true,"valueName":"search_term_string"}}],"inLanguage":"tr"},{"@type":"Person","@id":"https:\/\/kibrisdakik.com\/#\/schema\/person\/9cd9d437bbb44f72b73ba127e06d8e79","name":"admin","image":{"@type":"ImageObject","inLanguage":"tr","@id":"https:\/\/secure.gravatar.com\/avatar\/ccc17943b9d660506c869530f897617f7cb1c21a4bf30023f252596d83e1f007?s=96&d=mm&r=g","url":"https:\/\/secure.gravatar.com\/avatar\/ccc17943b9d660506c869530f897617f7cb1c21a4bf30023f252596d83e1f007?s=96&d=mm&r=g","contentUrl":"https:\/\/secure.gravatar.com\/avatar\/ccc17943b9d660506c869530f897617f7cb1c21a4bf30023f252596d83e1f007?s=96&d=mm&r=g","caption":"admin"},"sameAs":["https:\/\/kibrisdakik.com"],"url":"https:\/\/kibrisdakik.com\/?author=1"}]}},"_links":{"self":[{"href":"https:\/\/kibrisdakik.com\/index.php?rest_route=\/wp\/v2\/posts\/77401","targetHints":{"allow":["GET"]}}],"collection":[{"href":"https:\/\/kibrisdakik.com\/index.php?rest_route=\/wp\/v2\/posts"}],"about":[{"href":"https:\/\/kibrisdakik.com\/index.php?rest_route=\/wp\/v2\/types\/post"}],"author":[{"embeddable":true,"href":"https:\/\/kibrisdakik.com\/index.php?rest_route=\/wp\/v2\/users\/1"}],"replies":[{"embeddable":true,"href":"https:\/\/kibrisdakik.com\/index.php?rest_route=%2Fwp%2Fv2%2Fcomments&post=77401"}],"version-history":[{"count":0,"href":"https:\/\/kibrisdakik.com\/index.php?rest_route=\/wp\/v2\/posts\/77401\/revisions"}],"wp:featuredmedia":[{"embeddable":true,"href":"https:\/\/kibrisdakik.com\/index.php?rest_route=\/wp\/v2\/media\/77402"}],"wp:attachment":[{"href":"https:\/\/kibrisdakik.com\/index.php?rest_route=%2Fwp%2Fv2%2Fmedia&parent=77401"}],"wp:term":[{"taxonomy":"category","embeddable":true,"href":"https:\/\/kibrisdakik.com\/index.php?rest_route=%2Fwp%2Fv2%2Fcategories&post=77401"},{"taxonomy":"post_tag","embeddable":true,"href":"https:\/\/kibrisdakik.com\/index.php?rest_route=%2Fwp%2Fv2%2Ftags&post=77401"}],"curies":[{"name":"wp","href":"https:\/\/api.w.org\/{rel}","templated":true}]}}