{"id":77444,"date":"2025-03-10T11:57:00","date_gmt":"2025-03-10T08:57:00","guid":{"rendered":"https:\/\/kibrisdakik.com\/index.php\/2025\/03\/10\/lbo-cocuk-korolari-carsamba-gunu-konser-verecek\/"},"modified":"2025-03-10T11:57:00","modified_gmt":"2025-03-10T08:57:00","slug":"lbo-cocuk-korolari-carsamba-gunu-konser-verecek","status":"publish","type":"post","link":"https:\/\/kibrisdakik.com\/?p=77444","title":{"rendered":"LBO \u00c7ocuk Korolar\u0131 \u00c7ar\u015famba g\u00fcn\u00fc konser verecek"},"content":{"rendered":"<p> <br \/>\n<\/p>\n<div>\n<div class=\"mariselle-image-container center\">\n                <img loading=\"lazy\" decoding=\"async\" width=\"1200\" height=\"1500\" class=\"lazy-image\" alt=\"\" sizes=\"auto, (max-width: 1200px) 100vw, 1200px\" src=\"https:\/\/brtk.net\/wp-content\/uploads\/2025\/03\/10\/1741597822822lbo-konser-afis.jpeg?ver=c9066d44c20f8758234b5f59d0ac05dd\" srcset=\"https:\/\/brtk.net\/wp-content\/uploads\/2025\/03\/10\/1741597822822lbo-konser-afis.jpeg?ver=c9066d44c20f8758234b5f59d0ac05dd 1200w, https:\/\/brtk.net\/wp-content\/uploads\/2025\/03\/10\/1741597822822lbo-konser-afis-240x300.jpeg?ver=c9066d44c20f8758234b5f59d0ac05dd 240w, https:\/\/brtk.net\/wp-content\/uploads\/2025\/03\/10\/1741597822822lbo-konser-afis-819x1024.jpeg?ver=29738dc29a168240b95cfce3c4691c70 819w, https:\/\/brtk.net\/wp-content\/uploads\/2025\/03\/10\/1741597822822lbo-konser-afis-768x960.jpeg?ver=29738dc29a168240b95cfce3c4691c70 768w\"\/>                            <\/div>\n<p>Lefko\u015fa Belediye Orkestras\u0131 \u00c7ocuk ve \u00c7ok Sesli Gen\u00e7lik Korosu, \u00e7ar\u015famba g\u00fcn\u00fc konser verecek.<\/p>\n<p>Belediyeden yap\u0131lan a\u00e7\u0131klamaya g\u00f6re, Lefko\u015fa AKM\u2019de d\u00fczenlenecek konser saat 20.00\u2019de ba\u015flayacak. Sefler Hare Yakula ve Emine Koreli Sakarya y\u00f6netimindeki koroya piyanoyla G\u00f6zdem \u0130lkay e\u015flik edecek. Mezzo ve Min\u00f6r haz\u0131rl\u0131k gruplar\u0131 ile \u00c7ok Sesli Gen\u00e7lik Korosu\u2019nun sahne alaca\u011f\u0131 konserde, klasik ve yerel ezgilerin yan\u0131 s\u0131ra m\u00fczikallerden se\u00e7ilen eserler ve farkl\u0131 dillerde \u00e7oksesli d\u00fczenlemeler seslendirilecek.<\/p>\n<\/p><\/div>\n<p><script async\n                    defer\n                    crossorigin=\"anonymous\"\n                    src=\"https:\/\/connect.facebook.net\/tr_TR\/sdk.js#xfbml=1&#038;version=v3.3\"\n            ><\/script><br \/>\n<br \/><br \/>\n<br \/><a href=\"https:\/\/brtk.net\/lbo-cocuk-korolari-carsamba-gunu-konser-verecek\/\">kpostasi <\/a><\/p>\n","protected":false},"excerpt":{"rendered":"<p>Lefko\u015fa Belediye Orkestras\u0131 \u00c7ocuk ve \u00c7ok Sesli Gen\u00e7lik Korosu, \u00e7ar\u015famba g\u00fcn\u00fc konser verecek. Belediyeden yap\u0131lan a\u00e7\u0131klamaya g\u00f6re, Lefko\u015fa AKM\u2019de d\u00fczenlenecek konser saat 20.00\u2019de ba\u015flayacak. Sefler Hare Yakula ve Emine Koreli Sakarya y\u00f6netimindeki koroya piyanoyla G\u00f6zdem \u0130lkay e\u015flik edecek. Mezzo ve Min\u00f6r haz\u0131rl\u0131k gruplar\u0131 ile \u00c7ok Sesli Gen\u00e7lik Korosu\u2019nun sahne alaca\u011f\u0131 konserde, klasik ve yerel ezgilerin<\/p>\n","protected":false},"author":1,"featured_media":77445,"comment_status":"open","ping_status":"open","sticky":false,"template":"","format":"standard","meta":{"footnotes":""},"categories":[1,81,101],"tags":[],"class_list":["post-77444","post","type-post","status-publish","format-standard","has-post-thumbnail","hentry","category-gundem","category-kibris","category-manset"],"yoast_head":"<!-- This site is optimized with the Yoast SEO plugin v27.5 - https:\/\/yoast.com\/product\/yoast-seo-wordpress\/ -->\n<title>LBO \u00c7ocuk Korolar\u0131 \u00c7ar\u015famba g\u00fcn\u00fc konser verecek -<\/title>\n<meta name=\"robots\" content=\"index, follow, max-snippet:-1, max-image-preview:large, max-video-preview:-1\" \/>\n<link rel=\"canonical\" href=\"https:\/\/kibrisdakik.com\/?p=77444\" \/>\n<meta property=\"og:locale\" content=\"tr_TR\" \/>\n<meta property=\"og:type\" content=\"article\" \/>\n<meta property=\"og:title\" content=\"LBO \u00c7ocuk Korolar\u0131 \u00c7ar\u015famba g\u00fcn\u00fc konser verecek -\" \/>\n<meta property=\"og:description\" content=\"Lefko\u015fa Belediye Orkestras\u0131 \u00c7ocuk ve \u00c7ok Sesli Gen\u00e7lik Korosu, \u00e7ar\u015famba g\u00fcn\u00fc konser verecek. Belediyeden yap\u0131lan a\u00e7\u0131klamaya g\u00f6re, Lefko\u015fa AKM\u2019de d\u00fczenlenecek konser saat 20.00\u2019de ba\u015flayacak. Sefler Hare Yakula ve Emine Koreli Sakarya y\u00f6netimindeki koroya piyanoyla G\u00f6zdem \u0130lkay e\u015flik edecek. Mezzo ve Min\u00f6r haz\u0131rl\u0131k gruplar\u0131 ile \u00c7ok Sesli Gen\u00e7lik Korosu\u2019nun sahne alaca\u011f\u0131 konserde, klasik ve yerel ezgilerin\" \/>\n<meta property=\"og:url\" content=\"https:\/\/kibrisdakik.com\/?p=77444\" \/>\n<meta property=\"article:published_time\" content=\"2025-03-10T08:57:00+00:00\" \/>\n<meta property=\"og:image\" content=\"https:\/\/kibrisdakik.com\/wp-content\/uploads\/2025\/03\/1741597822822lbo-konser-afis-740x420.jpeg\" \/>\n\t<meta property=\"og:image:width\" content=\"1200\" \/>\n\t<meta property=\"og:image:height\" content=\"1500\" \/>\n\t<meta property=\"og:image:type\" content=\"image\/jpeg\" \/>\n<meta name=\"author\" content=\"admin\" \/>\n<meta name=\"twitter:card\" content=\"summary_large_image\" \/>\n<meta name=\"twitter:label1\" content=\"Yazan:\" \/>\n\t<meta name=\"twitter:data1\" content=\"admin\" \/>\n<script type=\"application\/ld+json\" class=\"yoast-schema-graph\">{\"@context\":\"https:\\\/\\\/schema.org\",\"@graph\":[{\"@type\":\"Article\",\"@id\":\"https:\\\/\\\/kibrisdakik.com\\\/?p=77444#article\",\"isPartOf\":{\"@id\":\"https:\\\/\\\/kibrisdakik.com\\\/?p=77444\"},\"author\":{\"name\":\"admin\",\"@id\":\"https:\\\/\\\/kibrisdakik.com\\\/#\\\/schema\\\/person\\\/9cd9d437bbb44f72b73ba127e06d8e79\"},\"headline\":\"LBO \u00c7ocuk Korolar\u0131 \u00c7ar\u015famba g\u00fcn\u00fc konser verecek\",\"datePublished\":\"2025-03-10T08:57:00+00:00\",\"mainEntityOfPage\":{\"@id\":\"https:\\\/\\\/kibrisdakik.com\\\/?p=77444\"},\"wordCount\":101,\"commentCount\":0,\"image\":{\"@id\":\"https:\\\/\\\/kibrisdakik.com\\\/?p=77444#primaryimage\"},\"thumbnailUrl\":\"https:\\\/\\\/kibrisdakik.com\\\/wp-content\\\/uploads\\\/2025\\\/03\\\/1741597822822lbo-konser-afis-740x420.jpeg\",\"articleSection\":[\"G\u00fcndem\",\"K\u0131br\u0131s\",\"Man\u015fet\"],\"inLanguage\":\"tr\",\"potentialAction\":[{\"@type\":\"CommentAction\",\"name\":\"Comment\",\"target\":[\"https:\\\/\\\/kibrisdakik.com\\\/?p=77444#respond\"]}]},{\"@type\":\"WebPage\",\"@id\":\"https:\\\/\\\/kibrisdakik.com\\\/?p=77444\",\"url\":\"https:\\\/\\\/kibrisdakik.com\\\/?p=77444\",\"name\":\"LBO \u00c7ocuk Korolar\u0131 \u00c7ar\u015famba g\u00fcn\u00fc konser verecek -\",\"isPartOf\":{\"@id\":\"https:\\\/\\\/kibrisdakik.com\\\/#website\"},\"primaryImageOfPage\":{\"@id\":\"https:\\\/\\\/kibrisdakik.com\\\/?p=77444#primaryimage\"},\"image\":{\"@id\":\"https:\\\/\\\/kibrisdakik.com\\\/?p=77444#primaryimage\"},\"thumbnailUrl\":\"https:\\\/\\\/kibrisdakik.com\\\/wp-content\\\/uploads\\\/2025\\\/03\\\/1741597822822lbo-konser-afis-740x420.jpeg\",\"datePublished\":\"2025-03-10T08:57:00+00:00\",\"author\":{\"@id\":\"https:\\\/\\\/kibrisdakik.com\\\/#\\\/schema\\\/person\\\/9cd9d437bbb44f72b73ba127e06d8e79\"},\"breadcrumb\":{\"@id\":\"https:\\\/\\\/kibrisdakik.com\\\/?p=77444#breadcrumb\"},\"inLanguage\":\"tr\",\"potentialAction\":[{\"@type\":\"ReadAction\",\"target\":[\"https:\\\/\\\/kibrisdakik.com\\\/?p=77444\"]}]},{\"@type\":\"ImageObject\",\"inLanguage\":\"tr\",\"@id\":\"https:\\\/\\\/kibrisdakik.com\\\/?p=77444#primaryimage\",\"url\":\"https:\\\/\\\/kibrisdakik.com\\\/wp-content\\\/uploads\\\/2025\\\/03\\\/1741597822822lbo-konser-afis-740x420.jpeg\",\"contentUrl\":\"https:\\\/\\\/kibrisdakik.com\\\/wp-content\\\/uploads\\\/2025\\\/03\\\/1741597822822lbo-konser-afis-740x420.jpeg\",\"width\":1200,\"height\":1500},{\"@type\":\"BreadcrumbList\",\"@id\":\"https:\\\/\\\/kibrisdakik.com\\\/?p=77444#breadcrumb\",\"itemListElement\":[{\"@type\":\"ListItem\",\"position\":1,\"name\":\"Home\",\"item\":\"https:\\\/\\\/kibrisdakik.com\\\/\"},{\"@type\":\"ListItem\",\"position\":2,\"name\":\"LBO \u00c7ocuk Korolar\u0131 \u00c7ar\u015famba g\u00fcn\u00fc konser verecek\"}]},{\"@type\":\"WebSite\",\"@id\":\"https:\\\/\\\/kibrisdakik.com\\\/#website\",\"url\":\"https:\\\/\\\/kibrisdakik.com\\\/\",\"name\":\"\",\"description\":\"Tam vaktinde haber\",\"potentialAction\":[{\"@type\":\"SearchAction\",\"target\":{\"@type\":\"EntryPoint\",\"urlTemplate\":\"https:\\\/\\\/kibrisdakik.com\\\/?s={search_term_string}\"},\"query-input\":{\"@type\":\"PropertyValueSpecification\",\"valueRequired\":true,\"valueName\":\"search_term_string\"}}],\"inLanguage\":\"tr\"},{\"@type\":\"Person\",\"@id\":\"https:\\\/\\\/kibrisdakik.com\\\/#\\\/schema\\\/person\\\/9cd9d437bbb44f72b73ba127e06d8e79\",\"name\":\"admin\",\"image\":{\"@type\":\"ImageObject\",\"inLanguage\":\"tr\",\"@id\":\"https:\\\/\\\/secure.gravatar.com\\\/avatar\\\/ccc17943b9d660506c869530f897617f7cb1c21a4bf30023f252596d83e1f007?s=96&d=mm&r=g\",\"url\":\"https:\\\/\\\/secure.gravatar.com\\\/avatar\\\/ccc17943b9d660506c869530f897617f7cb1c21a4bf30023f252596d83e1f007?s=96&d=mm&r=g\",\"contentUrl\":\"https:\\\/\\\/secure.gravatar.com\\\/avatar\\\/ccc17943b9d660506c869530f897617f7cb1c21a4bf30023f252596d83e1f007?s=96&d=mm&r=g\",\"caption\":\"admin\"},\"sameAs\":[\"https:\\\/\\\/kibrisdakik.com\"],\"url\":\"https:\\\/\\\/kibrisdakik.com\\\/?author=1\"}]}<\/script>\n<!-- \/ Yoast SEO plugin. -->","yoast_head_json":{"title":"LBO \u00c7ocuk Korolar\u0131 \u00c7ar\u015famba g\u00fcn\u00fc konser verecek -","robots":{"index":"index","follow":"follow","max-snippet":"max-snippet:-1","max-image-preview":"max-image-preview:large","max-video-preview":"max-video-preview:-1"},"canonical":"https:\/\/kibrisdakik.com\/?p=77444","og_locale":"tr_TR","og_type":"article","og_title":"LBO \u00c7ocuk Korolar\u0131 \u00c7ar\u015famba g\u00fcn\u00fc konser verecek -","og_description":"Lefko\u015fa Belediye Orkestras\u0131 \u00c7ocuk ve \u00c7ok Sesli Gen\u00e7lik Korosu, \u00e7ar\u015famba g\u00fcn\u00fc konser verecek. Belediyeden yap\u0131lan a\u00e7\u0131klamaya g\u00f6re, Lefko\u015fa AKM\u2019de d\u00fczenlenecek konser saat 20.00\u2019de ba\u015flayacak. Sefler Hare Yakula ve Emine Koreli Sakarya y\u00f6netimindeki koroya piyanoyla G\u00f6zdem \u0130lkay e\u015flik edecek. Mezzo ve Min\u00f6r haz\u0131rl\u0131k gruplar\u0131 ile \u00c7ok Sesli Gen\u00e7lik Korosu\u2019nun sahne alaca\u011f\u0131 konserde, klasik ve yerel ezgilerin","og_url":"https:\/\/kibrisdakik.com\/?p=77444","article_published_time":"2025-03-10T08:57:00+00:00","og_image":[{"width":1200,"height":1500,"url":"https:\/\/kibrisdakik.com\/wp-content\/uploads\/2025\/03\/1741597822822lbo-konser-afis-740x420.jpeg","type":"image\/jpeg"}],"author":"admin","twitter_card":"summary_large_image","twitter_misc":{"Yazan:":"admin"},"schema":{"@context":"https:\/\/schema.org","@graph":[{"@type":"Article","@id":"https:\/\/kibrisdakik.com\/?p=77444#article","isPartOf":{"@id":"https:\/\/kibrisdakik.com\/?p=77444"},"author":{"name":"admin","@id":"https:\/\/kibrisdakik.com\/#\/schema\/person\/9cd9d437bbb44f72b73ba127e06d8e79"},"headline":"LBO \u00c7ocuk Korolar\u0131 \u00c7ar\u015famba g\u00fcn\u00fc konser verecek","datePublished":"2025-03-10T08:57:00+00:00","mainEntityOfPage":{"@id":"https:\/\/kibrisdakik.com\/?p=77444"},"wordCount":101,"commentCount":0,"image":{"@id":"https:\/\/kibrisdakik.com\/?p=77444#primaryimage"},"thumbnailUrl":"https:\/\/kibrisdakik.com\/wp-content\/uploads\/2025\/03\/1741597822822lbo-konser-afis-740x420.jpeg","articleSection":["G\u00fcndem","K\u0131br\u0131s","Man\u015fet"],"inLanguage":"tr","potentialAction":[{"@type":"CommentAction","name":"Comment","target":["https:\/\/kibrisdakik.com\/?p=77444#respond"]}]},{"@type":"WebPage","@id":"https:\/\/kibrisdakik.com\/?p=77444","url":"https:\/\/kibrisdakik.com\/?p=77444","name":"LBO \u00c7ocuk Korolar\u0131 \u00c7ar\u015famba g\u00fcn\u00fc konser verecek -","isPartOf":{"@id":"https:\/\/kibrisdakik.com\/#website"},"primaryImageOfPage":{"@id":"https:\/\/kibrisdakik.com\/?p=77444#primaryimage"},"image":{"@id":"https:\/\/kibrisdakik.com\/?p=77444#primaryimage"},"thumbnailUrl":"https:\/\/kibrisdakik.com\/wp-content\/uploads\/2025\/03\/1741597822822lbo-konser-afis-740x420.jpeg","datePublished":"2025-03-10T08:57:00+00:00","author":{"@id":"https:\/\/kibrisdakik.com\/#\/schema\/person\/9cd9d437bbb44f72b73ba127e06d8e79"},"breadcrumb":{"@id":"https:\/\/kibrisdakik.com\/?p=77444#breadcrumb"},"inLanguage":"tr","potentialAction":[{"@type":"ReadAction","target":["https:\/\/kibrisdakik.com\/?p=77444"]}]},{"@type":"ImageObject","inLanguage":"tr","@id":"https:\/\/kibrisdakik.com\/?p=77444#primaryimage","url":"https:\/\/kibrisdakik.com\/wp-content\/uploads\/2025\/03\/1741597822822lbo-konser-afis-740x420.jpeg","contentUrl":"https:\/\/kibrisdakik.com\/wp-content\/uploads\/2025\/03\/1741597822822lbo-konser-afis-740x420.jpeg","width":1200,"height":1500},{"@type":"BreadcrumbList","@id":"https:\/\/kibrisdakik.com\/?p=77444#breadcrumb","itemListElement":[{"@type":"ListItem","position":1,"name":"Home","item":"https:\/\/kibrisdakik.com\/"},{"@type":"ListItem","position":2,"name":"LBO \u00c7ocuk Korolar\u0131 \u00c7ar\u015famba g\u00fcn\u00fc konser verecek"}]},{"@type":"WebSite","@id":"https:\/\/kibrisdakik.com\/#website","url":"https:\/\/kibrisdakik.com\/","name":"","description":"Tam vaktinde haber","potentialAction":[{"@type":"SearchAction","target":{"@type":"EntryPoint","urlTemplate":"https:\/\/kibrisdakik.com\/?s={search_term_string}"},"query-input":{"@type":"PropertyValueSpecification","valueRequired":true,"valueName":"search_term_string"}}],"inLanguage":"tr"},{"@type":"Person","@id":"https:\/\/kibrisdakik.com\/#\/schema\/person\/9cd9d437bbb44f72b73ba127e06d8e79","name":"admin","image":{"@type":"ImageObject","inLanguage":"tr","@id":"https:\/\/secure.gravatar.com\/avatar\/ccc17943b9d660506c869530f897617f7cb1c21a4bf30023f252596d83e1f007?s=96&d=mm&r=g","url":"https:\/\/secure.gravatar.com\/avatar\/ccc17943b9d660506c869530f897617f7cb1c21a4bf30023f252596d83e1f007?s=96&d=mm&r=g","contentUrl":"https:\/\/secure.gravatar.com\/avatar\/ccc17943b9d660506c869530f897617f7cb1c21a4bf30023f252596d83e1f007?s=96&d=mm&r=g","caption":"admin"},"sameAs":["https:\/\/kibrisdakik.com"],"url":"https:\/\/kibrisdakik.com\/?author=1"}]}},"_links":{"self":[{"href":"https:\/\/kibrisdakik.com\/index.php?rest_route=\/wp\/v2\/posts\/77444","targetHints":{"allow":["GET"]}}],"collection":[{"href":"https:\/\/kibrisdakik.com\/index.php?rest_route=\/wp\/v2\/posts"}],"about":[{"href":"https:\/\/kibrisdakik.com\/index.php?rest_route=\/wp\/v2\/types\/post"}],"author":[{"embeddable":true,"href":"https:\/\/kibrisdakik.com\/index.php?rest_route=\/wp\/v2\/users\/1"}],"replies":[{"embeddable":true,"href":"https:\/\/kibrisdakik.com\/index.php?rest_route=%2Fwp%2Fv2%2Fcomments&post=77444"}],"version-history":[{"count":0,"href":"https:\/\/kibrisdakik.com\/index.php?rest_route=\/wp\/v2\/posts\/77444\/revisions"}],"wp:featuredmedia":[{"embeddable":true,"href":"https:\/\/kibrisdakik.com\/index.php?rest_route=\/wp\/v2\/media\/77445"}],"wp:attachment":[{"href":"https:\/\/kibrisdakik.com\/index.php?rest_route=%2Fwp%2Fv2%2Fmedia&parent=77444"}],"wp:term":[{"taxonomy":"category","embeddable":true,"href":"https:\/\/kibrisdakik.com\/index.php?rest_route=%2Fwp%2Fv2%2Fcategories&post=77444"},{"taxonomy":"post_tag","embeddable":true,"href":"https:\/\/kibrisdakik.com\/index.php?rest_route=%2Fwp%2Fv2%2Ftags&post=77444"}],"curies":[{"name":"wp","href":"https:\/\/api.w.org\/{rel}","templated":true}]}}