{"id":77481,"date":"2025-03-10T20:00:47","date_gmt":"2025-03-10T17:00:47","guid":{"rendered":"https:\/\/kibrisdakik.com\/index.php\/2025\/03\/10\/cumhuriyet-meclisi-ceza-degisiklik-yasa-onerisini-ele-aldi-meclis-yarin-denetim-gundemiyle-toplanacak\/"},"modified":"2025-03-10T20:00:47","modified_gmt":"2025-03-10T17:00:47","slug":"cumhuriyet-meclisi-ceza-degisiklik-yasa-onerisini-ele-aldi-meclis-yarin-denetim-gundemiyle-toplanacak","status":"publish","type":"post","link":"https:\/\/kibrisdakik.com\/?p=77481","title":{"rendered":"Cumhuriyet Meclisi Ceza (De\u011fi\u015fiklik) Yasa \u00d6nerisi\u2019ni ele ald\u0131\u2026 Meclis yar\u0131n denetim g\u00fcndemiyle toplanacak"},"content":{"rendered":"<div>\n<div class=\"mariselle-image-container center\">\n                                            <\/div>\n<p>Cumhuriyet Meclisi, g\u00fcndemindeki yasa tasar\u0131lar\u0131n\u0131n g\u00f6r\u00fc\u015f\u00fclmesinin ard\u0131ndan, bir daha g\u00f6r\u00fc\u015f\u00fclmek \u00fczere komiteye g\u00f6nderilen Ceza (De\u011fi\u015fiklik) Yasa \u00d6nerisi\u2019ni ele ald\u0131.<\/p>\n<p>Hukuk, Siyasi \u0130\u015fler, D\u0131\u015fili\u015fkiler ve Savunma Komitesi Ba\u015fkan\u0131 Yasemi \u00d6zt\u00fcrk \u00f6neriye ili\u015fkin raporu milletvekillerinin bilgisine getirdi.<\/p>\n<p>Yasa \u00f6nerisine ili\u015fkin s\u00f6z alan Ba\u011f\u0131ms\u0131z Lefko\u015fa Milletvekili Hasan Tosuno\u011flu, yasalar\u0131n en do\u011fru \u015fekilde \u015fekillenmesi i\u00e7in isti\u015fare, i\u015f birli\u011fi ve diyalog s\u00fcre\u00e7lerinin \u00f6nemine dikkat \u00e7ekti.<\/p>\n<p>Meclisin t\u00fcm kesimlerin sesine kulak vermesi gerekti\u011fini vurgulayan Tosuno\u011flu, tasar\u0131n\u0131n bu anlay\u0131\u015f\u0131n bir \u00fcr\u00fcn\u00fc oldu\u011funu s\u00f6yledi.<\/p>\n<p>S\u00f6z konusu yasan\u0131n do\u011faya, insana ve hayvanlara verilen de\u011ferin bir yans\u0131mas\u0131 oldu\u011funu ifade eden Tosuno\u011flu, komite a\u015famas\u0131nda tasar\u0131n\u0131n daha kat\u0131l\u0131mc\u0131 bir \u015fekilde ele al\u0131nd\u0131\u011f\u0131n\u0131 ve b\u00f6ylece daha ideal bir noktaya ula\u015f\u0131ld\u0131\u011f\u0131n\u0131 dile getirdi.<\/p>\n<p>Komite \u00e7al\u0131\u015fmalar\u0131na destek veren t\u00fcm milletvekillerine ve Meclis \u00e7al\u0131\u015fanlar\u0131na te\u015fekk\u00fcr eden Tosuno\u011flu, s\u00fcrece katk\u0131 koyan vatanda\u015flar\u0131n da demokratik reflekslerinin son derece k\u0131ymetli oldu\u011funu ifade etti.<\/p>\n<p>Tosuno\u011flu, onaylanmas\u0131 beklenen \u00f6nerinin, hem hayvan haklar\u0131na y\u00f6nelik g\u00fc\u00e7l\u00fc bir toplumsal irade beyan\u0131 hem de sa\u011fl\u0131kl\u0131 tart\u0131\u015fma ortamlar\u0131n\u0131n \u00f6nemini ortaya koyan bir \u00f6rnek te\u015fkil etti\u011fini belirtti.<\/p>\n<p>\u00dclkede herkesin birbirine ihtiyac\u0131 oldu\u011funu dile getiren Tosuno\u011flu, toplumun \u00f6tekile\u015ftirme yerine birlik ve dayan\u0131\u015fma anlay\u0131\u015f\u0131yla hareket etmesi gerekti\u011fini de s\u00f6zlerine ekledi.<\/p>\n<p>Tosuno\u011flu\u2019nun konu\u015fmas\u0131n\u0131n ard\u0131ndan, Ceza (De\u011fi\u015fiklik) Yasa \u00d6nerisi\u2019nde bulunan de\u011fi\u015fiklikler madde madde g\u00f6r\u00fc\u015f\u00fclerek oybirli\u011fiyle onayland\u0131 ve ikinci g\u00f6r\u00fc\u015fmesi tamamland\u0131. \u00d6nerinin \u00fc\u00e7\u00fcnc\u00fc g\u00f6r\u00fc\u015fmesi, ivedili\u011fi olmad\u0131\u011f\u0131ndan sonraki birle\u015fime b\u0131rak\u0131ld\u0131.<\/p>\n<p>Cumhuriyet Meclisi, bug\u00fcnk\u00fc \u00e7al\u0131\u015fmalar\u0131n\u0131 tamamlad\u0131. Meclis, yar\u0131n saat 10.00\u2019da denetim g\u00f6reviyle toplanarak milletvekillerinin g\u00fcncel konu\u015fmalar\u0131na yer verecek.<\/p>\n<\/p><\/div>\n<p><script async\n                    defer\n                    crossorigin=\"anonymous\"\n                    src=\"https:\/\/connect.facebook.net\/tr_TR\/sdk.js#xfbml=1&#038;version=v3.3\"\n            ><\/script><\/p>\n","protected":false},"excerpt":{"rendered":"<p>Cumhuriyet Meclisi, g\u00fcndemindeki yasa tasar\u0131lar\u0131n\u0131n g\u00f6r\u00fc\u015f\u00fclmesinin ard\u0131ndan, bir daha g\u00f6r\u00fc\u015f\u00fclmek \u00fczere komiteye g\u00f6nderilen Ceza (De\u011fi\u015fiklik) Yasa \u00d6nerisi\u2019ni ele ald\u0131. Hukuk, Siyasi \u0130\u015fler, D\u0131\u015fili\u015fkiler ve Savunma Komitesi Ba\u015fkan\u0131 Yasemi \u00d6zt\u00fcrk \u00f6neriye ili\u015fkin raporu milletvekillerinin bilgisine getirdi. Yasa \u00f6nerisine ili\u015fkin s\u00f6z alan Ba\u011f\u0131ms\u0131z Lefko\u015fa Milletvekili Hasan Tosuno\u011flu, yasalar\u0131n en do\u011fru \u015fekilde \u015fekillenmesi i\u00e7in isti\u015fare, i\u015f birli\u011fi ve<\/p>\n","protected":false},"author":1,"featured_media":77482,"comment_status":"open","ping_status":"open","sticky":false,"template":"","format":"standard","meta":{"footnotes":""},"categories":[81,101],"tags":[],"class_list":["post-77481","post","type-post","status-publish","format-standard","has-post-thumbnail","hentry","category-kibris","category-manset"],"yoast_head":"<!-- This site is optimized with the Yoast SEO plugin v27.4 - https:\/\/yoast.com\/product\/yoast-seo-wordpress\/ -->\n<title>Cumhuriyet Meclisi Ceza (De\u011fi\u015fiklik) Yasa \u00d6nerisi\u2019ni ele ald\u0131\u2026 Meclis yar\u0131n denetim g\u00fcndemiyle toplanacak -<\/title>\n<meta name=\"robots\" content=\"index, follow, max-snippet:-1, max-image-preview:large, max-video-preview:-1\" \/>\n<link rel=\"canonical\" href=\"https:\/\/kibrisdakik.com\/?p=77481\" \/>\n<meta property=\"og:locale\" content=\"tr_TR\" \/>\n<meta property=\"og:type\" content=\"article\" \/>\n<meta property=\"og:title\" content=\"Cumhuriyet Meclisi Ceza (De\u011fi\u015fiklik) Yasa \u00d6nerisi\u2019ni ele ald\u0131\u2026 Meclis yar\u0131n denetim g\u00fcndemiyle toplanacak -\" \/>\n<meta property=\"og:description\" content=\"Cumhuriyet Meclisi, g\u00fcndemindeki yasa tasar\u0131lar\u0131n\u0131n g\u00f6r\u00fc\u015f\u00fclmesinin ard\u0131ndan, bir daha g\u00f6r\u00fc\u015f\u00fclmek \u00fczere komiteye g\u00f6nderilen Ceza (De\u011fi\u015fiklik) Yasa \u00d6nerisi\u2019ni ele ald\u0131. Hukuk, Siyasi \u0130\u015fler, D\u0131\u015fili\u015fkiler ve Savunma Komitesi Ba\u015fkan\u0131 Yasemi \u00d6zt\u00fcrk \u00f6neriye ili\u015fkin raporu milletvekillerinin bilgisine getirdi. Yasa \u00f6nerisine ili\u015fkin s\u00f6z alan Ba\u011f\u0131ms\u0131z Lefko\u015fa Milletvekili Hasan Tosuno\u011flu, yasalar\u0131n en do\u011fru \u015fekilde \u015fekillenmesi i\u00e7in isti\u015fare, i\u015f birli\u011fi ve\" \/>\n<meta property=\"og:url\" content=\"https:\/\/kibrisdakik.com\/?p=77481\" \/>\n<meta property=\"article:published_time\" content=\"2025-03-10T17:00:47+00:00\" \/>\n<meta property=\"og:image\" content=\"https:\/\/kibrisdakik.com\/wp-content\/uploads\/2025\/03\/17416180566551737450482533meclis-foto-2-740x420.jpg\" \/>\n\t<meta property=\"og:image:width\" content=\"1600\" \/>\n\t<meta property=\"og:image:height\" content=\"1066\" \/>\n\t<meta property=\"og:image:type\" content=\"image\/jpeg\" \/>\n<meta name=\"author\" content=\"admin\" \/>\n<meta name=\"twitter:card\" content=\"summary_large_image\" \/>\n<meta name=\"twitter:label1\" content=\"Yazan:\" \/>\n\t<meta name=\"twitter:data1\" content=\"admin\" \/>\n\t<meta name=\"twitter:label2\" content=\"Tahmini okuma s\u00fcresi\" \/>\n\t<meta name=\"twitter:data2\" content=\"2 dakika\" \/>\n<script type=\"application\/ld+json\" class=\"yoast-schema-graph\">{\"@context\":\"https:\\\/\\\/schema.org\",\"@graph\":[{\"@type\":\"Article\",\"@id\":\"https:\\\/\\\/kibrisdakik.com\\\/?p=77481#article\",\"isPartOf\":{\"@id\":\"https:\\\/\\\/kibrisdakik.com\\\/?p=77481\"},\"author\":{\"name\":\"admin\",\"@id\":\"https:\\\/\\\/kibrisdakik.com\\\/#\\\/schema\\\/person\\\/9cd9d437bbb44f72b73ba127e06d8e79\"},\"headline\":\"Cumhuriyet Meclisi Ceza (De\u011fi\u015fiklik) Yasa \u00d6nerisi\u2019ni ele ald\u0131\u2026 Meclis yar\u0131n denetim g\u00fcndemiyle toplanacak\",\"datePublished\":\"2025-03-10T17:00:47+00:00\",\"mainEntityOfPage\":{\"@id\":\"https:\\\/\\\/kibrisdakik.com\\\/?p=77481\"},\"wordCount\":362,\"commentCount\":0,\"image\":{\"@id\":\"https:\\\/\\\/kibrisdakik.com\\\/?p=77481#primaryimage\"},\"thumbnailUrl\":\"https:\\\/\\\/kibrisdakik.com\\\/wp-content\\\/uploads\\\/2025\\\/03\\\/17416180566551737450482533meclis-foto-2-740x420.jpg\",\"articleSection\":[\"K\u0131br\u0131s\",\"Man\u015fet\"],\"inLanguage\":\"tr\",\"potentialAction\":[{\"@type\":\"CommentAction\",\"name\":\"Comment\",\"target\":[\"https:\\\/\\\/kibrisdakik.com\\\/?p=77481#respond\"]}]},{\"@type\":\"WebPage\",\"@id\":\"https:\\\/\\\/kibrisdakik.com\\\/?p=77481\",\"url\":\"https:\\\/\\\/kibrisdakik.com\\\/?p=77481\",\"name\":\"Cumhuriyet Meclisi Ceza (De\u011fi\u015fiklik) Yasa \u00d6nerisi\u2019ni ele ald\u0131\u2026 Meclis yar\u0131n denetim g\u00fcndemiyle toplanacak -\",\"isPartOf\":{\"@id\":\"https:\\\/\\\/kibrisdakik.com\\\/#website\"},\"primaryImageOfPage\":{\"@id\":\"https:\\\/\\\/kibrisdakik.com\\\/?p=77481#primaryimage\"},\"image\":{\"@id\":\"https:\\\/\\\/kibrisdakik.com\\\/?p=77481#primaryimage\"},\"thumbnailUrl\":\"https:\\\/\\\/kibrisdakik.com\\\/wp-content\\\/uploads\\\/2025\\\/03\\\/17416180566551737450482533meclis-foto-2-740x420.jpg\",\"datePublished\":\"2025-03-10T17:00:47+00:00\",\"author\":{\"@id\":\"https:\\\/\\\/kibrisdakik.com\\\/#\\\/schema\\\/person\\\/9cd9d437bbb44f72b73ba127e06d8e79\"},\"breadcrumb\":{\"@id\":\"https:\\\/\\\/kibrisdakik.com\\\/?p=77481#breadcrumb\"},\"inLanguage\":\"tr\",\"potentialAction\":[{\"@type\":\"ReadAction\",\"target\":[\"https:\\\/\\\/kibrisdakik.com\\\/?p=77481\"]}]},{\"@type\":\"ImageObject\",\"inLanguage\":\"tr\",\"@id\":\"https:\\\/\\\/kibrisdakik.com\\\/?p=77481#primaryimage\",\"url\":\"https:\\\/\\\/kibrisdakik.com\\\/wp-content\\\/uploads\\\/2025\\\/03\\\/17416180566551737450482533meclis-foto-2-740x420.jpg\",\"contentUrl\":\"https:\\\/\\\/kibrisdakik.com\\\/wp-content\\\/uploads\\\/2025\\\/03\\\/17416180566551737450482533meclis-foto-2-740x420.jpg\",\"width\":1600,\"height\":1066},{\"@type\":\"BreadcrumbList\",\"@id\":\"https:\\\/\\\/kibrisdakik.com\\\/?p=77481#breadcrumb\",\"itemListElement\":[{\"@type\":\"ListItem\",\"position\":1,\"name\":\"Home\",\"item\":\"https:\\\/\\\/kibrisdakik.com\\\/\"},{\"@type\":\"ListItem\",\"position\":2,\"name\":\"Cumhuriyet Meclisi Ceza (De\u011fi\u015fiklik) Yasa \u00d6nerisi\u2019ni ele ald\u0131\u2026 Meclis yar\u0131n denetim g\u00fcndemiyle toplanacak\"}]},{\"@type\":\"WebSite\",\"@id\":\"https:\\\/\\\/kibrisdakik.com\\\/#website\",\"url\":\"https:\\\/\\\/kibrisdakik.com\\\/\",\"name\":\"\",\"description\":\"Tam vaktinde haber\",\"potentialAction\":[{\"@type\":\"SearchAction\",\"target\":{\"@type\":\"EntryPoint\",\"urlTemplate\":\"https:\\\/\\\/kibrisdakik.com\\\/?s={search_term_string}\"},\"query-input\":{\"@type\":\"PropertyValueSpecification\",\"valueRequired\":true,\"valueName\":\"search_term_string\"}}],\"inLanguage\":\"tr\"},{\"@type\":\"Person\",\"@id\":\"https:\\\/\\\/kibrisdakik.com\\\/#\\\/schema\\\/person\\\/9cd9d437bbb44f72b73ba127e06d8e79\",\"name\":\"admin\",\"image\":{\"@type\":\"ImageObject\",\"inLanguage\":\"tr\",\"@id\":\"https:\\\/\\\/secure.gravatar.com\\\/avatar\\\/ccc17943b9d660506c869530f897617f7cb1c21a4bf30023f252596d83e1f007?s=96&d=mm&r=g\",\"url\":\"https:\\\/\\\/secure.gravatar.com\\\/avatar\\\/ccc17943b9d660506c869530f897617f7cb1c21a4bf30023f252596d83e1f007?s=96&d=mm&r=g\",\"contentUrl\":\"https:\\\/\\\/secure.gravatar.com\\\/avatar\\\/ccc17943b9d660506c869530f897617f7cb1c21a4bf30023f252596d83e1f007?s=96&d=mm&r=g\",\"caption\":\"admin\"},\"sameAs\":[\"https:\\\/\\\/kibrisdakik.com\"],\"url\":\"https:\\\/\\\/kibrisdakik.com\\\/?author=1\"}]}<\/script>\n<!-- \/ Yoast SEO plugin. -->","yoast_head_json":{"title":"Cumhuriyet Meclisi Ceza (De\u011fi\u015fiklik) Yasa \u00d6nerisi\u2019ni ele ald\u0131\u2026 Meclis yar\u0131n denetim g\u00fcndemiyle toplanacak -","robots":{"index":"index","follow":"follow","max-snippet":"max-snippet:-1","max-image-preview":"max-image-preview:large","max-video-preview":"max-video-preview:-1"},"canonical":"https:\/\/kibrisdakik.com\/?p=77481","og_locale":"tr_TR","og_type":"article","og_title":"Cumhuriyet Meclisi Ceza (De\u011fi\u015fiklik) Yasa \u00d6nerisi\u2019ni ele ald\u0131\u2026 Meclis yar\u0131n denetim g\u00fcndemiyle toplanacak -","og_description":"Cumhuriyet Meclisi, g\u00fcndemindeki yasa tasar\u0131lar\u0131n\u0131n g\u00f6r\u00fc\u015f\u00fclmesinin ard\u0131ndan, bir daha g\u00f6r\u00fc\u015f\u00fclmek \u00fczere komiteye g\u00f6nderilen Ceza (De\u011fi\u015fiklik) Yasa \u00d6nerisi\u2019ni ele ald\u0131. Hukuk, Siyasi \u0130\u015fler, D\u0131\u015fili\u015fkiler ve Savunma Komitesi Ba\u015fkan\u0131 Yasemi \u00d6zt\u00fcrk \u00f6neriye ili\u015fkin raporu milletvekillerinin bilgisine getirdi. Yasa \u00f6nerisine ili\u015fkin s\u00f6z alan Ba\u011f\u0131ms\u0131z Lefko\u015fa Milletvekili Hasan Tosuno\u011flu, yasalar\u0131n en do\u011fru \u015fekilde \u015fekillenmesi i\u00e7in isti\u015fare, i\u015f birli\u011fi ve","og_url":"https:\/\/kibrisdakik.com\/?p=77481","article_published_time":"2025-03-10T17:00:47+00:00","og_image":[{"width":1600,"height":1066,"url":"https:\/\/kibrisdakik.com\/wp-content\/uploads\/2025\/03\/17416180566551737450482533meclis-foto-2-740x420.jpg","type":"image\/jpeg"}],"author":"admin","twitter_card":"summary_large_image","twitter_misc":{"Yazan:":"admin","Tahmini okuma s\u00fcresi":"2 dakika"},"schema":{"@context":"https:\/\/schema.org","@graph":[{"@type":"Article","@id":"https:\/\/kibrisdakik.com\/?p=77481#article","isPartOf":{"@id":"https:\/\/kibrisdakik.com\/?p=77481"},"author":{"name":"admin","@id":"https:\/\/kibrisdakik.com\/#\/schema\/person\/9cd9d437bbb44f72b73ba127e06d8e79"},"headline":"Cumhuriyet Meclisi Ceza (De\u011fi\u015fiklik) Yasa \u00d6nerisi\u2019ni ele ald\u0131\u2026 Meclis yar\u0131n denetim g\u00fcndemiyle toplanacak","datePublished":"2025-03-10T17:00:47+00:00","mainEntityOfPage":{"@id":"https:\/\/kibrisdakik.com\/?p=77481"},"wordCount":362,"commentCount":0,"image":{"@id":"https:\/\/kibrisdakik.com\/?p=77481#primaryimage"},"thumbnailUrl":"https:\/\/kibrisdakik.com\/wp-content\/uploads\/2025\/03\/17416180566551737450482533meclis-foto-2-740x420.jpg","articleSection":["K\u0131br\u0131s","Man\u015fet"],"inLanguage":"tr","potentialAction":[{"@type":"CommentAction","name":"Comment","target":["https:\/\/kibrisdakik.com\/?p=77481#respond"]}]},{"@type":"WebPage","@id":"https:\/\/kibrisdakik.com\/?p=77481","url":"https:\/\/kibrisdakik.com\/?p=77481","name":"Cumhuriyet Meclisi Ceza (De\u011fi\u015fiklik) Yasa \u00d6nerisi\u2019ni ele ald\u0131\u2026 Meclis yar\u0131n denetim g\u00fcndemiyle toplanacak -","isPartOf":{"@id":"https:\/\/kibrisdakik.com\/#website"},"primaryImageOfPage":{"@id":"https:\/\/kibrisdakik.com\/?p=77481#primaryimage"},"image":{"@id":"https:\/\/kibrisdakik.com\/?p=77481#primaryimage"},"thumbnailUrl":"https:\/\/kibrisdakik.com\/wp-content\/uploads\/2025\/03\/17416180566551737450482533meclis-foto-2-740x420.jpg","datePublished":"2025-03-10T17:00:47+00:00","author":{"@id":"https:\/\/kibrisdakik.com\/#\/schema\/person\/9cd9d437bbb44f72b73ba127e06d8e79"},"breadcrumb":{"@id":"https:\/\/kibrisdakik.com\/?p=77481#breadcrumb"},"inLanguage":"tr","potentialAction":[{"@type":"ReadAction","target":["https:\/\/kibrisdakik.com\/?p=77481"]}]},{"@type":"ImageObject","inLanguage":"tr","@id":"https:\/\/kibrisdakik.com\/?p=77481#primaryimage","url":"https:\/\/kibrisdakik.com\/wp-content\/uploads\/2025\/03\/17416180566551737450482533meclis-foto-2-740x420.jpg","contentUrl":"https:\/\/kibrisdakik.com\/wp-content\/uploads\/2025\/03\/17416180566551737450482533meclis-foto-2-740x420.jpg","width":1600,"height":1066},{"@type":"BreadcrumbList","@id":"https:\/\/kibrisdakik.com\/?p=77481#breadcrumb","itemListElement":[{"@type":"ListItem","position":1,"name":"Home","item":"https:\/\/kibrisdakik.com\/"},{"@type":"ListItem","position":2,"name":"Cumhuriyet Meclisi Ceza (De\u011fi\u015fiklik) Yasa \u00d6nerisi\u2019ni ele ald\u0131\u2026 Meclis yar\u0131n denetim g\u00fcndemiyle toplanacak"}]},{"@type":"WebSite","@id":"https:\/\/kibrisdakik.com\/#website","url":"https:\/\/kibrisdakik.com\/","name":"","description":"Tam vaktinde haber","potentialAction":[{"@type":"SearchAction","target":{"@type":"EntryPoint","urlTemplate":"https:\/\/kibrisdakik.com\/?s={search_term_string}"},"query-input":{"@type":"PropertyValueSpecification","valueRequired":true,"valueName":"search_term_string"}}],"inLanguage":"tr"},{"@type":"Person","@id":"https:\/\/kibrisdakik.com\/#\/schema\/person\/9cd9d437bbb44f72b73ba127e06d8e79","name":"admin","image":{"@type":"ImageObject","inLanguage":"tr","@id":"https:\/\/secure.gravatar.com\/avatar\/ccc17943b9d660506c869530f897617f7cb1c21a4bf30023f252596d83e1f007?s=96&d=mm&r=g","url":"https:\/\/secure.gravatar.com\/avatar\/ccc17943b9d660506c869530f897617f7cb1c21a4bf30023f252596d83e1f007?s=96&d=mm&r=g","contentUrl":"https:\/\/secure.gravatar.com\/avatar\/ccc17943b9d660506c869530f897617f7cb1c21a4bf30023f252596d83e1f007?s=96&d=mm&r=g","caption":"admin"},"sameAs":["https:\/\/kibrisdakik.com"],"url":"https:\/\/kibrisdakik.com\/?author=1"}]}},"_links":{"self":[{"href":"https:\/\/kibrisdakik.com\/index.php?rest_route=\/wp\/v2\/posts\/77481","targetHints":{"allow":["GET"]}}],"collection":[{"href":"https:\/\/kibrisdakik.com\/index.php?rest_route=\/wp\/v2\/posts"}],"about":[{"href":"https:\/\/kibrisdakik.com\/index.php?rest_route=\/wp\/v2\/types\/post"}],"author":[{"embeddable":true,"href":"https:\/\/kibrisdakik.com\/index.php?rest_route=\/wp\/v2\/users\/1"}],"replies":[{"embeddable":true,"href":"https:\/\/kibrisdakik.com\/index.php?rest_route=%2Fwp%2Fv2%2Fcomments&post=77481"}],"version-history":[{"count":0,"href":"https:\/\/kibrisdakik.com\/index.php?rest_route=\/wp\/v2\/posts\/77481\/revisions"}],"wp:featuredmedia":[{"embeddable":true,"href":"https:\/\/kibrisdakik.com\/index.php?rest_route=\/wp\/v2\/media\/77482"}],"wp:attachment":[{"href":"https:\/\/kibrisdakik.com\/index.php?rest_route=%2Fwp%2Fv2%2Fmedia&parent=77481"}],"wp:term":[{"taxonomy":"category","embeddable":true,"href":"https:\/\/kibrisdakik.com\/index.php?rest_route=%2Fwp%2Fv2%2Fcategories&post=77481"},{"taxonomy":"post_tag","embeddable":true,"href":"https:\/\/kibrisdakik.com\/index.php?rest_route=%2Fwp%2Fv2%2Ftags&post=77481"}],"curies":[{"name":"wp","href":"https:\/\/api.w.org\/{rel}","templated":true}]}}