{"id":77634,"date":"2025-03-12T14:39:20","date_gmt":"2025-03-12T11:39:20","guid":{"rendered":"https:\/\/kibrisdakik.com\/index.php\/2025\/03\/12\/kief-ihtiyat-sandigi-yonetim-kurulunda-temsiliyet-verilmemesine-tepki-gosterdi\/"},"modified":"2025-03-12T14:39:20","modified_gmt":"2025-03-12T11:39:20","slug":"kief-ihtiyat-sandigi-yonetim-kurulunda-temsiliyet-verilmemesine-tepki-gosterdi","status":"publish","type":"post","link":"https:\/\/kibrisdakik.com\/?p=77634","title":{"rendered":"K\u0130EF, \u0130htiyat Sand\u0131\u011f\u0131 Y\u00f6netim Kurulu\u2019nda temsiliyet verilmemesine tepki g\u00f6sterdi"},"content":{"rendered":"<div>\n<div class=\"mariselle-image-container none\">\n                                            <\/div>\n<p>K\u0131br\u0131s \u0130\u015f\u00e7i ve Emek\u00e7i Sendikalar\u0131 Federasyonu (K\u0130EF), \u0130htiyat Sand\u0131\u011f\u0131 Y\u00f6netim Kurulu\u2019nda temsil edilme ba\u015fvurusuna y\u00f6nelik herhangi bir ad\u0131m at\u0131lmad\u0131\u011f\u0131 gerek\u00e7esiyle \u00c7al\u0131\u015fma ve Sosyal G\u00fcvenlik Bakanl\u0131\u011f\u0131\u2019na tepki g\u00f6stererek, \u00f6n\u00fcm\u00fczdeki g\u00fcnlerde \u015fok eylem yapacaklar\u0131n\u0131 a\u00e7\u0131klad\u0131.<\/p>\n<p>K\u0130EF\u2019ten yap\u0131lan yaz\u0131l\u0131 a\u00e7\u0131klamada,\u00a0 31 Ekim tarihinde yap\u0131lan ba\u015fvurunun \u00fczerinden 132 g\u00fcn ge\u00e7mesine ra\u011fmen temsiliyet hakk\u0131n\u0131n tan\u0131nmad\u0131\u011f\u0131 ve bunun \u0130yi \u0130dare Yasas\u0131\u2019na ayk\u0131r\u0131 oldu\u011fu savunuldu.<\/p>\n<p>A\u00e7\u0131klamada, bu nedenle \u0130htiyat Sand\u0131\u011f\u0131 Y\u00f6netim Kurulu toplant\u0131lar\u0131n\u0131n yap\u0131laca\u011f\u0131 g\u00fcnlerde dairede \u015fok grevler, bakanl\u0131kta ise \u015fok eylemler yap\u0131laca\u011f\u0131 kaydedildi. A\u00e7\u0131klamada, ayr\u0131ca, \u00c7al\u0131\u015fma ve Sosyal G\u00fcvenlik Bakan\u0131 Sad\u0131k Gardiyano\u011flu\u2019nun \u201cg\u00f6revini ihmal etti\u011fi ve \u0130yi \u0130dare Yasas\u0131\u2019na ayk\u0131r\u0131 davrand\u0131\u011f\u0131\u201d gerek\u00e7esiyle dava edilece\u011fi duyuruldu.<\/p>\n<\/p><\/div>\n<p><script async\n                    defer\n                    crossorigin=\"anonymous\"\n                    src=\"https:\/\/connect.facebook.net\/tr_TR\/sdk.js#xfbml=1&#038;version=v3.3\"\n            ><\/script><\/p>\n","protected":false},"excerpt":{"rendered":"<p>K\u0131br\u0131s \u0130\u015f\u00e7i ve Emek\u00e7i Sendikalar\u0131 Federasyonu (K\u0130EF), \u0130htiyat Sand\u0131\u011f\u0131 Y\u00f6netim Kurulu\u2019nda temsil edilme ba\u015fvurusuna y\u00f6nelik herhangi bir ad\u0131m at\u0131lmad\u0131\u011f\u0131 gerek\u00e7esiyle \u00c7al\u0131\u015fma ve Sosyal G\u00fcvenlik Bakanl\u0131\u011f\u0131\u2019na tepki g\u00f6stererek, \u00f6n\u00fcm\u00fczdeki g\u00fcnlerde \u015fok eylem yapacaklar\u0131n\u0131 a\u00e7\u0131klad\u0131. K\u0130EF\u2019ten yap\u0131lan yaz\u0131l\u0131 a\u00e7\u0131klamada,\u00a0 31 Ekim tarihinde yap\u0131lan ba\u015fvurunun \u00fczerinden 132 g\u00fcn ge\u00e7mesine ra\u011fmen temsiliyet hakk\u0131n\u0131n tan\u0131nmad\u0131\u011f\u0131 ve bunun \u0130yi \u0130dare Yasas\u0131\u2019na<\/p>\n","protected":false},"author":1,"featured_media":77635,"comment_status":"open","ping_status":"open","sticky":false,"template":"","format":"standard","meta":{"footnotes":""},"categories":[81,101],"tags":[],"class_list":["post-77634","post","type-post","status-publish","format-standard","has-post-thumbnail","hentry","category-kibris","category-manset"],"yoast_head":"<!-- This site is optimized with the Yoast SEO plugin v27.5 - https:\/\/yoast.com\/product\/yoast-seo-wordpress\/ -->\n<title>K\u0130EF, \u0130htiyat Sand\u0131\u011f\u0131 Y\u00f6netim Kurulu\u2019nda temsiliyet verilmemesine tepki g\u00f6sterdi -<\/title>\n<meta name=\"robots\" content=\"index, follow, max-snippet:-1, max-image-preview:large, max-video-preview:-1\" \/>\n<link rel=\"canonical\" href=\"https:\/\/kibrisdakik.com\/?p=77634\" \/>\n<meta property=\"og:locale\" content=\"tr_TR\" \/>\n<meta property=\"og:type\" content=\"article\" \/>\n<meta property=\"og:title\" content=\"K\u0130EF, \u0130htiyat Sand\u0131\u011f\u0131 Y\u00f6netim Kurulu\u2019nda temsiliyet verilmemesine tepki g\u00f6sterdi -\" \/>\n<meta property=\"og:description\" content=\"K\u0131br\u0131s \u0130\u015f\u00e7i ve Emek\u00e7i Sendikalar\u0131 Federasyonu (K\u0130EF), \u0130htiyat Sand\u0131\u011f\u0131 Y\u00f6netim Kurulu\u2019nda temsil edilme ba\u015fvurusuna y\u00f6nelik herhangi bir ad\u0131m at\u0131lmad\u0131\u011f\u0131 gerek\u00e7esiyle \u00c7al\u0131\u015fma ve Sosyal G\u00fcvenlik Bakanl\u0131\u011f\u0131\u2019na tepki g\u00f6stererek, \u00f6n\u00fcm\u00fczdeki g\u00fcnlerde \u015fok eylem yapacaklar\u0131n\u0131 a\u00e7\u0131klad\u0131. K\u0130EF\u2019ten yap\u0131lan yaz\u0131l\u0131 a\u00e7\u0131klamada,\u00a0 31 Ekim tarihinde yap\u0131lan ba\u015fvurunun \u00fczerinden 132 g\u00fcn ge\u00e7mesine ra\u011fmen temsiliyet hakk\u0131n\u0131n tan\u0131nmad\u0131\u011f\u0131 ve bunun \u0130yi \u0130dare Yasas\u0131\u2019na\" \/>\n<meta property=\"og:url\" content=\"https:\/\/kibrisdakik.com\/?p=77634\" \/>\n<meta property=\"article:published_time\" content=\"2025-03-12T11:39:20+00:00\" \/>\n<meta property=\"og:image\" content=\"https:\/\/kibrisdakik.com\/wp-content\/uploads\/2025\/03\/KIEF-PHOTO1.jpeg\" \/>\n\t<meta property=\"og:image:width\" content=\"614\" \/>\n\t<meta property=\"og:image:height\" content=\"410\" \/>\n\t<meta property=\"og:image:type\" content=\"image\/jpeg\" \/>\n<meta name=\"author\" content=\"admin\" \/>\n<meta name=\"twitter:card\" content=\"summary_large_image\" \/>\n<meta name=\"twitter:label1\" content=\"Yazan:\" \/>\n\t<meta name=\"twitter:data1\" content=\"admin\" \/>\n\t<meta name=\"twitter:label2\" content=\"Tahmini okuma s\u00fcresi\" \/>\n\t<meta name=\"twitter:data2\" content=\"1 dakika\" \/>\n<script type=\"application\/ld+json\" class=\"yoast-schema-graph\">{\"@context\":\"https:\\\/\\\/schema.org\",\"@graph\":[{\"@type\":\"Article\",\"@id\":\"https:\\\/\\\/kibrisdakik.com\\\/?p=77634#article\",\"isPartOf\":{\"@id\":\"https:\\\/\\\/kibrisdakik.com\\\/?p=77634\"},\"author\":{\"name\":\"admin\",\"@id\":\"https:\\\/\\\/kibrisdakik.com\\\/#\\\/schema\\\/person\\\/9cd9d437bbb44f72b73ba127e06d8e79\"},\"headline\":\"K\u0130EF, \u0130htiyat Sand\u0131\u011f\u0131 Y\u00f6netim Kurulu\u2019nda temsiliyet verilmemesine tepki g\u00f6sterdi\",\"datePublished\":\"2025-03-12T11:39:20+00:00\",\"mainEntityOfPage\":{\"@id\":\"https:\\\/\\\/kibrisdakik.com\\\/?p=77634\"},\"wordCount\":168,\"commentCount\":0,\"image\":{\"@id\":\"https:\\\/\\\/kibrisdakik.com\\\/?p=77634#primaryimage\"},\"thumbnailUrl\":\"https:\\\/\\\/kibrisdakik.com\\\/wp-content\\\/uploads\\\/2025\\\/03\\\/KIEF-PHOTO1.jpeg\",\"articleSection\":[\"K\u0131br\u0131s\",\"Man\u015fet\"],\"inLanguage\":\"tr\",\"potentialAction\":[{\"@type\":\"CommentAction\",\"name\":\"Comment\",\"target\":[\"https:\\\/\\\/kibrisdakik.com\\\/?p=77634#respond\"]}]},{\"@type\":\"WebPage\",\"@id\":\"https:\\\/\\\/kibrisdakik.com\\\/?p=77634\",\"url\":\"https:\\\/\\\/kibrisdakik.com\\\/?p=77634\",\"name\":\"K\u0130EF, \u0130htiyat Sand\u0131\u011f\u0131 Y\u00f6netim Kurulu\u2019nda temsiliyet verilmemesine tepki g\u00f6sterdi -\",\"isPartOf\":{\"@id\":\"https:\\\/\\\/kibrisdakik.com\\\/#website\"},\"primaryImageOfPage\":{\"@id\":\"https:\\\/\\\/kibrisdakik.com\\\/?p=77634#primaryimage\"},\"image\":{\"@id\":\"https:\\\/\\\/kibrisdakik.com\\\/?p=77634#primaryimage\"},\"thumbnailUrl\":\"https:\\\/\\\/kibrisdakik.com\\\/wp-content\\\/uploads\\\/2025\\\/03\\\/KIEF-PHOTO1.jpeg\",\"datePublished\":\"2025-03-12T11:39:20+00:00\",\"author\":{\"@id\":\"https:\\\/\\\/kibrisdakik.com\\\/#\\\/schema\\\/person\\\/9cd9d437bbb44f72b73ba127e06d8e79\"},\"breadcrumb\":{\"@id\":\"https:\\\/\\\/kibrisdakik.com\\\/?p=77634#breadcrumb\"},\"inLanguage\":\"tr\",\"potentialAction\":[{\"@type\":\"ReadAction\",\"target\":[\"https:\\\/\\\/kibrisdakik.com\\\/?p=77634\"]}]},{\"@type\":\"ImageObject\",\"inLanguage\":\"tr\",\"@id\":\"https:\\\/\\\/kibrisdakik.com\\\/?p=77634#primaryimage\",\"url\":\"https:\\\/\\\/kibrisdakik.com\\\/wp-content\\\/uploads\\\/2025\\\/03\\\/KIEF-PHOTO1.jpeg\",\"contentUrl\":\"https:\\\/\\\/kibrisdakik.com\\\/wp-content\\\/uploads\\\/2025\\\/03\\\/KIEF-PHOTO1.jpeg\",\"width\":614,\"height\":410},{\"@type\":\"BreadcrumbList\",\"@id\":\"https:\\\/\\\/kibrisdakik.com\\\/?p=77634#breadcrumb\",\"itemListElement\":[{\"@type\":\"ListItem\",\"position\":1,\"name\":\"Home\",\"item\":\"https:\\\/\\\/kibrisdakik.com\\\/\"},{\"@type\":\"ListItem\",\"position\":2,\"name\":\"K\u0130EF, \u0130htiyat Sand\u0131\u011f\u0131 Y\u00f6netim Kurulu\u2019nda temsiliyet verilmemesine tepki g\u00f6sterdi\"}]},{\"@type\":\"WebSite\",\"@id\":\"https:\\\/\\\/kibrisdakik.com\\\/#website\",\"url\":\"https:\\\/\\\/kibrisdakik.com\\\/\",\"name\":\"\",\"description\":\"Tam vaktinde haber\",\"potentialAction\":[{\"@type\":\"SearchAction\",\"target\":{\"@type\":\"EntryPoint\",\"urlTemplate\":\"https:\\\/\\\/kibrisdakik.com\\\/?s={search_term_string}\"},\"query-input\":{\"@type\":\"PropertyValueSpecification\",\"valueRequired\":true,\"valueName\":\"search_term_string\"}}],\"inLanguage\":\"tr\"},{\"@type\":\"Person\",\"@id\":\"https:\\\/\\\/kibrisdakik.com\\\/#\\\/schema\\\/person\\\/9cd9d437bbb44f72b73ba127e06d8e79\",\"name\":\"admin\",\"image\":{\"@type\":\"ImageObject\",\"inLanguage\":\"tr\",\"@id\":\"https:\\\/\\\/secure.gravatar.com\\\/avatar\\\/ccc17943b9d660506c869530f897617f7cb1c21a4bf30023f252596d83e1f007?s=96&d=mm&r=g\",\"url\":\"https:\\\/\\\/secure.gravatar.com\\\/avatar\\\/ccc17943b9d660506c869530f897617f7cb1c21a4bf30023f252596d83e1f007?s=96&d=mm&r=g\",\"contentUrl\":\"https:\\\/\\\/secure.gravatar.com\\\/avatar\\\/ccc17943b9d660506c869530f897617f7cb1c21a4bf30023f252596d83e1f007?s=96&d=mm&r=g\",\"caption\":\"admin\"},\"sameAs\":[\"https:\\\/\\\/kibrisdakik.com\"],\"url\":\"https:\\\/\\\/kibrisdakik.com\\\/?author=1\"}]}<\/script>\n<!-- \/ Yoast SEO plugin. -->","yoast_head_json":{"title":"K\u0130EF, \u0130htiyat Sand\u0131\u011f\u0131 Y\u00f6netim Kurulu\u2019nda temsiliyet verilmemesine tepki g\u00f6sterdi -","robots":{"index":"index","follow":"follow","max-snippet":"max-snippet:-1","max-image-preview":"max-image-preview:large","max-video-preview":"max-video-preview:-1"},"canonical":"https:\/\/kibrisdakik.com\/?p=77634","og_locale":"tr_TR","og_type":"article","og_title":"K\u0130EF, \u0130htiyat Sand\u0131\u011f\u0131 Y\u00f6netim Kurulu\u2019nda temsiliyet verilmemesine tepki g\u00f6sterdi -","og_description":"K\u0131br\u0131s \u0130\u015f\u00e7i ve Emek\u00e7i Sendikalar\u0131 Federasyonu (K\u0130EF), \u0130htiyat Sand\u0131\u011f\u0131 Y\u00f6netim Kurulu\u2019nda temsil edilme ba\u015fvurusuna y\u00f6nelik herhangi bir ad\u0131m at\u0131lmad\u0131\u011f\u0131 gerek\u00e7esiyle \u00c7al\u0131\u015fma ve Sosyal G\u00fcvenlik Bakanl\u0131\u011f\u0131\u2019na tepki g\u00f6stererek, \u00f6n\u00fcm\u00fczdeki g\u00fcnlerde \u015fok eylem yapacaklar\u0131n\u0131 a\u00e7\u0131klad\u0131. K\u0130EF\u2019ten yap\u0131lan yaz\u0131l\u0131 a\u00e7\u0131klamada,\u00a0 31 Ekim tarihinde yap\u0131lan ba\u015fvurunun \u00fczerinden 132 g\u00fcn ge\u00e7mesine ra\u011fmen temsiliyet hakk\u0131n\u0131n tan\u0131nmad\u0131\u011f\u0131 ve bunun \u0130yi \u0130dare Yasas\u0131\u2019na","og_url":"https:\/\/kibrisdakik.com\/?p=77634","article_published_time":"2025-03-12T11:39:20+00:00","og_image":[{"width":614,"height":410,"url":"https:\/\/kibrisdakik.com\/wp-content\/uploads\/2025\/03\/KIEF-PHOTO1.jpeg","type":"image\/jpeg"}],"author":"admin","twitter_card":"summary_large_image","twitter_misc":{"Yazan:":"admin","Tahmini okuma s\u00fcresi":"1 dakika"},"schema":{"@context":"https:\/\/schema.org","@graph":[{"@type":"Article","@id":"https:\/\/kibrisdakik.com\/?p=77634#article","isPartOf":{"@id":"https:\/\/kibrisdakik.com\/?p=77634"},"author":{"name":"admin","@id":"https:\/\/kibrisdakik.com\/#\/schema\/person\/9cd9d437bbb44f72b73ba127e06d8e79"},"headline":"K\u0130EF, \u0130htiyat Sand\u0131\u011f\u0131 Y\u00f6netim Kurulu\u2019nda temsiliyet verilmemesine tepki g\u00f6sterdi","datePublished":"2025-03-12T11:39:20+00:00","mainEntityOfPage":{"@id":"https:\/\/kibrisdakik.com\/?p=77634"},"wordCount":168,"commentCount":0,"image":{"@id":"https:\/\/kibrisdakik.com\/?p=77634#primaryimage"},"thumbnailUrl":"https:\/\/kibrisdakik.com\/wp-content\/uploads\/2025\/03\/KIEF-PHOTO1.jpeg","articleSection":["K\u0131br\u0131s","Man\u015fet"],"inLanguage":"tr","potentialAction":[{"@type":"CommentAction","name":"Comment","target":["https:\/\/kibrisdakik.com\/?p=77634#respond"]}]},{"@type":"WebPage","@id":"https:\/\/kibrisdakik.com\/?p=77634","url":"https:\/\/kibrisdakik.com\/?p=77634","name":"K\u0130EF, \u0130htiyat Sand\u0131\u011f\u0131 Y\u00f6netim Kurulu\u2019nda temsiliyet verilmemesine tepki g\u00f6sterdi -","isPartOf":{"@id":"https:\/\/kibrisdakik.com\/#website"},"primaryImageOfPage":{"@id":"https:\/\/kibrisdakik.com\/?p=77634#primaryimage"},"image":{"@id":"https:\/\/kibrisdakik.com\/?p=77634#primaryimage"},"thumbnailUrl":"https:\/\/kibrisdakik.com\/wp-content\/uploads\/2025\/03\/KIEF-PHOTO1.jpeg","datePublished":"2025-03-12T11:39:20+00:00","author":{"@id":"https:\/\/kibrisdakik.com\/#\/schema\/person\/9cd9d437bbb44f72b73ba127e06d8e79"},"breadcrumb":{"@id":"https:\/\/kibrisdakik.com\/?p=77634#breadcrumb"},"inLanguage":"tr","potentialAction":[{"@type":"ReadAction","target":["https:\/\/kibrisdakik.com\/?p=77634"]}]},{"@type":"ImageObject","inLanguage":"tr","@id":"https:\/\/kibrisdakik.com\/?p=77634#primaryimage","url":"https:\/\/kibrisdakik.com\/wp-content\/uploads\/2025\/03\/KIEF-PHOTO1.jpeg","contentUrl":"https:\/\/kibrisdakik.com\/wp-content\/uploads\/2025\/03\/KIEF-PHOTO1.jpeg","width":614,"height":410},{"@type":"BreadcrumbList","@id":"https:\/\/kibrisdakik.com\/?p=77634#breadcrumb","itemListElement":[{"@type":"ListItem","position":1,"name":"Home","item":"https:\/\/kibrisdakik.com\/"},{"@type":"ListItem","position":2,"name":"K\u0130EF, \u0130htiyat Sand\u0131\u011f\u0131 Y\u00f6netim Kurulu\u2019nda temsiliyet verilmemesine tepki g\u00f6sterdi"}]},{"@type":"WebSite","@id":"https:\/\/kibrisdakik.com\/#website","url":"https:\/\/kibrisdakik.com\/","name":"","description":"Tam vaktinde haber","potentialAction":[{"@type":"SearchAction","target":{"@type":"EntryPoint","urlTemplate":"https:\/\/kibrisdakik.com\/?s={search_term_string}"},"query-input":{"@type":"PropertyValueSpecification","valueRequired":true,"valueName":"search_term_string"}}],"inLanguage":"tr"},{"@type":"Person","@id":"https:\/\/kibrisdakik.com\/#\/schema\/person\/9cd9d437bbb44f72b73ba127e06d8e79","name":"admin","image":{"@type":"ImageObject","inLanguage":"tr","@id":"https:\/\/secure.gravatar.com\/avatar\/ccc17943b9d660506c869530f897617f7cb1c21a4bf30023f252596d83e1f007?s=96&d=mm&r=g","url":"https:\/\/secure.gravatar.com\/avatar\/ccc17943b9d660506c869530f897617f7cb1c21a4bf30023f252596d83e1f007?s=96&d=mm&r=g","contentUrl":"https:\/\/secure.gravatar.com\/avatar\/ccc17943b9d660506c869530f897617f7cb1c21a4bf30023f252596d83e1f007?s=96&d=mm&r=g","caption":"admin"},"sameAs":["https:\/\/kibrisdakik.com"],"url":"https:\/\/kibrisdakik.com\/?author=1"}]}},"_links":{"self":[{"href":"https:\/\/kibrisdakik.com\/index.php?rest_route=\/wp\/v2\/posts\/77634","targetHints":{"allow":["GET"]}}],"collection":[{"href":"https:\/\/kibrisdakik.com\/index.php?rest_route=\/wp\/v2\/posts"}],"about":[{"href":"https:\/\/kibrisdakik.com\/index.php?rest_route=\/wp\/v2\/types\/post"}],"author":[{"embeddable":true,"href":"https:\/\/kibrisdakik.com\/index.php?rest_route=\/wp\/v2\/users\/1"}],"replies":[{"embeddable":true,"href":"https:\/\/kibrisdakik.com\/index.php?rest_route=%2Fwp%2Fv2%2Fcomments&post=77634"}],"version-history":[{"count":0,"href":"https:\/\/kibrisdakik.com\/index.php?rest_route=\/wp\/v2\/posts\/77634\/revisions"}],"wp:featuredmedia":[{"embeddable":true,"href":"https:\/\/kibrisdakik.com\/index.php?rest_route=\/wp\/v2\/media\/77635"}],"wp:attachment":[{"href":"https:\/\/kibrisdakik.com\/index.php?rest_route=%2Fwp%2Fv2%2Fmedia&parent=77634"}],"wp:term":[{"taxonomy":"category","embeddable":true,"href":"https:\/\/kibrisdakik.com\/index.php?rest_route=%2Fwp%2Fv2%2Fcategories&post=77634"},{"taxonomy":"post_tag","embeddable":true,"href":"https:\/\/kibrisdakik.com\/index.php?rest_route=%2Fwp%2Fv2%2Ftags&post=77634"}],"curies":[{"name":"wp","href":"https:\/\/api.w.org\/{rel}","templated":true}]}}