{"id":77705,"date":"2025-03-13T14:52:18","date_gmt":"2025-03-13T11:52:18","guid":{"rendered":"https:\/\/kibrisdakik.com\/index.php\/2025\/03\/13\/turkiye-cumhuriyeti-dil-ve-tarih-kurumu-baskanligi-ile-ataturk-ogretmen-akademisi-arasinda-isbirligi-protokolu-imzalandi\/"},"modified":"2025-03-13T14:52:18","modified_gmt":"2025-03-13T11:52:18","slug":"turkiye-cumhuriyeti-dil-ve-tarih-kurumu-baskanligi-ile-ataturk-ogretmen-akademisi-arasinda-isbirligi-protokolu-imzalandi","status":"publish","type":"post","link":"https:\/\/kibrisdakik.com\/?p=77705","title":{"rendered":"T\u00fcrkiye Cumhuriyeti Dil ve Tarih Kurumu Ba\u015fkanl\u0131\u011f\u0131 ile Atat\u00fcrk \u00d6\u011fretmen Akademisi aras\u0131nda i\u015fbirli\u011fi protokol\u00fc imzaland\u0131"},"content":{"rendered":"<div>\n<div class=\"mariselle-image-container center\">\n                                            <\/div>\n<p>T\u00fcrkiye Cumhuriyeti K\u00fclt\u00fcr ve Turizm Bakanl\u0131\u011f\u0131 Atat\u00fcrk K\u00fclt\u00fcr, Dil ve Tarih Kurumu Ba\u015fkanl\u0131\u011f\u0131 ile Atat\u00fcrk \u00d6\u011fretmen Akademisi aras\u0131nda i\u015fbirli\u011fi protokol\u00fc imzaland\u0131. <\/p>\n<p>Bakanl\u0131ktan yap\u0131lan a\u00e7\u0131klamaya g\u00f6re, Milli E\u011fitim Bakanl\u0131\u011f\u0131\u2019nda ger\u00e7ekle\u015fen t\u00f6rende, protokole, T\u00fcrk Dil Kurumu Ba\u015fkan\u0131 Pof. Dr. Osman Mert, Atat\u00fcrk \u00d6\u011fretmen Akademisi Ba\u015fkan\u0131 Prof. Dr. G\u00fcner Konedral\u0131 ve Milli E\u011fitim Bakan\u0131 Naz\u0131m \u00c7avu\u015fo\u011flu imza koydu.<\/p>\n<p>Protokol ile \u00d6\u011fretmen Akademisi ile T\u00fcrk Dil Kurumu aras\u0131nda ulusal ve uluslararas\u0131 alanda asli kaynaklar temel al\u0131narak dil, edebiyat ve k\u00fclt\u00fcr unsurlar\u0131na katk\u0131 sa\u011flayacak \u00e7al\u0131\u015fmalar\u0131n yap\u0131lmas\u0131 ama\u00e7lan\u0131yor.<\/p>\n<p>Milli E\u011fitim Bakan\u0131 Naz\u0131m \u00c7avu\u015fo\u011flu,  imzalanan i\u015fbirli\u011fi protokol\u00fc ile T\u00fcrk Dil Kurumu ile Atat\u00fcrk \u00d6\u011fretmen Akademisi i\u015f birli\u011finde ger\u00e7ekle\u015ftirilecek faaliyetleri, uygulamalar\u0131, etkinlikleri ve bu etkinlikler kapsam\u0131nda yap\u0131lacak i\u015f ve i\u015flemlerin daha ileri bir boyuta ta\u015f\u0131nd\u0131\u011f\u0131n\u0131 s\u00f6yledi. <\/p>\n<p>Protokol ile art\u0131k iki kurum aras\u0131ndaki ili\u015fkilerin daha da peki\u015ftirilerek kar\u015f\u0131l\u0131kl\u0131 \u00e7al\u0131\u015fmalar\u0131n yap\u0131lmas\u0131na olanak sa\u011flanaca\u011f\u0131n\u0131 dile getiren \u00c7avu\u015fo\u011flu, \u201cB\u00f6ylece iki g\u00fczide kurum ilerleyen g\u00fcnlerde ortak seminerler, paneller, konferans ve \u00e7al\u0131\u015ftaylar yapabilmesinin de \u00f6n\u00fcn\u00fc a\u00e7m\u0131\u015f olduk.  Ayr\u0131ca imzalad\u0131\u011f\u0131m\u0131z protokol ile kurumlar aras\u0131nda yay\u0131n deste\u011fi ve yay\u0131n de\u011fi\u015fimi de yapabilece\u011fiz.\u201d dedi.<\/p>\n<p>\u00c7avu\u015fo\u011flu ayr\u0131ca, her alanda t\u00fcm kurum ve kurulu\u015flar\u0131 ile Milli E\u011fitim Bakanl\u0131\u011f\u0131na destek olan T\u00fcrkiye Cumhuriyeti h\u00fck\u00fcmetine ve T\u00fcrkiye Cumhuriyeti K\u00fclt\u00fcr ve Turizm Bakanl\u0131\u011f\u0131 Atat\u00fcrk K\u00fclt\u00fcr, Dil ve Tarih Kurumu Ba\u015fkanl\u0131\u011f\u0131na te\u015fekk\u00fcr etti.<\/p>\n<\/p><\/div>\n<p><script async\n                    defer\n                    crossorigin=\"anonymous\"\n                    src=\"https:\/\/connect.facebook.net\/tr_TR\/sdk.js#xfbml=1&#038;version=v3.3\"\n            ><\/script><\/p>\n","protected":false},"excerpt":{"rendered":"<p>T\u00fcrkiye Cumhuriyeti K\u00fclt\u00fcr ve Turizm Bakanl\u0131\u011f\u0131 Atat\u00fcrk K\u00fclt\u00fcr, Dil ve Tarih Kurumu Ba\u015fkanl\u0131\u011f\u0131 ile Atat\u00fcrk \u00d6\u011fretmen Akademisi aras\u0131nda i\u015fbirli\u011fi protokol\u00fc imzaland\u0131. Bakanl\u0131ktan yap\u0131lan a\u00e7\u0131klamaya g\u00f6re, Milli E\u011fitim Bakanl\u0131\u011f\u0131\u2019nda ger\u00e7ekle\u015fen t\u00f6rende, protokole, T\u00fcrk Dil Kurumu Ba\u015fkan\u0131 Pof. Dr. Osman Mert, Atat\u00fcrk \u00d6\u011fretmen Akademisi Ba\u015fkan\u0131 Prof. Dr. G\u00fcner Konedral\u0131 ve Milli E\u011fitim Bakan\u0131 Naz\u0131m \u00c7avu\u015fo\u011flu imza koydu.<\/p>\n","protected":false},"author":1,"featured_media":77706,"comment_status":"open","ping_status":"open","sticky":false,"template":"","format":"standard","meta":{"footnotes":""},"categories":[81,101],"tags":[],"class_list":["post-77705","post","type-post","status-publish","format-standard","has-post-thumbnail","hentry","category-kibris","category-manset"],"yoast_head":"<!-- This site is optimized with the Yoast SEO plugin v27.5 - https:\/\/yoast.com\/product\/yoast-seo-wordpress\/ -->\n<title>T\u00fcrkiye Cumhuriyeti Dil ve Tarih Kurumu Ba\u015fkanl\u0131\u011f\u0131 ile Atat\u00fcrk \u00d6\u011fretmen Akademisi aras\u0131nda i\u015fbirli\u011fi protokol\u00fc imzaland\u0131 -<\/title>\n<meta name=\"robots\" content=\"index, follow, max-snippet:-1, max-image-preview:large, max-video-preview:-1\" \/>\n<link rel=\"canonical\" href=\"https:\/\/kibrisdakik.com\/?p=77705\" \/>\n<meta property=\"og:locale\" content=\"tr_TR\" \/>\n<meta property=\"og:type\" content=\"article\" \/>\n<meta property=\"og:title\" content=\"T\u00fcrkiye Cumhuriyeti Dil ve Tarih Kurumu Ba\u015fkanl\u0131\u011f\u0131 ile Atat\u00fcrk \u00d6\u011fretmen Akademisi aras\u0131nda i\u015fbirli\u011fi protokol\u00fc imzaland\u0131 -\" \/>\n<meta property=\"og:description\" content=\"T\u00fcrkiye Cumhuriyeti K\u00fclt\u00fcr ve Turizm Bakanl\u0131\u011f\u0131 Atat\u00fcrk K\u00fclt\u00fcr, Dil ve Tarih Kurumu Ba\u015fkanl\u0131\u011f\u0131 ile Atat\u00fcrk \u00d6\u011fretmen Akademisi aras\u0131nda i\u015fbirli\u011fi protokol\u00fc imzaland\u0131. Bakanl\u0131ktan yap\u0131lan a\u00e7\u0131klamaya g\u00f6re, Milli E\u011fitim Bakanl\u0131\u011f\u0131\u2019nda ger\u00e7ekle\u015fen t\u00f6rende, protokole, T\u00fcrk Dil Kurumu Ba\u015fkan\u0131 Pof. Dr. Osman Mert, Atat\u00fcrk \u00d6\u011fretmen Akademisi Ba\u015fkan\u0131 Prof. Dr. G\u00fcner Konedral\u0131 ve Milli E\u011fitim Bakan\u0131 Naz\u0131m \u00c7avu\u015fo\u011flu imza koydu.\" \/>\n<meta property=\"og:url\" content=\"https:\/\/kibrisdakik.com\/?p=77705\" \/>\n<meta property=\"article:published_time\" content=\"2025-03-13T11:52:18+00:00\" \/>\n<meta property=\"og:image\" content=\"https:\/\/kibrisdakik.com\/wp-content\/uploads\/2025\/03\/1741859961586MEB-AOA-PROTOKOL-2-scaled-740x420.jpg\" \/>\n\t<meta property=\"og:image:width\" content=\"2560\" \/>\n\t<meta property=\"og:image:height\" content=\"1707\" \/>\n\t<meta property=\"og:image:type\" content=\"image\/jpeg\" \/>\n<meta name=\"author\" content=\"admin\" \/>\n<meta name=\"twitter:card\" content=\"summary_large_image\" \/>\n<meta name=\"twitter:label1\" content=\"Yazan:\" \/>\n\t<meta name=\"twitter:data1\" content=\"admin\" \/>\n\t<meta name=\"twitter:label2\" content=\"Tahmini okuma s\u00fcresi\" \/>\n\t<meta name=\"twitter:data2\" content=\"2 dakika\" \/>\n<script type=\"application\/ld+json\" class=\"yoast-schema-graph\">{\"@context\":\"https:\\\/\\\/schema.org\",\"@graph\":[{\"@type\":\"Article\",\"@id\":\"https:\\\/\\\/kibrisdakik.com\\\/?p=77705#article\",\"isPartOf\":{\"@id\":\"https:\\\/\\\/kibrisdakik.com\\\/?p=77705\"},\"author\":{\"name\":\"admin\",\"@id\":\"https:\\\/\\\/kibrisdakik.com\\\/#\\\/schema\\\/person\\\/9cd9d437bbb44f72b73ba127e06d8e79\"},\"headline\":\"T\u00fcrkiye Cumhuriyeti Dil ve Tarih Kurumu Ba\u015fkanl\u0131\u011f\u0131 ile Atat\u00fcrk \u00d6\u011fretmen Akademisi aras\u0131nda i\u015fbirli\u011fi protokol\u00fc imzaland\u0131\",\"datePublished\":\"2025-03-13T11:52:18+00:00\",\"mainEntityOfPage\":{\"@id\":\"https:\\\/\\\/kibrisdakik.com\\\/?p=77705\"},\"wordCount\":329,\"commentCount\":0,\"image\":{\"@id\":\"https:\\\/\\\/kibrisdakik.com\\\/?p=77705#primaryimage\"},\"thumbnailUrl\":\"https:\\\/\\\/kibrisdakik.com\\\/wp-content\\\/uploads\\\/2025\\\/03\\\/1741859961586MEB-AOA-PROTOKOL-2-scaled-740x420.jpg\",\"articleSection\":[\"K\u0131br\u0131s\",\"Man\u015fet\"],\"inLanguage\":\"tr\",\"potentialAction\":[{\"@type\":\"CommentAction\",\"name\":\"Comment\",\"target\":[\"https:\\\/\\\/kibrisdakik.com\\\/?p=77705#respond\"]}]},{\"@type\":\"WebPage\",\"@id\":\"https:\\\/\\\/kibrisdakik.com\\\/?p=77705\",\"url\":\"https:\\\/\\\/kibrisdakik.com\\\/?p=77705\",\"name\":\"T\u00fcrkiye Cumhuriyeti Dil ve Tarih Kurumu Ba\u015fkanl\u0131\u011f\u0131 ile Atat\u00fcrk \u00d6\u011fretmen Akademisi aras\u0131nda i\u015fbirli\u011fi protokol\u00fc imzaland\u0131 -\",\"isPartOf\":{\"@id\":\"https:\\\/\\\/kibrisdakik.com\\\/#website\"},\"primaryImageOfPage\":{\"@id\":\"https:\\\/\\\/kibrisdakik.com\\\/?p=77705#primaryimage\"},\"image\":{\"@id\":\"https:\\\/\\\/kibrisdakik.com\\\/?p=77705#primaryimage\"},\"thumbnailUrl\":\"https:\\\/\\\/kibrisdakik.com\\\/wp-content\\\/uploads\\\/2025\\\/03\\\/1741859961586MEB-AOA-PROTOKOL-2-scaled-740x420.jpg\",\"datePublished\":\"2025-03-13T11:52:18+00:00\",\"author\":{\"@id\":\"https:\\\/\\\/kibrisdakik.com\\\/#\\\/schema\\\/person\\\/9cd9d437bbb44f72b73ba127e06d8e79\"},\"breadcrumb\":{\"@id\":\"https:\\\/\\\/kibrisdakik.com\\\/?p=77705#breadcrumb\"},\"inLanguage\":\"tr\",\"potentialAction\":[{\"@type\":\"ReadAction\",\"target\":[\"https:\\\/\\\/kibrisdakik.com\\\/?p=77705\"]}]},{\"@type\":\"ImageObject\",\"inLanguage\":\"tr\",\"@id\":\"https:\\\/\\\/kibrisdakik.com\\\/?p=77705#primaryimage\",\"url\":\"https:\\\/\\\/kibrisdakik.com\\\/wp-content\\\/uploads\\\/2025\\\/03\\\/1741859961586MEB-AOA-PROTOKOL-2-scaled-740x420.jpg\",\"contentUrl\":\"https:\\\/\\\/kibrisdakik.com\\\/wp-content\\\/uploads\\\/2025\\\/03\\\/1741859961586MEB-AOA-PROTOKOL-2-scaled-740x420.jpg\",\"width\":2560,\"height\":1707},{\"@type\":\"BreadcrumbList\",\"@id\":\"https:\\\/\\\/kibrisdakik.com\\\/?p=77705#breadcrumb\",\"itemListElement\":[{\"@type\":\"ListItem\",\"position\":1,\"name\":\"Home\",\"item\":\"https:\\\/\\\/kibrisdakik.com\\\/\"},{\"@type\":\"ListItem\",\"position\":2,\"name\":\"T\u00fcrkiye Cumhuriyeti Dil ve Tarih Kurumu Ba\u015fkanl\u0131\u011f\u0131 ile Atat\u00fcrk \u00d6\u011fretmen Akademisi aras\u0131nda i\u015fbirli\u011fi protokol\u00fc imzaland\u0131\"}]},{\"@type\":\"WebSite\",\"@id\":\"https:\\\/\\\/kibrisdakik.com\\\/#website\",\"url\":\"https:\\\/\\\/kibrisdakik.com\\\/\",\"name\":\"\",\"description\":\"Tam vaktinde haber\",\"potentialAction\":[{\"@type\":\"SearchAction\",\"target\":{\"@type\":\"EntryPoint\",\"urlTemplate\":\"https:\\\/\\\/kibrisdakik.com\\\/?s={search_term_string}\"},\"query-input\":{\"@type\":\"PropertyValueSpecification\",\"valueRequired\":true,\"valueName\":\"search_term_string\"}}],\"inLanguage\":\"tr\"},{\"@type\":\"Person\",\"@id\":\"https:\\\/\\\/kibrisdakik.com\\\/#\\\/schema\\\/person\\\/9cd9d437bbb44f72b73ba127e06d8e79\",\"name\":\"admin\",\"image\":{\"@type\":\"ImageObject\",\"inLanguage\":\"tr\",\"@id\":\"https:\\\/\\\/secure.gravatar.com\\\/avatar\\\/ccc17943b9d660506c869530f897617f7cb1c21a4bf30023f252596d83e1f007?s=96&d=mm&r=g\",\"url\":\"https:\\\/\\\/secure.gravatar.com\\\/avatar\\\/ccc17943b9d660506c869530f897617f7cb1c21a4bf30023f252596d83e1f007?s=96&d=mm&r=g\",\"contentUrl\":\"https:\\\/\\\/secure.gravatar.com\\\/avatar\\\/ccc17943b9d660506c869530f897617f7cb1c21a4bf30023f252596d83e1f007?s=96&d=mm&r=g\",\"caption\":\"admin\"},\"sameAs\":[\"https:\\\/\\\/kibrisdakik.com\"],\"url\":\"https:\\\/\\\/kibrisdakik.com\\\/?author=1\"}]}<\/script>\n<!-- \/ Yoast SEO plugin. -->","yoast_head_json":{"title":"T\u00fcrkiye Cumhuriyeti Dil ve Tarih Kurumu Ba\u015fkanl\u0131\u011f\u0131 ile Atat\u00fcrk \u00d6\u011fretmen Akademisi aras\u0131nda i\u015fbirli\u011fi protokol\u00fc imzaland\u0131 -","robots":{"index":"index","follow":"follow","max-snippet":"max-snippet:-1","max-image-preview":"max-image-preview:large","max-video-preview":"max-video-preview:-1"},"canonical":"https:\/\/kibrisdakik.com\/?p=77705","og_locale":"tr_TR","og_type":"article","og_title":"T\u00fcrkiye Cumhuriyeti Dil ve Tarih Kurumu Ba\u015fkanl\u0131\u011f\u0131 ile Atat\u00fcrk \u00d6\u011fretmen Akademisi aras\u0131nda i\u015fbirli\u011fi protokol\u00fc imzaland\u0131 -","og_description":"T\u00fcrkiye Cumhuriyeti K\u00fclt\u00fcr ve Turizm Bakanl\u0131\u011f\u0131 Atat\u00fcrk K\u00fclt\u00fcr, Dil ve Tarih Kurumu Ba\u015fkanl\u0131\u011f\u0131 ile Atat\u00fcrk \u00d6\u011fretmen Akademisi aras\u0131nda i\u015fbirli\u011fi protokol\u00fc imzaland\u0131. Bakanl\u0131ktan yap\u0131lan a\u00e7\u0131klamaya g\u00f6re, Milli E\u011fitim Bakanl\u0131\u011f\u0131\u2019nda ger\u00e7ekle\u015fen t\u00f6rende, protokole, T\u00fcrk Dil Kurumu Ba\u015fkan\u0131 Pof. Dr. Osman Mert, Atat\u00fcrk \u00d6\u011fretmen Akademisi Ba\u015fkan\u0131 Prof. Dr. G\u00fcner Konedral\u0131 ve Milli E\u011fitim Bakan\u0131 Naz\u0131m \u00c7avu\u015fo\u011flu imza koydu.","og_url":"https:\/\/kibrisdakik.com\/?p=77705","article_published_time":"2025-03-13T11:52:18+00:00","og_image":[{"width":2560,"height":1707,"url":"https:\/\/kibrisdakik.com\/wp-content\/uploads\/2025\/03\/1741859961586MEB-AOA-PROTOKOL-2-scaled-740x420.jpg","type":"image\/jpeg"}],"author":"admin","twitter_card":"summary_large_image","twitter_misc":{"Yazan:":"admin","Tahmini okuma s\u00fcresi":"2 dakika"},"schema":{"@context":"https:\/\/schema.org","@graph":[{"@type":"Article","@id":"https:\/\/kibrisdakik.com\/?p=77705#article","isPartOf":{"@id":"https:\/\/kibrisdakik.com\/?p=77705"},"author":{"name":"admin","@id":"https:\/\/kibrisdakik.com\/#\/schema\/person\/9cd9d437bbb44f72b73ba127e06d8e79"},"headline":"T\u00fcrkiye Cumhuriyeti Dil ve Tarih Kurumu Ba\u015fkanl\u0131\u011f\u0131 ile Atat\u00fcrk \u00d6\u011fretmen Akademisi aras\u0131nda i\u015fbirli\u011fi protokol\u00fc imzaland\u0131","datePublished":"2025-03-13T11:52:18+00:00","mainEntityOfPage":{"@id":"https:\/\/kibrisdakik.com\/?p=77705"},"wordCount":329,"commentCount":0,"image":{"@id":"https:\/\/kibrisdakik.com\/?p=77705#primaryimage"},"thumbnailUrl":"https:\/\/kibrisdakik.com\/wp-content\/uploads\/2025\/03\/1741859961586MEB-AOA-PROTOKOL-2-scaled-740x420.jpg","articleSection":["K\u0131br\u0131s","Man\u015fet"],"inLanguage":"tr","potentialAction":[{"@type":"CommentAction","name":"Comment","target":["https:\/\/kibrisdakik.com\/?p=77705#respond"]}]},{"@type":"WebPage","@id":"https:\/\/kibrisdakik.com\/?p=77705","url":"https:\/\/kibrisdakik.com\/?p=77705","name":"T\u00fcrkiye Cumhuriyeti Dil ve Tarih Kurumu Ba\u015fkanl\u0131\u011f\u0131 ile Atat\u00fcrk \u00d6\u011fretmen Akademisi aras\u0131nda i\u015fbirli\u011fi protokol\u00fc imzaland\u0131 -","isPartOf":{"@id":"https:\/\/kibrisdakik.com\/#website"},"primaryImageOfPage":{"@id":"https:\/\/kibrisdakik.com\/?p=77705#primaryimage"},"image":{"@id":"https:\/\/kibrisdakik.com\/?p=77705#primaryimage"},"thumbnailUrl":"https:\/\/kibrisdakik.com\/wp-content\/uploads\/2025\/03\/1741859961586MEB-AOA-PROTOKOL-2-scaled-740x420.jpg","datePublished":"2025-03-13T11:52:18+00:00","author":{"@id":"https:\/\/kibrisdakik.com\/#\/schema\/person\/9cd9d437bbb44f72b73ba127e06d8e79"},"breadcrumb":{"@id":"https:\/\/kibrisdakik.com\/?p=77705#breadcrumb"},"inLanguage":"tr","potentialAction":[{"@type":"ReadAction","target":["https:\/\/kibrisdakik.com\/?p=77705"]}]},{"@type":"ImageObject","inLanguage":"tr","@id":"https:\/\/kibrisdakik.com\/?p=77705#primaryimage","url":"https:\/\/kibrisdakik.com\/wp-content\/uploads\/2025\/03\/1741859961586MEB-AOA-PROTOKOL-2-scaled-740x420.jpg","contentUrl":"https:\/\/kibrisdakik.com\/wp-content\/uploads\/2025\/03\/1741859961586MEB-AOA-PROTOKOL-2-scaled-740x420.jpg","width":2560,"height":1707},{"@type":"BreadcrumbList","@id":"https:\/\/kibrisdakik.com\/?p=77705#breadcrumb","itemListElement":[{"@type":"ListItem","position":1,"name":"Home","item":"https:\/\/kibrisdakik.com\/"},{"@type":"ListItem","position":2,"name":"T\u00fcrkiye Cumhuriyeti Dil ve Tarih Kurumu Ba\u015fkanl\u0131\u011f\u0131 ile Atat\u00fcrk \u00d6\u011fretmen Akademisi aras\u0131nda i\u015fbirli\u011fi protokol\u00fc imzaland\u0131"}]},{"@type":"WebSite","@id":"https:\/\/kibrisdakik.com\/#website","url":"https:\/\/kibrisdakik.com\/","name":"","description":"Tam vaktinde haber","potentialAction":[{"@type":"SearchAction","target":{"@type":"EntryPoint","urlTemplate":"https:\/\/kibrisdakik.com\/?s={search_term_string}"},"query-input":{"@type":"PropertyValueSpecification","valueRequired":true,"valueName":"search_term_string"}}],"inLanguage":"tr"},{"@type":"Person","@id":"https:\/\/kibrisdakik.com\/#\/schema\/person\/9cd9d437bbb44f72b73ba127e06d8e79","name":"admin","image":{"@type":"ImageObject","inLanguage":"tr","@id":"https:\/\/secure.gravatar.com\/avatar\/ccc17943b9d660506c869530f897617f7cb1c21a4bf30023f252596d83e1f007?s=96&d=mm&r=g","url":"https:\/\/secure.gravatar.com\/avatar\/ccc17943b9d660506c869530f897617f7cb1c21a4bf30023f252596d83e1f007?s=96&d=mm&r=g","contentUrl":"https:\/\/secure.gravatar.com\/avatar\/ccc17943b9d660506c869530f897617f7cb1c21a4bf30023f252596d83e1f007?s=96&d=mm&r=g","caption":"admin"},"sameAs":["https:\/\/kibrisdakik.com"],"url":"https:\/\/kibrisdakik.com\/?author=1"}]}},"_links":{"self":[{"href":"https:\/\/kibrisdakik.com\/index.php?rest_route=\/wp\/v2\/posts\/77705","targetHints":{"allow":["GET"]}}],"collection":[{"href":"https:\/\/kibrisdakik.com\/index.php?rest_route=\/wp\/v2\/posts"}],"about":[{"href":"https:\/\/kibrisdakik.com\/index.php?rest_route=\/wp\/v2\/types\/post"}],"author":[{"embeddable":true,"href":"https:\/\/kibrisdakik.com\/index.php?rest_route=\/wp\/v2\/users\/1"}],"replies":[{"embeddable":true,"href":"https:\/\/kibrisdakik.com\/index.php?rest_route=%2Fwp%2Fv2%2Fcomments&post=77705"}],"version-history":[{"count":0,"href":"https:\/\/kibrisdakik.com\/index.php?rest_route=\/wp\/v2\/posts\/77705\/revisions"}],"wp:featuredmedia":[{"embeddable":true,"href":"https:\/\/kibrisdakik.com\/index.php?rest_route=\/wp\/v2\/media\/77706"}],"wp:attachment":[{"href":"https:\/\/kibrisdakik.com\/index.php?rest_route=%2Fwp%2Fv2%2Fmedia&parent=77705"}],"wp:term":[{"taxonomy":"category","embeddable":true,"href":"https:\/\/kibrisdakik.com\/index.php?rest_route=%2Fwp%2Fv2%2Fcategories&post=77705"},{"taxonomy":"post_tag","embeddable":true,"href":"https:\/\/kibrisdakik.com\/index.php?rest_route=%2Fwp%2Fv2%2Ftags&post=77705"}],"curies":[{"name":"wp","href":"https:\/\/api.w.org\/{rel}","templated":true}]}}