{"id":77721,"date":"2025-03-13T16:25:23","date_gmt":"2025-03-13T13:25:23","guid":{"rendered":"https:\/\/kibrisdakik.com\/index.php\/2025\/03\/13\/basbakan-ustel-ercan-havaalaninda-biyometrik-veri-sistemini-inceledi\/"},"modified":"2025-03-13T16:25:23","modified_gmt":"2025-03-13T13:25:23","slug":"basbakan-ustel-ercan-havaalaninda-biyometrik-veri-sistemini-inceledi","status":"publish","type":"post","link":"https:\/\/kibrisdakik.com\/?p=77721","title":{"rendered":"Ba\u015fbakan \u00dcstel, Ercan Havaalan\u0131\u2019nda Biyometrik Veri Sistemi\u2019ni inceledi"},"content":{"rendered":"<div>\n<div class=\"mariselle-image-container center\">\n                                            <\/div>\n<p>Ba\u015fbakan \u00dcnal \u00dcstel, Bay\u0131nd\u0131rl\u0131k ve Ula\u015ft\u0131rma Bakan\u0131 Erhan Ar\u0131kl\u0131 ve \u0130\u00e7i\u015fleri Bakan\u0131 Dursun O\u011fuz ile birlikte Ercan Havaalan\u0131\u2019nda Biyometrik Veri Sistemi\u2019ni inceledi.<\/p>\n<p>Ba\u015fbakan \u00dcstel, Bay\u0131nd\u0131rl\u0131k ve Ula\u015ft\u0131rma Bakan\u0131 Ar\u0131kl\u0131 ve \u0130\u00e7i\u015fleri Bakan\u0131 O\u011fuz ile birlikte Ercan Havaalan\u0131\u2019n\u0131 ziyaret ederek, devreye giren Biyometrik Veri Sistemi\u2019ni yerinde inceledi.<\/p>\n<p>Ard\u0131ndan bas\u0131n toplant\u0131s\u0131 d\u00fczenleyen Ba\u015fbakan \u00dcstel, hava ve deniz limanlar\u0131nda ilk kez biyometrik veri sorgusu yap\u0131lmaya ba\u015flad\u0131\u011f\u0131n\u0131 kaydetti.<\/p>\n<p>-\u00dcstel: \u201c\u00dc\u00e7 ay i\u00e7erisinde \u00fclkedeki yabanc\u0131 \u00f6\u011frencilerin biyometrik verileri al\u0131narak kay\u0131tl\u0131l\u0131k art\u0131r\u0131lacak\u201d<\/p>\n<p>Ba\u015fbakan \u00dcnal \u00dcstel,  H\u00fck\u00fcmet kuruldu\u011fundan beridir \u00fclkede yap\u0131lmas\u0131 gereken ancak yap\u0131lmayan, ge\u00e7mi\u015f h\u00fck\u00fcmetlerden kalan yar\u0131m kalm\u0131\u015f projeleri bitireceklerini s\u00f6ylediklerini hat\u0131rlatarak, ilk hedef olarak yeni havaliman\u0131n\u0131 bitirdiklerini s\u00f6yledi.<\/p>\n<p>Havaliman\u0131 a\u00e7\u0131ld\u0131ktan sonra yolcu ve u\u00e7ak say\u0131s\u0131nda y\u00fczde 25 civar\u0131nda art\u0131\u015f ya\u015fand\u0131\u011f\u0131n\u0131 aktaran \u00dcstel, havaliman\u0131ndaki s\u0131k\u0131nt\u0131lar\u0131 s\u00fcratli \u015fekilde \u00e7\u00f6zme yoluna gideceklerini s\u00f6yledi. Eksikliklerin b\u00fcy\u00fck \u00e7o\u011funlu\u011funun tamamland\u0131\u011f\u0131n\u0131, kalanlar\u0131n ise \u00f6n\u00fcm\u00fczdeki aylar i\u00e7inde tamamlanaca\u011f\u0131n\u0131 belirten \u00dcstel, uluslararas\u0131 havaalan\u0131 standartlar\u0131na ula\u015f\u0131laca\u011f\u0131n\u0131 kaydetti.<\/p>\n<p>\u00dclkenin turizm ve e\u011fitim adas\u0131 oldu\u011funu s\u00f6yleyen \u00dcstel, bu iki lokomotif sekt\u00f6r i\u00e7in ula\u015f\u0131m\u0131n \u00f6neminden bahsetti.<\/p>\n<p>\u00dclkeyi ziyaret eden yolcu say\u0131s\u0131n\u0131n her ge\u00e7en g\u00fcn artt\u0131\u011f\u0131n\u0131 belirten \u00dcstel, \u201cKay\u0131t d\u0131\u015f\u0131l\u0131\u011f\u0131 kay\u0131t alt\u0131na almak i\u00e7in h\u00fck\u00fcmet olarak \u00e7al\u0131\u015fmalar\u0131m\u0131z\u0131 yap\u0131yoruz.\u201d dedi.<\/p>\n<p>\u00dcstel, T\u00fcrkiye Cumhuriyeti\u2019nin ba\u011f\u0131\u015flad\u0131\u011f\u0131 cihazlar sayesinde d\u00fczensiz g\u00f6\u00e7le m\u00fccadele, kay\u0131tl\u0131l\u0131\u011f\u0131n art\u0131r\u0131lmas\u0131 ve \u00fclke g\u00fcvenli\u011finin sa\u011flanmas\u0131 i\u00e7in hava ve deniz limanlar\u0131nda ilk kez kriminal biyometrik veri sorgusu yap\u0131lmaya ba\u015flad\u0131\u011f\u0131n\u0131 vurgulad\u0131.<\/p>\n<p>\u00dcstel, \u201c\u00dclkeye kabul edilmeyen ve ihra\u00e7 edilen yabanc\u0131 \u015fah\u0131slar\u0131n biyometrik verileri al\u0131nmaya ba\u015fland\u0131. Bug\u00fcn onun a\u00e7\u0131l\u0131\u015f\u0131n\u0131 yapt\u0131k. \u00dc\u00e7 ay i\u00e7erisinde \u00fclkedeki yabanc\u0131 \u00f6\u011frencilerin biyometrik verileri al\u0131narak kay\u0131tl\u0131l\u0131k art\u0131r\u0131lacakt\u0131r. Gerekli planlama ve teknik donan\u0131m tamamlanm\u0131\u015f, \u00e7al\u0131\u015fmalar ba\u015flam\u0131\u015f ve haz\u0131r hale gelmi\u015ftir. Biyometrik veri havuzu olu\u015fturularak su\u00e7 ve su\u00e7lular\u0131n tespiti, ka\u00e7ak\u00e7\u0131l\u0131\u011f\u0131n \u00f6nlenmesi ve \u00fclke g\u00fcvenli\u011finin art\u0131r\u0131lmas\u0131 sa\u011flanm\u0131\u015ft\u0131r.\u201d diye konu\u015ftu.<\/p>\n<p>Ge\u00e7en sene 5 bin 200 yolcunun sorguland\u0131ktan sonra geri g\u00f6nderildi\u011fini anlatan \u00dcstel, T\u00fcrkiye Cumhuriyeti ile yap\u0131lan protokol \u00e7er\u00e7evesinde \u00f6n\u00fcm\u00fczdeki g\u00fcnlerde d\u00fczensiz g\u00f6\u00e7 binas\u0131n\u0131n da a\u00e7\u0131laca\u011f\u0131n\u0131 duyurdu.<\/p>\n<p>-Ar\u0131kl\u0131: \u201cBir an evvel Ercan Havaalan\u0131\u2019n\u0131n eksikliklerinin giderilmesi laz\u0131m\u201d<\/p>\n<p>Bay\u0131nd\u0131rl\u0131k ve Ula\u015ft\u0131rma Bakan\u0131 Erhan Ar\u0131kl\u0131, biyometrik verilerin kullan\u0131m\u0131n\u0131n havaalan\u0131ndaki en b\u00fcy\u00fck eksiklik oldu\u011funu belirtti.<\/p>\n<p>Havaalan\u0131n\u0131n kalan birka\u00e7 problemi daha oldu\u011funu ve bunlarla ilgili Ba\u015fbakan\u2019a bilgi verdiklerini aktaran Ar\u0131kl\u0131, bunlardan birinin elektrik sorunu oldu\u011funu ve bunun \u00e7\u00f6z\u00fclmesi i\u00e7in Ba\u015fbakan\u2019\u0131n inisiyatif kulland\u0131\u011f\u0131n\u0131 s\u00f6yledi.<\/p>\n<p>Radar sorunu da oldu\u011funu kaydeden Ar\u0131kl\u0131, \u201cRadarlar\u0131m\u0131z olduk\u00e7a eskidi, bunlar\u0131n yap\u0131lmas\u0131 ve s\u00fcratle yenilenmesi gerekiyor. Bununla ilgili T\u00fcrkiye Cumhuriyeti ile bir protokol imzalamam\u0131z laz\u0131m.\u201d dedi.<\/p>\n<p>Smart binas\u0131n\u0131n da yenilenmesi gerekti\u011fini belirten Bakan Ar\u0131kl\u0131, bununla ilgili bizim T\u00fcrkiye\u2019nin ve ilgili y\u00fcklenici firman\u0131n \u00fcstlenmesi gereken i\u015fler var. Bununla ilgili de yine Say\u0131n Ba\u015fbakan gerekli talimatlar\u0131 verdi.\u201d diye konu\u015ftu.<\/p>\n<p>\u0130tfaiye arac\u0131n\u0131n eksiklik oldu\u011funu ve giderilmesi gerekti\u011fini s\u00f6yleyen Ar\u0131kl\u0131, Genel Havac\u0131l\u0131k Birimi\u2019nin olu\u015fturulmas\u0131 ile ilgili de Ba\u015fbakan\u2019a bilgi verildi\u011fini ve Ba\u015fbakan\u2019\u0131n ise gerekli talimatlar\u0131 verdi\u011fini aktard\u0131.<\/p>\n<p>Ar\u0131kl\u0131, \u201cErcan Havaalan\u0131\u2019n\u0131 en k\u0131sa s\u00fcre i\u00e7erisinde uluslararas\u0131 bir havaalan\u0131na d\u00f6n\u00fc\u015ft\u00fcrmek ve bununla ilgili b\u00fct\u00fcn eksikliklerini tamamlay\u0131p, \u0130ngiltere\u2019den gelecek olan akreditasyon firmas\u0131n\u0131n denetimine haz\u0131r hale getirmemiz gerekiyor. Bunu yapt\u0131\u011f\u0131m\u0131z takdirde her t\u00fcrl\u00fc hakk\u0131m\u0131z\u0131 hukukumuzu uluslararas\u0131 arenada aramak i\u00e7in gerekli giri\u015fimleri yapaca\u011f\u0131z, Ercan Havaalan\u0131\u2019n\u0131n uluslararas\u0131 kullan\u0131ma a\u00e7\u0131lmas\u0131 i\u00e7in\u2026 Bu sebepten dolay\u0131 bir an evvel Ercan Havaalan\u0131\u2019n\u0131n eksikliklerinin giderilmesi laz\u0131m.\u201d dedi.<\/p>\n<p>Havaalan\u0131n\u0131n kullan\u0131m kapasitesinin artt\u0131\u011f\u0131n\u0131 ve gelirlerinin artt\u0131\u011f\u0131n\u0131 kaydeden Ar\u0131kl\u0131, Ba\u015fbakan\u2019a havaalan\u0131na gelerek gerekli talimatlar\u0131 verdi\u011fi i\u00e7in te\u015fekk\u00fcr etti.<\/p>\n<\/p><\/div>\n<p><script async\n                    defer\n                    crossorigin=\"anonymous\"\n                    src=\"https:\/\/connect.facebook.net\/tr_TR\/sdk.js#xfbml=1&#038;version=v3.3\"\n            ><\/script><\/p>\n","protected":false},"excerpt":{"rendered":"<p>Ba\u015fbakan \u00dcnal \u00dcstel, Bay\u0131nd\u0131rl\u0131k ve Ula\u015ft\u0131rma Bakan\u0131 Erhan Ar\u0131kl\u0131 ve \u0130\u00e7i\u015fleri Bakan\u0131 Dursun O\u011fuz ile birlikte Ercan Havaalan\u0131\u2019nda Biyometrik Veri Sistemi\u2019ni inceledi. Ba\u015fbakan \u00dcstel, Bay\u0131nd\u0131rl\u0131k ve Ula\u015ft\u0131rma Bakan\u0131 Ar\u0131kl\u0131 ve \u0130\u00e7i\u015fleri Bakan\u0131 O\u011fuz ile birlikte Ercan Havaalan\u0131\u2019n\u0131 ziyaret ederek, devreye giren Biyometrik Veri Sistemi\u2019ni yerinde inceledi. Ard\u0131ndan bas\u0131n toplant\u0131s\u0131 d\u00fczenleyen Ba\u015fbakan \u00dcstel, hava ve deniz<\/p>\n","protected":false},"author":1,"featured_media":77722,"comment_status":"open","ping_status":"open","sticky":false,"template":"","format":"standard","meta":{"footnotes":""},"categories":[81,101],"tags":[],"class_list":["post-77721","post","type-post","status-publish","format-standard","has-post-thumbnail","hentry","category-kibris","category-manset"],"yoast_head":"<!-- This site is optimized with the Yoast SEO plugin v27.5 - https:\/\/yoast.com\/product\/yoast-seo-wordpress\/ -->\n<title>Ba\u015fbakan \u00dcstel, Ercan Havaalan\u0131\u2019nda Biyometrik Veri Sistemi\u2019ni inceledi -<\/title>\n<meta name=\"robots\" content=\"index, follow, max-snippet:-1, max-image-preview:large, max-video-preview:-1\" \/>\n<link rel=\"canonical\" href=\"https:\/\/kibrisdakik.com\/?p=77721\" \/>\n<meta property=\"og:locale\" content=\"tr_TR\" \/>\n<meta property=\"og:type\" content=\"article\" \/>\n<meta property=\"og:title\" content=\"Ba\u015fbakan \u00dcstel, Ercan Havaalan\u0131\u2019nda Biyometrik Veri Sistemi\u2019ni inceledi -\" \/>\n<meta property=\"og:description\" content=\"Ba\u015fbakan \u00dcnal \u00dcstel, Bay\u0131nd\u0131rl\u0131k ve Ula\u015ft\u0131rma Bakan\u0131 Erhan Ar\u0131kl\u0131 ve \u0130\u00e7i\u015fleri Bakan\u0131 Dursun O\u011fuz ile birlikte Ercan Havaalan\u0131\u2019nda Biyometrik Veri Sistemi\u2019ni inceledi. Ba\u015fbakan \u00dcstel, Bay\u0131nd\u0131rl\u0131k ve Ula\u015ft\u0131rma Bakan\u0131 Ar\u0131kl\u0131 ve \u0130\u00e7i\u015fleri Bakan\u0131 O\u011fuz ile birlikte Ercan Havaalan\u0131\u2019n\u0131 ziyaret ederek, devreye giren Biyometrik Veri Sistemi\u2019ni yerinde inceledi. Ard\u0131ndan bas\u0131n toplant\u0131s\u0131 d\u00fczenleyen Ba\u015fbakan \u00dcstel, hava ve deniz\" \/>\n<meta property=\"og:url\" content=\"https:\/\/kibrisdakik.com\/?p=77721\" \/>\n<meta property=\"article:published_time\" content=\"2025-03-13T13:25:23+00:00\" \/>\n<meta property=\"og:image\" content=\"https:\/\/kibrisdakik.com\/wp-content\/uploads\/2025\/03\/1741867085937Basbakan-Unal-Ustel-Ercan-Havalimaninda-inceleme-1-740x420.jpeg\" \/>\n\t<meta property=\"og:image:width\" content=\"2048\" \/>\n\t<meta property=\"og:image:height\" content=\"1367\" \/>\n\t<meta property=\"og:image:type\" content=\"image\/jpeg\" \/>\n<meta name=\"author\" content=\"admin\" \/>\n<meta name=\"twitter:card\" content=\"summary_large_image\" \/>\n<meta name=\"twitter:label1\" content=\"Yazan:\" \/>\n\t<meta name=\"twitter:data1\" content=\"admin\" \/>\n\t<meta name=\"twitter:label2\" content=\"Tahmini okuma s\u00fcresi\" \/>\n\t<meta name=\"twitter:data2\" content=\"4 dakika\" \/>\n<script type=\"application\/ld+json\" class=\"yoast-schema-graph\">{\"@context\":\"https:\\\/\\\/schema.org\",\"@graph\":[{\"@type\":\"Article\",\"@id\":\"https:\\\/\\\/kibrisdakik.com\\\/?p=77721#article\",\"isPartOf\":{\"@id\":\"https:\\\/\\\/kibrisdakik.com\\\/?p=77721\"},\"author\":{\"name\":\"admin\",\"@id\":\"https:\\\/\\\/kibrisdakik.com\\\/#\\\/schema\\\/person\\\/9cd9d437bbb44f72b73ba127e06d8e79\"},\"headline\":\"Ba\u015fbakan \u00dcstel, Ercan Havaalan\u0131\u2019nda Biyometrik Veri Sistemi\u2019ni inceledi\",\"datePublished\":\"2025-03-13T13:25:23+00:00\",\"mainEntityOfPage\":{\"@id\":\"https:\\\/\\\/kibrisdakik.com\\\/?p=77721\"},\"wordCount\":796,\"commentCount\":0,\"image\":{\"@id\":\"https:\\\/\\\/kibrisdakik.com\\\/?p=77721#primaryimage\"},\"thumbnailUrl\":\"https:\\\/\\\/kibrisdakik.com\\\/wp-content\\\/uploads\\\/2025\\\/03\\\/1741867085937Basbakan-Unal-Ustel-Ercan-Havalimaninda-inceleme-1-740x420.jpeg\",\"articleSection\":[\"K\u0131br\u0131s\",\"Man\u015fet\"],\"inLanguage\":\"tr\",\"potentialAction\":[{\"@type\":\"CommentAction\",\"name\":\"Comment\",\"target\":[\"https:\\\/\\\/kibrisdakik.com\\\/?p=77721#respond\"]}]},{\"@type\":\"WebPage\",\"@id\":\"https:\\\/\\\/kibrisdakik.com\\\/?p=77721\",\"url\":\"https:\\\/\\\/kibrisdakik.com\\\/?p=77721\",\"name\":\"Ba\u015fbakan \u00dcstel, Ercan Havaalan\u0131\u2019nda Biyometrik Veri Sistemi\u2019ni inceledi -\",\"isPartOf\":{\"@id\":\"https:\\\/\\\/kibrisdakik.com\\\/#website\"},\"primaryImageOfPage\":{\"@id\":\"https:\\\/\\\/kibrisdakik.com\\\/?p=77721#primaryimage\"},\"image\":{\"@id\":\"https:\\\/\\\/kibrisdakik.com\\\/?p=77721#primaryimage\"},\"thumbnailUrl\":\"https:\\\/\\\/kibrisdakik.com\\\/wp-content\\\/uploads\\\/2025\\\/03\\\/1741867085937Basbakan-Unal-Ustel-Ercan-Havalimaninda-inceleme-1-740x420.jpeg\",\"datePublished\":\"2025-03-13T13:25:23+00:00\",\"author\":{\"@id\":\"https:\\\/\\\/kibrisdakik.com\\\/#\\\/schema\\\/person\\\/9cd9d437bbb44f72b73ba127e06d8e79\"},\"breadcrumb\":{\"@id\":\"https:\\\/\\\/kibrisdakik.com\\\/?p=77721#breadcrumb\"},\"inLanguage\":\"tr\",\"potentialAction\":[{\"@type\":\"ReadAction\",\"target\":[\"https:\\\/\\\/kibrisdakik.com\\\/?p=77721\"]}]},{\"@type\":\"ImageObject\",\"inLanguage\":\"tr\",\"@id\":\"https:\\\/\\\/kibrisdakik.com\\\/?p=77721#primaryimage\",\"url\":\"https:\\\/\\\/kibrisdakik.com\\\/wp-content\\\/uploads\\\/2025\\\/03\\\/1741867085937Basbakan-Unal-Ustel-Ercan-Havalimaninda-inceleme-1-740x420.jpeg\",\"contentUrl\":\"https:\\\/\\\/kibrisdakik.com\\\/wp-content\\\/uploads\\\/2025\\\/03\\\/1741867085937Basbakan-Unal-Ustel-Ercan-Havalimaninda-inceleme-1-740x420.jpeg\",\"width\":2048,\"height\":1367},{\"@type\":\"BreadcrumbList\",\"@id\":\"https:\\\/\\\/kibrisdakik.com\\\/?p=77721#breadcrumb\",\"itemListElement\":[{\"@type\":\"ListItem\",\"position\":1,\"name\":\"Home\",\"item\":\"https:\\\/\\\/kibrisdakik.com\\\/\"},{\"@type\":\"ListItem\",\"position\":2,\"name\":\"Ba\u015fbakan \u00dcstel, Ercan Havaalan\u0131\u2019nda Biyometrik Veri Sistemi\u2019ni inceledi\"}]},{\"@type\":\"WebSite\",\"@id\":\"https:\\\/\\\/kibrisdakik.com\\\/#website\",\"url\":\"https:\\\/\\\/kibrisdakik.com\\\/\",\"name\":\"\",\"description\":\"Tam vaktinde haber\",\"potentialAction\":[{\"@type\":\"SearchAction\",\"target\":{\"@type\":\"EntryPoint\",\"urlTemplate\":\"https:\\\/\\\/kibrisdakik.com\\\/?s={search_term_string}\"},\"query-input\":{\"@type\":\"PropertyValueSpecification\",\"valueRequired\":true,\"valueName\":\"search_term_string\"}}],\"inLanguage\":\"tr\"},{\"@type\":\"Person\",\"@id\":\"https:\\\/\\\/kibrisdakik.com\\\/#\\\/schema\\\/person\\\/9cd9d437bbb44f72b73ba127e06d8e79\",\"name\":\"admin\",\"image\":{\"@type\":\"ImageObject\",\"inLanguage\":\"tr\",\"@id\":\"https:\\\/\\\/secure.gravatar.com\\\/avatar\\\/ccc17943b9d660506c869530f897617f7cb1c21a4bf30023f252596d83e1f007?s=96&d=mm&r=g\",\"url\":\"https:\\\/\\\/secure.gravatar.com\\\/avatar\\\/ccc17943b9d660506c869530f897617f7cb1c21a4bf30023f252596d83e1f007?s=96&d=mm&r=g\",\"contentUrl\":\"https:\\\/\\\/secure.gravatar.com\\\/avatar\\\/ccc17943b9d660506c869530f897617f7cb1c21a4bf30023f252596d83e1f007?s=96&d=mm&r=g\",\"caption\":\"admin\"},\"sameAs\":[\"https:\\\/\\\/kibrisdakik.com\"],\"url\":\"https:\\\/\\\/kibrisdakik.com\\\/?author=1\"}]}<\/script>\n<!-- \/ Yoast SEO plugin. -->","yoast_head_json":{"title":"Ba\u015fbakan \u00dcstel, Ercan Havaalan\u0131\u2019nda Biyometrik Veri Sistemi\u2019ni inceledi -","robots":{"index":"index","follow":"follow","max-snippet":"max-snippet:-1","max-image-preview":"max-image-preview:large","max-video-preview":"max-video-preview:-1"},"canonical":"https:\/\/kibrisdakik.com\/?p=77721","og_locale":"tr_TR","og_type":"article","og_title":"Ba\u015fbakan \u00dcstel, Ercan Havaalan\u0131\u2019nda Biyometrik Veri Sistemi\u2019ni inceledi -","og_description":"Ba\u015fbakan \u00dcnal \u00dcstel, Bay\u0131nd\u0131rl\u0131k ve Ula\u015ft\u0131rma Bakan\u0131 Erhan Ar\u0131kl\u0131 ve \u0130\u00e7i\u015fleri Bakan\u0131 Dursun O\u011fuz ile birlikte Ercan Havaalan\u0131\u2019nda Biyometrik Veri Sistemi\u2019ni inceledi. Ba\u015fbakan \u00dcstel, Bay\u0131nd\u0131rl\u0131k ve Ula\u015ft\u0131rma Bakan\u0131 Ar\u0131kl\u0131 ve \u0130\u00e7i\u015fleri Bakan\u0131 O\u011fuz ile birlikte Ercan Havaalan\u0131\u2019n\u0131 ziyaret ederek, devreye giren Biyometrik Veri Sistemi\u2019ni yerinde inceledi. Ard\u0131ndan bas\u0131n toplant\u0131s\u0131 d\u00fczenleyen Ba\u015fbakan \u00dcstel, hava ve deniz","og_url":"https:\/\/kibrisdakik.com\/?p=77721","article_published_time":"2025-03-13T13:25:23+00:00","og_image":[{"width":2048,"height":1367,"url":"https:\/\/kibrisdakik.com\/wp-content\/uploads\/2025\/03\/1741867085937Basbakan-Unal-Ustel-Ercan-Havalimaninda-inceleme-1-740x420.jpeg","type":"image\/jpeg"}],"author":"admin","twitter_card":"summary_large_image","twitter_misc":{"Yazan:":"admin","Tahmini okuma s\u00fcresi":"4 dakika"},"schema":{"@context":"https:\/\/schema.org","@graph":[{"@type":"Article","@id":"https:\/\/kibrisdakik.com\/?p=77721#article","isPartOf":{"@id":"https:\/\/kibrisdakik.com\/?p=77721"},"author":{"name":"admin","@id":"https:\/\/kibrisdakik.com\/#\/schema\/person\/9cd9d437bbb44f72b73ba127e06d8e79"},"headline":"Ba\u015fbakan \u00dcstel, Ercan Havaalan\u0131\u2019nda Biyometrik Veri Sistemi\u2019ni inceledi","datePublished":"2025-03-13T13:25:23+00:00","mainEntityOfPage":{"@id":"https:\/\/kibrisdakik.com\/?p=77721"},"wordCount":796,"commentCount":0,"image":{"@id":"https:\/\/kibrisdakik.com\/?p=77721#primaryimage"},"thumbnailUrl":"https:\/\/kibrisdakik.com\/wp-content\/uploads\/2025\/03\/1741867085937Basbakan-Unal-Ustel-Ercan-Havalimaninda-inceleme-1-740x420.jpeg","articleSection":["K\u0131br\u0131s","Man\u015fet"],"inLanguage":"tr","potentialAction":[{"@type":"CommentAction","name":"Comment","target":["https:\/\/kibrisdakik.com\/?p=77721#respond"]}]},{"@type":"WebPage","@id":"https:\/\/kibrisdakik.com\/?p=77721","url":"https:\/\/kibrisdakik.com\/?p=77721","name":"Ba\u015fbakan \u00dcstel, Ercan Havaalan\u0131\u2019nda Biyometrik Veri Sistemi\u2019ni inceledi -","isPartOf":{"@id":"https:\/\/kibrisdakik.com\/#website"},"primaryImageOfPage":{"@id":"https:\/\/kibrisdakik.com\/?p=77721#primaryimage"},"image":{"@id":"https:\/\/kibrisdakik.com\/?p=77721#primaryimage"},"thumbnailUrl":"https:\/\/kibrisdakik.com\/wp-content\/uploads\/2025\/03\/1741867085937Basbakan-Unal-Ustel-Ercan-Havalimaninda-inceleme-1-740x420.jpeg","datePublished":"2025-03-13T13:25:23+00:00","author":{"@id":"https:\/\/kibrisdakik.com\/#\/schema\/person\/9cd9d437bbb44f72b73ba127e06d8e79"},"breadcrumb":{"@id":"https:\/\/kibrisdakik.com\/?p=77721#breadcrumb"},"inLanguage":"tr","potentialAction":[{"@type":"ReadAction","target":["https:\/\/kibrisdakik.com\/?p=77721"]}]},{"@type":"ImageObject","inLanguage":"tr","@id":"https:\/\/kibrisdakik.com\/?p=77721#primaryimage","url":"https:\/\/kibrisdakik.com\/wp-content\/uploads\/2025\/03\/1741867085937Basbakan-Unal-Ustel-Ercan-Havalimaninda-inceleme-1-740x420.jpeg","contentUrl":"https:\/\/kibrisdakik.com\/wp-content\/uploads\/2025\/03\/1741867085937Basbakan-Unal-Ustel-Ercan-Havalimaninda-inceleme-1-740x420.jpeg","width":2048,"height":1367},{"@type":"BreadcrumbList","@id":"https:\/\/kibrisdakik.com\/?p=77721#breadcrumb","itemListElement":[{"@type":"ListItem","position":1,"name":"Home","item":"https:\/\/kibrisdakik.com\/"},{"@type":"ListItem","position":2,"name":"Ba\u015fbakan \u00dcstel, Ercan Havaalan\u0131\u2019nda Biyometrik Veri Sistemi\u2019ni inceledi"}]},{"@type":"WebSite","@id":"https:\/\/kibrisdakik.com\/#website","url":"https:\/\/kibrisdakik.com\/","name":"","description":"Tam vaktinde haber","potentialAction":[{"@type":"SearchAction","target":{"@type":"EntryPoint","urlTemplate":"https:\/\/kibrisdakik.com\/?s={search_term_string}"},"query-input":{"@type":"PropertyValueSpecification","valueRequired":true,"valueName":"search_term_string"}}],"inLanguage":"tr"},{"@type":"Person","@id":"https:\/\/kibrisdakik.com\/#\/schema\/person\/9cd9d437bbb44f72b73ba127e06d8e79","name":"admin","image":{"@type":"ImageObject","inLanguage":"tr","@id":"https:\/\/secure.gravatar.com\/avatar\/ccc17943b9d660506c869530f897617f7cb1c21a4bf30023f252596d83e1f007?s=96&d=mm&r=g","url":"https:\/\/secure.gravatar.com\/avatar\/ccc17943b9d660506c869530f897617f7cb1c21a4bf30023f252596d83e1f007?s=96&d=mm&r=g","contentUrl":"https:\/\/secure.gravatar.com\/avatar\/ccc17943b9d660506c869530f897617f7cb1c21a4bf30023f252596d83e1f007?s=96&d=mm&r=g","caption":"admin"},"sameAs":["https:\/\/kibrisdakik.com"],"url":"https:\/\/kibrisdakik.com\/?author=1"}]}},"_links":{"self":[{"href":"https:\/\/kibrisdakik.com\/index.php?rest_route=\/wp\/v2\/posts\/77721","targetHints":{"allow":["GET"]}}],"collection":[{"href":"https:\/\/kibrisdakik.com\/index.php?rest_route=\/wp\/v2\/posts"}],"about":[{"href":"https:\/\/kibrisdakik.com\/index.php?rest_route=\/wp\/v2\/types\/post"}],"author":[{"embeddable":true,"href":"https:\/\/kibrisdakik.com\/index.php?rest_route=\/wp\/v2\/users\/1"}],"replies":[{"embeddable":true,"href":"https:\/\/kibrisdakik.com\/index.php?rest_route=%2Fwp%2Fv2%2Fcomments&post=77721"}],"version-history":[{"count":0,"href":"https:\/\/kibrisdakik.com\/index.php?rest_route=\/wp\/v2\/posts\/77721\/revisions"}],"wp:featuredmedia":[{"embeddable":true,"href":"https:\/\/kibrisdakik.com\/index.php?rest_route=\/wp\/v2\/media\/77722"}],"wp:attachment":[{"href":"https:\/\/kibrisdakik.com\/index.php?rest_route=%2Fwp%2Fv2%2Fmedia&parent=77721"}],"wp:term":[{"taxonomy":"category","embeddable":true,"href":"https:\/\/kibrisdakik.com\/index.php?rest_route=%2Fwp%2Fv2%2Fcategories&post=77721"},{"taxonomy":"post_tag","embeddable":true,"href":"https:\/\/kibrisdakik.com\/index.php?rest_route=%2Fwp%2Fv2%2Ftags&post=77721"}],"curies":[{"name":"wp","href":"https:\/\/api.w.org\/{rel}","templated":true}]}}