{"id":77738,"date":"2025-03-13T17:24:18","date_gmt":"2025-03-13T14:24:18","guid":{"rendered":"https:\/\/kibrisdakik.com\/index.php\/2025\/03\/13\/kktc-turk-isbirligi-teskilatlari-koordinasyon-komitesi-toplantisina-katildi\/"},"modified":"2025-03-13T17:24:18","modified_gmt":"2025-03-13T14:24:18","slug":"kktc-turk-isbirligi-teskilatlari-koordinasyon-komitesi-toplantisina-katildi","status":"publish","type":"post","link":"https:\/\/kibrisdakik.com\/?p=77738","title":{"rendered":"KKTC, T\u00fcrk \u0130\u015fbirli\u011fi Te\u015fkilatlar\u0131 Koordinasyon Komitesi toplant\u0131s\u0131na kat\u0131ld\u0131"},"content":{"rendered":"<div>\n<div class=\"mariselle-image-container center\">\n                                            <\/div>\n<p>Kuzey K\u0131br\u0131s T\u00fcrk Cumhuriyeti,  \u0130stanbul\u2019da d\u00fczenlenen \u201cT\u00fcrk \u0130\u015fbirli\u011fi Te\u015fkilatlar\u0131 Koordinasyon Komitesi 5. Toplant\u0131s\u0131\u201dna kat\u0131ld\u0131.<\/p>\n<p>T\u00fcrk Devletleri Te\u015fkilat\u0131 (TDT) Sekretaryas\u0131 binas\u0131nda yap\u0131lan toplant\u0131ya g\u00f6zlemci \u00fcye olarak KKTC\u2019yi D\u0131\u015fi\u015fleri Bakanl\u0131\u011f\u0131 M\u00fcste\u015far\u0131 Mustafa Lakadamyal\u0131 ve D\u0131\u015fi\u015fleri Bakanl\u0131\u011f\u0131 \u00dc\u00e7\u00fcnc\u00fc Sekreter Batuhan Beyatl\u0131 temsil etti.<\/p>\n<p>D\u0131\u015fi\u015fleri Bakanl\u0131\u011f\u0131\u2019ndan yap\u0131lan yaz\u0131l\u0131 a\u00e7\u0131klamaya g\u00f6re, TDT Genel Sekreteri B\u00fcy\u00fckel\u00e7i Kuban\u0131\u00e7bek \u00d6m\u00fcraliyev\u2019in ba\u015fkanl\u0131k etti\u011fi toplant\u0131ya \u00fcye \u00fclkelerin D\u0131\u015fi\u015fleri Bakan Yard\u0131mc\u0131lar\u0131, g\u00f6zlemci \u00fclkeler Macaristan ve T\u00fcrkmenistan\u2019\u0131n T\u00fcrkiye B\u00fcy\u00fckel\u00e7ileri, T\u00dcRKPA Genel Sekreteri, T\u00dcRKSOY Genel Sekreteri, T\u00fcrk Akademisi Ba\u015fkan\u0131, T\u00fcrk K\u00fclt\u00fcr ve Miras Vakf\u0131 Ba\u015fkan\u0131 ve T\u00fcrk Yat\u0131r\u0131m Fonu Ba\u015fdan\u0131\u015fman\u0131 kat\u0131ld\u0131.<\/p>\n<p>Toplant\u0131da, T\u00fcrk d\u00fcnyas\u0131ndaki i\u015fbirli\u011fi mekanizmalar\u0131n\u0131n daha da g\u00fc\u00e7lendirilmesi, ortak projeler ve gelecek d\u00f6nem \u00e7al\u0131\u015fmalar\u0131 ele al\u0131nd\u0131.<\/p>\n<\/p><\/div>\n<p><script async\n                    defer\n                    crossorigin=\"anonymous\"\n                    src=\"https:\/\/connect.facebook.net\/tr_TR\/sdk.js#xfbml=1&#038;version=v3.3\"\n            ><\/script><\/p>\n","protected":false},"excerpt":{"rendered":"<p>Kuzey K\u0131br\u0131s T\u00fcrk Cumhuriyeti, \u0130stanbul\u2019da d\u00fczenlenen \u201cT\u00fcrk \u0130\u015fbirli\u011fi Te\u015fkilatlar\u0131 Koordinasyon Komitesi 5. Toplant\u0131s\u0131\u201dna kat\u0131ld\u0131. T\u00fcrk Devletleri Te\u015fkilat\u0131 (TDT) Sekretaryas\u0131 binas\u0131nda yap\u0131lan toplant\u0131ya g\u00f6zlemci \u00fcye olarak KKTC\u2019yi D\u0131\u015fi\u015fleri Bakanl\u0131\u011f\u0131 M\u00fcste\u015far\u0131 Mustafa Lakadamyal\u0131 ve D\u0131\u015fi\u015fleri Bakanl\u0131\u011f\u0131 \u00dc\u00e7\u00fcnc\u00fc Sekreter Batuhan Beyatl\u0131 temsil etti. D\u0131\u015fi\u015fleri Bakanl\u0131\u011f\u0131\u2019ndan yap\u0131lan yaz\u0131l\u0131 a\u00e7\u0131klamaya g\u00f6re, TDT Genel Sekreteri B\u00fcy\u00fckel\u00e7i Kuban\u0131\u00e7bek \u00d6m\u00fcraliyev\u2019in ba\u015fkanl\u0131k etti\u011fi toplant\u0131ya<\/p>\n","protected":false},"author":1,"featured_media":77739,"comment_status":"open","ping_status":"open","sticky":false,"template":"","format":"standard","meta":{"footnotes":""},"categories":[81,101],"tags":[],"class_list":["post-77738","post","type-post","status-publish","format-standard","has-post-thumbnail","hentry","category-kibris","category-manset"],"yoast_head":"<!-- This site is optimized with the Yoast SEO plugin v27.5 - https:\/\/yoast.com\/product\/yoast-seo-wordpress\/ -->\n<title>KKTC, T\u00fcrk \u0130\u015fbirli\u011fi Te\u015fkilatlar\u0131 Koordinasyon Komitesi toplant\u0131s\u0131na kat\u0131ld\u0131 -<\/title>\n<meta name=\"robots\" content=\"index, follow, max-snippet:-1, max-image-preview:large, max-video-preview:-1\" \/>\n<link rel=\"canonical\" href=\"https:\/\/kibrisdakik.com\/?p=77738\" \/>\n<meta property=\"og:locale\" content=\"tr_TR\" \/>\n<meta property=\"og:type\" content=\"article\" \/>\n<meta property=\"og:title\" content=\"KKTC, T\u00fcrk \u0130\u015fbirli\u011fi Te\u015fkilatlar\u0131 Koordinasyon Komitesi toplant\u0131s\u0131na kat\u0131ld\u0131 -\" \/>\n<meta property=\"og:description\" content=\"Kuzey K\u0131br\u0131s T\u00fcrk Cumhuriyeti, \u0130stanbul\u2019da d\u00fczenlenen \u201cT\u00fcrk \u0130\u015fbirli\u011fi Te\u015fkilatlar\u0131 Koordinasyon Komitesi 5. Toplant\u0131s\u0131\u201dna kat\u0131ld\u0131. T\u00fcrk Devletleri Te\u015fkilat\u0131 (TDT) Sekretaryas\u0131 binas\u0131nda yap\u0131lan toplant\u0131ya g\u00f6zlemci \u00fcye olarak KKTC\u2019yi D\u0131\u015fi\u015fleri Bakanl\u0131\u011f\u0131 M\u00fcste\u015far\u0131 Mustafa Lakadamyal\u0131 ve D\u0131\u015fi\u015fleri Bakanl\u0131\u011f\u0131 \u00dc\u00e7\u00fcnc\u00fc Sekreter Batuhan Beyatl\u0131 temsil etti. D\u0131\u015fi\u015fleri Bakanl\u0131\u011f\u0131\u2019ndan yap\u0131lan yaz\u0131l\u0131 a\u00e7\u0131klamaya g\u00f6re, TDT Genel Sekreteri B\u00fcy\u00fckel\u00e7i Kuban\u0131\u00e7bek \u00d6m\u00fcraliyev\u2019in ba\u015fkanl\u0131k etti\u011fi toplant\u0131ya\" \/>\n<meta property=\"og:url\" content=\"https:\/\/kibrisdakik.com\/?p=77738\" \/>\n<meta property=\"article:published_time\" content=\"2025-03-13T14:24:18+00:00\" \/>\n<meta property=\"og:image\" content=\"https:\/\/kibrisdakik.com\/wp-content\/uploads\/2025\/03\/1741871972988disisleri-tdt-2-740x420.jpg\" \/>\n\t<meta property=\"og:image:width\" content=\"2048\" \/>\n\t<meta property=\"og:image:height\" content=\"1365\" \/>\n\t<meta property=\"og:image:type\" content=\"image\/jpeg\" \/>\n<meta name=\"author\" content=\"admin\" \/>\n<meta name=\"twitter:card\" content=\"summary_large_image\" \/>\n<meta name=\"twitter:label1\" content=\"Yazan:\" \/>\n\t<meta name=\"twitter:data1\" content=\"admin\" \/>\n\t<meta name=\"twitter:label2\" content=\"Tahmini okuma s\u00fcresi\" \/>\n\t<meta name=\"twitter:data2\" content=\"1 dakika\" \/>\n<script type=\"application\/ld+json\" class=\"yoast-schema-graph\">{\"@context\":\"https:\\\/\\\/schema.org\",\"@graph\":[{\"@type\":\"Article\",\"@id\":\"https:\\\/\\\/kibrisdakik.com\\\/?p=77738#article\",\"isPartOf\":{\"@id\":\"https:\\\/\\\/kibrisdakik.com\\\/?p=77738\"},\"author\":{\"name\":\"admin\",\"@id\":\"https:\\\/\\\/kibrisdakik.com\\\/#\\\/schema\\\/person\\\/9cd9d437bbb44f72b73ba127e06d8e79\"},\"headline\":\"KKTC, T\u00fcrk \u0130\u015fbirli\u011fi Te\u015fkilatlar\u0131 Koordinasyon Komitesi toplant\u0131s\u0131na kat\u0131ld\u0131\",\"datePublished\":\"2025-03-13T14:24:18+00:00\",\"mainEntityOfPage\":{\"@id\":\"https:\\\/\\\/kibrisdakik.com\\\/?p=77738\"},\"wordCount\":195,\"commentCount\":0,\"image\":{\"@id\":\"https:\\\/\\\/kibrisdakik.com\\\/?p=77738#primaryimage\"},\"thumbnailUrl\":\"https:\\\/\\\/kibrisdakik.com\\\/wp-content\\\/uploads\\\/2025\\\/03\\\/1741871972988disisleri-tdt-2-740x420.jpg\",\"articleSection\":[\"K\u0131br\u0131s\",\"Man\u015fet\"],\"inLanguage\":\"tr\",\"potentialAction\":[{\"@type\":\"CommentAction\",\"name\":\"Comment\",\"target\":[\"https:\\\/\\\/kibrisdakik.com\\\/?p=77738#respond\"]}]},{\"@type\":\"WebPage\",\"@id\":\"https:\\\/\\\/kibrisdakik.com\\\/?p=77738\",\"url\":\"https:\\\/\\\/kibrisdakik.com\\\/?p=77738\",\"name\":\"KKTC, T\u00fcrk \u0130\u015fbirli\u011fi Te\u015fkilatlar\u0131 Koordinasyon Komitesi toplant\u0131s\u0131na kat\u0131ld\u0131 -\",\"isPartOf\":{\"@id\":\"https:\\\/\\\/kibrisdakik.com\\\/#website\"},\"primaryImageOfPage\":{\"@id\":\"https:\\\/\\\/kibrisdakik.com\\\/?p=77738#primaryimage\"},\"image\":{\"@id\":\"https:\\\/\\\/kibrisdakik.com\\\/?p=77738#primaryimage\"},\"thumbnailUrl\":\"https:\\\/\\\/kibrisdakik.com\\\/wp-content\\\/uploads\\\/2025\\\/03\\\/1741871972988disisleri-tdt-2-740x420.jpg\",\"datePublished\":\"2025-03-13T14:24:18+00:00\",\"author\":{\"@id\":\"https:\\\/\\\/kibrisdakik.com\\\/#\\\/schema\\\/person\\\/9cd9d437bbb44f72b73ba127e06d8e79\"},\"breadcrumb\":{\"@id\":\"https:\\\/\\\/kibrisdakik.com\\\/?p=77738#breadcrumb\"},\"inLanguage\":\"tr\",\"potentialAction\":[{\"@type\":\"ReadAction\",\"target\":[\"https:\\\/\\\/kibrisdakik.com\\\/?p=77738\"]}]},{\"@type\":\"ImageObject\",\"inLanguage\":\"tr\",\"@id\":\"https:\\\/\\\/kibrisdakik.com\\\/?p=77738#primaryimage\",\"url\":\"https:\\\/\\\/kibrisdakik.com\\\/wp-content\\\/uploads\\\/2025\\\/03\\\/1741871972988disisleri-tdt-2-740x420.jpg\",\"contentUrl\":\"https:\\\/\\\/kibrisdakik.com\\\/wp-content\\\/uploads\\\/2025\\\/03\\\/1741871972988disisleri-tdt-2-740x420.jpg\",\"width\":2048,\"height\":1365},{\"@type\":\"BreadcrumbList\",\"@id\":\"https:\\\/\\\/kibrisdakik.com\\\/?p=77738#breadcrumb\",\"itemListElement\":[{\"@type\":\"ListItem\",\"position\":1,\"name\":\"Home\",\"item\":\"https:\\\/\\\/kibrisdakik.com\\\/\"},{\"@type\":\"ListItem\",\"position\":2,\"name\":\"KKTC, T\u00fcrk \u0130\u015fbirli\u011fi Te\u015fkilatlar\u0131 Koordinasyon Komitesi toplant\u0131s\u0131na kat\u0131ld\u0131\"}]},{\"@type\":\"WebSite\",\"@id\":\"https:\\\/\\\/kibrisdakik.com\\\/#website\",\"url\":\"https:\\\/\\\/kibrisdakik.com\\\/\",\"name\":\"\",\"description\":\"Tam vaktinde haber\",\"potentialAction\":[{\"@type\":\"SearchAction\",\"target\":{\"@type\":\"EntryPoint\",\"urlTemplate\":\"https:\\\/\\\/kibrisdakik.com\\\/?s={search_term_string}\"},\"query-input\":{\"@type\":\"PropertyValueSpecification\",\"valueRequired\":true,\"valueName\":\"search_term_string\"}}],\"inLanguage\":\"tr\"},{\"@type\":\"Person\",\"@id\":\"https:\\\/\\\/kibrisdakik.com\\\/#\\\/schema\\\/person\\\/9cd9d437bbb44f72b73ba127e06d8e79\",\"name\":\"admin\",\"image\":{\"@type\":\"ImageObject\",\"inLanguage\":\"tr\",\"@id\":\"https:\\\/\\\/secure.gravatar.com\\\/avatar\\\/ccc17943b9d660506c869530f897617f7cb1c21a4bf30023f252596d83e1f007?s=96&d=mm&r=g\",\"url\":\"https:\\\/\\\/secure.gravatar.com\\\/avatar\\\/ccc17943b9d660506c869530f897617f7cb1c21a4bf30023f252596d83e1f007?s=96&d=mm&r=g\",\"contentUrl\":\"https:\\\/\\\/secure.gravatar.com\\\/avatar\\\/ccc17943b9d660506c869530f897617f7cb1c21a4bf30023f252596d83e1f007?s=96&d=mm&r=g\",\"caption\":\"admin\"},\"sameAs\":[\"https:\\\/\\\/kibrisdakik.com\"],\"url\":\"https:\\\/\\\/kibrisdakik.com\\\/?author=1\"}]}<\/script>\n<!-- \/ Yoast SEO plugin. -->","yoast_head_json":{"title":"KKTC, T\u00fcrk \u0130\u015fbirli\u011fi Te\u015fkilatlar\u0131 Koordinasyon Komitesi toplant\u0131s\u0131na kat\u0131ld\u0131 -","robots":{"index":"index","follow":"follow","max-snippet":"max-snippet:-1","max-image-preview":"max-image-preview:large","max-video-preview":"max-video-preview:-1"},"canonical":"https:\/\/kibrisdakik.com\/?p=77738","og_locale":"tr_TR","og_type":"article","og_title":"KKTC, T\u00fcrk \u0130\u015fbirli\u011fi Te\u015fkilatlar\u0131 Koordinasyon Komitesi toplant\u0131s\u0131na kat\u0131ld\u0131 -","og_description":"Kuzey K\u0131br\u0131s T\u00fcrk Cumhuriyeti, \u0130stanbul\u2019da d\u00fczenlenen \u201cT\u00fcrk \u0130\u015fbirli\u011fi Te\u015fkilatlar\u0131 Koordinasyon Komitesi 5. Toplant\u0131s\u0131\u201dna kat\u0131ld\u0131. T\u00fcrk Devletleri Te\u015fkilat\u0131 (TDT) Sekretaryas\u0131 binas\u0131nda yap\u0131lan toplant\u0131ya g\u00f6zlemci \u00fcye olarak KKTC\u2019yi D\u0131\u015fi\u015fleri Bakanl\u0131\u011f\u0131 M\u00fcste\u015far\u0131 Mustafa Lakadamyal\u0131 ve D\u0131\u015fi\u015fleri Bakanl\u0131\u011f\u0131 \u00dc\u00e7\u00fcnc\u00fc Sekreter Batuhan Beyatl\u0131 temsil etti. D\u0131\u015fi\u015fleri Bakanl\u0131\u011f\u0131\u2019ndan yap\u0131lan yaz\u0131l\u0131 a\u00e7\u0131klamaya g\u00f6re, TDT Genel Sekreteri B\u00fcy\u00fckel\u00e7i Kuban\u0131\u00e7bek \u00d6m\u00fcraliyev\u2019in ba\u015fkanl\u0131k etti\u011fi toplant\u0131ya","og_url":"https:\/\/kibrisdakik.com\/?p=77738","article_published_time":"2025-03-13T14:24:18+00:00","og_image":[{"width":2048,"height":1365,"url":"https:\/\/kibrisdakik.com\/wp-content\/uploads\/2025\/03\/1741871972988disisleri-tdt-2-740x420.jpg","type":"image\/jpeg"}],"author":"admin","twitter_card":"summary_large_image","twitter_misc":{"Yazan:":"admin","Tahmini okuma s\u00fcresi":"1 dakika"},"schema":{"@context":"https:\/\/schema.org","@graph":[{"@type":"Article","@id":"https:\/\/kibrisdakik.com\/?p=77738#article","isPartOf":{"@id":"https:\/\/kibrisdakik.com\/?p=77738"},"author":{"name":"admin","@id":"https:\/\/kibrisdakik.com\/#\/schema\/person\/9cd9d437bbb44f72b73ba127e06d8e79"},"headline":"KKTC, T\u00fcrk \u0130\u015fbirli\u011fi Te\u015fkilatlar\u0131 Koordinasyon Komitesi toplant\u0131s\u0131na kat\u0131ld\u0131","datePublished":"2025-03-13T14:24:18+00:00","mainEntityOfPage":{"@id":"https:\/\/kibrisdakik.com\/?p=77738"},"wordCount":195,"commentCount":0,"image":{"@id":"https:\/\/kibrisdakik.com\/?p=77738#primaryimage"},"thumbnailUrl":"https:\/\/kibrisdakik.com\/wp-content\/uploads\/2025\/03\/1741871972988disisleri-tdt-2-740x420.jpg","articleSection":["K\u0131br\u0131s","Man\u015fet"],"inLanguage":"tr","potentialAction":[{"@type":"CommentAction","name":"Comment","target":["https:\/\/kibrisdakik.com\/?p=77738#respond"]}]},{"@type":"WebPage","@id":"https:\/\/kibrisdakik.com\/?p=77738","url":"https:\/\/kibrisdakik.com\/?p=77738","name":"KKTC, T\u00fcrk \u0130\u015fbirli\u011fi Te\u015fkilatlar\u0131 Koordinasyon Komitesi toplant\u0131s\u0131na kat\u0131ld\u0131 -","isPartOf":{"@id":"https:\/\/kibrisdakik.com\/#website"},"primaryImageOfPage":{"@id":"https:\/\/kibrisdakik.com\/?p=77738#primaryimage"},"image":{"@id":"https:\/\/kibrisdakik.com\/?p=77738#primaryimage"},"thumbnailUrl":"https:\/\/kibrisdakik.com\/wp-content\/uploads\/2025\/03\/1741871972988disisleri-tdt-2-740x420.jpg","datePublished":"2025-03-13T14:24:18+00:00","author":{"@id":"https:\/\/kibrisdakik.com\/#\/schema\/person\/9cd9d437bbb44f72b73ba127e06d8e79"},"breadcrumb":{"@id":"https:\/\/kibrisdakik.com\/?p=77738#breadcrumb"},"inLanguage":"tr","potentialAction":[{"@type":"ReadAction","target":["https:\/\/kibrisdakik.com\/?p=77738"]}]},{"@type":"ImageObject","inLanguage":"tr","@id":"https:\/\/kibrisdakik.com\/?p=77738#primaryimage","url":"https:\/\/kibrisdakik.com\/wp-content\/uploads\/2025\/03\/1741871972988disisleri-tdt-2-740x420.jpg","contentUrl":"https:\/\/kibrisdakik.com\/wp-content\/uploads\/2025\/03\/1741871972988disisleri-tdt-2-740x420.jpg","width":2048,"height":1365},{"@type":"BreadcrumbList","@id":"https:\/\/kibrisdakik.com\/?p=77738#breadcrumb","itemListElement":[{"@type":"ListItem","position":1,"name":"Home","item":"https:\/\/kibrisdakik.com\/"},{"@type":"ListItem","position":2,"name":"KKTC, T\u00fcrk \u0130\u015fbirli\u011fi Te\u015fkilatlar\u0131 Koordinasyon Komitesi toplant\u0131s\u0131na kat\u0131ld\u0131"}]},{"@type":"WebSite","@id":"https:\/\/kibrisdakik.com\/#website","url":"https:\/\/kibrisdakik.com\/","name":"","description":"Tam vaktinde haber","potentialAction":[{"@type":"SearchAction","target":{"@type":"EntryPoint","urlTemplate":"https:\/\/kibrisdakik.com\/?s={search_term_string}"},"query-input":{"@type":"PropertyValueSpecification","valueRequired":true,"valueName":"search_term_string"}}],"inLanguage":"tr"},{"@type":"Person","@id":"https:\/\/kibrisdakik.com\/#\/schema\/person\/9cd9d437bbb44f72b73ba127e06d8e79","name":"admin","image":{"@type":"ImageObject","inLanguage":"tr","@id":"https:\/\/secure.gravatar.com\/avatar\/ccc17943b9d660506c869530f897617f7cb1c21a4bf30023f252596d83e1f007?s=96&d=mm&r=g","url":"https:\/\/secure.gravatar.com\/avatar\/ccc17943b9d660506c869530f897617f7cb1c21a4bf30023f252596d83e1f007?s=96&d=mm&r=g","contentUrl":"https:\/\/secure.gravatar.com\/avatar\/ccc17943b9d660506c869530f897617f7cb1c21a4bf30023f252596d83e1f007?s=96&d=mm&r=g","caption":"admin"},"sameAs":["https:\/\/kibrisdakik.com"],"url":"https:\/\/kibrisdakik.com\/?author=1"}]}},"_links":{"self":[{"href":"https:\/\/kibrisdakik.com\/index.php?rest_route=\/wp\/v2\/posts\/77738","targetHints":{"allow":["GET"]}}],"collection":[{"href":"https:\/\/kibrisdakik.com\/index.php?rest_route=\/wp\/v2\/posts"}],"about":[{"href":"https:\/\/kibrisdakik.com\/index.php?rest_route=\/wp\/v2\/types\/post"}],"author":[{"embeddable":true,"href":"https:\/\/kibrisdakik.com\/index.php?rest_route=\/wp\/v2\/users\/1"}],"replies":[{"embeddable":true,"href":"https:\/\/kibrisdakik.com\/index.php?rest_route=%2Fwp%2Fv2%2Fcomments&post=77738"}],"version-history":[{"count":0,"href":"https:\/\/kibrisdakik.com\/index.php?rest_route=\/wp\/v2\/posts\/77738\/revisions"}],"wp:featuredmedia":[{"embeddable":true,"href":"https:\/\/kibrisdakik.com\/index.php?rest_route=\/wp\/v2\/media\/77739"}],"wp:attachment":[{"href":"https:\/\/kibrisdakik.com\/index.php?rest_route=%2Fwp%2Fv2%2Fmedia&parent=77738"}],"wp:term":[{"taxonomy":"category","embeddable":true,"href":"https:\/\/kibrisdakik.com\/index.php?rest_route=%2Fwp%2Fv2%2Fcategories&post=77738"},{"taxonomy":"post_tag","embeddable":true,"href":"https:\/\/kibrisdakik.com\/index.php?rest_route=%2Fwp%2Fv2%2Ftags&post=77738"}],"curies":[{"name":"wp","href":"https:\/\/api.w.org\/{rel}","templated":true}]}}