{"id":77776,"date":"2025-03-14T12:19:21","date_gmt":"2025-03-14T09:19:21","guid":{"rendered":"https:\/\/kibrisdakik.com\/index.php\/2025\/03\/14\/ataoglu-14-mart-tip-bayrami-dolayisiyla-mesaj-yayimladi\/"},"modified":"2025-03-14T12:19:21","modified_gmt":"2025-03-14T09:19:21","slug":"ataoglu-14-mart-tip-bayrami-dolayisiyla-mesaj-yayimladi","status":"publish","type":"post","link":"https:\/\/kibrisdakik.com\/?p=77776","title":{"rendered":"Atao\u011flu 14 Mart T\u0131p Bayram\u0131 dolay\u0131s\u0131yla mesaj yay\u0131mlad\u0131"},"content":{"rendered":"<div>\n<div class=\"mariselle-image-container center\">\n                                            <\/div>\n<p>Ba\u015fbakan Yard\u0131mc\u0131s\u0131, Turizm, K\u00fclt\u00fcr, Gen\u00e7lik ve \u00c7evre Bakan\u0131, DP Genel Ba\u015fkan\u0131 Fikri Atao\u011flu, sa\u011fl\u0131k \u00e7al\u0131\u015fanlar\u0131na seslenerek, \u201cMesle\u011fin getirdi\u011fi a\u011f\u0131r y\u00fck ve zorluklara ra\u011fmen, insan hayat\u0131n\u0131 her \u015feyin \u00f6n\u00fcnde tutarak g\u00f6sterdi\u011finiz fedak\u00e2rl\u0131k, toplumumuz i\u00e7in paha bi\u00e7ilemez bir de\u011fere sahiptir. Sizlerin eme\u011fi ve katk\u0131lar\u0131yla sa\u011fl\u0131k hizmetlerimizi her ge\u00e7en g\u00fcn daha ileriye ta\u015f\u0131yoruz.\u201d dedi.<\/p>\n<p>Atao\u011flu 14 Mart T\u0131p Bayram\u0131 dolay\u0131s\u0131yla mesaj yay\u0131mlayarak, insan sa\u011fl\u0131\u011f\u0131 i\u00e7in b\u00fcy\u00fck bir sorumluluk \u00fcstlenen sa\u011fl\u0131k \u00e7al\u0131\u015fanlar\u0131n\u0131n bilgi, tecr\u00fcbe ve vicdanlar\u0131yla hastalara \u015fifa oldu\u011funa vurgu yapt\u0131.<\/p>\n<p>Mesaj\u0131nda, sa\u011fl\u0131\u011f\u0131n, insan hayat\u0131n\u0131n en temel de\u011ferlerinden biri oldu\u011funu kaydeden Atao\u011flu, \u201cToplum sa\u011fl\u0131\u011f\u0131n\u0131 korumak ve her bireyin kaliteli bir ya\u015fam s\u00fcrd\u00fcrebilmesi i\u00e7in gece g\u00fcnd\u00fcz demeden fedak\u00e2rca \u00e7al\u0131\u015fan t\u00fcm sa\u011fl\u0131k emek\u00e7ilerimizin 14 Mart T\u0131p Bayram\u0131\u2019n\u0131 en i\u00e7ten dileklerimle kutluyorum.\u201d dedi.<\/p>\n<p>Sa\u011fl\u0131kl\u0131 bireylerin g\u00fc\u00e7l\u00fc bir toplumun temeli oldu\u011funa i\u015faret eden Atao\u011flu, mesaj\u0131nda \u015fu ifadelere yer verdi:<\/p>\n<p>\u201cSa\u011fl\u0131\u011f\u0131n sadece hastanelerde de\u011fil, ya\u015fam\u0131n her alan\u0131nda korunmas\u0131 gerekti\u011finin bilinciyle; \u00e7evrenin korunmas\u0131, temiz su kaynaklar\u0131n\u0131n s\u00fcrd\u00fcr\u00fclebilirli\u011fi ve ya\u015fam alanlar\u0131m\u0131z\u0131n sa\u011fl\u0131kl\u0131 tutulmas\u0131 konusunda da \u00e7al\u0131\u015fmalar\u0131m\u0131za devam ediyoruz. Sa\u011fl\u0131k ve \u00e7evre birbirini tamamlayan unsurlard\u0131r ve gelece\u011fimiz i\u00e7in bu dengeyi korumak hepimizin sorumlulu\u011fudur.<\/p>\n<p>T\u00fcm sa\u011fl\u0131k \u00e7al\u0131\u015fanlar\u0131m\u0131za g\u00f6n\u00fclden te\u015fekk\u00fcr ediyor, sonsuz minnet duygular\u0131m\u0131 ifade ediyorum. Ebediyete intikal eden sa\u011fl\u0131k kahramanlar\u0131m\u0131z\u0131 rahmetle an\u0131yor, t\u00fcm sa\u011fl\u0131k emek\u00e7ilerimizin 14 Mart T\u0131p Bayram\u0131\u2019n\u0131 en i\u00e7ten dileklerimle kutluyorum.\u201d<\/p>\n<\/p><\/div>\n<p><script async\n                    defer\n                    crossorigin=\"anonymous\"\n                    src=\"https:\/\/connect.facebook.net\/tr_TR\/sdk.js#xfbml=1&#038;version=v3.3\"\n            ><\/script><\/p>\n","protected":false},"excerpt":{"rendered":"<p>Ba\u015fbakan Yard\u0131mc\u0131s\u0131, Turizm, K\u00fclt\u00fcr, Gen\u00e7lik ve \u00c7evre Bakan\u0131, DP Genel Ba\u015fkan\u0131 Fikri Atao\u011flu, sa\u011fl\u0131k \u00e7al\u0131\u015fanlar\u0131na seslenerek, \u201cMesle\u011fin getirdi\u011fi a\u011f\u0131r y\u00fck ve zorluklara ra\u011fmen, insan hayat\u0131n\u0131 her \u015feyin \u00f6n\u00fcnde tutarak g\u00f6sterdi\u011finiz fedak\u00e2rl\u0131k, toplumumuz i\u00e7in paha bi\u00e7ilemez bir de\u011fere sahiptir. Sizlerin eme\u011fi ve katk\u0131lar\u0131yla sa\u011fl\u0131k hizmetlerimizi her ge\u00e7en g\u00fcn daha ileriye ta\u015f\u0131yoruz.\u201d dedi. Atao\u011flu 14 Mart T\u0131p<\/p>\n","protected":false},"author":1,"featured_media":77777,"comment_status":"open","ping_status":"open","sticky":false,"template":"","format":"standard","meta":{"footnotes":""},"categories":[81,101],"tags":[],"class_list":["post-77776","post","type-post","status-publish","format-standard","has-post-thumbnail","hentry","category-kibris","category-manset"],"yoast_head":"<!-- This site is optimized with the Yoast SEO plugin v27.5 - https:\/\/yoast.com\/product\/yoast-seo-wordpress\/ -->\n<title>Atao\u011flu 14 Mart T\u0131p Bayram\u0131 dolay\u0131s\u0131yla mesaj yay\u0131mlad\u0131 -<\/title>\n<meta name=\"robots\" content=\"index, follow, max-snippet:-1, max-image-preview:large, max-video-preview:-1\" \/>\n<link rel=\"canonical\" href=\"https:\/\/kibrisdakik.com\/?p=77776\" \/>\n<meta property=\"og:locale\" content=\"tr_TR\" \/>\n<meta property=\"og:type\" content=\"article\" \/>\n<meta property=\"og:title\" content=\"Atao\u011flu 14 Mart T\u0131p Bayram\u0131 dolay\u0131s\u0131yla mesaj yay\u0131mlad\u0131 -\" \/>\n<meta property=\"og:description\" content=\"Ba\u015fbakan Yard\u0131mc\u0131s\u0131, Turizm, K\u00fclt\u00fcr, Gen\u00e7lik ve \u00c7evre Bakan\u0131, DP Genel Ba\u015fkan\u0131 Fikri Atao\u011flu, sa\u011fl\u0131k \u00e7al\u0131\u015fanlar\u0131na seslenerek, \u201cMesle\u011fin getirdi\u011fi a\u011f\u0131r y\u00fck ve zorluklara ra\u011fmen, insan hayat\u0131n\u0131 her \u015feyin \u00f6n\u00fcnde tutarak g\u00f6sterdi\u011finiz fedak\u00e2rl\u0131k, toplumumuz i\u00e7in paha bi\u00e7ilemez bir de\u011fere sahiptir. Sizlerin eme\u011fi ve katk\u0131lar\u0131yla sa\u011fl\u0131k hizmetlerimizi her ge\u00e7en g\u00fcn daha ileriye ta\u015f\u0131yoruz.\u201d dedi. Atao\u011flu 14 Mart T\u0131p\" \/>\n<meta property=\"og:url\" content=\"https:\/\/kibrisdakik.com\/?p=77776\" \/>\n<meta property=\"article:published_time\" content=\"2025-03-14T09:19:21+00:00\" \/>\n<meta property=\"og:image\" content=\"https:\/\/kibrisdakik.com\/wp-content\/uploads\/2025\/03\/fikri-ataoglu-2.jpg\" \/>\n\t<meta property=\"og:image:width\" content=\"360\" \/>\n\t<meta property=\"og:image:height\" content=\"270\" \/>\n\t<meta property=\"og:image:type\" content=\"image\/jpeg\" \/>\n<meta name=\"author\" content=\"admin\" \/>\n<meta name=\"twitter:card\" content=\"summary_large_image\" \/>\n<meta name=\"twitter:label1\" content=\"Yazan:\" \/>\n\t<meta name=\"twitter:data1\" content=\"admin\" \/>\n\t<meta name=\"twitter:label2\" content=\"Tahmini okuma s\u00fcresi\" \/>\n\t<meta name=\"twitter:data2\" content=\"2 dakika\" \/>\n<script type=\"application\/ld+json\" class=\"yoast-schema-graph\">{\"@context\":\"https:\\\/\\\/schema.org\",\"@graph\":[{\"@type\":\"Article\",\"@id\":\"https:\\\/\\\/kibrisdakik.com\\\/?p=77776#article\",\"isPartOf\":{\"@id\":\"https:\\\/\\\/kibrisdakik.com\\\/?p=77776\"},\"author\":{\"name\":\"admin\",\"@id\":\"https:\\\/\\\/kibrisdakik.com\\\/#\\\/schema\\\/person\\\/9cd9d437bbb44f72b73ba127e06d8e79\"},\"headline\":\"Atao\u011flu 14 Mart T\u0131p Bayram\u0131 dolay\u0131s\u0131yla mesaj yay\u0131mlad\u0131\",\"datePublished\":\"2025-03-14T09:19:21+00:00\",\"mainEntityOfPage\":{\"@id\":\"https:\\\/\\\/kibrisdakik.com\\\/?p=77776\"},\"wordCount\":343,\"commentCount\":0,\"image\":{\"@id\":\"https:\\\/\\\/kibrisdakik.com\\\/?p=77776#primaryimage\"},\"thumbnailUrl\":\"https:\\\/\\\/kibrisdakik.com\\\/wp-content\\\/uploads\\\/2025\\\/03\\\/fikri-ataoglu-2.jpg\",\"articleSection\":[\"K\u0131br\u0131s\",\"Man\u015fet\"],\"inLanguage\":\"tr\",\"potentialAction\":[{\"@type\":\"CommentAction\",\"name\":\"Comment\",\"target\":[\"https:\\\/\\\/kibrisdakik.com\\\/?p=77776#respond\"]}]},{\"@type\":\"WebPage\",\"@id\":\"https:\\\/\\\/kibrisdakik.com\\\/?p=77776\",\"url\":\"https:\\\/\\\/kibrisdakik.com\\\/?p=77776\",\"name\":\"Atao\u011flu 14 Mart T\u0131p Bayram\u0131 dolay\u0131s\u0131yla mesaj yay\u0131mlad\u0131 -\",\"isPartOf\":{\"@id\":\"https:\\\/\\\/kibrisdakik.com\\\/#website\"},\"primaryImageOfPage\":{\"@id\":\"https:\\\/\\\/kibrisdakik.com\\\/?p=77776#primaryimage\"},\"image\":{\"@id\":\"https:\\\/\\\/kibrisdakik.com\\\/?p=77776#primaryimage\"},\"thumbnailUrl\":\"https:\\\/\\\/kibrisdakik.com\\\/wp-content\\\/uploads\\\/2025\\\/03\\\/fikri-ataoglu-2.jpg\",\"datePublished\":\"2025-03-14T09:19:21+00:00\",\"author\":{\"@id\":\"https:\\\/\\\/kibrisdakik.com\\\/#\\\/schema\\\/person\\\/9cd9d437bbb44f72b73ba127e06d8e79\"},\"breadcrumb\":{\"@id\":\"https:\\\/\\\/kibrisdakik.com\\\/?p=77776#breadcrumb\"},\"inLanguage\":\"tr\",\"potentialAction\":[{\"@type\":\"ReadAction\",\"target\":[\"https:\\\/\\\/kibrisdakik.com\\\/?p=77776\"]}]},{\"@type\":\"ImageObject\",\"inLanguage\":\"tr\",\"@id\":\"https:\\\/\\\/kibrisdakik.com\\\/?p=77776#primaryimage\",\"url\":\"https:\\\/\\\/kibrisdakik.com\\\/wp-content\\\/uploads\\\/2025\\\/03\\\/fikri-ataoglu-2.jpg\",\"contentUrl\":\"https:\\\/\\\/kibrisdakik.com\\\/wp-content\\\/uploads\\\/2025\\\/03\\\/fikri-ataoglu-2.jpg\",\"width\":360,\"height\":270},{\"@type\":\"BreadcrumbList\",\"@id\":\"https:\\\/\\\/kibrisdakik.com\\\/?p=77776#breadcrumb\",\"itemListElement\":[{\"@type\":\"ListItem\",\"position\":1,\"name\":\"Home\",\"item\":\"https:\\\/\\\/kibrisdakik.com\\\/\"},{\"@type\":\"ListItem\",\"position\":2,\"name\":\"Atao\u011flu 14 Mart T\u0131p Bayram\u0131 dolay\u0131s\u0131yla mesaj yay\u0131mlad\u0131\"}]},{\"@type\":\"WebSite\",\"@id\":\"https:\\\/\\\/kibrisdakik.com\\\/#website\",\"url\":\"https:\\\/\\\/kibrisdakik.com\\\/\",\"name\":\"\",\"description\":\"Tam vaktinde haber\",\"potentialAction\":[{\"@type\":\"SearchAction\",\"target\":{\"@type\":\"EntryPoint\",\"urlTemplate\":\"https:\\\/\\\/kibrisdakik.com\\\/?s={search_term_string}\"},\"query-input\":{\"@type\":\"PropertyValueSpecification\",\"valueRequired\":true,\"valueName\":\"search_term_string\"}}],\"inLanguage\":\"tr\"},{\"@type\":\"Person\",\"@id\":\"https:\\\/\\\/kibrisdakik.com\\\/#\\\/schema\\\/person\\\/9cd9d437bbb44f72b73ba127e06d8e79\",\"name\":\"admin\",\"image\":{\"@type\":\"ImageObject\",\"inLanguage\":\"tr\",\"@id\":\"https:\\\/\\\/secure.gravatar.com\\\/avatar\\\/ccc17943b9d660506c869530f897617f7cb1c21a4bf30023f252596d83e1f007?s=96&d=mm&r=g\",\"url\":\"https:\\\/\\\/secure.gravatar.com\\\/avatar\\\/ccc17943b9d660506c869530f897617f7cb1c21a4bf30023f252596d83e1f007?s=96&d=mm&r=g\",\"contentUrl\":\"https:\\\/\\\/secure.gravatar.com\\\/avatar\\\/ccc17943b9d660506c869530f897617f7cb1c21a4bf30023f252596d83e1f007?s=96&d=mm&r=g\",\"caption\":\"admin\"},\"sameAs\":[\"https:\\\/\\\/kibrisdakik.com\"],\"url\":\"https:\\\/\\\/kibrisdakik.com\\\/?author=1\"}]}<\/script>\n<!-- \/ Yoast SEO plugin. -->","yoast_head_json":{"title":"Atao\u011flu 14 Mart T\u0131p Bayram\u0131 dolay\u0131s\u0131yla mesaj yay\u0131mlad\u0131 -","robots":{"index":"index","follow":"follow","max-snippet":"max-snippet:-1","max-image-preview":"max-image-preview:large","max-video-preview":"max-video-preview:-1"},"canonical":"https:\/\/kibrisdakik.com\/?p=77776","og_locale":"tr_TR","og_type":"article","og_title":"Atao\u011flu 14 Mart T\u0131p Bayram\u0131 dolay\u0131s\u0131yla mesaj yay\u0131mlad\u0131 -","og_description":"Ba\u015fbakan Yard\u0131mc\u0131s\u0131, Turizm, K\u00fclt\u00fcr, Gen\u00e7lik ve \u00c7evre Bakan\u0131, DP Genel Ba\u015fkan\u0131 Fikri Atao\u011flu, sa\u011fl\u0131k \u00e7al\u0131\u015fanlar\u0131na seslenerek, \u201cMesle\u011fin getirdi\u011fi a\u011f\u0131r y\u00fck ve zorluklara ra\u011fmen, insan hayat\u0131n\u0131 her \u015feyin \u00f6n\u00fcnde tutarak g\u00f6sterdi\u011finiz fedak\u00e2rl\u0131k, toplumumuz i\u00e7in paha bi\u00e7ilemez bir de\u011fere sahiptir. Sizlerin eme\u011fi ve katk\u0131lar\u0131yla sa\u011fl\u0131k hizmetlerimizi her ge\u00e7en g\u00fcn daha ileriye ta\u015f\u0131yoruz.\u201d dedi. Atao\u011flu 14 Mart T\u0131p","og_url":"https:\/\/kibrisdakik.com\/?p=77776","article_published_time":"2025-03-14T09:19:21+00:00","og_image":[{"width":360,"height":270,"url":"https:\/\/kibrisdakik.com\/wp-content\/uploads\/2025\/03\/fikri-ataoglu-2.jpg","type":"image\/jpeg"}],"author":"admin","twitter_card":"summary_large_image","twitter_misc":{"Yazan:":"admin","Tahmini okuma s\u00fcresi":"2 dakika"},"schema":{"@context":"https:\/\/schema.org","@graph":[{"@type":"Article","@id":"https:\/\/kibrisdakik.com\/?p=77776#article","isPartOf":{"@id":"https:\/\/kibrisdakik.com\/?p=77776"},"author":{"name":"admin","@id":"https:\/\/kibrisdakik.com\/#\/schema\/person\/9cd9d437bbb44f72b73ba127e06d8e79"},"headline":"Atao\u011flu 14 Mart T\u0131p Bayram\u0131 dolay\u0131s\u0131yla mesaj yay\u0131mlad\u0131","datePublished":"2025-03-14T09:19:21+00:00","mainEntityOfPage":{"@id":"https:\/\/kibrisdakik.com\/?p=77776"},"wordCount":343,"commentCount":0,"image":{"@id":"https:\/\/kibrisdakik.com\/?p=77776#primaryimage"},"thumbnailUrl":"https:\/\/kibrisdakik.com\/wp-content\/uploads\/2025\/03\/fikri-ataoglu-2.jpg","articleSection":["K\u0131br\u0131s","Man\u015fet"],"inLanguage":"tr","potentialAction":[{"@type":"CommentAction","name":"Comment","target":["https:\/\/kibrisdakik.com\/?p=77776#respond"]}]},{"@type":"WebPage","@id":"https:\/\/kibrisdakik.com\/?p=77776","url":"https:\/\/kibrisdakik.com\/?p=77776","name":"Atao\u011flu 14 Mart T\u0131p Bayram\u0131 dolay\u0131s\u0131yla mesaj yay\u0131mlad\u0131 -","isPartOf":{"@id":"https:\/\/kibrisdakik.com\/#website"},"primaryImageOfPage":{"@id":"https:\/\/kibrisdakik.com\/?p=77776#primaryimage"},"image":{"@id":"https:\/\/kibrisdakik.com\/?p=77776#primaryimage"},"thumbnailUrl":"https:\/\/kibrisdakik.com\/wp-content\/uploads\/2025\/03\/fikri-ataoglu-2.jpg","datePublished":"2025-03-14T09:19:21+00:00","author":{"@id":"https:\/\/kibrisdakik.com\/#\/schema\/person\/9cd9d437bbb44f72b73ba127e06d8e79"},"breadcrumb":{"@id":"https:\/\/kibrisdakik.com\/?p=77776#breadcrumb"},"inLanguage":"tr","potentialAction":[{"@type":"ReadAction","target":["https:\/\/kibrisdakik.com\/?p=77776"]}]},{"@type":"ImageObject","inLanguage":"tr","@id":"https:\/\/kibrisdakik.com\/?p=77776#primaryimage","url":"https:\/\/kibrisdakik.com\/wp-content\/uploads\/2025\/03\/fikri-ataoglu-2.jpg","contentUrl":"https:\/\/kibrisdakik.com\/wp-content\/uploads\/2025\/03\/fikri-ataoglu-2.jpg","width":360,"height":270},{"@type":"BreadcrumbList","@id":"https:\/\/kibrisdakik.com\/?p=77776#breadcrumb","itemListElement":[{"@type":"ListItem","position":1,"name":"Home","item":"https:\/\/kibrisdakik.com\/"},{"@type":"ListItem","position":2,"name":"Atao\u011flu 14 Mart T\u0131p Bayram\u0131 dolay\u0131s\u0131yla mesaj yay\u0131mlad\u0131"}]},{"@type":"WebSite","@id":"https:\/\/kibrisdakik.com\/#website","url":"https:\/\/kibrisdakik.com\/","name":"","description":"Tam vaktinde haber","potentialAction":[{"@type":"SearchAction","target":{"@type":"EntryPoint","urlTemplate":"https:\/\/kibrisdakik.com\/?s={search_term_string}"},"query-input":{"@type":"PropertyValueSpecification","valueRequired":true,"valueName":"search_term_string"}}],"inLanguage":"tr"},{"@type":"Person","@id":"https:\/\/kibrisdakik.com\/#\/schema\/person\/9cd9d437bbb44f72b73ba127e06d8e79","name":"admin","image":{"@type":"ImageObject","inLanguage":"tr","@id":"https:\/\/secure.gravatar.com\/avatar\/ccc17943b9d660506c869530f897617f7cb1c21a4bf30023f252596d83e1f007?s=96&d=mm&r=g","url":"https:\/\/secure.gravatar.com\/avatar\/ccc17943b9d660506c869530f897617f7cb1c21a4bf30023f252596d83e1f007?s=96&d=mm&r=g","contentUrl":"https:\/\/secure.gravatar.com\/avatar\/ccc17943b9d660506c869530f897617f7cb1c21a4bf30023f252596d83e1f007?s=96&d=mm&r=g","caption":"admin"},"sameAs":["https:\/\/kibrisdakik.com"],"url":"https:\/\/kibrisdakik.com\/?author=1"}]}},"_links":{"self":[{"href":"https:\/\/kibrisdakik.com\/index.php?rest_route=\/wp\/v2\/posts\/77776","targetHints":{"allow":["GET"]}}],"collection":[{"href":"https:\/\/kibrisdakik.com\/index.php?rest_route=\/wp\/v2\/posts"}],"about":[{"href":"https:\/\/kibrisdakik.com\/index.php?rest_route=\/wp\/v2\/types\/post"}],"author":[{"embeddable":true,"href":"https:\/\/kibrisdakik.com\/index.php?rest_route=\/wp\/v2\/users\/1"}],"replies":[{"embeddable":true,"href":"https:\/\/kibrisdakik.com\/index.php?rest_route=%2Fwp%2Fv2%2Fcomments&post=77776"}],"version-history":[{"count":0,"href":"https:\/\/kibrisdakik.com\/index.php?rest_route=\/wp\/v2\/posts\/77776\/revisions"}],"wp:featuredmedia":[{"embeddable":true,"href":"https:\/\/kibrisdakik.com\/index.php?rest_route=\/wp\/v2\/media\/77777"}],"wp:attachment":[{"href":"https:\/\/kibrisdakik.com\/index.php?rest_route=%2Fwp%2Fv2%2Fmedia&parent=77776"}],"wp:term":[{"taxonomy":"category","embeddable":true,"href":"https:\/\/kibrisdakik.com\/index.php?rest_route=%2Fwp%2Fv2%2Fcategories&post=77776"},{"taxonomy":"post_tag","embeddable":true,"href":"https:\/\/kibrisdakik.com\/index.php?rest_route=%2Fwp%2Fv2%2Ftags&post=77776"}],"curies":[{"name":"wp","href":"https:\/\/api.w.org\/{rel}","templated":true}]}}