{"id":77786,"date":"2025-03-14T13:46:43","date_gmt":"2025-03-14T10:46:43","guid":{"rendered":"https:\/\/kibrisdakik.com\/index.php\/2025\/03\/14\/dis-temsilciliklerde-yeni-gorevlendirmeler-yapildi\/"},"modified":"2025-03-14T13:46:43","modified_gmt":"2025-03-14T10:46:43","slug":"dis-temsilciliklerde-yeni-gorevlendirmeler-yapildi","status":"publish","type":"post","link":"https:\/\/kibrisdakik.com\/?p=77786","title":{"rendered":"D\u0131\u015f temsilciliklerde yeni g\u00f6revlendirmeler yap\u0131ld\u0131"},"content":{"rendered":"<div>\n<div class=\"mariselle-image-container center\">\n                                            <\/div>\n<p>akanlar Kurulu, KKTC\u2019nin baz\u0131 d\u0131\u015f temsilciliklerinde yeni g\u00f6revlendirmeler yapt\u0131. G\u00f6rev s\u00fcresi dolan temsilciler ise merkez \u00f6rg\u00fct\u00fcnde g\u00f6revlendirildi.<\/p>\n<p>Resmi Gazete\u2019nin d\u00fcnk\u00fc say\u0131s\u0131nda yay\u0131mlanan kararlar uyar\u0131nca, D\u0131\u015fi\u015fleri Dairesi Merkez \u00d6rg\u00fct\u00fcnde g\u00f6revli M\u00fcd\u00fcr\/Temsilci Aysan Mullahasan At\u0131lgan, 1 A\u011fustos 2025\u2019ten itibaren KKTC Londra Temsilcili\u011fine Temsilci olarak g\u00f6revlendirildi.<\/p>\n<p>D\u0131\u015fi\u015fleri Dairesi Merkez \u00d6rg\u00fct\u00fcnde g\u00f6revli M\u00fcd\u00fcr\/Temsilci Zalihe Mendeli, 1 A\u011fustos 2025\u2019ten itibaren KKTC \u0130stanbul Ba\u015fkonsoloslu\u011fu\u2019na Ba\u015fkonsolos olarak g\u00f6rev yapacak.<\/p>\n<p>D\u0131\u015fi\u015fleri Dairesi Genel M\u00fcd\u00fcr\u00fc Gizem Alpman\u2019\u0131n D\u0131\u015fi\u015fleri Dairesi M\u00fcd\u00fcr\/Temsilci mevkiine atanmas\u0131n\u0131 m\u00fcteakip, 1 A\u011fustos 2025 tarihinden itibaren KKTC Br\u00fcksel Temsilcili\u011fi\u2019ne Temsilci olarak g\u00f6revlendirilmesine karar verildi.<\/p>\n<p><strong>-\u0130zmir Ba\u015fkonsolosu Mustafa Davulcu<\/strong><\/p>\n<p>M\u00fcd\u00fcr\/Temsilci Mustafa Davulcu, 1 A\u011fustos 2025 itibar\u0131yla KKTC \u0130zmir Ba\u015fkonsoloslu\u011fu\u2019na Ba\u015fkonsolos olarak g\u00f6revlendirildi.<\/p>\n<p>D\u0131\u015fi\u015fleri Dairesi Merkez \u00d6rg\u00fct\u00fcnde g\u00f6revli M\u00fcd\u00fcr\/Temsilci Buket Kop\u2019un 1 A\u011fustos 2025\u2019ten itibaren KKTC \u0130slamabad Temsilcili\u011fine Temsilci olarak g\u00f6revlendirilmesine karar verildi.<\/p>\n<p><strong>-Trabzon\u2019da Fatma Demirel g\u00f6rev yapacak<\/strong><\/p>\n<p>KKTC \u0130stanbul Ba\u015fkonsolosu olarak g\u00f6rev yapan M\u00fc\u015favir Fatma Demirel\u2019in, bug\u00fcnden itibaren KKTC Trabzon Ba\u015fkonsoloslu\u011funa, Ba\u015fkonsolos olarak g\u00f6revlendirilmesine karar verildi.<\/p>\n<p>KKTC Kuveyt Temsilcisi M\u00fcd\u00fcr\/Temsilci At\u0131n\u00e7 Keskin\u2019in ve KKTC Helsinki Temsilcili\u011finde Misyon \u015eefi olarak g\u00f6rev yapan 1. Derece 1. Sekreter Sonat Altu\u011f\u2019un g\u00f6rev s\u00fcreleri, 31 Temmuz 2026 tarihine kadar uzat\u0131ld\u0131.<\/p>\n<p><strong>-G\u00f6rev s\u00fcresini tamamlayanlar merkeze d\u00f6n\u00fcyor<\/strong><\/p>\n<p>KKTC Londra Temsilcili\u011fi\u2019nde Enformasyon, Tan\u0131tma ve Bas\u0131n Ata\u015fesi olarak g\u00f6rev yapan 1. Derece Tan\u0131tma Memuru Esra Emin\u2019in d\u00f6rt y\u0131ll\u0131k g\u00f6rev s\u00fcresi tamamland\u0131\u011f\u0131 i\u00e7in D\u0131\u015fi\u015fleri Bakanl\u0131\u011f\u0131na ba\u011fl\u0131 Tan\u0131tma Dairesindeki g\u00f6revine geri d\u00f6nmesine karar verildi.<\/p>\n<p>KKTC Londra Temsilcili\u011finde g\u00f6rev yapan M\u00fcd\u00fcr\/Temsilci \u00c7imen Keskin\u2019in, KKTC \u0130zmir Ba\u015fkonsolosu M\u00fcd\u00fcr\/Temsilci Ay\u015fen Volkan \u0130nan\u0131ro\u011flu\u2019nun, KKTC \u0130slamabad Temsilcili\u011finde Misyon \u015eefi olarak g\u00f6rev yapan, 1. Derece 1. Sekreter Dil\u015fad \u015eenol\u2019un ve KKTC Br\u00fcksel Temsilcisi M\u00fcd\u00fcr\/Temsilci Ayda Soylu\u2019nun, 1 A\u011fustos 2025 tarihinden itibaren D\u0131\u015fi\u015fleri Dairesi Merkez \u00d6rg\u00fct\u00fcne (Lefko\u015fa) g\u00f6revlendirilmelerine karar verildi.<\/p>\n<p>KKTC New York Temsilcili\u011finde g\u00f6rev yapan M\u00fcd\u00fcr\/Temsilci Mehmet Dana\u2019n\u0131n yurt d\u0131\u015f\u0131ndaki 5 y\u0131ll\u0131k g\u00f6rev s\u00fcresinin dolacak olmas\u0131 nedeniyle, 18 Haziran 2025\u2019ten itibaren D\u0131\u015fi\u015fleri Dairesi Merkez \u00d6rg\u00fct\u00fcne (Lefko\u015fa) g\u00f6revlendirilmesine karar verildi.<\/p>\n<\/p><\/div>\n<p><script async\n                    defer\n                    crossorigin=\"anonymous\"\n                    src=\"https:\/\/connect.facebook.net\/tr_TR\/sdk.js#xfbml=1&#038;version=v3.3\"\n            ><\/script><\/p>\n","protected":false},"excerpt":{"rendered":"<p>akanlar Kurulu, KKTC\u2019nin baz\u0131 d\u0131\u015f temsilciliklerinde yeni g\u00f6revlendirmeler yapt\u0131. G\u00f6rev s\u00fcresi dolan temsilciler ise merkez \u00f6rg\u00fct\u00fcnde g\u00f6revlendirildi. Resmi Gazete\u2019nin d\u00fcnk\u00fc say\u0131s\u0131nda yay\u0131mlanan kararlar uyar\u0131nca, D\u0131\u015fi\u015fleri Dairesi Merkez \u00d6rg\u00fct\u00fcnde g\u00f6revli M\u00fcd\u00fcr\/Temsilci Aysan Mullahasan At\u0131lgan, 1 A\u011fustos 2025\u2019ten itibaren KKTC Londra Temsilcili\u011fine Temsilci olarak g\u00f6revlendirildi. D\u0131\u015fi\u015fleri Dairesi Merkez \u00d6rg\u00fct\u00fcnde g\u00f6revli M\u00fcd\u00fcr\/Temsilci Zalihe Mendeli, 1 A\u011fustos 2025\u2019ten itibaren<\/p>\n","protected":false},"author":1,"featured_media":68562,"comment_status":"open","ping_status":"open","sticky":false,"template":"","format":"standard","meta":{"footnotes":""},"categories":[81,101],"tags":[],"class_list":["post-77786","post","type-post","status-publish","format-standard","has-post-thumbnail","hentry","category-kibris","category-manset"],"yoast_head":"<!-- This site is optimized with the Yoast SEO plugin v27.5 - https:\/\/yoast.com\/product\/yoast-seo-wordpress\/ -->\n<title>D\u0131\u015f temsilciliklerde yeni g\u00f6revlendirmeler yap\u0131ld\u0131 -<\/title>\n<meta name=\"robots\" content=\"index, follow, max-snippet:-1, max-image-preview:large, max-video-preview:-1\" \/>\n<link rel=\"canonical\" href=\"https:\/\/kibrisdakik.com\/?p=77786\" \/>\n<meta property=\"og:locale\" content=\"tr_TR\" \/>\n<meta property=\"og:type\" content=\"article\" \/>\n<meta property=\"og:title\" content=\"D\u0131\u015f temsilciliklerde yeni g\u00f6revlendirmeler yap\u0131ld\u0131 -\" \/>\n<meta property=\"og:description\" content=\"akanlar Kurulu, KKTC\u2019nin baz\u0131 d\u0131\u015f temsilciliklerinde yeni g\u00f6revlendirmeler yapt\u0131. G\u00f6rev s\u00fcresi dolan temsilciler ise merkez \u00f6rg\u00fct\u00fcnde g\u00f6revlendirildi. Resmi Gazete\u2019nin d\u00fcnk\u00fc say\u0131s\u0131nda yay\u0131mlanan kararlar uyar\u0131nca, D\u0131\u015fi\u015fleri Dairesi Merkez \u00d6rg\u00fct\u00fcnde g\u00f6revli M\u00fcd\u00fcr\/Temsilci Aysan Mullahasan At\u0131lgan, 1 A\u011fustos 2025\u2019ten itibaren KKTC Londra Temsilcili\u011fine Temsilci olarak g\u00f6revlendirildi. D\u0131\u015fi\u015fleri Dairesi Merkez \u00d6rg\u00fct\u00fcnde g\u00f6revli M\u00fcd\u00fcr\/Temsilci Zalihe Mendeli, 1 A\u011fustos 2025\u2019ten itibaren\" \/>\n<meta property=\"og:url\" content=\"https:\/\/kibrisdakik.com\/?p=77786\" \/>\n<meta property=\"article:published_time\" content=\"2025-03-14T10:46:43+00:00\" \/>\n<meta property=\"og:image\" content=\"https:\/\/kibrisdakik.com\/wp-content\/uploads\/2024\/11\/disisleri-bakanligi.jpg\" \/>\n\t<meta property=\"og:image:width\" content=\"314\" \/>\n\t<meta property=\"og:image:height\" content=\"205\" \/>\n\t<meta property=\"og:image:type\" content=\"image\/jpeg\" \/>\n<meta name=\"author\" content=\"admin\" \/>\n<meta name=\"twitter:card\" content=\"summary_large_image\" \/>\n<meta name=\"twitter:label1\" content=\"Yazan:\" \/>\n\t<meta name=\"twitter:data1\" content=\"admin\" \/>\n\t<meta name=\"twitter:label2\" content=\"Tahmini okuma s\u00fcresi\" \/>\n\t<meta name=\"twitter:data2\" content=\"2 dakika\" \/>\n<script type=\"application\/ld+json\" class=\"yoast-schema-graph\">{\"@context\":\"https:\\\/\\\/schema.org\",\"@graph\":[{\"@type\":\"Article\",\"@id\":\"https:\\\/\\\/kibrisdakik.com\\\/?p=77786#article\",\"isPartOf\":{\"@id\":\"https:\\\/\\\/kibrisdakik.com\\\/?p=77786\"},\"author\":{\"name\":\"admin\",\"@id\":\"https:\\\/\\\/kibrisdakik.com\\\/#\\\/schema\\\/person\\\/9cd9d437bbb44f72b73ba127e06d8e79\"},\"headline\":\"D\u0131\u015f temsilciliklerde yeni g\u00f6revlendirmeler yap\u0131ld\u0131\",\"datePublished\":\"2025-03-14T10:46:43+00:00\",\"mainEntityOfPage\":{\"@id\":\"https:\\\/\\\/kibrisdakik.com\\\/?p=77786\"},\"wordCount\":458,\"commentCount\":0,\"image\":{\"@id\":\"https:\\\/\\\/kibrisdakik.com\\\/?p=77786#primaryimage\"},\"thumbnailUrl\":\"https:\\\/\\\/kibrisdakik.com\\\/wp-content\\\/uploads\\\/2024\\\/11\\\/disisleri-bakanligi.jpg\",\"articleSection\":[\"K\u0131br\u0131s\",\"Man\u015fet\"],\"inLanguage\":\"tr\",\"potentialAction\":[{\"@type\":\"CommentAction\",\"name\":\"Comment\",\"target\":[\"https:\\\/\\\/kibrisdakik.com\\\/?p=77786#respond\"]}]},{\"@type\":\"WebPage\",\"@id\":\"https:\\\/\\\/kibrisdakik.com\\\/?p=77786\",\"url\":\"https:\\\/\\\/kibrisdakik.com\\\/?p=77786\",\"name\":\"D\u0131\u015f temsilciliklerde yeni g\u00f6revlendirmeler yap\u0131ld\u0131 -\",\"isPartOf\":{\"@id\":\"https:\\\/\\\/kibrisdakik.com\\\/#website\"},\"primaryImageOfPage\":{\"@id\":\"https:\\\/\\\/kibrisdakik.com\\\/?p=77786#primaryimage\"},\"image\":{\"@id\":\"https:\\\/\\\/kibrisdakik.com\\\/?p=77786#primaryimage\"},\"thumbnailUrl\":\"https:\\\/\\\/kibrisdakik.com\\\/wp-content\\\/uploads\\\/2024\\\/11\\\/disisleri-bakanligi.jpg\",\"datePublished\":\"2025-03-14T10:46:43+00:00\",\"author\":{\"@id\":\"https:\\\/\\\/kibrisdakik.com\\\/#\\\/schema\\\/person\\\/9cd9d437bbb44f72b73ba127e06d8e79\"},\"breadcrumb\":{\"@id\":\"https:\\\/\\\/kibrisdakik.com\\\/?p=77786#breadcrumb\"},\"inLanguage\":\"tr\",\"potentialAction\":[{\"@type\":\"ReadAction\",\"target\":[\"https:\\\/\\\/kibrisdakik.com\\\/?p=77786\"]}]},{\"@type\":\"ImageObject\",\"inLanguage\":\"tr\",\"@id\":\"https:\\\/\\\/kibrisdakik.com\\\/?p=77786#primaryimage\",\"url\":\"https:\\\/\\\/kibrisdakik.com\\\/wp-content\\\/uploads\\\/2024\\\/11\\\/disisleri-bakanligi.jpg\",\"contentUrl\":\"https:\\\/\\\/kibrisdakik.com\\\/wp-content\\\/uploads\\\/2024\\\/11\\\/disisleri-bakanligi.jpg\",\"width\":314,\"height\":205},{\"@type\":\"BreadcrumbList\",\"@id\":\"https:\\\/\\\/kibrisdakik.com\\\/?p=77786#breadcrumb\",\"itemListElement\":[{\"@type\":\"ListItem\",\"position\":1,\"name\":\"Home\",\"item\":\"https:\\\/\\\/kibrisdakik.com\\\/\"},{\"@type\":\"ListItem\",\"position\":2,\"name\":\"D\u0131\u015f temsilciliklerde yeni g\u00f6revlendirmeler yap\u0131ld\u0131\"}]},{\"@type\":\"WebSite\",\"@id\":\"https:\\\/\\\/kibrisdakik.com\\\/#website\",\"url\":\"https:\\\/\\\/kibrisdakik.com\\\/\",\"name\":\"\",\"description\":\"Tam vaktinde haber\",\"potentialAction\":[{\"@type\":\"SearchAction\",\"target\":{\"@type\":\"EntryPoint\",\"urlTemplate\":\"https:\\\/\\\/kibrisdakik.com\\\/?s={search_term_string}\"},\"query-input\":{\"@type\":\"PropertyValueSpecification\",\"valueRequired\":true,\"valueName\":\"search_term_string\"}}],\"inLanguage\":\"tr\"},{\"@type\":\"Person\",\"@id\":\"https:\\\/\\\/kibrisdakik.com\\\/#\\\/schema\\\/person\\\/9cd9d437bbb44f72b73ba127e06d8e79\",\"name\":\"admin\",\"image\":{\"@type\":\"ImageObject\",\"inLanguage\":\"tr\",\"@id\":\"https:\\\/\\\/secure.gravatar.com\\\/avatar\\\/ccc17943b9d660506c869530f897617f7cb1c21a4bf30023f252596d83e1f007?s=96&d=mm&r=g\",\"url\":\"https:\\\/\\\/secure.gravatar.com\\\/avatar\\\/ccc17943b9d660506c869530f897617f7cb1c21a4bf30023f252596d83e1f007?s=96&d=mm&r=g\",\"contentUrl\":\"https:\\\/\\\/secure.gravatar.com\\\/avatar\\\/ccc17943b9d660506c869530f897617f7cb1c21a4bf30023f252596d83e1f007?s=96&d=mm&r=g\",\"caption\":\"admin\"},\"sameAs\":[\"https:\\\/\\\/kibrisdakik.com\"],\"url\":\"https:\\\/\\\/kibrisdakik.com\\\/?author=1\"}]}<\/script>\n<!-- \/ Yoast SEO plugin. -->","yoast_head_json":{"title":"D\u0131\u015f temsilciliklerde yeni g\u00f6revlendirmeler yap\u0131ld\u0131 -","robots":{"index":"index","follow":"follow","max-snippet":"max-snippet:-1","max-image-preview":"max-image-preview:large","max-video-preview":"max-video-preview:-1"},"canonical":"https:\/\/kibrisdakik.com\/?p=77786","og_locale":"tr_TR","og_type":"article","og_title":"D\u0131\u015f temsilciliklerde yeni g\u00f6revlendirmeler yap\u0131ld\u0131 -","og_description":"akanlar Kurulu, KKTC\u2019nin baz\u0131 d\u0131\u015f temsilciliklerinde yeni g\u00f6revlendirmeler yapt\u0131. G\u00f6rev s\u00fcresi dolan temsilciler ise merkez \u00f6rg\u00fct\u00fcnde g\u00f6revlendirildi. Resmi Gazete\u2019nin d\u00fcnk\u00fc say\u0131s\u0131nda yay\u0131mlanan kararlar uyar\u0131nca, D\u0131\u015fi\u015fleri Dairesi Merkez \u00d6rg\u00fct\u00fcnde g\u00f6revli M\u00fcd\u00fcr\/Temsilci Aysan Mullahasan At\u0131lgan, 1 A\u011fustos 2025\u2019ten itibaren KKTC Londra Temsilcili\u011fine Temsilci olarak g\u00f6revlendirildi. D\u0131\u015fi\u015fleri Dairesi Merkez \u00d6rg\u00fct\u00fcnde g\u00f6revli M\u00fcd\u00fcr\/Temsilci Zalihe Mendeli, 1 A\u011fustos 2025\u2019ten itibaren","og_url":"https:\/\/kibrisdakik.com\/?p=77786","article_published_time":"2025-03-14T10:46:43+00:00","og_image":[{"width":314,"height":205,"url":"https:\/\/kibrisdakik.com\/wp-content\/uploads\/2024\/11\/disisleri-bakanligi.jpg","type":"image\/jpeg"}],"author":"admin","twitter_card":"summary_large_image","twitter_misc":{"Yazan:":"admin","Tahmini okuma s\u00fcresi":"2 dakika"},"schema":{"@context":"https:\/\/schema.org","@graph":[{"@type":"Article","@id":"https:\/\/kibrisdakik.com\/?p=77786#article","isPartOf":{"@id":"https:\/\/kibrisdakik.com\/?p=77786"},"author":{"name":"admin","@id":"https:\/\/kibrisdakik.com\/#\/schema\/person\/9cd9d437bbb44f72b73ba127e06d8e79"},"headline":"D\u0131\u015f temsilciliklerde yeni g\u00f6revlendirmeler yap\u0131ld\u0131","datePublished":"2025-03-14T10:46:43+00:00","mainEntityOfPage":{"@id":"https:\/\/kibrisdakik.com\/?p=77786"},"wordCount":458,"commentCount":0,"image":{"@id":"https:\/\/kibrisdakik.com\/?p=77786#primaryimage"},"thumbnailUrl":"https:\/\/kibrisdakik.com\/wp-content\/uploads\/2024\/11\/disisleri-bakanligi.jpg","articleSection":["K\u0131br\u0131s","Man\u015fet"],"inLanguage":"tr","potentialAction":[{"@type":"CommentAction","name":"Comment","target":["https:\/\/kibrisdakik.com\/?p=77786#respond"]}]},{"@type":"WebPage","@id":"https:\/\/kibrisdakik.com\/?p=77786","url":"https:\/\/kibrisdakik.com\/?p=77786","name":"D\u0131\u015f temsilciliklerde yeni g\u00f6revlendirmeler yap\u0131ld\u0131 -","isPartOf":{"@id":"https:\/\/kibrisdakik.com\/#website"},"primaryImageOfPage":{"@id":"https:\/\/kibrisdakik.com\/?p=77786#primaryimage"},"image":{"@id":"https:\/\/kibrisdakik.com\/?p=77786#primaryimage"},"thumbnailUrl":"https:\/\/kibrisdakik.com\/wp-content\/uploads\/2024\/11\/disisleri-bakanligi.jpg","datePublished":"2025-03-14T10:46:43+00:00","author":{"@id":"https:\/\/kibrisdakik.com\/#\/schema\/person\/9cd9d437bbb44f72b73ba127e06d8e79"},"breadcrumb":{"@id":"https:\/\/kibrisdakik.com\/?p=77786#breadcrumb"},"inLanguage":"tr","potentialAction":[{"@type":"ReadAction","target":["https:\/\/kibrisdakik.com\/?p=77786"]}]},{"@type":"ImageObject","inLanguage":"tr","@id":"https:\/\/kibrisdakik.com\/?p=77786#primaryimage","url":"https:\/\/kibrisdakik.com\/wp-content\/uploads\/2024\/11\/disisleri-bakanligi.jpg","contentUrl":"https:\/\/kibrisdakik.com\/wp-content\/uploads\/2024\/11\/disisleri-bakanligi.jpg","width":314,"height":205},{"@type":"BreadcrumbList","@id":"https:\/\/kibrisdakik.com\/?p=77786#breadcrumb","itemListElement":[{"@type":"ListItem","position":1,"name":"Home","item":"https:\/\/kibrisdakik.com\/"},{"@type":"ListItem","position":2,"name":"D\u0131\u015f temsilciliklerde yeni g\u00f6revlendirmeler yap\u0131ld\u0131"}]},{"@type":"WebSite","@id":"https:\/\/kibrisdakik.com\/#website","url":"https:\/\/kibrisdakik.com\/","name":"","description":"Tam vaktinde haber","potentialAction":[{"@type":"SearchAction","target":{"@type":"EntryPoint","urlTemplate":"https:\/\/kibrisdakik.com\/?s={search_term_string}"},"query-input":{"@type":"PropertyValueSpecification","valueRequired":true,"valueName":"search_term_string"}}],"inLanguage":"tr"},{"@type":"Person","@id":"https:\/\/kibrisdakik.com\/#\/schema\/person\/9cd9d437bbb44f72b73ba127e06d8e79","name":"admin","image":{"@type":"ImageObject","inLanguage":"tr","@id":"https:\/\/secure.gravatar.com\/avatar\/ccc17943b9d660506c869530f897617f7cb1c21a4bf30023f252596d83e1f007?s=96&d=mm&r=g","url":"https:\/\/secure.gravatar.com\/avatar\/ccc17943b9d660506c869530f897617f7cb1c21a4bf30023f252596d83e1f007?s=96&d=mm&r=g","contentUrl":"https:\/\/secure.gravatar.com\/avatar\/ccc17943b9d660506c869530f897617f7cb1c21a4bf30023f252596d83e1f007?s=96&d=mm&r=g","caption":"admin"},"sameAs":["https:\/\/kibrisdakik.com"],"url":"https:\/\/kibrisdakik.com\/?author=1"}]}},"_links":{"self":[{"href":"https:\/\/kibrisdakik.com\/index.php?rest_route=\/wp\/v2\/posts\/77786","targetHints":{"allow":["GET"]}}],"collection":[{"href":"https:\/\/kibrisdakik.com\/index.php?rest_route=\/wp\/v2\/posts"}],"about":[{"href":"https:\/\/kibrisdakik.com\/index.php?rest_route=\/wp\/v2\/types\/post"}],"author":[{"embeddable":true,"href":"https:\/\/kibrisdakik.com\/index.php?rest_route=\/wp\/v2\/users\/1"}],"replies":[{"embeddable":true,"href":"https:\/\/kibrisdakik.com\/index.php?rest_route=%2Fwp%2Fv2%2Fcomments&post=77786"}],"version-history":[{"count":0,"href":"https:\/\/kibrisdakik.com\/index.php?rest_route=\/wp\/v2\/posts\/77786\/revisions"}],"wp:featuredmedia":[{"embeddable":true,"href":"https:\/\/kibrisdakik.com\/index.php?rest_route=\/wp\/v2\/media\/68562"}],"wp:attachment":[{"href":"https:\/\/kibrisdakik.com\/index.php?rest_route=%2Fwp%2Fv2%2Fmedia&parent=77786"}],"wp:term":[{"taxonomy":"category","embeddable":true,"href":"https:\/\/kibrisdakik.com\/index.php?rest_route=%2Fwp%2Fv2%2Fcategories&post=77786"},{"taxonomy":"post_tag","embeddable":true,"href":"https:\/\/kibrisdakik.com\/index.php?rest_route=%2Fwp%2Fv2%2Ftags&post=77786"}],"curies":[{"name":"wp","href":"https:\/\/api.w.org\/{rel}","templated":true}]}}