{"id":77801,"date":"2025-03-14T15:01:29","date_gmt":"2025-03-14T12:01:29","guid":{"rendered":"https:\/\/kibrisdakik.com\/index.php\/2025\/03\/14\/arikli-cenevrede-taraflar-arasi-is-birligi-konulari-ele-alinirsa-iki-taraf-icin-de-kazanim-olur\/"},"modified":"2025-03-14T15:01:29","modified_gmt":"2025-03-14T12:01:29","slug":"arikli-cenevrede-taraflar-arasi-is-birligi-konulari-ele-alinirsa-iki-taraf-icin-de-kazanim-olur","status":"publish","type":"post","link":"https:\/\/kibrisdakik.com\/?p=77801","title":{"rendered":"Ar\u0131kl\u0131: Cenevre\u2019de taraflar aras\u0131 i\u015f birli\u011fi konular\u0131 ele al\u0131n\u0131rsa iki taraf i\u00e7in de kazan\u0131m olur"},"content":{"rendered":"<div>\n<div class=\"mariselle-image-container center\">\n                                            <\/div>\n<p>Yeniden Do\u011fu\u015f Partisi (YDP) Genel Ba\u015fkan\u0131, Bay\u0131nd\u0131rl\u0131k ve Ula\u015ft\u0131rma Bakan\u0131 Erhan Ar\u0131kl\u0131, kal\u0131c\u0131 bir \u00e7\u00f6z\u00fcme ili\u015fkin taraflar\u0131n g\u00f6r\u00fc\u015f\u00fcn\u00fcn belli oldu\u011funu, Cenevre\u2019de ele al\u0131nmas\u0131 gerekenin su, elektrik gibi taraflar aras\u0131 i\u015f birli\u011fi konular\u0131 olmas\u0131 gerekti\u011fini kaydetti.<br \/>\u0130ki taraf\u0131n da i\u015f birli\u011fine ihtiya\u00e7 duydu\u011fu konular oldu\u011funa i\u015faret eden Ar\u0131kl\u0131, bunun \u00f6n\u00fcnde herhangi bir siyasi engel olmad\u0131\u011f\u0131n\u0131 vurgulad\u0131.<\/p>\n<p>Ar\u0131kl\u0131, Cumhurba\u015fkan\u0131 Ersin Tatar\u2019\u0131n Cenevre toplant\u0131s\u0131na ili\u015fkin Cumhuriyet Meclisi\u2019nde temsil edilen siyasi partilerle g\u00f6r\u00fc\u015fmesinin tamamlanmas\u0131n\u0131n ard\u0131ndan a\u00e7\u0131klama yapt\u0131.<\/p>\n<p>Erhan Ar\u0131kl\u0131, Cumhurba\u015fkanl\u0131\u011f\u0131 \u00f6n\u00fcnde yapt\u0131\u011f\u0131 a\u00e7\u0131klamada, Tatar\u2019\u0131n siyasi partilere Cenevre toplant\u0131s\u0131 hakk\u0131nda bilgi verdi\u011fini, kendilerinin de g\u00f6r\u00fc\u015flerini aktard\u0131klar\u0131n\u0131 kaydederek, Yeniden Do\u011fu\u015f Partisi\u2019nin iki ki\u015filik bir heyetle orada olaca\u011f\u0131n\u0131 belirtti.<\/p>\n<p>Ar\u0131kl\u0131, Cenevre\u2019de kal\u0131c\u0131 veya m\u00fczakereleri etkileyecek herhangi bir sonu\u00e7 \u00e7\u0131kmas\u0131n\u0131 beklemediklerini ancak en az\u0131ndan elektrik, su, iklim de\u011fi\u015fikli\u011fi gibi konularda i\u015f birli\u011fi yap\u0131lmas\u0131n\u0131n g\u00fcndeme getirilebilece\u011fini s\u00f6yledi. \u0130\u015f birli\u011fine iki toplumun da ihtiyac\u0131 oldu\u011funu kaydeden Ar\u0131kl\u0131, \u00f6zellikle G\u00fcney K\u0131br\u0131s\u2019\u0131n su ve elektrik konusunda ciddi problemler ya\u015fad\u0131\u011f\u0131na belirtti.<\/p>\n<p>\u2013 \u201cBunlar\u0131 masaya getirirsek bir ad\u0131m \u00f6ne ge\u00e7mi\u015f oluruz\u201d<\/p>\n<p>Erhan Ar\u0131kl\u0131, \u00f6yle konu\u015ftu:<br \/>\u201cBizim de kablo ile elektri\u011fimiz geliyor. G\u00fcney K\u0131br\u0131s bundan pekala yararlanabilir ve Yunan enerjisini bizim \u00fczerimizden alabilir. Bu konularda i\u015f birli\u011fi yapman\u0131n \u00f6n\u00fcnde herhangi bir siyasi engel yoktur. Bunlar\u0131 masaya getirirsek ve konu\u015fursak bir ad\u0131m \u00f6ne ge\u00e7mi\u015f oluruz.\u201d<\/p>\n<p>Ar\u0131kl\u0131, iklim de\u011fi\u015fikli\u011fi konusunda da Avrupa Birli\u011fi taraf\u0131ndan G\u00fcney K\u0131br\u0131s\u2019a verilen cezalar oldu\u011funu hat\u0131rlatt\u0131.<br \/>Rum taraf\u0131n\u0131n \u201cCrans Montana\u2019da kal\u0131nd\u0131\u011f\u0131 yerden devam edilmesi\u201d y\u00f6n\u00fcnde g\u00f6r\u00fc\u015fleri oldu\u011funu, T\u00fcrk taraf\u0131n\u0131n ise \u201ciki devletli \u00e7\u00f6z\u00fcm\u00fc\u201d g\u00f6r\u00fc\u015fmeyi yineleyece\u011fini kaydeden Ar\u0131kl\u0131, garant\u00f6r \u00fclkelerin de tav\u0131rlar\u0131n\u0131n belli oldu\u011funu ifade etti. Ar\u0131kl\u0131, bunu toplant\u0131da da anlatmaya \u00e7al\u0131\u015ft\u0131klar\u0131n\u0131 kaydetti.<\/p>\n<p>Erhan Ar\u0131kl\u0131, kal\u0131c\u0131 \u00e7\u00f6z\u00fcm konusunda yap\u0131lacak g\u00f6r\u00fc\u015fmelerden \u00f6nce g\u00fcven art\u0131r\u0131c\u0131 \u00f6nlemlere olan ihtiyac\u0131n alt\u0131n\u0131 \u00e7izerek, \u201cNetice itibar\u0131yla i\u015f birli\u011fi ve g\u00fcven art\u0131r\u0131c\u0131 \u00f6nlemler konusunda bir a\u00e7\u0131l\u0131m yap\u0131labilirse bu herkes i\u00e7in bir kazan\u0131m olur\u201d diye konu\u015ftu.<\/p>\n<\/p><\/div>\n<p><script async\n                    defer\n                    crossorigin=\"anonymous\"\n                    src=\"https:\/\/connect.facebook.net\/tr_TR\/sdk.js#xfbml=1&#038;version=v3.3\"\n            ><\/script><\/p>\n","protected":false},"excerpt":{"rendered":"<p>Yeniden Do\u011fu\u015f Partisi (YDP) Genel Ba\u015fkan\u0131, Bay\u0131nd\u0131rl\u0131k ve Ula\u015ft\u0131rma Bakan\u0131 Erhan Ar\u0131kl\u0131, kal\u0131c\u0131 bir \u00e7\u00f6z\u00fcme ili\u015fkin taraflar\u0131n g\u00f6r\u00fc\u015f\u00fcn\u00fcn belli oldu\u011funu, Cenevre\u2019de ele al\u0131nmas\u0131 gerekenin su, elektrik gibi taraflar aras\u0131 i\u015f birli\u011fi konular\u0131 olmas\u0131 gerekti\u011fini kaydetti.\u0130ki taraf\u0131n da i\u015f birli\u011fine ihtiya\u00e7 duydu\u011fu konular oldu\u011funa i\u015faret eden Ar\u0131kl\u0131, bunun \u00f6n\u00fcnde herhangi bir siyasi engel olmad\u0131\u011f\u0131n\u0131 vurgulad\u0131. Ar\u0131kl\u0131,<\/p>\n","protected":false},"author":1,"featured_media":77802,"comment_status":"open","ping_status":"open","sticky":false,"template":"","format":"standard","meta":{"footnotes":""},"categories":[81,101],"tags":[],"class_list":["post-77801","post","type-post","status-publish","format-standard","has-post-thumbnail","hentry","category-kibris","category-manset"],"yoast_head":"<!-- This site is optimized with the Yoast SEO plugin v27.5 - https:\/\/yoast.com\/product\/yoast-seo-wordpress\/ -->\n<title>Ar\u0131kl\u0131: Cenevre\u2019de taraflar aras\u0131 i\u015f birli\u011fi konular\u0131 ele al\u0131n\u0131rsa iki taraf i\u00e7in de kazan\u0131m olur -<\/title>\n<meta name=\"robots\" content=\"index, follow, max-snippet:-1, max-image-preview:large, max-video-preview:-1\" \/>\n<link rel=\"canonical\" href=\"https:\/\/kibrisdakik.com\/?p=77801\" \/>\n<meta property=\"og:locale\" content=\"tr_TR\" \/>\n<meta property=\"og:type\" content=\"article\" \/>\n<meta property=\"og:title\" content=\"Ar\u0131kl\u0131: Cenevre\u2019de taraflar aras\u0131 i\u015f birli\u011fi konular\u0131 ele al\u0131n\u0131rsa iki taraf i\u00e7in de kazan\u0131m olur -\" \/>\n<meta property=\"og:description\" content=\"Yeniden Do\u011fu\u015f Partisi (YDP) Genel Ba\u015fkan\u0131, Bay\u0131nd\u0131rl\u0131k ve Ula\u015ft\u0131rma Bakan\u0131 Erhan Ar\u0131kl\u0131, kal\u0131c\u0131 bir \u00e7\u00f6z\u00fcme ili\u015fkin taraflar\u0131n g\u00f6r\u00fc\u015f\u00fcn\u00fcn belli oldu\u011funu, Cenevre\u2019de ele al\u0131nmas\u0131 gerekenin su, elektrik gibi taraflar aras\u0131 i\u015f birli\u011fi konular\u0131 olmas\u0131 gerekti\u011fini kaydetti.\u0130ki taraf\u0131n da i\u015f birli\u011fine ihtiya\u00e7 duydu\u011fu konular oldu\u011funa i\u015faret eden Ar\u0131kl\u0131, bunun \u00f6n\u00fcnde herhangi bir siyasi engel olmad\u0131\u011f\u0131n\u0131 vurgulad\u0131. Ar\u0131kl\u0131,\" \/>\n<meta property=\"og:url\" content=\"https:\/\/kibrisdakik.com\/?p=77801\" \/>\n<meta property=\"article:published_time\" content=\"2025-03-14T12:01:29+00:00\" \/>\n<meta property=\"og:image\" content=\"https:\/\/kibrisdakik.com\/wp-content\/uploads\/2025\/03\/arikliiii-740x420.jpeg\" \/>\n\t<meta property=\"og:image:width\" content=\"1600\" \/>\n\t<meta property=\"og:image:height\" content=\"1068\" \/>\n\t<meta property=\"og:image:type\" content=\"image\/jpeg\" \/>\n<meta name=\"author\" content=\"admin\" \/>\n<meta name=\"twitter:card\" content=\"summary_large_image\" \/>\n<meta name=\"twitter:label1\" content=\"Yazan:\" \/>\n\t<meta name=\"twitter:data1\" content=\"admin\" \/>\n\t<meta name=\"twitter:label2\" content=\"Tahmini okuma s\u00fcresi\" \/>\n\t<meta name=\"twitter:data2\" content=\"2 dakika\" \/>\n<script type=\"application\/ld+json\" class=\"yoast-schema-graph\">{\"@context\":\"https:\\\/\\\/schema.org\",\"@graph\":[{\"@type\":\"Article\",\"@id\":\"https:\\\/\\\/kibrisdakik.com\\\/?p=77801#article\",\"isPartOf\":{\"@id\":\"https:\\\/\\\/kibrisdakik.com\\\/?p=77801\"},\"author\":{\"name\":\"admin\",\"@id\":\"https:\\\/\\\/kibrisdakik.com\\\/#\\\/schema\\\/person\\\/9cd9d437bbb44f72b73ba127e06d8e79\"},\"headline\":\"Ar\u0131kl\u0131: Cenevre\u2019de taraflar aras\u0131 i\u015f birli\u011fi konular\u0131 ele al\u0131n\u0131rsa iki taraf i\u00e7in de kazan\u0131m olur\",\"datePublished\":\"2025-03-14T12:01:29+00:00\",\"mainEntityOfPage\":{\"@id\":\"https:\\\/\\\/kibrisdakik.com\\\/?p=77801\"},\"wordCount\":461,\"commentCount\":0,\"image\":{\"@id\":\"https:\\\/\\\/kibrisdakik.com\\\/?p=77801#primaryimage\"},\"thumbnailUrl\":\"https:\\\/\\\/kibrisdakik.com\\\/wp-content\\\/uploads\\\/2025\\\/03\\\/arikliiii-740x420.jpeg\",\"articleSection\":[\"K\u0131br\u0131s\",\"Man\u015fet\"],\"inLanguage\":\"tr\",\"potentialAction\":[{\"@type\":\"CommentAction\",\"name\":\"Comment\",\"target\":[\"https:\\\/\\\/kibrisdakik.com\\\/?p=77801#respond\"]}]},{\"@type\":\"WebPage\",\"@id\":\"https:\\\/\\\/kibrisdakik.com\\\/?p=77801\",\"url\":\"https:\\\/\\\/kibrisdakik.com\\\/?p=77801\",\"name\":\"Ar\u0131kl\u0131: Cenevre\u2019de taraflar aras\u0131 i\u015f birli\u011fi konular\u0131 ele al\u0131n\u0131rsa iki taraf i\u00e7in de kazan\u0131m olur -\",\"isPartOf\":{\"@id\":\"https:\\\/\\\/kibrisdakik.com\\\/#website\"},\"primaryImageOfPage\":{\"@id\":\"https:\\\/\\\/kibrisdakik.com\\\/?p=77801#primaryimage\"},\"image\":{\"@id\":\"https:\\\/\\\/kibrisdakik.com\\\/?p=77801#primaryimage\"},\"thumbnailUrl\":\"https:\\\/\\\/kibrisdakik.com\\\/wp-content\\\/uploads\\\/2025\\\/03\\\/arikliiii-740x420.jpeg\",\"datePublished\":\"2025-03-14T12:01:29+00:00\",\"author\":{\"@id\":\"https:\\\/\\\/kibrisdakik.com\\\/#\\\/schema\\\/person\\\/9cd9d437bbb44f72b73ba127e06d8e79\"},\"breadcrumb\":{\"@id\":\"https:\\\/\\\/kibrisdakik.com\\\/?p=77801#breadcrumb\"},\"inLanguage\":\"tr\",\"potentialAction\":[{\"@type\":\"ReadAction\",\"target\":[\"https:\\\/\\\/kibrisdakik.com\\\/?p=77801\"]}]},{\"@type\":\"ImageObject\",\"inLanguage\":\"tr\",\"@id\":\"https:\\\/\\\/kibrisdakik.com\\\/?p=77801#primaryimage\",\"url\":\"https:\\\/\\\/kibrisdakik.com\\\/wp-content\\\/uploads\\\/2025\\\/03\\\/arikliiii-740x420.jpeg\",\"contentUrl\":\"https:\\\/\\\/kibrisdakik.com\\\/wp-content\\\/uploads\\\/2025\\\/03\\\/arikliiii-740x420.jpeg\",\"width\":1600,\"height\":1068},{\"@type\":\"BreadcrumbList\",\"@id\":\"https:\\\/\\\/kibrisdakik.com\\\/?p=77801#breadcrumb\",\"itemListElement\":[{\"@type\":\"ListItem\",\"position\":1,\"name\":\"Home\",\"item\":\"https:\\\/\\\/kibrisdakik.com\\\/\"},{\"@type\":\"ListItem\",\"position\":2,\"name\":\"Ar\u0131kl\u0131: Cenevre\u2019de taraflar aras\u0131 i\u015f birli\u011fi konular\u0131 ele al\u0131n\u0131rsa iki taraf i\u00e7in de kazan\u0131m olur\"}]},{\"@type\":\"WebSite\",\"@id\":\"https:\\\/\\\/kibrisdakik.com\\\/#website\",\"url\":\"https:\\\/\\\/kibrisdakik.com\\\/\",\"name\":\"\",\"description\":\"Tam vaktinde haber\",\"potentialAction\":[{\"@type\":\"SearchAction\",\"target\":{\"@type\":\"EntryPoint\",\"urlTemplate\":\"https:\\\/\\\/kibrisdakik.com\\\/?s={search_term_string}\"},\"query-input\":{\"@type\":\"PropertyValueSpecification\",\"valueRequired\":true,\"valueName\":\"search_term_string\"}}],\"inLanguage\":\"tr\"},{\"@type\":\"Person\",\"@id\":\"https:\\\/\\\/kibrisdakik.com\\\/#\\\/schema\\\/person\\\/9cd9d437bbb44f72b73ba127e06d8e79\",\"name\":\"admin\",\"image\":{\"@type\":\"ImageObject\",\"inLanguage\":\"tr\",\"@id\":\"https:\\\/\\\/secure.gravatar.com\\\/avatar\\\/ccc17943b9d660506c869530f897617f7cb1c21a4bf30023f252596d83e1f007?s=96&d=mm&r=g\",\"url\":\"https:\\\/\\\/secure.gravatar.com\\\/avatar\\\/ccc17943b9d660506c869530f897617f7cb1c21a4bf30023f252596d83e1f007?s=96&d=mm&r=g\",\"contentUrl\":\"https:\\\/\\\/secure.gravatar.com\\\/avatar\\\/ccc17943b9d660506c869530f897617f7cb1c21a4bf30023f252596d83e1f007?s=96&d=mm&r=g\",\"caption\":\"admin\"},\"sameAs\":[\"https:\\\/\\\/kibrisdakik.com\"],\"url\":\"https:\\\/\\\/kibrisdakik.com\\\/?author=1\"}]}<\/script>\n<!-- \/ Yoast SEO plugin. -->","yoast_head_json":{"title":"Ar\u0131kl\u0131: Cenevre\u2019de taraflar aras\u0131 i\u015f birli\u011fi konular\u0131 ele al\u0131n\u0131rsa iki taraf i\u00e7in de kazan\u0131m olur -","robots":{"index":"index","follow":"follow","max-snippet":"max-snippet:-1","max-image-preview":"max-image-preview:large","max-video-preview":"max-video-preview:-1"},"canonical":"https:\/\/kibrisdakik.com\/?p=77801","og_locale":"tr_TR","og_type":"article","og_title":"Ar\u0131kl\u0131: Cenevre\u2019de taraflar aras\u0131 i\u015f birli\u011fi konular\u0131 ele al\u0131n\u0131rsa iki taraf i\u00e7in de kazan\u0131m olur -","og_description":"Yeniden Do\u011fu\u015f Partisi (YDP) Genel Ba\u015fkan\u0131, Bay\u0131nd\u0131rl\u0131k ve Ula\u015ft\u0131rma Bakan\u0131 Erhan Ar\u0131kl\u0131, kal\u0131c\u0131 bir \u00e7\u00f6z\u00fcme ili\u015fkin taraflar\u0131n g\u00f6r\u00fc\u015f\u00fcn\u00fcn belli oldu\u011funu, Cenevre\u2019de ele al\u0131nmas\u0131 gerekenin su, elektrik gibi taraflar aras\u0131 i\u015f birli\u011fi konular\u0131 olmas\u0131 gerekti\u011fini kaydetti.\u0130ki taraf\u0131n da i\u015f birli\u011fine ihtiya\u00e7 duydu\u011fu konular oldu\u011funa i\u015faret eden Ar\u0131kl\u0131, bunun \u00f6n\u00fcnde herhangi bir siyasi engel olmad\u0131\u011f\u0131n\u0131 vurgulad\u0131. Ar\u0131kl\u0131,","og_url":"https:\/\/kibrisdakik.com\/?p=77801","article_published_time":"2025-03-14T12:01:29+00:00","og_image":[{"width":1600,"height":1068,"url":"https:\/\/kibrisdakik.com\/wp-content\/uploads\/2025\/03\/arikliiii-740x420.jpeg","type":"image\/jpeg"}],"author":"admin","twitter_card":"summary_large_image","twitter_misc":{"Yazan:":"admin","Tahmini okuma s\u00fcresi":"2 dakika"},"schema":{"@context":"https:\/\/schema.org","@graph":[{"@type":"Article","@id":"https:\/\/kibrisdakik.com\/?p=77801#article","isPartOf":{"@id":"https:\/\/kibrisdakik.com\/?p=77801"},"author":{"name":"admin","@id":"https:\/\/kibrisdakik.com\/#\/schema\/person\/9cd9d437bbb44f72b73ba127e06d8e79"},"headline":"Ar\u0131kl\u0131: Cenevre\u2019de taraflar aras\u0131 i\u015f birli\u011fi konular\u0131 ele al\u0131n\u0131rsa iki taraf i\u00e7in de kazan\u0131m olur","datePublished":"2025-03-14T12:01:29+00:00","mainEntityOfPage":{"@id":"https:\/\/kibrisdakik.com\/?p=77801"},"wordCount":461,"commentCount":0,"image":{"@id":"https:\/\/kibrisdakik.com\/?p=77801#primaryimage"},"thumbnailUrl":"https:\/\/kibrisdakik.com\/wp-content\/uploads\/2025\/03\/arikliiii-740x420.jpeg","articleSection":["K\u0131br\u0131s","Man\u015fet"],"inLanguage":"tr","potentialAction":[{"@type":"CommentAction","name":"Comment","target":["https:\/\/kibrisdakik.com\/?p=77801#respond"]}]},{"@type":"WebPage","@id":"https:\/\/kibrisdakik.com\/?p=77801","url":"https:\/\/kibrisdakik.com\/?p=77801","name":"Ar\u0131kl\u0131: Cenevre\u2019de taraflar aras\u0131 i\u015f birli\u011fi konular\u0131 ele al\u0131n\u0131rsa iki taraf i\u00e7in de kazan\u0131m olur -","isPartOf":{"@id":"https:\/\/kibrisdakik.com\/#website"},"primaryImageOfPage":{"@id":"https:\/\/kibrisdakik.com\/?p=77801#primaryimage"},"image":{"@id":"https:\/\/kibrisdakik.com\/?p=77801#primaryimage"},"thumbnailUrl":"https:\/\/kibrisdakik.com\/wp-content\/uploads\/2025\/03\/arikliiii-740x420.jpeg","datePublished":"2025-03-14T12:01:29+00:00","author":{"@id":"https:\/\/kibrisdakik.com\/#\/schema\/person\/9cd9d437bbb44f72b73ba127e06d8e79"},"breadcrumb":{"@id":"https:\/\/kibrisdakik.com\/?p=77801#breadcrumb"},"inLanguage":"tr","potentialAction":[{"@type":"ReadAction","target":["https:\/\/kibrisdakik.com\/?p=77801"]}]},{"@type":"ImageObject","inLanguage":"tr","@id":"https:\/\/kibrisdakik.com\/?p=77801#primaryimage","url":"https:\/\/kibrisdakik.com\/wp-content\/uploads\/2025\/03\/arikliiii-740x420.jpeg","contentUrl":"https:\/\/kibrisdakik.com\/wp-content\/uploads\/2025\/03\/arikliiii-740x420.jpeg","width":1600,"height":1068},{"@type":"BreadcrumbList","@id":"https:\/\/kibrisdakik.com\/?p=77801#breadcrumb","itemListElement":[{"@type":"ListItem","position":1,"name":"Home","item":"https:\/\/kibrisdakik.com\/"},{"@type":"ListItem","position":2,"name":"Ar\u0131kl\u0131: Cenevre\u2019de taraflar aras\u0131 i\u015f birli\u011fi konular\u0131 ele al\u0131n\u0131rsa iki taraf i\u00e7in de kazan\u0131m olur"}]},{"@type":"WebSite","@id":"https:\/\/kibrisdakik.com\/#website","url":"https:\/\/kibrisdakik.com\/","name":"","description":"Tam vaktinde haber","potentialAction":[{"@type":"SearchAction","target":{"@type":"EntryPoint","urlTemplate":"https:\/\/kibrisdakik.com\/?s={search_term_string}"},"query-input":{"@type":"PropertyValueSpecification","valueRequired":true,"valueName":"search_term_string"}}],"inLanguage":"tr"},{"@type":"Person","@id":"https:\/\/kibrisdakik.com\/#\/schema\/person\/9cd9d437bbb44f72b73ba127e06d8e79","name":"admin","image":{"@type":"ImageObject","inLanguage":"tr","@id":"https:\/\/secure.gravatar.com\/avatar\/ccc17943b9d660506c869530f897617f7cb1c21a4bf30023f252596d83e1f007?s=96&d=mm&r=g","url":"https:\/\/secure.gravatar.com\/avatar\/ccc17943b9d660506c869530f897617f7cb1c21a4bf30023f252596d83e1f007?s=96&d=mm&r=g","contentUrl":"https:\/\/secure.gravatar.com\/avatar\/ccc17943b9d660506c869530f897617f7cb1c21a4bf30023f252596d83e1f007?s=96&d=mm&r=g","caption":"admin"},"sameAs":["https:\/\/kibrisdakik.com"],"url":"https:\/\/kibrisdakik.com\/?author=1"}]}},"_links":{"self":[{"href":"https:\/\/kibrisdakik.com\/index.php?rest_route=\/wp\/v2\/posts\/77801","targetHints":{"allow":["GET"]}}],"collection":[{"href":"https:\/\/kibrisdakik.com\/index.php?rest_route=\/wp\/v2\/posts"}],"about":[{"href":"https:\/\/kibrisdakik.com\/index.php?rest_route=\/wp\/v2\/types\/post"}],"author":[{"embeddable":true,"href":"https:\/\/kibrisdakik.com\/index.php?rest_route=\/wp\/v2\/users\/1"}],"replies":[{"embeddable":true,"href":"https:\/\/kibrisdakik.com\/index.php?rest_route=%2Fwp%2Fv2%2Fcomments&post=77801"}],"version-history":[{"count":0,"href":"https:\/\/kibrisdakik.com\/index.php?rest_route=\/wp\/v2\/posts\/77801\/revisions"}],"wp:featuredmedia":[{"embeddable":true,"href":"https:\/\/kibrisdakik.com\/index.php?rest_route=\/wp\/v2\/media\/77802"}],"wp:attachment":[{"href":"https:\/\/kibrisdakik.com\/index.php?rest_route=%2Fwp%2Fv2%2Fmedia&parent=77801"}],"wp:term":[{"taxonomy":"category","embeddable":true,"href":"https:\/\/kibrisdakik.com\/index.php?rest_route=%2Fwp%2Fv2%2Fcategories&post=77801"},{"taxonomy":"post_tag","embeddable":true,"href":"https:\/\/kibrisdakik.com\/index.php?rest_route=%2Fwp%2Fv2%2Ftags&post=77801"}],"curies":[{"name":"wp","href":"https:\/\/api.w.org\/{rel}","templated":true}]}}