{"id":77814,"date":"2025-03-14T15:27:00","date_gmt":"2025-03-14T12:27:00","guid":{"rendered":"https:\/\/kibrisdakik.com\/index.php\/2025\/03\/14\/erhurmanbir-diyalogun-kurulmasi-bile-son-derece-onemli\/"},"modified":"2025-03-14T15:27:00","modified_gmt":"2025-03-14T12:27:00","slug":"erhurmanbir-diyalogun-kurulmasi-bile-son-derece-onemli","status":"publish","type":"post","link":"https:\/\/kibrisdakik.com\/?p=77814","title":{"rendered":"Erh\u00fcrman:Bir diyalo\u011fun kurulmas\u0131 bile son derece \u00f6nemli"},"content":{"rendered":"<div>\n<div class=\"mariselle-image-container center\">\n                                            <\/div>\n<p> Cumhuriyet\u00e7i T\u00fcrk Partisi (CTP) Genel Ba\u015fkan\u0131 Tufan Erh\u00fcrman, Cenevre\u2019ye m\u00fczakere s\u00fcreci ba\u015flamas\u0131 gibi b\u00fcy\u00fck beklentiyle gitmediklerini ancak bu d\u00fczeyde bir diyalo\u011fun ba\u015flamas\u0131n\u0131n bile tek ba\u015f\u0131na \u00f6nemli bir ad\u0131m oldu\u011funu vurgulad\u0131. <\/p>\n<p>D\u00fcnya g\u00fcndeminin karma\u015f\u0131k oldu\u011fu bir d\u00f6nemde BM Genel Sekreteri ve garant\u00f6r \u00fclkelerin de bu toplant\u0131ya kat\u0131l\u0131yor olduklar\u0131na i\u015faret eden Erh\u00fcrman, \u201cK\u0131br\u0131s\u2019ta bir \u00e7\u00f6z\u00fcm s\u00fcreci, bir bar\u0131\u015f s\u00fcreci, bir kal\u0131c\u0131 istikrar s\u00fcreci bu b\u00f6lgenin tamam\u0131nda kal\u0131c\u0131 bar\u0131\u015f ve kal\u0131c\u0131 istikrar i\u00e7in son derece \u00f6nemli.\u201d dedi.<\/p>\n<p>Erh\u00fcrman, Cumhurba\u015fkan\u0131 Ersin Tatar\u2019\u0131n Cenevre toplant\u0131s\u0131na ili\u015fkin Cumhuriyet Meclisi\u2019nde temsil edilen siyasi partilerle g\u00f6r\u00fc\u015fmesinin tamamlanmas\u0131n\u0131n ard\u0131ndan Cumhurba\u015fkanl\u0131\u011f\u0131 \u00f6n\u00fcnde yapt\u0131\u011f\u0131 a\u00e7\u0131klamada, Cenevre\u2019ye b\u00fcy\u00fck beklentilerle gitmiyor olduklar\u0131n\u0131 yineledi.<\/p>\n<p>\u201cResmi m\u00fczakere s\u00fcreci ba\u015flamas\u0131 gibi bir karar\u0131n \u00e7\u0131kmas\u0131 m\u00fcmk\u00fcn g\u00f6r\u00fcnm\u00fcyor. Elbette arzumuz \u00f6yle bir karar olurdu.\u201d diyen Erh\u00fcrman, i\u00e7inden ge\u00e7ilmekte olan karma\u015f\u0131k bir d\u00f6nemde Birle\u015fmi\u015f Milletler Genel Sekreteri Antonio Guterres ve \u00fc\u00e7 garant\u00f6r \u00fclkenin yer alaca\u011f\u0131 bir toplant\u0131n\u0131n \u201c\u00f6nemsiz\u201d olaca\u011f\u0131n\u0131 s\u00f6ylemenin ise do\u011fru olmad\u0131\u011f\u0131n\u0131 kaydetti. <\/p>\n<p><em>\u2013 \u201cToplant\u0131 ge\u00e7mi\u015fe gelecek aras\u0131nda bir k\u00f6pr\u00fc niteli\u011finde olacak\u201d<\/em><\/p>\n<p>Diyalo\u011fun her \u015fekilde iyi oldu\u011funa inand\u0131klar\u0131n\u0131 belirten Erh\u00fcrman, toplant\u0131da yeniden diyalog kurulacak olmas\u0131n\u0131n da ba\u015fl\u0131 ba\u015f\u0131na \u00f6nem arz etti\u011fini s\u00f6yledi.<\/p>\n<p>Erh\u00fcrman, toplant\u0131n\u0131n bir t\u00fcr ge\u00e7mi\u015fle gelecek aras\u0131nda k\u00f6pr\u00fc niteli\u011fi ta\u015f\u0131yaca\u011f\u0131n\u0131 dile getirerek, toplant\u0131ya kat\u0131lacak heyetlere bak\u0131ld\u0131\u011f\u0131nda ise taraflar\u0131n bu toplant\u0131ya \u00f6nem verdi\u011finin ve diyalo\u011fun tamamen kopmas\u0131 gibi bir arzunun olmad\u0131\u011f\u0131n\u0131n g\u00f6r\u00fcld\u00fc\u011f\u00fcn\u00fc kaydetti.<\/p>\n<p>\u201cK\u0131br\u0131s\u2019ta bir \u00e7\u00f6z\u00fcm, bar\u0131\u015f ve kal\u0131c\u0131 istikrar s\u00fcreci, bu b\u00f6lgenin tamam\u0131nda kal\u0131c\u0131 bar\u0131\u015f ve istikrar i\u00e7in son derece \u00f6nemli. Taraflar bunun fark\u0131nda.\u201d diye konu\u015fan Erh\u00fcrman, diyalog s\u00fcrecinin devam\u0131 veya ge\u00e7i\u015f noktalar\u0131 gibi g\u00fcven art\u0131r\u0131c\u0131 \u00f6nlemleri konu\u015fman\u0131n \u00f6nemli bir sonu\u00e7 olarak de\u011ferlendirilebilece\u011fini belirtti.<\/p>\n<\/p><\/div>\n<p><script async\n                    defer\n                    crossorigin=\"anonymous\"\n                    src=\"https:\/\/connect.facebook.net\/tr_TR\/sdk.js#xfbml=1&#038;version=v3.3\"\n            ><\/script><\/p>\n","protected":false},"excerpt":{"rendered":"<p>Cumhuriyet\u00e7i T\u00fcrk Partisi (CTP) Genel Ba\u015fkan\u0131 Tufan Erh\u00fcrman, Cenevre\u2019ye m\u00fczakere s\u00fcreci ba\u015flamas\u0131 gibi b\u00fcy\u00fck beklentiyle gitmediklerini ancak bu d\u00fczeyde bir diyalo\u011fun ba\u015flamas\u0131n\u0131n bile tek ba\u015f\u0131na \u00f6nemli bir ad\u0131m oldu\u011funu vurgulad\u0131. D\u00fcnya g\u00fcndeminin karma\u015f\u0131k oldu\u011fu bir d\u00f6nemde BM Genel Sekreteri ve garant\u00f6r \u00fclkelerin de bu toplant\u0131ya kat\u0131l\u0131yor olduklar\u0131na i\u015faret eden Erh\u00fcrman, \u201cK\u0131br\u0131s\u2019ta bir \u00e7\u00f6z\u00fcm s\u00fcreci, bir<\/p>\n","protected":false},"author":1,"featured_media":77815,"comment_status":"open","ping_status":"open","sticky":false,"template":"","format":"standard","meta":{"footnotes":""},"categories":[81,101],"tags":[],"class_list":["post-77814","post","type-post","status-publish","format-standard","has-post-thumbnail","hentry","category-kibris","category-manset"],"yoast_head":"<!-- This site is optimized with the Yoast SEO plugin v27.4 - https:\/\/yoast.com\/product\/yoast-seo-wordpress\/ -->\n<title>Erh\u00fcrman:Bir diyalo\u011fun kurulmas\u0131 bile son derece \u00f6nemli -<\/title>\n<meta name=\"robots\" content=\"index, follow, max-snippet:-1, max-image-preview:large, max-video-preview:-1\" \/>\n<link rel=\"canonical\" href=\"https:\/\/kibrisdakik.com\/?p=77814\" \/>\n<meta property=\"og:locale\" content=\"tr_TR\" \/>\n<meta property=\"og:type\" content=\"article\" \/>\n<meta property=\"og:title\" content=\"Erh\u00fcrman:Bir diyalo\u011fun kurulmas\u0131 bile son derece \u00f6nemli -\" \/>\n<meta property=\"og:description\" content=\"Cumhuriyet\u00e7i T\u00fcrk Partisi (CTP) Genel Ba\u015fkan\u0131 Tufan Erh\u00fcrman, Cenevre\u2019ye m\u00fczakere s\u00fcreci ba\u015flamas\u0131 gibi b\u00fcy\u00fck beklentiyle gitmediklerini ancak bu d\u00fczeyde bir diyalo\u011fun ba\u015flamas\u0131n\u0131n bile tek ba\u015f\u0131na \u00f6nemli bir ad\u0131m oldu\u011funu vurgulad\u0131. D\u00fcnya g\u00fcndeminin karma\u015f\u0131k oldu\u011fu bir d\u00f6nemde BM Genel Sekreteri ve garant\u00f6r \u00fclkelerin de bu toplant\u0131ya kat\u0131l\u0131yor olduklar\u0131na i\u015faret eden Erh\u00fcrman, \u201cK\u0131br\u0131s\u2019ta bir \u00e7\u00f6z\u00fcm s\u00fcreci, bir\" \/>\n<meta property=\"og:url\" content=\"https:\/\/kibrisdakik.com\/?p=77814\" \/>\n<meta property=\"article:published_time\" content=\"2025-03-14T12:27:00+00:00\" \/>\n<meta property=\"og:image\" content=\"https:\/\/kibrisdakik.com\/wp-content\/uploads\/2025\/03\/tufan-2222-740x420.jpeg\" \/>\n\t<meta property=\"og:image:width\" content=\"1600\" \/>\n\t<meta property=\"og:image:height\" content=\"1068\" \/>\n\t<meta property=\"og:image:type\" content=\"image\/jpeg\" \/>\n<meta name=\"author\" content=\"admin\" \/>\n<meta name=\"twitter:card\" content=\"summary_large_image\" \/>\n<meta name=\"twitter:label1\" content=\"Yazan:\" \/>\n\t<meta name=\"twitter:data1\" content=\"admin\" \/>\n\t<meta name=\"twitter:label2\" content=\"Tahmini okuma s\u00fcresi\" \/>\n\t<meta name=\"twitter:data2\" content=\"2 dakika\" \/>\n<script type=\"application\/ld+json\" class=\"yoast-schema-graph\">{\"@context\":\"https:\\\/\\\/schema.org\",\"@graph\":[{\"@type\":\"Article\",\"@id\":\"https:\\\/\\\/kibrisdakik.com\\\/?p=77814#article\",\"isPartOf\":{\"@id\":\"https:\\\/\\\/kibrisdakik.com\\\/?p=77814\"},\"author\":{\"name\":\"admin\",\"@id\":\"https:\\\/\\\/kibrisdakik.com\\\/#\\\/schema\\\/person\\\/9cd9d437bbb44f72b73ba127e06d8e79\"},\"headline\":\"Erh\u00fcrman:Bir diyalo\u011fun kurulmas\u0131 bile son derece \u00f6nemli\",\"datePublished\":\"2025-03-14T12:27:00+00:00\",\"mainEntityOfPage\":{\"@id\":\"https:\\\/\\\/kibrisdakik.com\\\/?p=77814\"},\"wordCount\":403,\"commentCount\":0,\"image\":{\"@id\":\"https:\\\/\\\/kibrisdakik.com\\\/?p=77814#primaryimage\"},\"thumbnailUrl\":\"https:\\\/\\\/kibrisdakik.com\\\/wp-content\\\/uploads\\\/2025\\\/03\\\/tufan-2222-740x420.jpeg\",\"articleSection\":[\"K\u0131br\u0131s\",\"Man\u015fet\"],\"inLanguage\":\"tr\",\"potentialAction\":[{\"@type\":\"CommentAction\",\"name\":\"Comment\",\"target\":[\"https:\\\/\\\/kibrisdakik.com\\\/?p=77814#respond\"]}]},{\"@type\":\"WebPage\",\"@id\":\"https:\\\/\\\/kibrisdakik.com\\\/?p=77814\",\"url\":\"https:\\\/\\\/kibrisdakik.com\\\/?p=77814\",\"name\":\"Erh\u00fcrman:Bir diyalo\u011fun kurulmas\u0131 bile son derece \u00f6nemli -\",\"isPartOf\":{\"@id\":\"https:\\\/\\\/kibrisdakik.com\\\/#website\"},\"primaryImageOfPage\":{\"@id\":\"https:\\\/\\\/kibrisdakik.com\\\/?p=77814#primaryimage\"},\"image\":{\"@id\":\"https:\\\/\\\/kibrisdakik.com\\\/?p=77814#primaryimage\"},\"thumbnailUrl\":\"https:\\\/\\\/kibrisdakik.com\\\/wp-content\\\/uploads\\\/2025\\\/03\\\/tufan-2222-740x420.jpeg\",\"datePublished\":\"2025-03-14T12:27:00+00:00\",\"author\":{\"@id\":\"https:\\\/\\\/kibrisdakik.com\\\/#\\\/schema\\\/person\\\/9cd9d437bbb44f72b73ba127e06d8e79\"},\"breadcrumb\":{\"@id\":\"https:\\\/\\\/kibrisdakik.com\\\/?p=77814#breadcrumb\"},\"inLanguage\":\"tr\",\"potentialAction\":[{\"@type\":\"ReadAction\",\"target\":[\"https:\\\/\\\/kibrisdakik.com\\\/?p=77814\"]}]},{\"@type\":\"ImageObject\",\"inLanguage\":\"tr\",\"@id\":\"https:\\\/\\\/kibrisdakik.com\\\/?p=77814#primaryimage\",\"url\":\"https:\\\/\\\/kibrisdakik.com\\\/wp-content\\\/uploads\\\/2025\\\/03\\\/tufan-2222-740x420.jpeg\",\"contentUrl\":\"https:\\\/\\\/kibrisdakik.com\\\/wp-content\\\/uploads\\\/2025\\\/03\\\/tufan-2222-740x420.jpeg\",\"width\":1600,\"height\":1068},{\"@type\":\"BreadcrumbList\",\"@id\":\"https:\\\/\\\/kibrisdakik.com\\\/?p=77814#breadcrumb\",\"itemListElement\":[{\"@type\":\"ListItem\",\"position\":1,\"name\":\"Home\",\"item\":\"https:\\\/\\\/kibrisdakik.com\\\/\"},{\"@type\":\"ListItem\",\"position\":2,\"name\":\"Erh\u00fcrman:Bir diyalo\u011fun kurulmas\u0131 bile son derece \u00f6nemli\"}]},{\"@type\":\"WebSite\",\"@id\":\"https:\\\/\\\/kibrisdakik.com\\\/#website\",\"url\":\"https:\\\/\\\/kibrisdakik.com\\\/\",\"name\":\"\",\"description\":\"Tam vaktinde haber\",\"potentialAction\":[{\"@type\":\"SearchAction\",\"target\":{\"@type\":\"EntryPoint\",\"urlTemplate\":\"https:\\\/\\\/kibrisdakik.com\\\/?s={search_term_string}\"},\"query-input\":{\"@type\":\"PropertyValueSpecification\",\"valueRequired\":true,\"valueName\":\"search_term_string\"}}],\"inLanguage\":\"tr\"},{\"@type\":\"Person\",\"@id\":\"https:\\\/\\\/kibrisdakik.com\\\/#\\\/schema\\\/person\\\/9cd9d437bbb44f72b73ba127e06d8e79\",\"name\":\"admin\",\"image\":{\"@type\":\"ImageObject\",\"inLanguage\":\"tr\",\"@id\":\"https:\\\/\\\/secure.gravatar.com\\\/avatar\\\/ccc17943b9d660506c869530f897617f7cb1c21a4bf30023f252596d83e1f007?s=96&d=mm&r=g\",\"url\":\"https:\\\/\\\/secure.gravatar.com\\\/avatar\\\/ccc17943b9d660506c869530f897617f7cb1c21a4bf30023f252596d83e1f007?s=96&d=mm&r=g\",\"contentUrl\":\"https:\\\/\\\/secure.gravatar.com\\\/avatar\\\/ccc17943b9d660506c869530f897617f7cb1c21a4bf30023f252596d83e1f007?s=96&d=mm&r=g\",\"caption\":\"admin\"},\"sameAs\":[\"https:\\\/\\\/kibrisdakik.com\"],\"url\":\"https:\\\/\\\/kibrisdakik.com\\\/?author=1\"}]}<\/script>\n<!-- \/ Yoast SEO plugin. -->","yoast_head_json":{"title":"Erh\u00fcrman:Bir diyalo\u011fun kurulmas\u0131 bile son derece \u00f6nemli -","robots":{"index":"index","follow":"follow","max-snippet":"max-snippet:-1","max-image-preview":"max-image-preview:large","max-video-preview":"max-video-preview:-1"},"canonical":"https:\/\/kibrisdakik.com\/?p=77814","og_locale":"tr_TR","og_type":"article","og_title":"Erh\u00fcrman:Bir diyalo\u011fun kurulmas\u0131 bile son derece \u00f6nemli -","og_description":"Cumhuriyet\u00e7i T\u00fcrk Partisi (CTP) Genel Ba\u015fkan\u0131 Tufan Erh\u00fcrman, Cenevre\u2019ye m\u00fczakere s\u00fcreci ba\u015flamas\u0131 gibi b\u00fcy\u00fck beklentiyle gitmediklerini ancak bu d\u00fczeyde bir diyalo\u011fun ba\u015flamas\u0131n\u0131n bile tek ba\u015f\u0131na \u00f6nemli bir ad\u0131m oldu\u011funu vurgulad\u0131. D\u00fcnya g\u00fcndeminin karma\u015f\u0131k oldu\u011fu bir d\u00f6nemde BM Genel Sekreteri ve garant\u00f6r \u00fclkelerin de bu toplant\u0131ya kat\u0131l\u0131yor olduklar\u0131na i\u015faret eden Erh\u00fcrman, \u201cK\u0131br\u0131s\u2019ta bir \u00e7\u00f6z\u00fcm s\u00fcreci, bir","og_url":"https:\/\/kibrisdakik.com\/?p=77814","article_published_time":"2025-03-14T12:27:00+00:00","og_image":[{"width":1600,"height":1068,"url":"https:\/\/kibrisdakik.com\/wp-content\/uploads\/2025\/03\/tufan-2222-740x420.jpeg","type":"image\/jpeg"}],"author":"admin","twitter_card":"summary_large_image","twitter_misc":{"Yazan:":"admin","Tahmini okuma s\u00fcresi":"2 dakika"},"schema":{"@context":"https:\/\/schema.org","@graph":[{"@type":"Article","@id":"https:\/\/kibrisdakik.com\/?p=77814#article","isPartOf":{"@id":"https:\/\/kibrisdakik.com\/?p=77814"},"author":{"name":"admin","@id":"https:\/\/kibrisdakik.com\/#\/schema\/person\/9cd9d437bbb44f72b73ba127e06d8e79"},"headline":"Erh\u00fcrman:Bir diyalo\u011fun kurulmas\u0131 bile son derece \u00f6nemli","datePublished":"2025-03-14T12:27:00+00:00","mainEntityOfPage":{"@id":"https:\/\/kibrisdakik.com\/?p=77814"},"wordCount":403,"commentCount":0,"image":{"@id":"https:\/\/kibrisdakik.com\/?p=77814#primaryimage"},"thumbnailUrl":"https:\/\/kibrisdakik.com\/wp-content\/uploads\/2025\/03\/tufan-2222-740x420.jpeg","articleSection":["K\u0131br\u0131s","Man\u015fet"],"inLanguage":"tr","potentialAction":[{"@type":"CommentAction","name":"Comment","target":["https:\/\/kibrisdakik.com\/?p=77814#respond"]}]},{"@type":"WebPage","@id":"https:\/\/kibrisdakik.com\/?p=77814","url":"https:\/\/kibrisdakik.com\/?p=77814","name":"Erh\u00fcrman:Bir diyalo\u011fun kurulmas\u0131 bile son derece \u00f6nemli -","isPartOf":{"@id":"https:\/\/kibrisdakik.com\/#website"},"primaryImageOfPage":{"@id":"https:\/\/kibrisdakik.com\/?p=77814#primaryimage"},"image":{"@id":"https:\/\/kibrisdakik.com\/?p=77814#primaryimage"},"thumbnailUrl":"https:\/\/kibrisdakik.com\/wp-content\/uploads\/2025\/03\/tufan-2222-740x420.jpeg","datePublished":"2025-03-14T12:27:00+00:00","author":{"@id":"https:\/\/kibrisdakik.com\/#\/schema\/person\/9cd9d437bbb44f72b73ba127e06d8e79"},"breadcrumb":{"@id":"https:\/\/kibrisdakik.com\/?p=77814#breadcrumb"},"inLanguage":"tr","potentialAction":[{"@type":"ReadAction","target":["https:\/\/kibrisdakik.com\/?p=77814"]}]},{"@type":"ImageObject","inLanguage":"tr","@id":"https:\/\/kibrisdakik.com\/?p=77814#primaryimage","url":"https:\/\/kibrisdakik.com\/wp-content\/uploads\/2025\/03\/tufan-2222-740x420.jpeg","contentUrl":"https:\/\/kibrisdakik.com\/wp-content\/uploads\/2025\/03\/tufan-2222-740x420.jpeg","width":1600,"height":1068},{"@type":"BreadcrumbList","@id":"https:\/\/kibrisdakik.com\/?p=77814#breadcrumb","itemListElement":[{"@type":"ListItem","position":1,"name":"Home","item":"https:\/\/kibrisdakik.com\/"},{"@type":"ListItem","position":2,"name":"Erh\u00fcrman:Bir diyalo\u011fun kurulmas\u0131 bile son derece \u00f6nemli"}]},{"@type":"WebSite","@id":"https:\/\/kibrisdakik.com\/#website","url":"https:\/\/kibrisdakik.com\/","name":"","description":"Tam vaktinde haber","potentialAction":[{"@type":"SearchAction","target":{"@type":"EntryPoint","urlTemplate":"https:\/\/kibrisdakik.com\/?s={search_term_string}"},"query-input":{"@type":"PropertyValueSpecification","valueRequired":true,"valueName":"search_term_string"}}],"inLanguage":"tr"},{"@type":"Person","@id":"https:\/\/kibrisdakik.com\/#\/schema\/person\/9cd9d437bbb44f72b73ba127e06d8e79","name":"admin","image":{"@type":"ImageObject","inLanguage":"tr","@id":"https:\/\/secure.gravatar.com\/avatar\/ccc17943b9d660506c869530f897617f7cb1c21a4bf30023f252596d83e1f007?s=96&d=mm&r=g","url":"https:\/\/secure.gravatar.com\/avatar\/ccc17943b9d660506c869530f897617f7cb1c21a4bf30023f252596d83e1f007?s=96&d=mm&r=g","contentUrl":"https:\/\/secure.gravatar.com\/avatar\/ccc17943b9d660506c869530f897617f7cb1c21a4bf30023f252596d83e1f007?s=96&d=mm&r=g","caption":"admin"},"sameAs":["https:\/\/kibrisdakik.com"],"url":"https:\/\/kibrisdakik.com\/?author=1"}]}},"_links":{"self":[{"href":"https:\/\/kibrisdakik.com\/index.php?rest_route=\/wp\/v2\/posts\/77814","targetHints":{"allow":["GET"]}}],"collection":[{"href":"https:\/\/kibrisdakik.com\/index.php?rest_route=\/wp\/v2\/posts"}],"about":[{"href":"https:\/\/kibrisdakik.com\/index.php?rest_route=\/wp\/v2\/types\/post"}],"author":[{"embeddable":true,"href":"https:\/\/kibrisdakik.com\/index.php?rest_route=\/wp\/v2\/users\/1"}],"replies":[{"embeddable":true,"href":"https:\/\/kibrisdakik.com\/index.php?rest_route=%2Fwp%2Fv2%2Fcomments&post=77814"}],"version-history":[{"count":0,"href":"https:\/\/kibrisdakik.com\/index.php?rest_route=\/wp\/v2\/posts\/77814\/revisions"}],"wp:featuredmedia":[{"embeddable":true,"href":"https:\/\/kibrisdakik.com\/index.php?rest_route=\/wp\/v2\/media\/77815"}],"wp:attachment":[{"href":"https:\/\/kibrisdakik.com\/index.php?rest_route=%2Fwp%2Fv2%2Fmedia&parent=77814"}],"wp:term":[{"taxonomy":"category","embeddable":true,"href":"https:\/\/kibrisdakik.com\/index.php?rest_route=%2Fwp%2Fv2%2Fcategories&post=77814"},{"taxonomy":"post_tag","embeddable":true,"href":"https:\/\/kibrisdakik.com\/index.php?rest_route=%2Fwp%2Fv2%2Ftags&post=77814"}],"curies":[{"name":"wp","href":"https:\/\/api.w.org\/{rel}","templated":true}]}}