{"id":77823,"date":"2025-03-14T16:07:57","date_gmt":"2025-03-14T13:07:57","guid":{"rendered":"https:\/\/kibrisdakik.com\/index.php\/2025\/03\/14\/lefkosa-kaymakamligindan-beykoy-ve-mevlevi-atis-alani-bolgesindeki-patlamamis-muhimmatlarla-ilgili-uyari\/"},"modified":"2025-03-14T16:07:57","modified_gmt":"2025-03-14T13:07:57","slug":"lefkosa-kaymakamligindan-beykoy-ve-mevlevi-atis-alani-bolgesindeki-patlamamis-muhimmatlarla-ilgili-uyari","status":"publish","type":"post","link":"https:\/\/kibrisdakik.com\/?p=77823","title":{"rendered":"Lefko\u015fa Kaymakaml\u0131\u011f\u0131\u2019ndan Beyk\u00f6y ve Mevlevi at\u0131\u015f alan\u0131 b\u00f6lgesindeki patlamam\u0131\u015f m\u00fchimmatlarla ilgili uyar\u0131\u2026"},"content":{"rendered":"<div>\n<div class=\"mariselle-image-container center\">\n                                            <\/div>\n<p> Beyk\u00f6y a\u011f\u0131r silah at\u0131\u015f alanlar\u0131nda top\u00e7u silahlar\u0131 ile yap\u0131lan at\u0131\u015flar sonucu, b\u00f6lgede b\u00fct\u00fcn aramalara ra\u011fmen yerleri tespit edilemeyen patlamam\u0131\u015f mermiler bulundu\u011fu bildirildi.<\/p>\n<p>Lefko\u015fa Kaymakaml\u0131\u011f\u0131\u2019ndan verilen bilgiye g\u00f6re, vatanda\u015f\u0131n can ve mal g\u00fcvenli\u011fini tehdit edecek bu mermilerin imha edilebilmesi i\u00e7in g\u00f6r\u00fcld\u00fc\u011f\u00fc veya bulundu\u011fu yerin en k\u0131sa zamanda KKTM Komutanl\u0131\u011f\u0131\u2019na iletilmesi gerekti\u011fi bildirildi.<\/p>\n<p>Yap\u0131lan a\u00e7\u0131klamada Beyk\u00f6y ve Mevlevi a\u011f\u0131r silah at\u0131\u015f alanlar\u0131 civar\u0131na vatanda\u015flar\u0131n herhangi bir sebepten dolay\u0131 girmemesi, patlamam\u0131\u015f m\u00fchimmat g\u00f6r\u00fclmesi halinde salim bir mesafeden foto\u011fraflanarak yer tarifi yap\u0131labilecek \u015fekilde polis ve askeri yetkililere bildirilmesi istendi.<\/p>\n<\/p><\/div>\n<p><script async\n                    defer\n                    crossorigin=\"anonymous\"\n                    src=\"https:\/\/connect.facebook.net\/tr_TR\/sdk.js#xfbml=1&#038;version=v3.3\"\n            ><\/script><\/p>\n","protected":false},"excerpt":{"rendered":"<p>Beyk\u00f6y a\u011f\u0131r silah at\u0131\u015f alanlar\u0131nda top\u00e7u silahlar\u0131 ile yap\u0131lan at\u0131\u015flar sonucu, b\u00f6lgede b\u00fct\u00fcn aramalara ra\u011fmen yerleri tespit edilemeyen patlamam\u0131\u015f mermiler bulundu\u011fu bildirildi. Lefko\u015fa Kaymakaml\u0131\u011f\u0131\u2019ndan verilen bilgiye g\u00f6re, vatanda\u015f\u0131n can ve mal g\u00fcvenli\u011fini tehdit edecek bu mermilerin imha edilebilmesi i\u00e7in g\u00f6r\u00fcld\u00fc\u011f\u00fc veya bulundu\u011fu yerin en k\u0131sa zamanda KKTM Komutanl\u0131\u011f\u0131\u2019na iletilmesi gerekti\u011fi bildirildi. Yap\u0131lan a\u00e7\u0131klamada Beyk\u00f6y ve<\/p>\n","protected":false},"author":1,"featured_media":45764,"comment_status":"open","ping_status":"open","sticky":false,"template":"","format":"standard","meta":{"footnotes":""},"categories":[81,101],"tags":[],"class_list":["post-77823","post","type-post","status-publish","format-standard","has-post-thumbnail","hentry","category-kibris","category-manset"],"yoast_head":"<!-- This site is optimized with the Yoast SEO plugin v27.4 - https:\/\/yoast.com\/product\/yoast-seo-wordpress\/ -->\n<title>Lefko\u015fa Kaymakaml\u0131\u011f\u0131\u2019ndan Beyk\u00f6y ve Mevlevi at\u0131\u015f alan\u0131 b\u00f6lgesindeki patlamam\u0131\u015f m\u00fchimmatlarla ilgili uyar\u0131\u2026 -<\/title>\n<meta name=\"robots\" content=\"index, follow, max-snippet:-1, max-image-preview:large, max-video-preview:-1\" \/>\n<link rel=\"canonical\" href=\"https:\/\/kibrisdakik.com\/?p=77823\" \/>\n<meta property=\"og:locale\" content=\"tr_TR\" \/>\n<meta property=\"og:type\" content=\"article\" \/>\n<meta property=\"og:title\" content=\"Lefko\u015fa Kaymakaml\u0131\u011f\u0131\u2019ndan Beyk\u00f6y ve Mevlevi at\u0131\u015f alan\u0131 b\u00f6lgesindeki patlamam\u0131\u015f m\u00fchimmatlarla ilgili uyar\u0131\u2026 -\" \/>\n<meta property=\"og:description\" content=\"Beyk\u00f6y a\u011f\u0131r silah at\u0131\u015f alanlar\u0131nda top\u00e7u silahlar\u0131 ile yap\u0131lan at\u0131\u015flar sonucu, b\u00f6lgede b\u00fct\u00fcn aramalara ra\u011fmen yerleri tespit edilemeyen patlamam\u0131\u015f mermiler bulundu\u011fu bildirildi. Lefko\u015fa Kaymakaml\u0131\u011f\u0131\u2019ndan verilen bilgiye g\u00f6re, vatanda\u015f\u0131n can ve mal g\u00fcvenli\u011fini tehdit edecek bu mermilerin imha edilebilmesi i\u00e7in g\u00f6r\u00fcld\u00fc\u011f\u00fc veya bulundu\u011fu yerin en k\u0131sa zamanda KKTM Komutanl\u0131\u011f\u0131\u2019na iletilmesi gerekti\u011fi bildirildi. Yap\u0131lan a\u00e7\u0131klamada Beyk\u00f6y ve\" \/>\n<meta property=\"og:url\" content=\"https:\/\/kibrisdakik.com\/?p=77823\" \/>\n<meta property=\"article:published_time\" content=\"2025-03-14T13:07:57+00:00\" \/>\n<meta property=\"og:image\" content=\"https:\/\/kibrisdakik.com\/wp-content\/uploads\/2024\/06\/devlet-logosu-3-740x400.jpg\" \/>\n\t<meta property=\"og:image:width\" content=\"930\" \/>\n\t<meta property=\"og:image:height\" content=\"400\" \/>\n\t<meta property=\"og:image:type\" content=\"image\/jpeg\" \/>\n<meta name=\"author\" content=\"admin\" \/>\n<meta name=\"twitter:card\" content=\"summary_large_image\" \/>\n<meta name=\"twitter:label1\" content=\"Yazan:\" \/>\n\t<meta name=\"twitter:data1\" content=\"admin\" \/>\n\t<meta name=\"twitter:label2\" content=\"Tahmini okuma s\u00fcresi\" \/>\n\t<meta name=\"twitter:data2\" content=\"1 dakika\" \/>\n<script type=\"application\/ld+json\" class=\"yoast-schema-graph\">{\"@context\":\"https:\\\/\\\/schema.org\",\"@graph\":[{\"@type\":\"Article\",\"@id\":\"https:\\\/\\\/kibrisdakik.com\\\/?p=77823#article\",\"isPartOf\":{\"@id\":\"https:\\\/\\\/kibrisdakik.com\\\/?p=77823\"},\"author\":{\"name\":\"admin\",\"@id\":\"https:\\\/\\\/kibrisdakik.com\\\/#\\\/schema\\\/person\\\/9cd9d437bbb44f72b73ba127e06d8e79\"},\"headline\":\"Lefko\u015fa Kaymakaml\u0131\u011f\u0131\u2019ndan Beyk\u00f6y ve Mevlevi at\u0131\u015f alan\u0131 b\u00f6lgesindeki patlamam\u0131\u015f m\u00fchimmatlarla ilgili uyar\u0131\u2026\",\"datePublished\":\"2025-03-14T13:07:57+00:00\",\"mainEntityOfPage\":{\"@id\":\"https:\\\/\\\/kibrisdakik.com\\\/?p=77823\"},\"wordCount\":138,\"commentCount\":0,\"image\":{\"@id\":\"https:\\\/\\\/kibrisdakik.com\\\/?p=77823#primaryimage\"},\"thumbnailUrl\":\"https:\\\/\\\/kibrisdakik.com\\\/wp-content\\\/uploads\\\/2024\\\/06\\\/devlet-logosu-3-740x400.jpg\",\"articleSection\":[\"K\u0131br\u0131s\",\"Man\u015fet\"],\"inLanguage\":\"tr\",\"potentialAction\":[{\"@type\":\"CommentAction\",\"name\":\"Comment\",\"target\":[\"https:\\\/\\\/kibrisdakik.com\\\/?p=77823#respond\"]}]},{\"@type\":\"WebPage\",\"@id\":\"https:\\\/\\\/kibrisdakik.com\\\/?p=77823\",\"url\":\"https:\\\/\\\/kibrisdakik.com\\\/?p=77823\",\"name\":\"Lefko\u015fa Kaymakaml\u0131\u011f\u0131\u2019ndan Beyk\u00f6y ve Mevlevi at\u0131\u015f alan\u0131 b\u00f6lgesindeki patlamam\u0131\u015f m\u00fchimmatlarla ilgili uyar\u0131\u2026 -\",\"isPartOf\":{\"@id\":\"https:\\\/\\\/kibrisdakik.com\\\/#website\"},\"primaryImageOfPage\":{\"@id\":\"https:\\\/\\\/kibrisdakik.com\\\/?p=77823#primaryimage\"},\"image\":{\"@id\":\"https:\\\/\\\/kibrisdakik.com\\\/?p=77823#primaryimage\"},\"thumbnailUrl\":\"https:\\\/\\\/kibrisdakik.com\\\/wp-content\\\/uploads\\\/2024\\\/06\\\/devlet-logosu-3-740x400.jpg\",\"datePublished\":\"2025-03-14T13:07:57+00:00\",\"author\":{\"@id\":\"https:\\\/\\\/kibrisdakik.com\\\/#\\\/schema\\\/person\\\/9cd9d437bbb44f72b73ba127e06d8e79\"},\"breadcrumb\":{\"@id\":\"https:\\\/\\\/kibrisdakik.com\\\/?p=77823#breadcrumb\"},\"inLanguage\":\"tr\",\"potentialAction\":[{\"@type\":\"ReadAction\",\"target\":[\"https:\\\/\\\/kibrisdakik.com\\\/?p=77823\"]}]},{\"@type\":\"ImageObject\",\"inLanguage\":\"tr\",\"@id\":\"https:\\\/\\\/kibrisdakik.com\\\/?p=77823#primaryimage\",\"url\":\"https:\\\/\\\/kibrisdakik.com\\\/wp-content\\\/uploads\\\/2024\\\/06\\\/devlet-logosu-3-740x400.jpg\",\"contentUrl\":\"https:\\\/\\\/kibrisdakik.com\\\/wp-content\\\/uploads\\\/2024\\\/06\\\/devlet-logosu-3-740x400.jpg\",\"width\":930,\"height\":400},{\"@type\":\"BreadcrumbList\",\"@id\":\"https:\\\/\\\/kibrisdakik.com\\\/?p=77823#breadcrumb\",\"itemListElement\":[{\"@type\":\"ListItem\",\"position\":1,\"name\":\"Home\",\"item\":\"https:\\\/\\\/kibrisdakik.com\\\/\"},{\"@type\":\"ListItem\",\"position\":2,\"name\":\"Lefko\u015fa Kaymakaml\u0131\u011f\u0131\u2019ndan Beyk\u00f6y ve Mevlevi at\u0131\u015f alan\u0131 b\u00f6lgesindeki patlamam\u0131\u015f m\u00fchimmatlarla ilgili uyar\u0131\u2026\"}]},{\"@type\":\"WebSite\",\"@id\":\"https:\\\/\\\/kibrisdakik.com\\\/#website\",\"url\":\"https:\\\/\\\/kibrisdakik.com\\\/\",\"name\":\"\",\"description\":\"Tam vaktinde haber\",\"potentialAction\":[{\"@type\":\"SearchAction\",\"target\":{\"@type\":\"EntryPoint\",\"urlTemplate\":\"https:\\\/\\\/kibrisdakik.com\\\/?s={search_term_string}\"},\"query-input\":{\"@type\":\"PropertyValueSpecification\",\"valueRequired\":true,\"valueName\":\"search_term_string\"}}],\"inLanguage\":\"tr\"},{\"@type\":\"Person\",\"@id\":\"https:\\\/\\\/kibrisdakik.com\\\/#\\\/schema\\\/person\\\/9cd9d437bbb44f72b73ba127e06d8e79\",\"name\":\"admin\",\"image\":{\"@type\":\"ImageObject\",\"inLanguage\":\"tr\",\"@id\":\"https:\\\/\\\/secure.gravatar.com\\\/avatar\\\/ccc17943b9d660506c869530f897617f7cb1c21a4bf30023f252596d83e1f007?s=96&d=mm&r=g\",\"url\":\"https:\\\/\\\/secure.gravatar.com\\\/avatar\\\/ccc17943b9d660506c869530f897617f7cb1c21a4bf30023f252596d83e1f007?s=96&d=mm&r=g\",\"contentUrl\":\"https:\\\/\\\/secure.gravatar.com\\\/avatar\\\/ccc17943b9d660506c869530f897617f7cb1c21a4bf30023f252596d83e1f007?s=96&d=mm&r=g\",\"caption\":\"admin\"},\"sameAs\":[\"https:\\\/\\\/kibrisdakik.com\"],\"url\":\"https:\\\/\\\/kibrisdakik.com\\\/?author=1\"}]}<\/script>\n<!-- \/ Yoast SEO plugin. -->","yoast_head_json":{"title":"Lefko\u015fa Kaymakaml\u0131\u011f\u0131\u2019ndan Beyk\u00f6y ve Mevlevi at\u0131\u015f alan\u0131 b\u00f6lgesindeki patlamam\u0131\u015f m\u00fchimmatlarla ilgili uyar\u0131\u2026 -","robots":{"index":"index","follow":"follow","max-snippet":"max-snippet:-1","max-image-preview":"max-image-preview:large","max-video-preview":"max-video-preview:-1"},"canonical":"https:\/\/kibrisdakik.com\/?p=77823","og_locale":"tr_TR","og_type":"article","og_title":"Lefko\u015fa Kaymakaml\u0131\u011f\u0131\u2019ndan Beyk\u00f6y ve Mevlevi at\u0131\u015f alan\u0131 b\u00f6lgesindeki patlamam\u0131\u015f m\u00fchimmatlarla ilgili uyar\u0131\u2026 -","og_description":"Beyk\u00f6y a\u011f\u0131r silah at\u0131\u015f alanlar\u0131nda top\u00e7u silahlar\u0131 ile yap\u0131lan at\u0131\u015flar sonucu, b\u00f6lgede b\u00fct\u00fcn aramalara ra\u011fmen yerleri tespit edilemeyen patlamam\u0131\u015f mermiler bulundu\u011fu bildirildi. Lefko\u015fa Kaymakaml\u0131\u011f\u0131\u2019ndan verilen bilgiye g\u00f6re, vatanda\u015f\u0131n can ve mal g\u00fcvenli\u011fini tehdit edecek bu mermilerin imha edilebilmesi i\u00e7in g\u00f6r\u00fcld\u00fc\u011f\u00fc veya bulundu\u011fu yerin en k\u0131sa zamanda KKTM Komutanl\u0131\u011f\u0131\u2019na iletilmesi gerekti\u011fi bildirildi. Yap\u0131lan a\u00e7\u0131klamada Beyk\u00f6y ve","og_url":"https:\/\/kibrisdakik.com\/?p=77823","article_published_time":"2025-03-14T13:07:57+00:00","og_image":[{"width":930,"height":400,"url":"https:\/\/kibrisdakik.com\/wp-content\/uploads\/2024\/06\/devlet-logosu-3-740x400.jpg","type":"image\/jpeg"}],"author":"admin","twitter_card":"summary_large_image","twitter_misc":{"Yazan:":"admin","Tahmini okuma s\u00fcresi":"1 dakika"},"schema":{"@context":"https:\/\/schema.org","@graph":[{"@type":"Article","@id":"https:\/\/kibrisdakik.com\/?p=77823#article","isPartOf":{"@id":"https:\/\/kibrisdakik.com\/?p=77823"},"author":{"name":"admin","@id":"https:\/\/kibrisdakik.com\/#\/schema\/person\/9cd9d437bbb44f72b73ba127e06d8e79"},"headline":"Lefko\u015fa Kaymakaml\u0131\u011f\u0131\u2019ndan Beyk\u00f6y ve Mevlevi at\u0131\u015f alan\u0131 b\u00f6lgesindeki patlamam\u0131\u015f m\u00fchimmatlarla ilgili uyar\u0131\u2026","datePublished":"2025-03-14T13:07:57+00:00","mainEntityOfPage":{"@id":"https:\/\/kibrisdakik.com\/?p=77823"},"wordCount":138,"commentCount":0,"image":{"@id":"https:\/\/kibrisdakik.com\/?p=77823#primaryimage"},"thumbnailUrl":"https:\/\/kibrisdakik.com\/wp-content\/uploads\/2024\/06\/devlet-logosu-3-740x400.jpg","articleSection":["K\u0131br\u0131s","Man\u015fet"],"inLanguage":"tr","potentialAction":[{"@type":"CommentAction","name":"Comment","target":["https:\/\/kibrisdakik.com\/?p=77823#respond"]}]},{"@type":"WebPage","@id":"https:\/\/kibrisdakik.com\/?p=77823","url":"https:\/\/kibrisdakik.com\/?p=77823","name":"Lefko\u015fa Kaymakaml\u0131\u011f\u0131\u2019ndan Beyk\u00f6y ve Mevlevi at\u0131\u015f alan\u0131 b\u00f6lgesindeki patlamam\u0131\u015f m\u00fchimmatlarla ilgili uyar\u0131\u2026 -","isPartOf":{"@id":"https:\/\/kibrisdakik.com\/#website"},"primaryImageOfPage":{"@id":"https:\/\/kibrisdakik.com\/?p=77823#primaryimage"},"image":{"@id":"https:\/\/kibrisdakik.com\/?p=77823#primaryimage"},"thumbnailUrl":"https:\/\/kibrisdakik.com\/wp-content\/uploads\/2024\/06\/devlet-logosu-3-740x400.jpg","datePublished":"2025-03-14T13:07:57+00:00","author":{"@id":"https:\/\/kibrisdakik.com\/#\/schema\/person\/9cd9d437bbb44f72b73ba127e06d8e79"},"breadcrumb":{"@id":"https:\/\/kibrisdakik.com\/?p=77823#breadcrumb"},"inLanguage":"tr","potentialAction":[{"@type":"ReadAction","target":["https:\/\/kibrisdakik.com\/?p=77823"]}]},{"@type":"ImageObject","inLanguage":"tr","@id":"https:\/\/kibrisdakik.com\/?p=77823#primaryimage","url":"https:\/\/kibrisdakik.com\/wp-content\/uploads\/2024\/06\/devlet-logosu-3-740x400.jpg","contentUrl":"https:\/\/kibrisdakik.com\/wp-content\/uploads\/2024\/06\/devlet-logosu-3-740x400.jpg","width":930,"height":400},{"@type":"BreadcrumbList","@id":"https:\/\/kibrisdakik.com\/?p=77823#breadcrumb","itemListElement":[{"@type":"ListItem","position":1,"name":"Home","item":"https:\/\/kibrisdakik.com\/"},{"@type":"ListItem","position":2,"name":"Lefko\u015fa Kaymakaml\u0131\u011f\u0131\u2019ndan Beyk\u00f6y ve Mevlevi at\u0131\u015f alan\u0131 b\u00f6lgesindeki patlamam\u0131\u015f m\u00fchimmatlarla ilgili uyar\u0131\u2026"}]},{"@type":"WebSite","@id":"https:\/\/kibrisdakik.com\/#website","url":"https:\/\/kibrisdakik.com\/","name":"","description":"Tam vaktinde haber","potentialAction":[{"@type":"SearchAction","target":{"@type":"EntryPoint","urlTemplate":"https:\/\/kibrisdakik.com\/?s={search_term_string}"},"query-input":{"@type":"PropertyValueSpecification","valueRequired":true,"valueName":"search_term_string"}}],"inLanguage":"tr"},{"@type":"Person","@id":"https:\/\/kibrisdakik.com\/#\/schema\/person\/9cd9d437bbb44f72b73ba127e06d8e79","name":"admin","image":{"@type":"ImageObject","inLanguage":"tr","@id":"https:\/\/secure.gravatar.com\/avatar\/ccc17943b9d660506c869530f897617f7cb1c21a4bf30023f252596d83e1f007?s=96&d=mm&r=g","url":"https:\/\/secure.gravatar.com\/avatar\/ccc17943b9d660506c869530f897617f7cb1c21a4bf30023f252596d83e1f007?s=96&d=mm&r=g","contentUrl":"https:\/\/secure.gravatar.com\/avatar\/ccc17943b9d660506c869530f897617f7cb1c21a4bf30023f252596d83e1f007?s=96&d=mm&r=g","caption":"admin"},"sameAs":["https:\/\/kibrisdakik.com"],"url":"https:\/\/kibrisdakik.com\/?author=1"}]}},"_links":{"self":[{"href":"https:\/\/kibrisdakik.com\/index.php?rest_route=\/wp\/v2\/posts\/77823","targetHints":{"allow":["GET"]}}],"collection":[{"href":"https:\/\/kibrisdakik.com\/index.php?rest_route=\/wp\/v2\/posts"}],"about":[{"href":"https:\/\/kibrisdakik.com\/index.php?rest_route=\/wp\/v2\/types\/post"}],"author":[{"embeddable":true,"href":"https:\/\/kibrisdakik.com\/index.php?rest_route=\/wp\/v2\/users\/1"}],"replies":[{"embeddable":true,"href":"https:\/\/kibrisdakik.com\/index.php?rest_route=%2Fwp%2Fv2%2Fcomments&post=77823"}],"version-history":[{"count":0,"href":"https:\/\/kibrisdakik.com\/index.php?rest_route=\/wp\/v2\/posts\/77823\/revisions"}],"wp:featuredmedia":[{"embeddable":true,"href":"https:\/\/kibrisdakik.com\/index.php?rest_route=\/wp\/v2\/media\/45764"}],"wp:attachment":[{"href":"https:\/\/kibrisdakik.com\/index.php?rest_route=%2Fwp%2Fv2%2Fmedia&parent=77823"}],"wp:term":[{"taxonomy":"category","embeddable":true,"href":"https:\/\/kibrisdakik.com\/index.php?rest_route=%2Fwp%2Fv2%2Fcategories&post=77823"},{"taxonomy":"post_tag","embeddable":true,"href":"https:\/\/kibrisdakik.com\/index.php?rest_route=%2Fwp%2Fv2%2Ftags&post=77823"}],"curies":[{"name":"wp","href":"https:\/\/api.w.org\/{rel}","templated":true}]}}