{"id":77856,"date":"2025-03-15T11:28:46","date_gmt":"2025-03-15T08:28:46","guid":{"rendered":"https:\/\/kibrisdakik.com\/index.php\/2025\/03\/15\/akbilen-gunes-isinlari-benlerin-kansere-donusum-riskini-artiriyor\/"},"modified":"2025-03-15T11:28:46","modified_gmt":"2025-03-15T08:28:46","slug":"akbilen-gunes-isinlari-benlerin-kansere-donusum-riskini-artiriyor","status":"publish","type":"post","link":"https:\/\/kibrisdakik.com\/?p=77856","title":{"rendered":"Akbilen: G\u00fcne\u015f \u0131\u015f\u0131nlar\u0131 benlerin kansere d\u00f6n\u00fc\u015f\u00fcm riskini art\u0131r\u0131yor"},"content":{"rendered":"<div>\n<div class=\"mariselle-image-container none\">\n                                            <\/div>\n<p style=\"font-weight: 300;\"><span style=\"font-weight: 300 !important;\">Eski Kuzey K\u0131br\u0131s Plastik, Rekonstr\u00fcktif ve Estetik Cerrahi Derne\u011fi (KKTCPRECD) Ba\u015fkan\u0131, Op. Dr. Dervi\u015f Akbilen, benlerin kanser riski ta\u015f\u0131ma olas\u0131l\u0131klar\u0131 ve al\u0131nmas\u0131 gereken \u00f6nlemler hakk\u0131nda uyar\u0131larda bulundu.<\/span><\/p>\n<p style=\"font-weight: 300;\"><span style=\"font-weight: 300 !important;\">Estetik Plastik ve Rekonstr\u00fcktif Cerrah\u0131 Op. Dr. Dervi\u015f Akbilen, benlerin herkesin cildinde olu\u015fabilece\u011fini belirterek, \u201cBenler genetik fakt\u00f6rlere ve g\u00fcne\u015fe maruz kalmaya ba\u011fl\u0131 olarak daha fazla g\u00f6r\u00fclebilir. \u00d6zellikle ailesinde \u00e7ok say\u0131da ben olan ki\u015filer ve g\u00fcne\u015fe fazla maruz kalan bireylerde pigment h\u00fccrelerindeki art\u0131\u015f nedeniyle benler olu\u015fabilir.\u201d dedi.<\/span><\/p>\n<p style=\"font-weight: 300;\"><span style=\"font-weight: 300 !important;\">TAK muhabirinin sorular\u0131n\u0131 yan\u0131tlayan Dr. Akbilen, benlerin kansere d\u00f6n\u00fc\u015fme riskinin ise benin t\u00fcr\u00fc, b\u00fcy\u00fckl\u00fc\u011f\u00fc, genetik fakt\u00f6rler, g\u00fcne\u015fe maruz kalma s\u00fcresi ve tekrarlayan travmalar gibi unsurlara ba\u011fl\u0131 oldu\u011funu vurgulad\u0131.<\/span><\/p>\n<p style=\"font-weight: 300;\"><span style=\"font-weight: 300 !important;\">Akbilen ayr\u0131ca, son y\u0131llarda endoskopik y\u00fcz germe operasyonunda art\u0131\u015f g\u00f6r\u00fcld\u00fc\u011f\u00fcn\u00fc dile getirerek, geleneksel y\u00fcz germe operasyonlar\u0131na alternatif olarak geli\u015ftirilen endoskopik y\u00fcz germenin, daha k\u00fc\u00e7\u00fck kesitlerle ger\u00e7ekle\u015ftirilen ve do\u011fal sonu\u00e7lar sunan minimal invaziv bir y\u00f6ntem oldu\u011funu belirtti.\u00a0<\/span><\/p>\n<p style=\"font-weight: 300;\"><span style=\"font-weight: 300 !important;\">-\u201cRisk gruplar\u0131 her alt\u0131 ayda bir muayene yapt\u0131rmal\u0131\u201d<\/span><\/p>\n<p style=\"font-weight: 300;\"><span style=\"font-weight: 300 !important;\">Benleri olan ki\u015filerin, her alt\u0131 ayda bir dermatolojik muayene yapt\u0131rmalar\u0131n\u0131n \u00f6nemine dikkat \u00e7eken Akbilen, \u201cBenlerde herhangi bir b\u00fcy\u00fcme, renk de\u011fi\u015fikli\u011fi, ka\u015f\u0131nt\u0131 veya kanama gibi belirtiler g\u00f6r\u00fcld\u00fc\u011f\u00fcnde, vakit kaybetmeden bir plastik cerrah veya dermatolog ile g\u00f6r\u00fc\u015f\u00fclmelidir.\u201d diye konu\u015ftu.<\/span><\/p>\n<p style=\"font-weight: 300;\"><span style=\"font-weight: 300 !important;\">Akbilen ayr\u0131ca, benin asimetrik \u015fekli, s\u0131n\u0131r d\u00fczensizlikleri, renk de\u011fi\u015fiklikleri ve b\u00fcy\u00fckl\u00fc\u011f\u00fcn\u00fcn (6 mm\u2019den b\u00fcy\u00fck olmas\u0131) de kansere d\u00f6n\u00fc\u015fme riskini art\u0131rabilece\u011fini belirtti.<\/span><\/p>\n<p style=\"font-weight: 300;\"><span style=\"font-weight: 300 !important;\">-G\u00fcne\u015f \u0131\u015f\u0131nlar\u0131 benlerin kansere d\u00f6n\u00fc\u015f\u00fcm riskini art\u0131r\u0131yor<\/span><\/p>\n<p style=\"font-weight: 300;\"><span style=\"font-weight: 300 !important;\">G\u00fcne\u015f \u0131\u015f\u0131nlar\u0131n\u0131n benlerin kansere d\u00f6n\u00fc\u015fme riskini art\u0131ran \u00f6nemli bir fakt\u00f6r oldu\u011funu dile getiren Akbilen, g\u00fcne\u015fe fazla maruz kalan ki\u015filerde, \u00f6zellikle y\u00fcz ve ellerde kanser g\u00f6r\u00fclme olas\u0131l\u0131\u011f\u0131n\u0131n artt\u0131\u011f\u0131n\u0131 belirterek, \u201cG\u00fcne\u015fe \u00e7\u0131kmadan \u00f6nce mutlaka y\u00fcksek fakt\u00f6rl\u00fc g\u00fcne\u015f kremi kullan\u0131lmal\u0131d\u0131r. Bu, kanser riskini \u00f6nemli \u00f6l\u00e7\u00fcde azaltacakt\u0131r.\u201d ifadelerini kulland\u0131.<\/span><\/p>\n<p style=\"font-weight: 300;\"><span style=\"font-weight: 300 !important;\">Benlerin al\u0131nmas\u0131 i\u015flemiyle ilgili uyar\u0131larda bulunan Akbilen, benlerin cerrahi olarak al\u0131nmas\u0131 ve al\u0131nan par\u00e7an\u0131n mutlaka patolojik tetkik i\u00e7in g\u00f6nderilmesi gerekti\u011fini vurgulad\u0131.<\/span><\/p>\n<p style=\"font-weight: 300;\"><span style=\"font-weight: 300 !important;\">\u201cLazer ile ben alma i\u015flemi, benlerin kansere d\u00f6n\u00fc\u015fme riskini art\u0131rabilir. Lazer, yaln\u0131zca yakma i\u015flemi yapar ve patolojik inceleme yap\u0131lmadan benin tamam\u0131 al\u0131namaz.\u201d diyen Akbilen, lazer uygulamas\u0131n\u0131n g\u00fcvenli olmad\u0131\u011f\u0131n\u0131 belirtti.<\/span><\/p>\n<p style=\"font-weight: 300;\"><span style=\"font-weight: 300 !important;\">Benlerin kansere d\u00f6n\u00fc\u015fecek h\u00fccreleri b\u0131rak\u0131lmadan cerrahi m\u00fcdahale ile al\u0131nmas\u0131 gerekti\u011fini vurgulayan ifade eden Akbilen, \u201cAncak, g\u00f6z kapa\u011f\u0131 ve kulak i\u00e7i gibi hassas b\u00f6lgelerde, b\u00fcy\u00fck benlerde t\u00fcm h\u00fccrelerin al\u0131nmas\u0131 m\u00fcmk\u00fcn olmayabilir ve kalan h\u00fccreler kansere d\u00f6n\u00fc\u015febilir.\u201d diye ekledi.<\/span><\/p>\n<p style=\"font-weight: 300;\"><span style=\"font-weight: 300 !important;\">G\u00fcne\u015fe fazla maruz kalan ki\u015filerin mutlaka SPF 30 ve \u00fczeri g\u00fcne\u015f kremi kullanmalar\u0131n\u0131 \u00f6neren Akbilen, \u201cBu, kanser riskini anlaml\u0131 bir \u015fekilde azaltacakt\u0131r.\u201d dedi. Akbilen, benlerin tamamen engellenemeyece\u011fini ancak do\u011fru cilt bak\u0131m\u0131 ve g\u00fcne\u015f kremi kullan\u0131m\u0131yla olu\u015fumlar\u0131n\u0131n azalt\u0131labilece\u011fini belirtti.<\/span><\/p>\n<p style=\"font-weight: 300;\"><span style=\"font-weight: 300 !important;\">-\u201cEndoskopik y\u00fcz germe operasyonunda art\u0131\u015f var\u201d<\/span><\/p>\n<p style=\"font-weight: 300;\"><span style=\"font-weight: 300 !important;\">Son y\u0131llarda hangi operasyonlar\u0131n daha \u00e7ok tercih edildi\u011finin sorulmas\u0131 \u00fczerine Akbilen, \u201cEndoskopik y\u00fcz germe: Gen\u00e7le\u015fmenin minimal invaziv yolu\u201d operasyonunda son zamanlarda art\u0131\u015f g\u00f6r\u00fcld\u00fc\u011f\u00fcn\u00fc kaydetti.<\/span><\/p>\n<p style=\"font-weight: 300;\"><span style=\"font-weight: 300 !important;\">Akbilen, geleneksel y\u00fcz germe operasyonlar\u0131na alternatif olarak geli\u015ftirilen endoskopik y\u00fcz germenin, daha k\u00fc\u00e7\u00fck kesitlerle ger\u00e7ekle\u015ftirilen ve do\u011fal sonu\u00e7lar sunan minimal invaziv bir y\u00f6ntem oldu\u011funu belirtti. \u00a0<\/span><\/p>\n<p style=\"font-weight: 300;\"><span style=\"font-weight: 300 !important;\">Op. Dr. Dervi\u015f Akbilen, Endoskopik y\u00fcz germe: Gn\u00e7le\u015fmenin minimal invaziv yolu y\u00f6nteminin avantajlar\u0131n\u0131 ve kimler i\u00e7in uygun oldu\u011funu da anlatt\u0131.<\/span><\/p>\n<p style=\"font-weight: 300;\"><span style=\"font-weight: 300 !important;\">Endoskopik y\u00fcz germenin, klasik y\u00fcz germe ameliyatlar\u0131ndan farkl\u0131 olarak endoskop ad\u0131 verilen \u00f6zel bir kamera sistemi kullan\u0131larak yap\u0131lan bir cerrahi i\u015flem oldu\u011funu kaydeden Akbilen, bu i\u015flemin daha k\u00fc\u00e7\u00fck kesitlerle, do\u011frudan dokuya m\u00fcdahale etmeden ger\u00e7ekle\u015ftirildi\u011fi i\u00e7in operasyon sonras\u0131 iyile\u015fme s\u00fcrecinin daha h\u0131zl\u0131 ilerledi\u011fini vurgulad\u0131.<\/span><\/p>\n<p style=\"font-weight: 300;\"><strong>-\u201cOperasyonun en b\u00fcy\u00fck avantaj\u0131 y\u00fczde belirgin kesitler olu\u015fmamas\u0131d\u0131r\u201d<\/strong><\/p>\n<p style=\"font-weight: 300;\"><span style=\"font-weight: 300 !important;\">Akbilen, bu y\u00f6ntemin en b\u00fcy\u00fck avantajlar\u0131ndan birinin ise y\u00fczde belirgin kesiler olu\u015fturmadan cilt alt\u0131ndaki ba\u011f dokular\u0131n\u0131n yukar\u0131 kald\u0131r\u0131ld\u0131\u011f\u0131n\u0131 belirtti.<\/span><\/p>\n<p style=\"font-weight: 300;\"><span style=\"font-weight: 300 !important;\">Op. Dr. Dervi\u015f Akbilen endoskopik y\u00fcz germenin, klasik y\u00fcz germe ameliyatlar\u0131ndan farkl\u0131 olarak ileri d\u00fczey cerrahi beceri ve \u00f6zel e\u011fitim gerektiren bir y\u00f6ntem oldu\u011funu vurgulad\u0131.<\/span><\/p>\n<p style=\"font-weight: 300;\"><strong>-\u201cK\u00f6ln \u00dcniversitesi\u2019nde ileri e\u011fitim ald\u0131m\u201d<\/strong><\/p>\n<p style=\"font-weight: 300;\"><span style=\"font-weight: 300 !important;\">Bu tekni\u011fin ba\u015far\u0131l\u0131 bir \u015fekilde uygulanabilmesi i\u00e7in K\u00f6ln \u00dcniversitesi\u2019nde taze kadavra \u00fczerinde ileri e\u011fitim ald\u0131\u011f\u0131n\u0131 dile getiren Akbilen, bu tarz e\u011fitimlerin cerrahlar\u0131n ger\u00e7ek insan anatomisini birebir deneyimleyerek daha g\u00fcvenli operasyonlar ger\u00e7ekle\u015ftirmesine katk\u0131 sa\u011flad\u0131\u011f\u0131n\u0131 vurgulad\u0131.<\/span><\/p>\n<p style=\"font-weight: 300;\"><span style=\"font-weight: 300 !important;\">Endoskopik y\u00fcz germe y\u00f6nteminin, \u00f6zellikle 40-55 ya\u015f aras\u0131, cilt elastikiyeti h\u00e2l\u00e2 iyi durumda olan ancak y\u00fcz\u00fcnde belirgin sarkmalar ba\u015flayan bireyler i\u00e7in uygun oldu\u011funa dikkat \u00e7eken Akbilen, bu y\u00f6ntemin, ka\u015f d\u00fc\u015f\u00fckl\u00fc\u011f\u00fc, orta y\u00fcz sarkmalar\u0131 ve yanak b\u00f6lgesindeki hacim kayb\u0131 olan hastalar i\u00e7in olduk\u00e7a etkili bir se\u00e7enek oldu\u011funu kaydetti.<\/span><\/p>\n<p style=\"font-weight: 300;\"><span style=\"font-weight: 300 !important;\">\u0130leri ya\u015flarda ve a\u015f\u0131r\u0131 deri sarkmas\u0131 olan bireylerde klasik y\u00fcz germe operasyonlar\u0131n\u0131n daha uygun olabilece\u011fini ifade eden Akbilen, ki\u015fiye \u00f6zel bir de\u011ferlendirme s\u00fcrecinin \u00f6nemine dikkat \u00e7ekti.<\/span><\/p>\n<p style=\"font-weight: 300;\"><span style=\"font-weight: 300 !important;\">Genellikle genel anestezi alt\u0131nda ger\u00e7ekle\u015ftirilen operasyonun, ortalama 2-3 saat s\u00fcrd\u00fc\u011f\u00fcn\u00fc s\u00f6yleyen Akbilen, k\u00fc\u00e7\u00fck kesiler, sa\u00e7l\u0131 deri veya do\u011fal y\u00fcz k\u0131vr\u0131mlar\u0131 i\u00e7erisine gizlendi\u011finden ameliyat sonras\u0131 izlerin neredeyse g\u00f6r\u00fcnmez hale geldi\u011fini ifade etti.<\/span><\/p>\n<p style=\"font-weight: 300;\"><span style=\"font-weight: 300 !important;\">Op. Dr. Dervi\u015f Akbilen, hastalar\u0131n \u00e7o\u011funlukla ayn\u0131 g\u00fcn veya ertesi g\u00fcn taburcu edildi\u011fini ve ilk bir-iki hafta i\u00e7inde \u015fi\u015flik ve morluklar\u0131n b\u00fcy\u00fck \u00f6l\u00e7\u00fcde azald\u0131\u011f\u0131n\u0131n g\u00f6r\u00fcld\u00fc\u011f\u00fcn\u00fc belirtti.<\/span><\/p>\n<p style=\"font-weight: 300;\"><span style=\"font-weight: 300 !important;\">\u00c7o\u011fu hastan\u0131n 10-14 g\u00fcn i\u00e7inde g\u00fcnl\u00fck hayat\u0131na d\u00f6nebilece\u011fini dile getiren Akbilen, tam sonu\u00e7lar\u0131n ortaya \u00e7\u0131kmas\u0131n\u0131n ise birka\u00e7 ay\u0131 bulabilece\u011fini kaydetti.<\/span><\/p>\n<p style=\"font-weight: 300;\"><span style=\"font-weight: 300 !important;\">Bu y\u00f6ntemin en b\u00fcy\u00fck avantajlar\u0131ndan birinin minimal invaziv olmas\u0131 oldu\u011funa dikkat \u00e7eken Akbilen, yani daha k\u00fc\u00e7\u00fck kesitlerle daha az travma ile daha do\u011fal sonu\u00e7lar elde edildi\u011fini vurgulad\u0131.<\/span><\/p>\n<p style=\"font-weight: 300;\"><em><span style=\"font-weight: 300 !important;\">-\u201cTecr\u00fcbeli ve bu alanda \u00f6zel e\u011fitim alm\u0131\u015f bir cerrah se\u00e7mek \u00f6nemli\u2026\u201d<\/span><\/em><\/p>\n<p style=\"font-weight: 300;\"><span style=\"font-weight: 300 !important;\">Bu y\u00f6ntemi d\u00fc\u015f\u00fcnen hastalara tavsiyelerde bulunan Op. Dr. Dervi\u015f Akbilen, tecr\u00fcbeli ve bu alanda \u00f6zel e\u011fitim alm\u0131\u015f bir cerrah se\u00e7menin \u00f6nemini vurgulad\u0131.<\/span><\/p>\n<p style=\"font-weight: 300;\"><span style=\"font-weight: 300 !important;\">Endoskopik y\u00fcz germe y\u00f6netiminin, teknik bilgi ve anatomi bilgisi gerektirdi\u011finden, bu y\u00f6ntemde uzmanla\u015fm\u0131\u015f bir cerrah ile \u00e7al\u0131\u015fman\u0131n operasyonun ba\u015far\u0131s\u0131n\u0131 do\u011frudan etkiledi\u011fine dikkat \u00e7eken Akbilen, hastalar\u0131n ayr\u0131ca ameliyat \u00f6ncesi ve sonras\u0131 s\u00fcrecini doktorlar\u0131yla detayl\u0131ca konu\u015fmalar\u0131 ve beklentilerini netle\u015ftirmeleri gerekti\u011fini ifade etti.<\/span><\/p>\n<p style=\"font-weight: 300;\"><span style=\"font-weight: 300 !important;\">Akbilen, uygulanan bu y\u00f6ntemde, do\u011fru hasta se\u00e7imi, uygun cerrahi teknik ve iyi bir iyile\u015fme s\u00fcreciyle ba\u015far\u0131l\u0131 sonu\u00e7lar elde edilebilece\u011fini kaydetti.<\/span><\/p>\n<p>\u00a0<\/p>\n<\/p><\/div>\n<p><script async\n                    defer\n                    crossorigin=\"anonymous\"\n                    src=\"https:\/\/connect.facebook.net\/tr_TR\/sdk.js#xfbml=1&#038;version=v3.3\"\n            ><\/script><\/p>\n","protected":false},"excerpt":{"rendered":"<p>Eski Kuzey K\u0131br\u0131s Plastik, Rekonstr\u00fcktif ve Estetik Cerrahi Derne\u011fi (KKTCPRECD) Ba\u015fkan\u0131, Op. Dr. Dervi\u015f Akbilen, benlerin kanser riski ta\u015f\u0131ma olas\u0131l\u0131klar\u0131 ve al\u0131nmas\u0131 gereken \u00f6nlemler hakk\u0131nda uyar\u0131larda bulundu. Estetik Plastik ve Rekonstr\u00fcktif Cerrah\u0131 Op. Dr. Dervi\u015f Akbilen, benlerin herkesin cildinde olu\u015fabilece\u011fini belirterek, \u201cBenler genetik fakt\u00f6rlere ve g\u00fcne\u015fe maruz kalmaya ba\u011fl\u0131 olarak daha fazla g\u00f6r\u00fclebilir. \u00d6zellikle ailesinde<\/p>\n","protected":false},"author":1,"featured_media":77857,"comment_status":"open","ping_status":"open","sticky":false,"template":"","format":"standard","meta":{"footnotes":""},"categories":[81,101],"tags":[],"class_list":["post-77856","post","type-post","status-publish","format-standard","has-post-thumbnail","hentry","category-kibris","category-manset"],"yoast_head":"<!-- This site is optimized with the Yoast SEO plugin v27.5 - https:\/\/yoast.com\/product\/yoast-seo-wordpress\/ -->\n<title>Akbilen: G\u00fcne\u015f \u0131\u015f\u0131nlar\u0131 benlerin kansere d\u00f6n\u00fc\u015f\u00fcm riskini art\u0131r\u0131yor -<\/title>\n<meta name=\"robots\" content=\"index, follow, max-snippet:-1, max-image-preview:large, max-video-preview:-1\" \/>\n<link rel=\"canonical\" href=\"https:\/\/kibrisdakik.com\/?p=77856\" \/>\n<meta property=\"og:locale\" content=\"tr_TR\" \/>\n<meta property=\"og:type\" content=\"article\" \/>\n<meta property=\"og:title\" content=\"Akbilen: G\u00fcne\u015f \u0131\u015f\u0131nlar\u0131 benlerin kansere d\u00f6n\u00fc\u015f\u00fcm riskini art\u0131r\u0131yor -\" \/>\n<meta property=\"og:description\" content=\"Eski Kuzey K\u0131br\u0131s Plastik, Rekonstr\u00fcktif ve Estetik Cerrahi Derne\u011fi (KKTCPRECD) Ba\u015fkan\u0131, Op. Dr. Dervi\u015f Akbilen, benlerin kanser riski ta\u015f\u0131ma olas\u0131l\u0131klar\u0131 ve al\u0131nmas\u0131 gereken \u00f6nlemler hakk\u0131nda uyar\u0131larda bulundu. Estetik Plastik ve Rekonstr\u00fcktif Cerrah\u0131 Op. Dr. Dervi\u015f Akbilen, benlerin herkesin cildinde olu\u015fabilece\u011fini belirterek, \u201cBenler genetik fakt\u00f6rlere ve g\u00fcne\u015fe maruz kalmaya ba\u011fl\u0131 olarak daha fazla g\u00f6r\u00fclebilir. \u00d6zellikle ailesinde\" \/>\n<meta property=\"og:url\" content=\"https:\/\/kibrisdakik.com\/?p=77856\" \/>\n<meta property=\"article:published_time\" content=\"2025-03-15T08:28:46+00:00\" \/>\n<meta property=\"og:image\" content=\"https:\/\/kibrisdakik.com\/wp-content\/uploads\/2025\/03\/Dervis-Akbilen-roportaj-4-so-740x420.jpg\" \/>\n\t<meta property=\"og:image:width\" content=\"930\" \/>\n\t<meta property=\"og:image:height\" content=\"456\" \/>\n\t<meta property=\"og:image:type\" content=\"image\/jpeg\" \/>\n<meta name=\"author\" content=\"admin\" \/>\n<meta name=\"twitter:card\" content=\"summary_large_image\" \/>\n<meta name=\"twitter:label1\" content=\"Yazan:\" \/>\n\t<meta name=\"twitter:data1\" content=\"admin\" \/>\n\t<meta name=\"twitter:label2\" content=\"Tahmini okuma s\u00fcresi\" \/>\n\t<meta name=\"twitter:data2\" content=\"6 dakika\" \/>\n<script type=\"application\/ld+json\" class=\"yoast-schema-graph\">{\"@context\":\"https:\\\/\\\/schema.org\",\"@graph\":[{\"@type\":\"Article\",\"@id\":\"https:\\\/\\\/kibrisdakik.com\\\/?p=77856#article\",\"isPartOf\":{\"@id\":\"https:\\\/\\\/kibrisdakik.com\\\/?p=77856\"},\"author\":{\"name\":\"admin\",\"@id\":\"https:\\\/\\\/kibrisdakik.com\\\/#\\\/schema\\\/person\\\/9cd9d437bbb44f72b73ba127e06d8e79\"},\"headline\":\"Akbilen: G\u00fcne\u015f \u0131\u015f\u0131nlar\u0131 benlerin kansere d\u00f6n\u00fc\u015f\u00fcm riskini art\u0131r\u0131yor\",\"datePublished\":\"2025-03-15T08:28:46+00:00\",\"mainEntityOfPage\":{\"@id\":\"https:\\\/\\\/kibrisdakik.com\\\/?p=77856\"},\"wordCount\":1268,\"commentCount\":0,\"image\":{\"@id\":\"https:\\\/\\\/kibrisdakik.com\\\/?p=77856#primaryimage\"},\"thumbnailUrl\":\"https:\\\/\\\/kibrisdakik.com\\\/wp-content\\\/uploads\\\/2025\\\/03\\\/Dervis-Akbilen-roportaj-4-so-740x420.jpg\",\"articleSection\":[\"K\u0131br\u0131s\",\"Man\u015fet\"],\"inLanguage\":\"tr\",\"potentialAction\":[{\"@type\":\"CommentAction\",\"name\":\"Comment\",\"target\":[\"https:\\\/\\\/kibrisdakik.com\\\/?p=77856#respond\"]}]},{\"@type\":\"WebPage\",\"@id\":\"https:\\\/\\\/kibrisdakik.com\\\/?p=77856\",\"url\":\"https:\\\/\\\/kibrisdakik.com\\\/?p=77856\",\"name\":\"Akbilen: G\u00fcne\u015f \u0131\u015f\u0131nlar\u0131 benlerin kansere d\u00f6n\u00fc\u015f\u00fcm riskini art\u0131r\u0131yor -\",\"isPartOf\":{\"@id\":\"https:\\\/\\\/kibrisdakik.com\\\/#website\"},\"primaryImageOfPage\":{\"@id\":\"https:\\\/\\\/kibrisdakik.com\\\/?p=77856#primaryimage\"},\"image\":{\"@id\":\"https:\\\/\\\/kibrisdakik.com\\\/?p=77856#primaryimage\"},\"thumbnailUrl\":\"https:\\\/\\\/kibrisdakik.com\\\/wp-content\\\/uploads\\\/2025\\\/03\\\/Dervis-Akbilen-roportaj-4-so-740x420.jpg\",\"datePublished\":\"2025-03-15T08:28:46+00:00\",\"author\":{\"@id\":\"https:\\\/\\\/kibrisdakik.com\\\/#\\\/schema\\\/person\\\/9cd9d437bbb44f72b73ba127e06d8e79\"},\"breadcrumb\":{\"@id\":\"https:\\\/\\\/kibrisdakik.com\\\/?p=77856#breadcrumb\"},\"inLanguage\":\"tr\",\"potentialAction\":[{\"@type\":\"ReadAction\",\"target\":[\"https:\\\/\\\/kibrisdakik.com\\\/?p=77856\"]}]},{\"@type\":\"ImageObject\",\"inLanguage\":\"tr\",\"@id\":\"https:\\\/\\\/kibrisdakik.com\\\/?p=77856#primaryimage\",\"url\":\"https:\\\/\\\/kibrisdakik.com\\\/wp-content\\\/uploads\\\/2025\\\/03\\\/Dervis-Akbilen-roportaj-4-so-740x420.jpg\",\"contentUrl\":\"https:\\\/\\\/kibrisdakik.com\\\/wp-content\\\/uploads\\\/2025\\\/03\\\/Dervis-Akbilen-roportaj-4-so-740x420.jpg\",\"width\":930,\"height\":456},{\"@type\":\"BreadcrumbList\",\"@id\":\"https:\\\/\\\/kibrisdakik.com\\\/?p=77856#breadcrumb\",\"itemListElement\":[{\"@type\":\"ListItem\",\"position\":1,\"name\":\"Home\",\"item\":\"https:\\\/\\\/kibrisdakik.com\\\/\"},{\"@type\":\"ListItem\",\"position\":2,\"name\":\"Akbilen: G\u00fcne\u015f \u0131\u015f\u0131nlar\u0131 benlerin kansere d\u00f6n\u00fc\u015f\u00fcm riskini art\u0131r\u0131yor\"}]},{\"@type\":\"WebSite\",\"@id\":\"https:\\\/\\\/kibrisdakik.com\\\/#website\",\"url\":\"https:\\\/\\\/kibrisdakik.com\\\/\",\"name\":\"\",\"description\":\"Tam vaktinde haber\",\"potentialAction\":[{\"@type\":\"SearchAction\",\"target\":{\"@type\":\"EntryPoint\",\"urlTemplate\":\"https:\\\/\\\/kibrisdakik.com\\\/?s={search_term_string}\"},\"query-input\":{\"@type\":\"PropertyValueSpecification\",\"valueRequired\":true,\"valueName\":\"search_term_string\"}}],\"inLanguage\":\"tr\"},{\"@type\":\"Person\",\"@id\":\"https:\\\/\\\/kibrisdakik.com\\\/#\\\/schema\\\/person\\\/9cd9d437bbb44f72b73ba127e06d8e79\",\"name\":\"admin\",\"image\":{\"@type\":\"ImageObject\",\"inLanguage\":\"tr\",\"@id\":\"https:\\\/\\\/secure.gravatar.com\\\/avatar\\\/ccc17943b9d660506c869530f897617f7cb1c21a4bf30023f252596d83e1f007?s=96&d=mm&r=g\",\"url\":\"https:\\\/\\\/secure.gravatar.com\\\/avatar\\\/ccc17943b9d660506c869530f897617f7cb1c21a4bf30023f252596d83e1f007?s=96&d=mm&r=g\",\"contentUrl\":\"https:\\\/\\\/secure.gravatar.com\\\/avatar\\\/ccc17943b9d660506c869530f897617f7cb1c21a4bf30023f252596d83e1f007?s=96&d=mm&r=g\",\"caption\":\"admin\"},\"sameAs\":[\"https:\\\/\\\/kibrisdakik.com\"],\"url\":\"https:\\\/\\\/kibrisdakik.com\\\/?author=1\"}]}<\/script>\n<!-- \/ Yoast SEO plugin. -->","yoast_head_json":{"title":"Akbilen: G\u00fcne\u015f \u0131\u015f\u0131nlar\u0131 benlerin kansere d\u00f6n\u00fc\u015f\u00fcm riskini art\u0131r\u0131yor -","robots":{"index":"index","follow":"follow","max-snippet":"max-snippet:-1","max-image-preview":"max-image-preview:large","max-video-preview":"max-video-preview:-1"},"canonical":"https:\/\/kibrisdakik.com\/?p=77856","og_locale":"tr_TR","og_type":"article","og_title":"Akbilen: G\u00fcne\u015f \u0131\u015f\u0131nlar\u0131 benlerin kansere d\u00f6n\u00fc\u015f\u00fcm riskini art\u0131r\u0131yor -","og_description":"Eski Kuzey K\u0131br\u0131s Plastik, Rekonstr\u00fcktif ve Estetik Cerrahi Derne\u011fi (KKTCPRECD) Ba\u015fkan\u0131, Op. Dr. Dervi\u015f Akbilen, benlerin kanser riski ta\u015f\u0131ma olas\u0131l\u0131klar\u0131 ve al\u0131nmas\u0131 gereken \u00f6nlemler hakk\u0131nda uyar\u0131larda bulundu. Estetik Plastik ve Rekonstr\u00fcktif Cerrah\u0131 Op. Dr. Dervi\u015f Akbilen, benlerin herkesin cildinde olu\u015fabilece\u011fini belirterek, \u201cBenler genetik fakt\u00f6rlere ve g\u00fcne\u015fe maruz kalmaya ba\u011fl\u0131 olarak daha fazla g\u00f6r\u00fclebilir. \u00d6zellikle ailesinde","og_url":"https:\/\/kibrisdakik.com\/?p=77856","article_published_time":"2025-03-15T08:28:46+00:00","og_image":[{"width":930,"height":456,"url":"https:\/\/kibrisdakik.com\/wp-content\/uploads\/2025\/03\/Dervis-Akbilen-roportaj-4-so-740x420.jpg","type":"image\/jpeg"}],"author":"admin","twitter_card":"summary_large_image","twitter_misc":{"Yazan:":"admin","Tahmini okuma s\u00fcresi":"6 dakika"},"schema":{"@context":"https:\/\/schema.org","@graph":[{"@type":"Article","@id":"https:\/\/kibrisdakik.com\/?p=77856#article","isPartOf":{"@id":"https:\/\/kibrisdakik.com\/?p=77856"},"author":{"name":"admin","@id":"https:\/\/kibrisdakik.com\/#\/schema\/person\/9cd9d437bbb44f72b73ba127e06d8e79"},"headline":"Akbilen: G\u00fcne\u015f \u0131\u015f\u0131nlar\u0131 benlerin kansere d\u00f6n\u00fc\u015f\u00fcm riskini art\u0131r\u0131yor","datePublished":"2025-03-15T08:28:46+00:00","mainEntityOfPage":{"@id":"https:\/\/kibrisdakik.com\/?p=77856"},"wordCount":1268,"commentCount":0,"image":{"@id":"https:\/\/kibrisdakik.com\/?p=77856#primaryimage"},"thumbnailUrl":"https:\/\/kibrisdakik.com\/wp-content\/uploads\/2025\/03\/Dervis-Akbilen-roportaj-4-so-740x420.jpg","articleSection":["K\u0131br\u0131s","Man\u015fet"],"inLanguage":"tr","potentialAction":[{"@type":"CommentAction","name":"Comment","target":["https:\/\/kibrisdakik.com\/?p=77856#respond"]}]},{"@type":"WebPage","@id":"https:\/\/kibrisdakik.com\/?p=77856","url":"https:\/\/kibrisdakik.com\/?p=77856","name":"Akbilen: G\u00fcne\u015f \u0131\u015f\u0131nlar\u0131 benlerin kansere d\u00f6n\u00fc\u015f\u00fcm riskini art\u0131r\u0131yor -","isPartOf":{"@id":"https:\/\/kibrisdakik.com\/#website"},"primaryImageOfPage":{"@id":"https:\/\/kibrisdakik.com\/?p=77856#primaryimage"},"image":{"@id":"https:\/\/kibrisdakik.com\/?p=77856#primaryimage"},"thumbnailUrl":"https:\/\/kibrisdakik.com\/wp-content\/uploads\/2025\/03\/Dervis-Akbilen-roportaj-4-so-740x420.jpg","datePublished":"2025-03-15T08:28:46+00:00","author":{"@id":"https:\/\/kibrisdakik.com\/#\/schema\/person\/9cd9d437bbb44f72b73ba127e06d8e79"},"breadcrumb":{"@id":"https:\/\/kibrisdakik.com\/?p=77856#breadcrumb"},"inLanguage":"tr","potentialAction":[{"@type":"ReadAction","target":["https:\/\/kibrisdakik.com\/?p=77856"]}]},{"@type":"ImageObject","inLanguage":"tr","@id":"https:\/\/kibrisdakik.com\/?p=77856#primaryimage","url":"https:\/\/kibrisdakik.com\/wp-content\/uploads\/2025\/03\/Dervis-Akbilen-roportaj-4-so-740x420.jpg","contentUrl":"https:\/\/kibrisdakik.com\/wp-content\/uploads\/2025\/03\/Dervis-Akbilen-roportaj-4-so-740x420.jpg","width":930,"height":456},{"@type":"BreadcrumbList","@id":"https:\/\/kibrisdakik.com\/?p=77856#breadcrumb","itemListElement":[{"@type":"ListItem","position":1,"name":"Home","item":"https:\/\/kibrisdakik.com\/"},{"@type":"ListItem","position":2,"name":"Akbilen: G\u00fcne\u015f \u0131\u015f\u0131nlar\u0131 benlerin kansere d\u00f6n\u00fc\u015f\u00fcm riskini art\u0131r\u0131yor"}]},{"@type":"WebSite","@id":"https:\/\/kibrisdakik.com\/#website","url":"https:\/\/kibrisdakik.com\/","name":"","description":"Tam vaktinde haber","potentialAction":[{"@type":"SearchAction","target":{"@type":"EntryPoint","urlTemplate":"https:\/\/kibrisdakik.com\/?s={search_term_string}"},"query-input":{"@type":"PropertyValueSpecification","valueRequired":true,"valueName":"search_term_string"}}],"inLanguage":"tr"},{"@type":"Person","@id":"https:\/\/kibrisdakik.com\/#\/schema\/person\/9cd9d437bbb44f72b73ba127e06d8e79","name":"admin","image":{"@type":"ImageObject","inLanguage":"tr","@id":"https:\/\/secure.gravatar.com\/avatar\/ccc17943b9d660506c869530f897617f7cb1c21a4bf30023f252596d83e1f007?s=96&d=mm&r=g","url":"https:\/\/secure.gravatar.com\/avatar\/ccc17943b9d660506c869530f897617f7cb1c21a4bf30023f252596d83e1f007?s=96&d=mm&r=g","contentUrl":"https:\/\/secure.gravatar.com\/avatar\/ccc17943b9d660506c869530f897617f7cb1c21a4bf30023f252596d83e1f007?s=96&d=mm&r=g","caption":"admin"},"sameAs":["https:\/\/kibrisdakik.com"],"url":"https:\/\/kibrisdakik.com\/?author=1"}]}},"_links":{"self":[{"href":"https:\/\/kibrisdakik.com\/index.php?rest_route=\/wp\/v2\/posts\/77856","targetHints":{"allow":["GET"]}}],"collection":[{"href":"https:\/\/kibrisdakik.com\/index.php?rest_route=\/wp\/v2\/posts"}],"about":[{"href":"https:\/\/kibrisdakik.com\/index.php?rest_route=\/wp\/v2\/types\/post"}],"author":[{"embeddable":true,"href":"https:\/\/kibrisdakik.com\/index.php?rest_route=\/wp\/v2\/users\/1"}],"replies":[{"embeddable":true,"href":"https:\/\/kibrisdakik.com\/index.php?rest_route=%2Fwp%2Fv2%2Fcomments&post=77856"}],"version-history":[{"count":0,"href":"https:\/\/kibrisdakik.com\/index.php?rest_route=\/wp\/v2\/posts\/77856\/revisions"}],"wp:featuredmedia":[{"embeddable":true,"href":"https:\/\/kibrisdakik.com\/index.php?rest_route=\/wp\/v2\/media\/77857"}],"wp:attachment":[{"href":"https:\/\/kibrisdakik.com\/index.php?rest_route=%2Fwp%2Fv2%2Fmedia&parent=77856"}],"wp:term":[{"taxonomy":"category","embeddable":true,"href":"https:\/\/kibrisdakik.com\/index.php?rest_route=%2Fwp%2Fv2%2Fcategories&post=77856"},{"taxonomy":"post_tag","embeddable":true,"href":"https:\/\/kibrisdakik.com\/index.php?rest_route=%2Fwp%2Fv2%2Ftags&post=77856"}],"curies":[{"name":"wp","href":"https:\/\/api.w.org\/{rel}","templated":true}]}}