{"id":77865,"date":"2025-03-15T13:54:28","date_gmt":"2025-03-15T10:54:28","guid":{"rendered":"https:\/\/kibrisdakik.com\/index.php\/2025\/03\/15\/arucadda-engel-olma-farkinda-ol-baslikli-seminer-yapildi\/"},"modified":"2025-03-15T13:54:28","modified_gmt":"2025-03-15T10:54:28","slug":"arucadda-engel-olma-farkinda-ol-baslikli-seminer-yapildi","status":"publish","type":"post","link":"https:\/\/kibrisdakik.com\/?p=77865","title":{"rendered":"ARUCAD\u2019da \u201cEngel Olma, Fark\u0131nda Ol\u201d ba\u015fl\u0131kl\u0131 seminer yap\u0131ld\u0131"},"content":{"rendered":"<div>\n<div class=\"mariselle-image-container none\">\n                                            <\/div>\n<p>\u00a0Ark\u0131n Yarat\u0131c\u0131 Sanatlar ve Tasar\u0131m \u00dcniversitesi\u2019nde (ARUCAD) per\u015fembe g\u00fcn\u00fc \u201cEngel Olma, Fark\u0131nda Ol\u201d ba\u015fl\u0131kl\u0131 kurum i\u00e7i e\u011fitim semineri yap\u0131ld\u0131.<\/p>\n<p>ARUCAD\u2019dan yap\u0131lan a\u00e7\u0131klamaya g\u00f6re, seminer, kurumsal d\u00fczeyde fark\u0131ndal\u0131k yaratmak ve toplumsal kapsay\u0131c\u0131l\u0131\u011f\u0131 g\u00fc\u00e7lendirmek amac\u0131yla d\u00fczenleniyor.<\/p>\n<p>T\u00fcrk \u0130\u015faret Dili E\u011fitmeni ve Terc\u00fcman\u0131 Dr. Asl\u0131 \u00d6nay Ak\u00e7ay taraf\u0131ndan verilen e\u011fitimde, eri\u015filebilirlik ve kapsay\u0131c\u0131l\u0131k kavramlar\u0131n\u0131n \u00f6nemi vurguland\u0131. Engelli bireylerle etkili ileti\u015fim kurma y\u00f6ntemleri ele al\u0131narak, bu s\u00fcre\u00e7te dikkat edilmesi gereken temel hususlar kat\u0131l\u0131mc\u0131larla payla\u015f\u0131ld\u0131. Seminerde, ayr\u0131ca, i\u015fitme engelli\/sa\u011f\u0131r toplumu ve k\u00fclt\u00fcr\u00fc tan\u0131t\u0131larak, T\u00fcrk \u0130\u015faret Dili\u2019nin gramer yap\u0131s\u0131 ve temel i\u015faretleri \u00f6\u011fretildi.<\/p>\n<p>Seminerin ard\u0131ndan ARUCAD Rekt\u00f6r Yard\u0131mc\u0131s\u0131 Prof. Dr. Burcu Toker, E\u011fitmen Dr. Asl\u0131 \u00d6nay Ak\u00e7ay\u2019a te\u015fekk\u00fcr belgesini takdim etti. \u00dcniversitenin toplumsal duyarl\u0131l\u0131k projelerine verdi\u011fi \u00f6nemi yineleyen Toker, eri\u015filebilirlik ve kapsay\u0131c\u0131l\u0131\u011f\u0131 destekleyen benzer etkinliklerin ilerleyen s\u00fcre\u00e7te de devam edece\u011fini belirtti.<\/p>\n<\/p><\/div>\n<p><script async\n                    defer\n                    crossorigin=\"anonymous\"\n                    src=\"https:\/\/connect.facebook.net\/tr_TR\/sdk.js#xfbml=1&#038;version=v3.3\"\n            ><\/script><\/p>\n","protected":false},"excerpt":{"rendered":"<p>\u00a0Ark\u0131n Yarat\u0131c\u0131 Sanatlar ve Tasar\u0131m \u00dcniversitesi\u2019nde (ARUCAD) per\u015fembe g\u00fcn\u00fc \u201cEngel Olma, Fark\u0131nda Ol\u201d ba\u015fl\u0131kl\u0131 kurum i\u00e7i e\u011fitim semineri yap\u0131ld\u0131. ARUCAD\u2019dan yap\u0131lan a\u00e7\u0131klamaya g\u00f6re, seminer, kurumsal d\u00fczeyde fark\u0131ndal\u0131k yaratmak ve toplumsal kapsay\u0131c\u0131l\u0131\u011f\u0131 g\u00fc\u00e7lendirmek amac\u0131yla d\u00fczenleniyor. T\u00fcrk \u0130\u015faret Dili E\u011fitmeni ve Terc\u00fcman\u0131 Dr. Asl\u0131 \u00d6nay Ak\u00e7ay taraf\u0131ndan verilen e\u011fitimde, eri\u015filebilirlik ve kapsay\u0131c\u0131l\u0131k kavramlar\u0131n\u0131n \u00f6nemi vurguland\u0131. Engelli bireylerle<\/p>\n","protected":false},"author":1,"featured_media":77866,"comment_status":"open","ping_status":"open","sticky":false,"template":"","format":"standard","meta":{"footnotes":""},"categories":[81,101],"tags":[],"class_list":["post-77865","post","type-post","status-publish","format-standard","has-post-thumbnail","hentry","category-kibris","category-manset"],"yoast_head":"<!-- This site is optimized with the Yoast SEO plugin v27.4 - https:\/\/yoast.com\/product\/yoast-seo-wordpress\/ -->\n<title>ARUCAD\u2019da \u201cEngel Olma, Fark\u0131nda Ol\u201d ba\u015fl\u0131kl\u0131 seminer yap\u0131ld\u0131 -<\/title>\n<meta name=\"robots\" content=\"index, follow, max-snippet:-1, max-image-preview:large, max-video-preview:-1\" \/>\n<link rel=\"canonical\" href=\"https:\/\/kibrisdakik.com\/?p=77865\" \/>\n<meta property=\"og:locale\" content=\"tr_TR\" \/>\n<meta property=\"og:type\" content=\"article\" \/>\n<meta property=\"og:title\" content=\"ARUCAD\u2019da \u201cEngel Olma, Fark\u0131nda Ol\u201d ba\u015fl\u0131kl\u0131 seminer yap\u0131ld\u0131 -\" \/>\n<meta property=\"og:description\" content=\"\u00a0Ark\u0131n Yarat\u0131c\u0131 Sanatlar ve Tasar\u0131m \u00dcniversitesi\u2019nde (ARUCAD) per\u015fembe g\u00fcn\u00fc \u201cEngel Olma, Fark\u0131nda Ol\u201d ba\u015fl\u0131kl\u0131 kurum i\u00e7i e\u011fitim semineri yap\u0131ld\u0131. ARUCAD\u2019dan yap\u0131lan a\u00e7\u0131klamaya g\u00f6re, seminer, kurumsal d\u00fczeyde fark\u0131ndal\u0131k yaratmak ve toplumsal kapsay\u0131c\u0131l\u0131\u011f\u0131 g\u00fc\u00e7lendirmek amac\u0131yla d\u00fczenleniyor. T\u00fcrk \u0130\u015faret Dili E\u011fitmeni ve Terc\u00fcman\u0131 Dr. Asl\u0131 \u00d6nay Ak\u00e7ay taraf\u0131ndan verilen e\u011fitimde, eri\u015filebilirlik ve kapsay\u0131c\u0131l\u0131k kavramlar\u0131n\u0131n \u00f6nemi vurguland\u0131. Engelli bireylerle\" \/>\n<meta property=\"og:url\" content=\"https:\/\/kibrisdakik.com\/?p=77865\" \/>\n<meta property=\"article:published_time\" content=\"2025-03-15T10:54:28+00:00\" \/>\n<meta property=\"og:image\" content=\"https:\/\/kibrisdakik.com\/wp-content\/uploads\/2025\/03\/ARUCADda-Engel-Olma-Farkinda-Ol-Semineri-Gerceklestirildi-3-740x420.jpeg\" \/>\n\t<meta property=\"og:image:width\" content=\"1600\" \/>\n\t<meta property=\"og:image:height\" content=\"1066\" \/>\n\t<meta property=\"og:image:type\" content=\"image\/jpeg\" \/>\n<meta name=\"author\" content=\"admin\" \/>\n<meta name=\"twitter:card\" content=\"summary_large_image\" \/>\n<meta name=\"twitter:label1\" content=\"Yazan:\" \/>\n\t<meta name=\"twitter:data1\" content=\"admin\" \/>\n\t<meta name=\"twitter:label2\" content=\"Tahmini okuma s\u00fcresi\" \/>\n\t<meta name=\"twitter:data2\" content=\"1 dakika\" \/>\n<script type=\"application\/ld+json\" class=\"yoast-schema-graph\">{\"@context\":\"https:\\\/\\\/schema.org\",\"@graph\":[{\"@type\":\"Article\",\"@id\":\"https:\\\/\\\/kibrisdakik.com\\\/?p=77865#article\",\"isPartOf\":{\"@id\":\"https:\\\/\\\/kibrisdakik.com\\\/?p=77865\"},\"author\":{\"name\":\"admin\",\"@id\":\"https:\\\/\\\/kibrisdakik.com\\\/#\\\/schema\\\/person\\\/9cd9d437bbb44f72b73ba127e06d8e79\"},\"headline\":\"ARUCAD\u2019da \u201cEngel Olma, Fark\u0131nda Ol\u201d ba\u015fl\u0131kl\u0131 seminer yap\u0131ld\u0131\",\"datePublished\":\"2025-03-15T10:54:28+00:00\",\"mainEntityOfPage\":{\"@id\":\"https:\\\/\\\/kibrisdakik.com\\\/?p=77865\"},\"wordCount\":213,\"commentCount\":0,\"image\":{\"@id\":\"https:\\\/\\\/kibrisdakik.com\\\/?p=77865#primaryimage\"},\"thumbnailUrl\":\"https:\\\/\\\/kibrisdakik.com\\\/wp-content\\\/uploads\\\/2025\\\/03\\\/ARUCADda-Engel-Olma-Farkinda-Ol-Semineri-Gerceklestirildi-3-740x420.jpeg\",\"articleSection\":[\"K\u0131br\u0131s\",\"Man\u015fet\"],\"inLanguage\":\"tr\",\"potentialAction\":[{\"@type\":\"CommentAction\",\"name\":\"Comment\",\"target\":[\"https:\\\/\\\/kibrisdakik.com\\\/?p=77865#respond\"]}]},{\"@type\":\"WebPage\",\"@id\":\"https:\\\/\\\/kibrisdakik.com\\\/?p=77865\",\"url\":\"https:\\\/\\\/kibrisdakik.com\\\/?p=77865\",\"name\":\"ARUCAD\u2019da \u201cEngel Olma, Fark\u0131nda Ol\u201d ba\u015fl\u0131kl\u0131 seminer yap\u0131ld\u0131 -\",\"isPartOf\":{\"@id\":\"https:\\\/\\\/kibrisdakik.com\\\/#website\"},\"primaryImageOfPage\":{\"@id\":\"https:\\\/\\\/kibrisdakik.com\\\/?p=77865#primaryimage\"},\"image\":{\"@id\":\"https:\\\/\\\/kibrisdakik.com\\\/?p=77865#primaryimage\"},\"thumbnailUrl\":\"https:\\\/\\\/kibrisdakik.com\\\/wp-content\\\/uploads\\\/2025\\\/03\\\/ARUCADda-Engel-Olma-Farkinda-Ol-Semineri-Gerceklestirildi-3-740x420.jpeg\",\"datePublished\":\"2025-03-15T10:54:28+00:00\",\"author\":{\"@id\":\"https:\\\/\\\/kibrisdakik.com\\\/#\\\/schema\\\/person\\\/9cd9d437bbb44f72b73ba127e06d8e79\"},\"breadcrumb\":{\"@id\":\"https:\\\/\\\/kibrisdakik.com\\\/?p=77865#breadcrumb\"},\"inLanguage\":\"tr\",\"potentialAction\":[{\"@type\":\"ReadAction\",\"target\":[\"https:\\\/\\\/kibrisdakik.com\\\/?p=77865\"]}]},{\"@type\":\"ImageObject\",\"inLanguage\":\"tr\",\"@id\":\"https:\\\/\\\/kibrisdakik.com\\\/?p=77865#primaryimage\",\"url\":\"https:\\\/\\\/kibrisdakik.com\\\/wp-content\\\/uploads\\\/2025\\\/03\\\/ARUCADda-Engel-Olma-Farkinda-Ol-Semineri-Gerceklestirildi-3-740x420.jpeg\",\"contentUrl\":\"https:\\\/\\\/kibrisdakik.com\\\/wp-content\\\/uploads\\\/2025\\\/03\\\/ARUCADda-Engel-Olma-Farkinda-Ol-Semineri-Gerceklestirildi-3-740x420.jpeg\",\"width\":1600,\"height\":1066},{\"@type\":\"BreadcrumbList\",\"@id\":\"https:\\\/\\\/kibrisdakik.com\\\/?p=77865#breadcrumb\",\"itemListElement\":[{\"@type\":\"ListItem\",\"position\":1,\"name\":\"Home\",\"item\":\"https:\\\/\\\/kibrisdakik.com\\\/\"},{\"@type\":\"ListItem\",\"position\":2,\"name\":\"ARUCAD\u2019da \u201cEngel Olma, Fark\u0131nda Ol\u201d ba\u015fl\u0131kl\u0131 seminer yap\u0131ld\u0131\"}]},{\"@type\":\"WebSite\",\"@id\":\"https:\\\/\\\/kibrisdakik.com\\\/#website\",\"url\":\"https:\\\/\\\/kibrisdakik.com\\\/\",\"name\":\"\",\"description\":\"Tam vaktinde haber\",\"potentialAction\":[{\"@type\":\"SearchAction\",\"target\":{\"@type\":\"EntryPoint\",\"urlTemplate\":\"https:\\\/\\\/kibrisdakik.com\\\/?s={search_term_string}\"},\"query-input\":{\"@type\":\"PropertyValueSpecification\",\"valueRequired\":true,\"valueName\":\"search_term_string\"}}],\"inLanguage\":\"tr\"},{\"@type\":\"Person\",\"@id\":\"https:\\\/\\\/kibrisdakik.com\\\/#\\\/schema\\\/person\\\/9cd9d437bbb44f72b73ba127e06d8e79\",\"name\":\"admin\",\"image\":{\"@type\":\"ImageObject\",\"inLanguage\":\"tr\",\"@id\":\"https:\\\/\\\/secure.gravatar.com\\\/avatar\\\/ccc17943b9d660506c869530f897617f7cb1c21a4bf30023f252596d83e1f007?s=96&d=mm&r=g\",\"url\":\"https:\\\/\\\/secure.gravatar.com\\\/avatar\\\/ccc17943b9d660506c869530f897617f7cb1c21a4bf30023f252596d83e1f007?s=96&d=mm&r=g\",\"contentUrl\":\"https:\\\/\\\/secure.gravatar.com\\\/avatar\\\/ccc17943b9d660506c869530f897617f7cb1c21a4bf30023f252596d83e1f007?s=96&d=mm&r=g\",\"caption\":\"admin\"},\"sameAs\":[\"https:\\\/\\\/kibrisdakik.com\"],\"url\":\"https:\\\/\\\/kibrisdakik.com\\\/?author=1\"}]}<\/script>\n<!-- \/ Yoast SEO plugin. -->","yoast_head_json":{"title":"ARUCAD\u2019da \u201cEngel Olma, Fark\u0131nda Ol\u201d ba\u015fl\u0131kl\u0131 seminer yap\u0131ld\u0131 -","robots":{"index":"index","follow":"follow","max-snippet":"max-snippet:-1","max-image-preview":"max-image-preview:large","max-video-preview":"max-video-preview:-1"},"canonical":"https:\/\/kibrisdakik.com\/?p=77865","og_locale":"tr_TR","og_type":"article","og_title":"ARUCAD\u2019da \u201cEngel Olma, Fark\u0131nda Ol\u201d ba\u015fl\u0131kl\u0131 seminer yap\u0131ld\u0131 -","og_description":"\u00a0Ark\u0131n Yarat\u0131c\u0131 Sanatlar ve Tasar\u0131m \u00dcniversitesi\u2019nde (ARUCAD) per\u015fembe g\u00fcn\u00fc \u201cEngel Olma, Fark\u0131nda Ol\u201d ba\u015fl\u0131kl\u0131 kurum i\u00e7i e\u011fitim semineri yap\u0131ld\u0131. ARUCAD\u2019dan yap\u0131lan a\u00e7\u0131klamaya g\u00f6re, seminer, kurumsal d\u00fczeyde fark\u0131ndal\u0131k yaratmak ve toplumsal kapsay\u0131c\u0131l\u0131\u011f\u0131 g\u00fc\u00e7lendirmek amac\u0131yla d\u00fczenleniyor. T\u00fcrk \u0130\u015faret Dili E\u011fitmeni ve Terc\u00fcman\u0131 Dr. Asl\u0131 \u00d6nay Ak\u00e7ay taraf\u0131ndan verilen e\u011fitimde, eri\u015filebilirlik ve kapsay\u0131c\u0131l\u0131k kavramlar\u0131n\u0131n \u00f6nemi vurguland\u0131. Engelli bireylerle","og_url":"https:\/\/kibrisdakik.com\/?p=77865","article_published_time":"2025-03-15T10:54:28+00:00","og_image":[{"width":1600,"height":1066,"url":"https:\/\/kibrisdakik.com\/wp-content\/uploads\/2025\/03\/ARUCADda-Engel-Olma-Farkinda-Ol-Semineri-Gerceklestirildi-3-740x420.jpeg","type":"image\/jpeg"}],"author":"admin","twitter_card":"summary_large_image","twitter_misc":{"Yazan:":"admin","Tahmini okuma s\u00fcresi":"1 dakika"},"schema":{"@context":"https:\/\/schema.org","@graph":[{"@type":"Article","@id":"https:\/\/kibrisdakik.com\/?p=77865#article","isPartOf":{"@id":"https:\/\/kibrisdakik.com\/?p=77865"},"author":{"name":"admin","@id":"https:\/\/kibrisdakik.com\/#\/schema\/person\/9cd9d437bbb44f72b73ba127e06d8e79"},"headline":"ARUCAD\u2019da \u201cEngel Olma, Fark\u0131nda Ol\u201d ba\u015fl\u0131kl\u0131 seminer yap\u0131ld\u0131","datePublished":"2025-03-15T10:54:28+00:00","mainEntityOfPage":{"@id":"https:\/\/kibrisdakik.com\/?p=77865"},"wordCount":213,"commentCount":0,"image":{"@id":"https:\/\/kibrisdakik.com\/?p=77865#primaryimage"},"thumbnailUrl":"https:\/\/kibrisdakik.com\/wp-content\/uploads\/2025\/03\/ARUCADda-Engel-Olma-Farkinda-Ol-Semineri-Gerceklestirildi-3-740x420.jpeg","articleSection":["K\u0131br\u0131s","Man\u015fet"],"inLanguage":"tr","potentialAction":[{"@type":"CommentAction","name":"Comment","target":["https:\/\/kibrisdakik.com\/?p=77865#respond"]}]},{"@type":"WebPage","@id":"https:\/\/kibrisdakik.com\/?p=77865","url":"https:\/\/kibrisdakik.com\/?p=77865","name":"ARUCAD\u2019da \u201cEngel Olma, Fark\u0131nda Ol\u201d ba\u015fl\u0131kl\u0131 seminer yap\u0131ld\u0131 -","isPartOf":{"@id":"https:\/\/kibrisdakik.com\/#website"},"primaryImageOfPage":{"@id":"https:\/\/kibrisdakik.com\/?p=77865#primaryimage"},"image":{"@id":"https:\/\/kibrisdakik.com\/?p=77865#primaryimage"},"thumbnailUrl":"https:\/\/kibrisdakik.com\/wp-content\/uploads\/2025\/03\/ARUCADda-Engel-Olma-Farkinda-Ol-Semineri-Gerceklestirildi-3-740x420.jpeg","datePublished":"2025-03-15T10:54:28+00:00","author":{"@id":"https:\/\/kibrisdakik.com\/#\/schema\/person\/9cd9d437bbb44f72b73ba127e06d8e79"},"breadcrumb":{"@id":"https:\/\/kibrisdakik.com\/?p=77865#breadcrumb"},"inLanguage":"tr","potentialAction":[{"@type":"ReadAction","target":["https:\/\/kibrisdakik.com\/?p=77865"]}]},{"@type":"ImageObject","inLanguage":"tr","@id":"https:\/\/kibrisdakik.com\/?p=77865#primaryimage","url":"https:\/\/kibrisdakik.com\/wp-content\/uploads\/2025\/03\/ARUCADda-Engel-Olma-Farkinda-Ol-Semineri-Gerceklestirildi-3-740x420.jpeg","contentUrl":"https:\/\/kibrisdakik.com\/wp-content\/uploads\/2025\/03\/ARUCADda-Engel-Olma-Farkinda-Ol-Semineri-Gerceklestirildi-3-740x420.jpeg","width":1600,"height":1066},{"@type":"BreadcrumbList","@id":"https:\/\/kibrisdakik.com\/?p=77865#breadcrumb","itemListElement":[{"@type":"ListItem","position":1,"name":"Home","item":"https:\/\/kibrisdakik.com\/"},{"@type":"ListItem","position":2,"name":"ARUCAD\u2019da \u201cEngel Olma, Fark\u0131nda Ol\u201d ba\u015fl\u0131kl\u0131 seminer yap\u0131ld\u0131"}]},{"@type":"WebSite","@id":"https:\/\/kibrisdakik.com\/#website","url":"https:\/\/kibrisdakik.com\/","name":"","description":"Tam vaktinde haber","potentialAction":[{"@type":"SearchAction","target":{"@type":"EntryPoint","urlTemplate":"https:\/\/kibrisdakik.com\/?s={search_term_string}"},"query-input":{"@type":"PropertyValueSpecification","valueRequired":true,"valueName":"search_term_string"}}],"inLanguage":"tr"},{"@type":"Person","@id":"https:\/\/kibrisdakik.com\/#\/schema\/person\/9cd9d437bbb44f72b73ba127e06d8e79","name":"admin","image":{"@type":"ImageObject","inLanguage":"tr","@id":"https:\/\/secure.gravatar.com\/avatar\/ccc17943b9d660506c869530f897617f7cb1c21a4bf30023f252596d83e1f007?s=96&d=mm&r=g","url":"https:\/\/secure.gravatar.com\/avatar\/ccc17943b9d660506c869530f897617f7cb1c21a4bf30023f252596d83e1f007?s=96&d=mm&r=g","contentUrl":"https:\/\/secure.gravatar.com\/avatar\/ccc17943b9d660506c869530f897617f7cb1c21a4bf30023f252596d83e1f007?s=96&d=mm&r=g","caption":"admin"},"sameAs":["https:\/\/kibrisdakik.com"],"url":"https:\/\/kibrisdakik.com\/?author=1"}]}},"_links":{"self":[{"href":"https:\/\/kibrisdakik.com\/index.php?rest_route=\/wp\/v2\/posts\/77865","targetHints":{"allow":["GET"]}}],"collection":[{"href":"https:\/\/kibrisdakik.com\/index.php?rest_route=\/wp\/v2\/posts"}],"about":[{"href":"https:\/\/kibrisdakik.com\/index.php?rest_route=\/wp\/v2\/types\/post"}],"author":[{"embeddable":true,"href":"https:\/\/kibrisdakik.com\/index.php?rest_route=\/wp\/v2\/users\/1"}],"replies":[{"embeddable":true,"href":"https:\/\/kibrisdakik.com\/index.php?rest_route=%2Fwp%2Fv2%2Fcomments&post=77865"}],"version-history":[{"count":0,"href":"https:\/\/kibrisdakik.com\/index.php?rest_route=\/wp\/v2\/posts\/77865\/revisions"}],"wp:featuredmedia":[{"embeddable":true,"href":"https:\/\/kibrisdakik.com\/index.php?rest_route=\/wp\/v2\/media\/77866"}],"wp:attachment":[{"href":"https:\/\/kibrisdakik.com\/index.php?rest_route=%2Fwp%2Fv2%2Fmedia&parent=77865"}],"wp:term":[{"taxonomy":"category","embeddable":true,"href":"https:\/\/kibrisdakik.com\/index.php?rest_route=%2Fwp%2Fv2%2Fcategories&post=77865"},{"taxonomy":"post_tag","embeddable":true,"href":"https:\/\/kibrisdakik.com\/index.php?rest_route=%2Fwp%2Fv2%2Ftags&post=77865"}],"curies":[{"name":"wp","href":"https:\/\/api.w.org\/{rel}","templated":true}]}}