{"id":77886,"date":"2025-03-15T18:01:22","date_gmt":"2025-03-15T15:01:22","guid":{"rendered":"https:\/\/kibrisdakik.com\/index.php\/2025\/03\/15\/ktosun-44uncu-olagan-genel-kurulu-gerceklestirildi\/"},"modified":"2025-03-15T18:01:22","modified_gmt":"2025-03-15T15:01:22","slug":"ktosun-44uncu-olagan-genel-kurulu-gerceklestirildi","status":"publish","type":"post","link":"https:\/\/kibrisdakik.com\/?p=77886","title":{"rendered":"KT\u00d6S\u2019\u00fcn 44\u2019\u00fcnc\u00fc Ola\u011fan Genel Kurulu ger\u00e7ekle\u015ftirildi"},"content":{"rendered":"<div>\n<div class=\"mariselle-image-container center\">\n                                            <\/div>\n<p>K\u0131br\u0131s T\u00fcrk \u00d6\u011fretmenler Sendikas\u0131 44. Ola\u011fan Genel Kurulu ger\u00e7ekle\u015ftirildi.<\/p>\n<p>Genel Kurul\u2019da ilk olarak sayg\u0131 duru\u015funda bulunuldu ard\u0131ndan ba\u015fkanl\u0131k divan\u0131 olu\u015fturuldu. <\/p>\n<p>Genel Kurul\u2019da konu\u015fan K\u0131br\u0131s T\u00fcrk \u00d6\u011fretmenler Sendikas\u0131 Ba\u015fkan\u0131 Mustafa Baybora, \u00f6\u011fretmenin toplumun ilerici ve ayd\u0131nl\u0131k y\u00fcz\u00fc oldu\u011funu s\u00f6yledi.<br \/>Baybora, \u201c\u00d6\u011fretmen toplumun bir bireyidir. Bu bilin\u00e7le toplum sorunlar\u0131yla \u00f6\u011fretmen sorunlar\u0131n\u0131n i\u00e7 i\u00e7e oldu\u011fu anlay\u0131\u015f\u0131ndan ve ilkesinden taviz vermeden 57 y\u0131ld\u0131r m\u00fccadelemiz devam etmektedir ve edecektir\u201d dedi.<\/p>\n<p>K\u0131br\u0131s T\u00fcrk \u00d6\u011fretmenler Sendikas\u0131 Genel Sekreteri Burak Mavi\u015f de, felsefelerinin sonu\u00e7 almak ve m\u00fccadele oldu\u011funu s\u00f6yledi.<br \/>Mavi\u015f, \u201cToplumun gelece\u011fi i\u00e7in m\u00fccadele ettik. Bask\u0131 d\u00f6nemleri de oldu, dayan\u0131\u015fmam\u0131zla m\u00fccadele ettik ve sonu\u00e7 ald\u0131k\u201d dedi.<\/p>\n<p>K\u0131br\u0131s T\u00fcrk Orta E\u011fitim \u00d6\u011fretmenler Sendikas\u0131 Ba\u015fkan\u0131 Selma Eylem ise konu\u015fmas\u0131nda, toplum modeli yaratman\u0131n en g\u00fc\u00e7l\u00fc arac\u0131n\u0131n e\u011fitim oldu\u011funu belirtti.<\/p>\n<p>Cumhuriyet\u00e7i T\u00fcrk Partisi Genel Ba\u015fkan\u0131 Tufan Erh\u00fcrman da sendikan\u0131n K\u0131br\u0131s T\u00fcrk halk\u0131n\u0131n toplumsal tarihinde b\u00fcy\u00fck \u00f6nemi oldu\u011funu s\u00f6yledi.<\/p>\n<p>Erh\u00fcrman, \u201cHer bir \u00f6\u011fretmenimiz s\u0131n\u0131ftad\u0131r ve her bir \u00f6\u011fretmenimiz belli alanda KT\u00d6S \u00e7at\u0131s\u0131 alt\u0131nda \u00f6rg\u00fctlenmi\u015ftir\u201d dedi.<\/p>\n<p>Genel Kurul da DA\u00dc-SEN y\u00f6netim kurulu \u00fcyesi Mustafa R\u0131za, KTAMS Ba\u015fkan\u0131 G\u00fcven Bengihan, KTMMOB Ba\u015fkan\u0131 Seral Aysal, D\u00fcnya Sendikalar Federasyonu Genel Sekreteri Pambis Kyritsis, PEO ad\u0131na Hristos Tombazos, AKEL ad\u0131na Elias Demetriou, BKP Genel Ba\u015fkan\u0131 \u0130zzet \u0130zcan, Ba\u011f\u0131ms\u0131zl\u0131k Yolu ad\u0131na M\u00fcn\u00fcr Rahvanc\u0131o\u011flu ve TDP Genel Sekreteri Nevzat \u00d6zkunt da konu\u015fma yapt\u0131. Genel kurulda mali ve faaliyet rapor okunarak akland\u0131. Daha sonra t\u00fcz\u00fck de\u011fi\u015fikli\u011fi ile ilgili oylamaya ge\u00e7ildi ve y\u00f6netim kurulu se\u00e7imi ger\u00e7ekle\u015ftirildi.<\/p>\n<\/p><\/div>\n<p><script async\n                    defer\n                    crossorigin=\"anonymous\"\n                    src=\"https:\/\/connect.facebook.net\/tr_TR\/sdk.js#xfbml=1&#038;version=v3.3\"\n            ><\/script><\/p>\n","protected":false},"excerpt":{"rendered":"<p>K\u0131br\u0131s T\u00fcrk \u00d6\u011fretmenler Sendikas\u0131 44. Ola\u011fan Genel Kurulu ger\u00e7ekle\u015ftirildi. Genel Kurul\u2019da ilk olarak sayg\u0131 duru\u015funda bulunuldu ard\u0131ndan ba\u015fkanl\u0131k divan\u0131 olu\u015fturuldu. Genel Kurul\u2019da konu\u015fan K\u0131br\u0131s T\u00fcrk \u00d6\u011fretmenler Sendikas\u0131 Ba\u015fkan\u0131 Mustafa Baybora, \u00f6\u011fretmenin toplumun ilerici ve ayd\u0131nl\u0131k y\u00fcz\u00fc oldu\u011funu s\u00f6yledi.Baybora, \u201c\u00d6\u011fretmen toplumun bir bireyidir. Bu bilin\u00e7le toplum sorunlar\u0131yla \u00f6\u011fretmen sorunlar\u0131n\u0131n i\u00e7 i\u00e7e oldu\u011fu anlay\u0131\u015f\u0131ndan ve ilkesinden taviz<\/p>\n","protected":false},"author":1,"featured_media":77887,"comment_status":"open","ping_status":"open","sticky":false,"template":"","format":"standard","meta":{"footnotes":""},"categories":[81,101],"tags":[],"class_list":["post-77886","post","type-post","status-publish","format-standard","has-post-thumbnail","hentry","category-kibris","category-manset"],"yoast_head":"<!-- This site is optimized with the Yoast SEO plugin v27.4 - https:\/\/yoast.com\/product\/yoast-seo-wordpress\/ -->\n<title>KT\u00d6S\u2019\u00fcn 44\u2019\u00fcnc\u00fc Ola\u011fan Genel Kurulu ger\u00e7ekle\u015ftirildi -<\/title>\n<meta name=\"robots\" content=\"index, follow, max-snippet:-1, max-image-preview:large, max-video-preview:-1\" \/>\n<link rel=\"canonical\" href=\"https:\/\/kibrisdakik.com\/?p=77886\" \/>\n<meta property=\"og:locale\" content=\"tr_TR\" \/>\n<meta property=\"og:type\" content=\"article\" \/>\n<meta property=\"og:title\" content=\"KT\u00d6S\u2019\u00fcn 44\u2019\u00fcnc\u00fc Ola\u011fan Genel Kurulu ger\u00e7ekle\u015ftirildi -\" \/>\n<meta property=\"og:description\" content=\"K\u0131br\u0131s T\u00fcrk \u00d6\u011fretmenler Sendikas\u0131 44. Ola\u011fan Genel Kurulu ger\u00e7ekle\u015ftirildi. Genel Kurul\u2019da ilk olarak sayg\u0131 duru\u015funda bulunuldu ard\u0131ndan ba\u015fkanl\u0131k divan\u0131 olu\u015fturuldu. Genel Kurul\u2019da konu\u015fan K\u0131br\u0131s T\u00fcrk \u00d6\u011fretmenler Sendikas\u0131 Ba\u015fkan\u0131 Mustafa Baybora, \u00f6\u011fretmenin toplumun ilerici ve ayd\u0131nl\u0131k y\u00fcz\u00fc oldu\u011funu s\u00f6yledi.Baybora, \u201c\u00d6\u011fretmen toplumun bir bireyidir. Bu bilin\u00e7le toplum sorunlar\u0131yla \u00f6\u011fretmen sorunlar\u0131n\u0131n i\u00e7 i\u00e7e oldu\u011fu anlay\u0131\u015f\u0131ndan ve ilkesinden taviz\" \/>\n<meta property=\"og:url\" content=\"https:\/\/kibrisdakik.com\/?p=77886\" \/>\n<meta property=\"article:published_time\" content=\"2025-03-15T15:01:22+00:00\" \/>\n<meta property=\"og:image\" content=\"https:\/\/kibrisdakik.com\/wp-content\/uploads\/2025\/03\/iuihi-740x420.jpg\" \/>\n\t<meta property=\"og:image:width\" content=\"960\" \/>\n\t<meta property=\"og:image:height\" content=\"610\" \/>\n\t<meta property=\"og:image:type\" content=\"image\/jpeg\" \/>\n<meta name=\"author\" content=\"admin\" \/>\n<meta name=\"twitter:card\" content=\"summary_large_image\" \/>\n<meta name=\"twitter:label1\" content=\"Yazan:\" \/>\n\t<meta name=\"twitter:data1\" content=\"admin\" \/>\n\t<meta name=\"twitter:label2\" content=\"Tahmini okuma s\u00fcresi\" \/>\n\t<meta name=\"twitter:data2\" content=\"2 dakika\" \/>\n<script type=\"application\/ld+json\" class=\"yoast-schema-graph\">{\"@context\":\"https:\\\/\\\/schema.org\",\"@graph\":[{\"@type\":\"Article\",\"@id\":\"https:\\\/\\\/kibrisdakik.com\\\/?p=77886#article\",\"isPartOf\":{\"@id\":\"https:\\\/\\\/kibrisdakik.com\\\/?p=77886\"},\"author\":{\"name\":\"admin\",\"@id\":\"https:\\\/\\\/kibrisdakik.com\\\/#\\\/schema\\\/person\\\/9cd9d437bbb44f72b73ba127e06d8e79\"},\"headline\":\"KT\u00d6S\u2019\u00fcn 44\u2019\u00fcnc\u00fc Ola\u011fan Genel Kurulu ger\u00e7ekle\u015ftirildi\",\"datePublished\":\"2025-03-15T15:01:22+00:00\",\"mainEntityOfPage\":{\"@id\":\"https:\\\/\\\/kibrisdakik.com\\\/?p=77886\"},\"wordCount\":345,\"commentCount\":0,\"image\":{\"@id\":\"https:\\\/\\\/kibrisdakik.com\\\/?p=77886#primaryimage\"},\"thumbnailUrl\":\"https:\\\/\\\/kibrisdakik.com\\\/wp-content\\\/uploads\\\/2025\\\/03\\\/iuihi-740x420.jpg\",\"articleSection\":[\"K\u0131br\u0131s\",\"Man\u015fet\"],\"inLanguage\":\"tr\",\"potentialAction\":[{\"@type\":\"CommentAction\",\"name\":\"Comment\",\"target\":[\"https:\\\/\\\/kibrisdakik.com\\\/?p=77886#respond\"]}]},{\"@type\":\"WebPage\",\"@id\":\"https:\\\/\\\/kibrisdakik.com\\\/?p=77886\",\"url\":\"https:\\\/\\\/kibrisdakik.com\\\/?p=77886\",\"name\":\"KT\u00d6S\u2019\u00fcn 44\u2019\u00fcnc\u00fc Ola\u011fan Genel Kurulu ger\u00e7ekle\u015ftirildi -\",\"isPartOf\":{\"@id\":\"https:\\\/\\\/kibrisdakik.com\\\/#website\"},\"primaryImageOfPage\":{\"@id\":\"https:\\\/\\\/kibrisdakik.com\\\/?p=77886#primaryimage\"},\"image\":{\"@id\":\"https:\\\/\\\/kibrisdakik.com\\\/?p=77886#primaryimage\"},\"thumbnailUrl\":\"https:\\\/\\\/kibrisdakik.com\\\/wp-content\\\/uploads\\\/2025\\\/03\\\/iuihi-740x420.jpg\",\"datePublished\":\"2025-03-15T15:01:22+00:00\",\"author\":{\"@id\":\"https:\\\/\\\/kibrisdakik.com\\\/#\\\/schema\\\/person\\\/9cd9d437bbb44f72b73ba127e06d8e79\"},\"breadcrumb\":{\"@id\":\"https:\\\/\\\/kibrisdakik.com\\\/?p=77886#breadcrumb\"},\"inLanguage\":\"tr\",\"potentialAction\":[{\"@type\":\"ReadAction\",\"target\":[\"https:\\\/\\\/kibrisdakik.com\\\/?p=77886\"]}]},{\"@type\":\"ImageObject\",\"inLanguage\":\"tr\",\"@id\":\"https:\\\/\\\/kibrisdakik.com\\\/?p=77886#primaryimage\",\"url\":\"https:\\\/\\\/kibrisdakik.com\\\/wp-content\\\/uploads\\\/2025\\\/03\\\/iuihi-740x420.jpg\",\"contentUrl\":\"https:\\\/\\\/kibrisdakik.com\\\/wp-content\\\/uploads\\\/2025\\\/03\\\/iuihi-740x420.jpg\",\"width\":960,\"height\":610},{\"@type\":\"BreadcrumbList\",\"@id\":\"https:\\\/\\\/kibrisdakik.com\\\/?p=77886#breadcrumb\",\"itemListElement\":[{\"@type\":\"ListItem\",\"position\":1,\"name\":\"Home\",\"item\":\"https:\\\/\\\/kibrisdakik.com\\\/\"},{\"@type\":\"ListItem\",\"position\":2,\"name\":\"KT\u00d6S\u2019\u00fcn 44\u2019\u00fcnc\u00fc Ola\u011fan Genel Kurulu ger\u00e7ekle\u015ftirildi\"}]},{\"@type\":\"WebSite\",\"@id\":\"https:\\\/\\\/kibrisdakik.com\\\/#website\",\"url\":\"https:\\\/\\\/kibrisdakik.com\\\/\",\"name\":\"\",\"description\":\"Tam vaktinde haber\",\"potentialAction\":[{\"@type\":\"SearchAction\",\"target\":{\"@type\":\"EntryPoint\",\"urlTemplate\":\"https:\\\/\\\/kibrisdakik.com\\\/?s={search_term_string}\"},\"query-input\":{\"@type\":\"PropertyValueSpecification\",\"valueRequired\":true,\"valueName\":\"search_term_string\"}}],\"inLanguage\":\"tr\"},{\"@type\":\"Person\",\"@id\":\"https:\\\/\\\/kibrisdakik.com\\\/#\\\/schema\\\/person\\\/9cd9d437bbb44f72b73ba127e06d8e79\",\"name\":\"admin\",\"image\":{\"@type\":\"ImageObject\",\"inLanguage\":\"tr\",\"@id\":\"https:\\\/\\\/secure.gravatar.com\\\/avatar\\\/ccc17943b9d660506c869530f897617f7cb1c21a4bf30023f252596d83e1f007?s=96&d=mm&r=g\",\"url\":\"https:\\\/\\\/secure.gravatar.com\\\/avatar\\\/ccc17943b9d660506c869530f897617f7cb1c21a4bf30023f252596d83e1f007?s=96&d=mm&r=g\",\"contentUrl\":\"https:\\\/\\\/secure.gravatar.com\\\/avatar\\\/ccc17943b9d660506c869530f897617f7cb1c21a4bf30023f252596d83e1f007?s=96&d=mm&r=g\",\"caption\":\"admin\"},\"sameAs\":[\"https:\\\/\\\/kibrisdakik.com\"],\"url\":\"https:\\\/\\\/kibrisdakik.com\\\/?author=1\"}]}<\/script>\n<!-- \/ Yoast SEO plugin. -->","yoast_head_json":{"title":"KT\u00d6S\u2019\u00fcn 44\u2019\u00fcnc\u00fc Ola\u011fan Genel Kurulu ger\u00e7ekle\u015ftirildi -","robots":{"index":"index","follow":"follow","max-snippet":"max-snippet:-1","max-image-preview":"max-image-preview:large","max-video-preview":"max-video-preview:-1"},"canonical":"https:\/\/kibrisdakik.com\/?p=77886","og_locale":"tr_TR","og_type":"article","og_title":"KT\u00d6S\u2019\u00fcn 44\u2019\u00fcnc\u00fc Ola\u011fan Genel Kurulu ger\u00e7ekle\u015ftirildi -","og_description":"K\u0131br\u0131s T\u00fcrk \u00d6\u011fretmenler Sendikas\u0131 44. Ola\u011fan Genel Kurulu ger\u00e7ekle\u015ftirildi. Genel Kurul\u2019da ilk olarak sayg\u0131 duru\u015funda bulunuldu ard\u0131ndan ba\u015fkanl\u0131k divan\u0131 olu\u015fturuldu. Genel Kurul\u2019da konu\u015fan K\u0131br\u0131s T\u00fcrk \u00d6\u011fretmenler Sendikas\u0131 Ba\u015fkan\u0131 Mustafa Baybora, \u00f6\u011fretmenin toplumun ilerici ve ayd\u0131nl\u0131k y\u00fcz\u00fc oldu\u011funu s\u00f6yledi.Baybora, \u201c\u00d6\u011fretmen toplumun bir bireyidir. Bu bilin\u00e7le toplum sorunlar\u0131yla \u00f6\u011fretmen sorunlar\u0131n\u0131n i\u00e7 i\u00e7e oldu\u011fu anlay\u0131\u015f\u0131ndan ve ilkesinden taviz","og_url":"https:\/\/kibrisdakik.com\/?p=77886","article_published_time":"2025-03-15T15:01:22+00:00","og_image":[{"width":960,"height":610,"url":"https:\/\/kibrisdakik.com\/wp-content\/uploads\/2025\/03\/iuihi-740x420.jpg","type":"image\/jpeg"}],"author":"admin","twitter_card":"summary_large_image","twitter_misc":{"Yazan:":"admin","Tahmini okuma s\u00fcresi":"2 dakika"},"schema":{"@context":"https:\/\/schema.org","@graph":[{"@type":"Article","@id":"https:\/\/kibrisdakik.com\/?p=77886#article","isPartOf":{"@id":"https:\/\/kibrisdakik.com\/?p=77886"},"author":{"name":"admin","@id":"https:\/\/kibrisdakik.com\/#\/schema\/person\/9cd9d437bbb44f72b73ba127e06d8e79"},"headline":"KT\u00d6S\u2019\u00fcn 44\u2019\u00fcnc\u00fc Ola\u011fan Genel Kurulu ger\u00e7ekle\u015ftirildi","datePublished":"2025-03-15T15:01:22+00:00","mainEntityOfPage":{"@id":"https:\/\/kibrisdakik.com\/?p=77886"},"wordCount":345,"commentCount":0,"image":{"@id":"https:\/\/kibrisdakik.com\/?p=77886#primaryimage"},"thumbnailUrl":"https:\/\/kibrisdakik.com\/wp-content\/uploads\/2025\/03\/iuihi-740x420.jpg","articleSection":["K\u0131br\u0131s","Man\u015fet"],"inLanguage":"tr","potentialAction":[{"@type":"CommentAction","name":"Comment","target":["https:\/\/kibrisdakik.com\/?p=77886#respond"]}]},{"@type":"WebPage","@id":"https:\/\/kibrisdakik.com\/?p=77886","url":"https:\/\/kibrisdakik.com\/?p=77886","name":"KT\u00d6S\u2019\u00fcn 44\u2019\u00fcnc\u00fc Ola\u011fan Genel Kurulu ger\u00e7ekle\u015ftirildi -","isPartOf":{"@id":"https:\/\/kibrisdakik.com\/#website"},"primaryImageOfPage":{"@id":"https:\/\/kibrisdakik.com\/?p=77886#primaryimage"},"image":{"@id":"https:\/\/kibrisdakik.com\/?p=77886#primaryimage"},"thumbnailUrl":"https:\/\/kibrisdakik.com\/wp-content\/uploads\/2025\/03\/iuihi-740x420.jpg","datePublished":"2025-03-15T15:01:22+00:00","author":{"@id":"https:\/\/kibrisdakik.com\/#\/schema\/person\/9cd9d437bbb44f72b73ba127e06d8e79"},"breadcrumb":{"@id":"https:\/\/kibrisdakik.com\/?p=77886#breadcrumb"},"inLanguage":"tr","potentialAction":[{"@type":"ReadAction","target":["https:\/\/kibrisdakik.com\/?p=77886"]}]},{"@type":"ImageObject","inLanguage":"tr","@id":"https:\/\/kibrisdakik.com\/?p=77886#primaryimage","url":"https:\/\/kibrisdakik.com\/wp-content\/uploads\/2025\/03\/iuihi-740x420.jpg","contentUrl":"https:\/\/kibrisdakik.com\/wp-content\/uploads\/2025\/03\/iuihi-740x420.jpg","width":960,"height":610},{"@type":"BreadcrumbList","@id":"https:\/\/kibrisdakik.com\/?p=77886#breadcrumb","itemListElement":[{"@type":"ListItem","position":1,"name":"Home","item":"https:\/\/kibrisdakik.com\/"},{"@type":"ListItem","position":2,"name":"KT\u00d6S\u2019\u00fcn 44\u2019\u00fcnc\u00fc Ola\u011fan Genel Kurulu ger\u00e7ekle\u015ftirildi"}]},{"@type":"WebSite","@id":"https:\/\/kibrisdakik.com\/#website","url":"https:\/\/kibrisdakik.com\/","name":"","description":"Tam vaktinde haber","potentialAction":[{"@type":"SearchAction","target":{"@type":"EntryPoint","urlTemplate":"https:\/\/kibrisdakik.com\/?s={search_term_string}"},"query-input":{"@type":"PropertyValueSpecification","valueRequired":true,"valueName":"search_term_string"}}],"inLanguage":"tr"},{"@type":"Person","@id":"https:\/\/kibrisdakik.com\/#\/schema\/person\/9cd9d437bbb44f72b73ba127e06d8e79","name":"admin","image":{"@type":"ImageObject","inLanguage":"tr","@id":"https:\/\/secure.gravatar.com\/avatar\/ccc17943b9d660506c869530f897617f7cb1c21a4bf30023f252596d83e1f007?s=96&d=mm&r=g","url":"https:\/\/secure.gravatar.com\/avatar\/ccc17943b9d660506c869530f897617f7cb1c21a4bf30023f252596d83e1f007?s=96&d=mm&r=g","contentUrl":"https:\/\/secure.gravatar.com\/avatar\/ccc17943b9d660506c869530f897617f7cb1c21a4bf30023f252596d83e1f007?s=96&d=mm&r=g","caption":"admin"},"sameAs":["https:\/\/kibrisdakik.com"],"url":"https:\/\/kibrisdakik.com\/?author=1"}]}},"_links":{"self":[{"href":"https:\/\/kibrisdakik.com\/index.php?rest_route=\/wp\/v2\/posts\/77886","targetHints":{"allow":["GET"]}}],"collection":[{"href":"https:\/\/kibrisdakik.com\/index.php?rest_route=\/wp\/v2\/posts"}],"about":[{"href":"https:\/\/kibrisdakik.com\/index.php?rest_route=\/wp\/v2\/types\/post"}],"author":[{"embeddable":true,"href":"https:\/\/kibrisdakik.com\/index.php?rest_route=\/wp\/v2\/users\/1"}],"replies":[{"embeddable":true,"href":"https:\/\/kibrisdakik.com\/index.php?rest_route=%2Fwp%2Fv2%2Fcomments&post=77886"}],"version-history":[{"count":0,"href":"https:\/\/kibrisdakik.com\/index.php?rest_route=\/wp\/v2\/posts\/77886\/revisions"}],"wp:featuredmedia":[{"embeddable":true,"href":"https:\/\/kibrisdakik.com\/index.php?rest_route=\/wp\/v2\/media\/77887"}],"wp:attachment":[{"href":"https:\/\/kibrisdakik.com\/index.php?rest_route=%2Fwp%2Fv2%2Fmedia&parent=77886"}],"wp:term":[{"taxonomy":"category","embeddable":true,"href":"https:\/\/kibrisdakik.com\/index.php?rest_route=%2Fwp%2Fv2%2Fcategories&post=77886"},{"taxonomy":"post_tag","embeddable":true,"href":"https:\/\/kibrisdakik.com\/index.php?rest_route=%2Fwp%2Fv2%2Ftags&post=77886"}],"curies":[{"name":"wp","href":"https:\/\/api.w.org\/{rel}","templated":true}]}}