{"id":7790,"date":"2023-05-28T23:12:32","date_gmt":"2023-05-28T23:12:32","guid":{"rendered":"https:\/\/kibrisdakik.com\/index.php\/2023\/05\/28\/ozturklerden-erdogana-tebrik-mesaji\/"},"modified":"2023-05-28T23:12:32","modified_gmt":"2023-05-28T23:12:32","slug":"ozturklerden-erdogana-tebrik-mesaji","status":"publish","type":"post","link":"https:\/\/kibrisdakik.com\/?p=7790","title":{"rendered":"\u00d6zt\u00fcrkler\u2019den  Erdo\u011fan\u2019a tebrik mesaj\u0131"},"content":{"rendered":"<p><\/p>\n<div>\n<div class=\"mariselle-image-container center\">\n                <img width=\"1188\" height=\"787\" class=\"lazy-image\" alt=\"\" decoding=\"async\" loading=\"lazy\" sizes=\"auto, (max-width: 1188px) 100vw, 1188px\" src=\"https:\/\/brtk.net\/wp-content\/uploads\/2023\/05\/10\/ziya-ozturkler-5556.jpg?ver=c3680517c12fd578444ce8c4b1cc42b8\" srcset=\"https:\/\/brtk.net\/wp-content\/uploads\/2023\/05\/10\/ziya-ozturkler-5556.jpg?ver=c3680517c12fd578444ce8c4b1cc42b8 1188w, https:\/\/brtk.net\/wp-content\/uploads\/2023\/05\/10\/ziya-ozturkler-5556-300x199.jpg?ver=bad74fb3c03ee293611738555a043be1 300w, https:\/\/brtk.net\/wp-content\/uploads\/2023\/05\/10\/ziya-ozturkler-5556-1024x678.jpg?ver=bad74fb3c03ee293611738555a043be1 1024w, https:\/\/brtk.net\/wp-content\/uploads\/2023\/05\/10\/ziya-ozturkler-5556-768x509.jpg?ver=bad74fb3c03ee293611738555a043be1 768w\"\/>                            <\/div>\n<p>\u0130\u00e7i\u015fleri Bakan\u0131 Ziya \u00d6zt\u00fcrkler  sosyal medya hesab\u0131ndan yapt\u0131\u011f\u0131 a\u00e7\u0131klamada, TC Cumhurba\u1e63kan\u0131 Recep Tayyip Erdo\u011fan\u2019\u0131  tebrik etti.<\/p>\n<p>\u00d6zt\u00fcrkler\u2019in a\u00e7\u0131klamas\u0131  \u015fu \u015fekilde:<\/p>\n<p>\u201cHalk\u0131n b\u00fcy\u00fck bir kat\u0131l\u0131m\u0131 ve b\u00fcy\u00fck bir demokrasi \u00f6rne\u011fi ile ger\u00e7ekle\u015fen Cumhurba\u015fkanl\u0131\u011f\u0131 Se\u00e7iminden ba\u015far\u0131yla \u00e7\u0131kan Say\u0131n Recep Tayyip Erdo\u011fan\u2019\u0131 en i\u00e7ten dileklerimle tebrik ediyorum. Ba\u015fta Anavatan T\u00fcrkiye Cumhuriyeti olmak \u00fczere milletimize hay\u0131rlara vesile olmas\u0131n\u0131 diliyorum.\u201d<\/p>\n<blockquote class=\"twitter-tweet\" data-width=\"500\" data-dnt=\"true\">\n<p lang=\"tr\" dir=\"ltr\">Halk\u0131n b\u00fcy\u00fck bir kat\u0131l\u0131m\u0131 ve b\u00fcy\u00fck bir demokrasi \u00f6rne\u011fi ile ger\u00e7ekle\u015fen Cumhurba\u015fkanl\u0131\u011f\u0131 Se\u00e7iminden ba\u015far\u0131yla \u00e7\u0131kan Say\u0131n Recep Tayyip ERDO\u011eAN\u2019\u0131 en i\u00e7ten dileklerimle tebrik ediyorum. Ba\u015fta Anavatan T\u00fcrkiye Cumhuriyeti olmak \u00fczere milletimize hay\u0131rlara vesile olmas\u0131n\u0131 diliyorum. <a href=\"https:\/\/t.co\/5WgH3S7auH\">pic.twitter.com\/5WgH3S7auH<\/a><\/p>\n<p>\u2014 Dr. Ziya \u00d6zt\u00fcrkler (@drziyaozturkler) <a href=\"https:\/\/twitter.com\/drziyaozturkler\/status\/1662935795550887938?ref_src=twsrc%5Etfw\">May 28, 2023<\/a><\/p>\n<\/blockquote><\/div>\n<p><script async src=\"\/\/platform.twitter.com\/widgets.js\" charset=\"utf-8\"><\/script><script async\n                    defer\n                    crossorigin=\"anonymous\"\n                    src=\"https:\/\/connect.facebook.net\/tr_TR\/sdk.js#xfbml=1&#038;version=v3.3\"\n            ><\/script><\/p>\n","protected":false},"excerpt":{"rendered":"<p>\u0130\u00e7i\u015fleri Bakan\u0131 Ziya \u00d6zt\u00fcrkler sosyal medya hesab\u0131ndan yapt\u0131\u011f\u0131 a\u00e7\u0131klamada, TC Cumhurba\u1e63kan\u0131 Recep Tayyip Erdo\u011fan\u2019\u0131 tebrik etti. \u00d6zt\u00fcrkler\u2019in a\u00e7\u0131klamas\u0131 \u015fu \u015fekilde: \u201cHalk\u0131n b\u00fcy\u00fck bir kat\u0131l\u0131m\u0131 ve b\u00fcy\u00fck bir demokrasi \u00f6rne\u011fi ile ger\u00e7ekle\u015fen Cumhurba\u015fkanl\u0131\u011f\u0131 Se\u00e7iminden ba\u015far\u0131yla \u00e7\u0131kan Say\u0131n Recep Tayyip Erdo\u011fan\u2019\u0131 en i\u00e7ten dileklerimle tebrik ediyorum. Ba\u015fta Anavatan T\u00fcrkiye Cumhuriyeti olmak \u00fczere milletimize hay\u0131rlara vesile olmas\u0131n\u0131 diliyorum.\u201d<\/p>\n","protected":false},"author":1,"featured_media":7791,"comment_status":"open","ping_status":"open","sticky":false,"template":"","format":"standard","meta":{"footnotes":""},"categories":[1],"tags":[],"class_list":["post-7790","post","type-post","status-publish","format-standard","has-post-thumbnail","hentry","category-gundem"],"yoast_head":"<!-- This site is optimized with the Yoast SEO plugin v27.4 - https:\/\/yoast.com\/product\/yoast-seo-wordpress\/ -->\n<title>\u00d6zt\u00fcrkler\u2019den Erdo\u011fan\u2019a tebrik mesaj\u0131 -<\/title>\n<meta name=\"robots\" content=\"index, follow, max-snippet:-1, max-image-preview:large, max-video-preview:-1\" \/>\n<link rel=\"canonical\" href=\"https:\/\/kibrisdakik.com\/?p=7790\" \/>\n<meta property=\"og:locale\" content=\"tr_TR\" \/>\n<meta property=\"og:type\" content=\"article\" \/>\n<meta property=\"og:title\" content=\"\u00d6zt\u00fcrkler\u2019den Erdo\u011fan\u2019a tebrik mesaj\u0131 -\" \/>\n<meta property=\"og:description\" content=\"\u0130\u00e7i\u015fleri Bakan\u0131 Ziya \u00d6zt\u00fcrkler sosyal medya hesab\u0131ndan yapt\u0131\u011f\u0131 a\u00e7\u0131klamada, TC Cumhurba\u1e63kan\u0131 Recep Tayyip Erdo\u011fan\u2019\u0131 tebrik etti. \u00d6zt\u00fcrkler\u2019in a\u00e7\u0131klamas\u0131 \u015fu \u015fekilde: \u201cHalk\u0131n b\u00fcy\u00fck bir kat\u0131l\u0131m\u0131 ve b\u00fcy\u00fck bir demokrasi \u00f6rne\u011fi ile ger\u00e7ekle\u015fen Cumhurba\u015fkanl\u0131\u011f\u0131 Se\u00e7iminden ba\u015far\u0131yla \u00e7\u0131kan Say\u0131n Recep Tayyip Erdo\u011fan\u2019\u0131 en i\u00e7ten dileklerimle tebrik ediyorum. Ba\u015fta Anavatan T\u00fcrkiye Cumhuriyeti olmak \u00fczere milletimize hay\u0131rlara vesile olmas\u0131n\u0131 diliyorum.\u201d\" \/>\n<meta property=\"og:url\" content=\"https:\/\/kibrisdakik.com\/?p=7790\" \/>\n<meta property=\"article:published_time\" content=\"2023-05-28T23:12:32+00:00\" \/>\n<meta property=\"og:image\" content=\"https:\/\/kibrisdakik.com\/wp-content\/uploads\/2023\/05\/ziya-ozturkler-5556-740x420.jpg\" \/>\n\t<meta property=\"og:image:width\" content=\"1188\" \/>\n\t<meta property=\"og:image:height\" content=\"787\" \/>\n\t<meta property=\"og:image:type\" content=\"image\/jpeg\" \/>\n<meta name=\"author\" content=\"admin\" \/>\n<meta name=\"twitter:card\" content=\"summary_large_image\" \/>\n<meta name=\"twitter:label1\" content=\"Yazan:\" \/>\n\t<meta name=\"twitter:data1\" content=\"admin\" \/>\n\t<meta name=\"twitter:label2\" content=\"Tahmini okuma s\u00fcresi\" \/>\n\t<meta name=\"twitter:data2\" content=\"1 dakika\" \/>\n<script type=\"application\/ld+json\" class=\"yoast-schema-graph\">{\"@context\":\"https:\\\/\\\/schema.org\",\"@graph\":[{\"@type\":\"Article\",\"@id\":\"https:\\\/\\\/kibrisdakik.com\\\/?p=7790#article\",\"isPartOf\":{\"@id\":\"https:\\\/\\\/kibrisdakik.com\\\/?p=7790\"},\"author\":{\"name\":\"admin\",\"@id\":\"https:\\\/\\\/kibrisdakik.com\\\/#\\\/schema\\\/person\\\/9cd9d437bbb44f72b73ba127e06d8e79\"},\"headline\":\"\u00d6zt\u00fcrkler\u2019den Erdo\u011fan\u2019a tebrik mesaj\u0131\",\"datePublished\":\"2023-05-28T23:12:32+00:00\",\"mainEntityOfPage\":{\"@id\":\"https:\\\/\\\/kibrisdakik.com\\\/?p=7790\"},\"wordCount\":161,\"commentCount\":0,\"image\":{\"@id\":\"https:\\\/\\\/kibrisdakik.com\\\/?p=7790#primaryimage\"},\"thumbnailUrl\":\"https:\\\/\\\/kibrisdakik.com\\\/wp-content\\\/uploads\\\/2023\\\/05\\\/ziya-ozturkler-5556-740x420.jpg\",\"articleSection\":[\"G\u00fcndem\"],\"inLanguage\":\"tr\",\"potentialAction\":[{\"@type\":\"CommentAction\",\"name\":\"Comment\",\"target\":[\"https:\\\/\\\/kibrisdakik.com\\\/?p=7790#respond\"]}]},{\"@type\":\"WebPage\",\"@id\":\"https:\\\/\\\/kibrisdakik.com\\\/?p=7790\",\"url\":\"https:\\\/\\\/kibrisdakik.com\\\/?p=7790\",\"name\":\"\u00d6zt\u00fcrkler\u2019den Erdo\u011fan\u2019a tebrik mesaj\u0131 -\",\"isPartOf\":{\"@id\":\"https:\\\/\\\/kibrisdakik.com\\\/#website\"},\"primaryImageOfPage\":{\"@id\":\"https:\\\/\\\/kibrisdakik.com\\\/?p=7790#primaryimage\"},\"image\":{\"@id\":\"https:\\\/\\\/kibrisdakik.com\\\/?p=7790#primaryimage\"},\"thumbnailUrl\":\"https:\\\/\\\/kibrisdakik.com\\\/wp-content\\\/uploads\\\/2023\\\/05\\\/ziya-ozturkler-5556-740x420.jpg\",\"datePublished\":\"2023-05-28T23:12:32+00:00\",\"author\":{\"@id\":\"https:\\\/\\\/kibrisdakik.com\\\/#\\\/schema\\\/person\\\/9cd9d437bbb44f72b73ba127e06d8e79\"},\"breadcrumb\":{\"@id\":\"https:\\\/\\\/kibrisdakik.com\\\/?p=7790#breadcrumb\"},\"inLanguage\":\"tr\",\"potentialAction\":[{\"@type\":\"ReadAction\",\"target\":[\"https:\\\/\\\/kibrisdakik.com\\\/?p=7790\"]}]},{\"@type\":\"ImageObject\",\"inLanguage\":\"tr\",\"@id\":\"https:\\\/\\\/kibrisdakik.com\\\/?p=7790#primaryimage\",\"url\":\"https:\\\/\\\/kibrisdakik.com\\\/wp-content\\\/uploads\\\/2023\\\/05\\\/ziya-ozturkler-5556-740x420.jpg\",\"contentUrl\":\"https:\\\/\\\/kibrisdakik.com\\\/wp-content\\\/uploads\\\/2023\\\/05\\\/ziya-ozturkler-5556-740x420.jpg\",\"width\":1188,\"height\":787},{\"@type\":\"BreadcrumbList\",\"@id\":\"https:\\\/\\\/kibrisdakik.com\\\/?p=7790#breadcrumb\",\"itemListElement\":[{\"@type\":\"ListItem\",\"position\":1,\"name\":\"Home\",\"item\":\"https:\\\/\\\/kibrisdakik.com\\\/\"},{\"@type\":\"ListItem\",\"position\":2,\"name\":\"\u00d6zt\u00fcrkler\u2019den Erdo\u011fan\u2019a tebrik mesaj\u0131\"}]},{\"@type\":\"WebSite\",\"@id\":\"https:\\\/\\\/kibrisdakik.com\\\/#website\",\"url\":\"https:\\\/\\\/kibrisdakik.com\\\/\",\"name\":\"\",\"description\":\"Tam vaktinde haber\",\"potentialAction\":[{\"@type\":\"SearchAction\",\"target\":{\"@type\":\"EntryPoint\",\"urlTemplate\":\"https:\\\/\\\/kibrisdakik.com\\\/?s={search_term_string}\"},\"query-input\":{\"@type\":\"PropertyValueSpecification\",\"valueRequired\":true,\"valueName\":\"search_term_string\"}}],\"inLanguage\":\"tr\"},{\"@type\":\"Person\",\"@id\":\"https:\\\/\\\/kibrisdakik.com\\\/#\\\/schema\\\/person\\\/9cd9d437bbb44f72b73ba127e06d8e79\",\"name\":\"admin\",\"image\":{\"@type\":\"ImageObject\",\"inLanguage\":\"tr\",\"@id\":\"https:\\\/\\\/secure.gravatar.com\\\/avatar\\\/ccc17943b9d660506c869530f897617f7cb1c21a4bf30023f252596d83e1f007?s=96&d=mm&r=g\",\"url\":\"https:\\\/\\\/secure.gravatar.com\\\/avatar\\\/ccc17943b9d660506c869530f897617f7cb1c21a4bf30023f252596d83e1f007?s=96&d=mm&r=g\",\"contentUrl\":\"https:\\\/\\\/secure.gravatar.com\\\/avatar\\\/ccc17943b9d660506c869530f897617f7cb1c21a4bf30023f252596d83e1f007?s=96&d=mm&r=g\",\"caption\":\"admin\"},\"sameAs\":[\"https:\\\/\\\/kibrisdakik.com\"],\"url\":\"https:\\\/\\\/kibrisdakik.com\\\/?author=1\"}]}<\/script>\n<!-- \/ Yoast SEO plugin. -->","yoast_head_json":{"title":"\u00d6zt\u00fcrkler\u2019den Erdo\u011fan\u2019a tebrik mesaj\u0131 -","robots":{"index":"index","follow":"follow","max-snippet":"max-snippet:-1","max-image-preview":"max-image-preview:large","max-video-preview":"max-video-preview:-1"},"canonical":"https:\/\/kibrisdakik.com\/?p=7790","og_locale":"tr_TR","og_type":"article","og_title":"\u00d6zt\u00fcrkler\u2019den Erdo\u011fan\u2019a tebrik mesaj\u0131 -","og_description":"\u0130\u00e7i\u015fleri Bakan\u0131 Ziya \u00d6zt\u00fcrkler sosyal medya hesab\u0131ndan yapt\u0131\u011f\u0131 a\u00e7\u0131klamada, TC Cumhurba\u1e63kan\u0131 Recep Tayyip Erdo\u011fan\u2019\u0131 tebrik etti. \u00d6zt\u00fcrkler\u2019in a\u00e7\u0131klamas\u0131 \u015fu \u015fekilde: \u201cHalk\u0131n b\u00fcy\u00fck bir kat\u0131l\u0131m\u0131 ve b\u00fcy\u00fck bir demokrasi \u00f6rne\u011fi ile ger\u00e7ekle\u015fen Cumhurba\u015fkanl\u0131\u011f\u0131 Se\u00e7iminden ba\u015far\u0131yla \u00e7\u0131kan Say\u0131n Recep Tayyip Erdo\u011fan\u2019\u0131 en i\u00e7ten dileklerimle tebrik ediyorum. Ba\u015fta Anavatan T\u00fcrkiye Cumhuriyeti olmak \u00fczere milletimize hay\u0131rlara vesile olmas\u0131n\u0131 diliyorum.\u201d","og_url":"https:\/\/kibrisdakik.com\/?p=7790","article_published_time":"2023-05-28T23:12:32+00:00","og_image":[{"width":1188,"height":787,"url":"https:\/\/kibrisdakik.com\/wp-content\/uploads\/2023\/05\/ziya-ozturkler-5556-740x420.jpg","type":"image\/jpeg"}],"author":"admin","twitter_card":"summary_large_image","twitter_misc":{"Yazan:":"admin","Tahmini okuma s\u00fcresi":"1 dakika"},"schema":{"@context":"https:\/\/schema.org","@graph":[{"@type":"Article","@id":"https:\/\/kibrisdakik.com\/?p=7790#article","isPartOf":{"@id":"https:\/\/kibrisdakik.com\/?p=7790"},"author":{"name":"admin","@id":"https:\/\/kibrisdakik.com\/#\/schema\/person\/9cd9d437bbb44f72b73ba127e06d8e79"},"headline":"\u00d6zt\u00fcrkler\u2019den Erdo\u011fan\u2019a tebrik mesaj\u0131","datePublished":"2023-05-28T23:12:32+00:00","mainEntityOfPage":{"@id":"https:\/\/kibrisdakik.com\/?p=7790"},"wordCount":161,"commentCount":0,"image":{"@id":"https:\/\/kibrisdakik.com\/?p=7790#primaryimage"},"thumbnailUrl":"https:\/\/kibrisdakik.com\/wp-content\/uploads\/2023\/05\/ziya-ozturkler-5556-740x420.jpg","articleSection":["G\u00fcndem"],"inLanguage":"tr","potentialAction":[{"@type":"CommentAction","name":"Comment","target":["https:\/\/kibrisdakik.com\/?p=7790#respond"]}]},{"@type":"WebPage","@id":"https:\/\/kibrisdakik.com\/?p=7790","url":"https:\/\/kibrisdakik.com\/?p=7790","name":"\u00d6zt\u00fcrkler\u2019den Erdo\u011fan\u2019a tebrik mesaj\u0131 -","isPartOf":{"@id":"https:\/\/kibrisdakik.com\/#website"},"primaryImageOfPage":{"@id":"https:\/\/kibrisdakik.com\/?p=7790#primaryimage"},"image":{"@id":"https:\/\/kibrisdakik.com\/?p=7790#primaryimage"},"thumbnailUrl":"https:\/\/kibrisdakik.com\/wp-content\/uploads\/2023\/05\/ziya-ozturkler-5556-740x420.jpg","datePublished":"2023-05-28T23:12:32+00:00","author":{"@id":"https:\/\/kibrisdakik.com\/#\/schema\/person\/9cd9d437bbb44f72b73ba127e06d8e79"},"breadcrumb":{"@id":"https:\/\/kibrisdakik.com\/?p=7790#breadcrumb"},"inLanguage":"tr","potentialAction":[{"@type":"ReadAction","target":["https:\/\/kibrisdakik.com\/?p=7790"]}]},{"@type":"ImageObject","inLanguage":"tr","@id":"https:\/\/kibrisdakik.com\/?p=7790#primaryimage","url":"https:\/\/kibrisdakik.com\/wp-content\/uploads\/2023\/05\/ziya-ozturkler-5556-740x420.jpg","contentUrl":"https:\/\/kibrisdakik.com\/wp-content\/uploads\/2023\/05\/ziya-ozturkler-5556-740x420.jpg","width":1188,"height":787},{"@type":"BreadcrumbList","@id":"https:\/\/kibrisdakik.com\/?p=7790#breadcrumb","itemListElement":[{"@type":"ListItem","position":1,"name":"Home","item":"https:\/\/kibrisdakik.com\/"},{"@type":"ListItem","position":2,"name":"\u00d6zt\u00fcrkler\u2019den Erdo\u011fan\u2019a tebrik mesaj\u0131"}]},{"@type":"WebSite","@id":"https:\/\/kibrisdakik.com\/#website","url":"https:\/\/kibrisdakik.com\/","name":"","description":"Tam vaktinde haber","potentialAction":[{"@type":"SearchAction","target":{"@type":"EntryPoint","urlTemplate":"https:\/\/kibrisdakik.com\/?s={search_term_string}"},"query-input":{"@type":"PropertyValueSpecification","valueRequired":true,"valueName":"search_term_string"}}],"inLanguage":"tr"},{"@type":"Person","@id":"https:\/\/kibrisdakik.com\/#\/schema\/person\/9cd9d437bbb44f72b73ba127e06d8e79","name":"admin","image":{"@type":"ImageObject","inLanguage":"tr","@id":"https:\/\/secure.gravatar.com\/avatar\/ccc17943b9d660506c869530f897617f7cb1c21a4bf30023f252596d83e1f007?s=96&d=mm&r=g","url":"https:\/\/secure.gravatar.com\/avatar\/ccc17943b9d660506c869530f897617f7cb1c21a4bf30023f252596d83e1f007?s=96&d=mm&r=g","contentUrl":"https:\/\/secure.gravatar.com\/avatar\/ccc17943b9d660506c869530f897617f7cb1c21a4bf30023f252596d83e1f007?s=96&d=mm&r=g","caption":"admin"},"sameAs":["https:\/\/kibrisdakik.com"],"url":"https:\/\/kibrisdakik.com\/?author=1"}]}},"_links":{"self":[{"href":"https:\/\/kibrisdakik.com\/index.php?rest_route=\/wp\/v2\/posts\/7790","targetHints":{"allow":["GET"]}}],"collection":[{"href":"https:\/\/kibrisdakik.com\/index.php?rest_route=\/wp\/v2\/posts"}],"about":[{"href":"https:\/\/kibrisdakik.com\/index.php?rest_route=\/wp\/v2\/types\/post"}],"author":[{"embeddable":true,"href":"https:\/\/kibrisdakik.com\/index.php?rest_route=\/wp\/v2\/users\/1"}],"replies":[{"embeddable":true,"href":"https:\/\/kibrisdakik.com\/index.php?rest_route=%2Fwp%2Fv2%2Fcomments&post=7790"}],"version-history":[{"count":0,"href":"https:\/\/kibrisdakik.com\/index.php?rest_route=\/wp\/v2\/posts\/7790\/revisions"}],"wp:featuredmedia":[{"embeddable":true,"href":"https:\/\/kibrisdakik.com\/index.php?rest_route=\/wp\/v2\/media\/7791"}],"wp:attachment":[{"href":"https:\/\/kibrisdakik.com\/index.php?rest_route=%2Fwp%2Fv2%2Fmedia&parent=7790"}],"wp:term":[{"taxonomy":"category","embeddable":true,"href":"https:\/\/kibrisdakik.com\/index.php?rest_route=%2Fwp%2Fv2%2Fcategories&post=7790"},{"taxonomy":"post_tag","embeddable":true,"href":"https:\/\/kibrisdakik.com\/index.php?rest_route=%2Fwp%2Fv2%2Ftags&post=7790"}],"curies":[{"name":"wp","href":"https:\/\/api.w.org\/{rel}","templated":true}]}}