{"id":7794,"date":"2023-05-29T00:13:38","date_gmt":"2023-05-29T00:13:38","guid":{"rendered":"https:\/\/kibrisdakik.com\/index.php\/2023\/05\/29\/meclis-baskani-tore-tc-cumhurbaskani-erdogani-kutladi\/"},"modified":"2023-05-29T00:13:38","modified_gmt":"2023-05-29T00:13:38","slug":"meclis-baskani-tore-tc-cumhurbaskani-erdogani-kutladi","status":"publish","type":"post","link":"https:\/\/kibrisdakik.com\/?p=7794","title":{"rendered":"Meclis Ba\u015fkan\u0131 T\u00f6re, TC Cumhurba\u015fkan\u0131 Erdo\u011fan\u2019\u0131 kutlad\u0131"},"content":{"rendered":"<p><\/p>\n<div>\n<div class=\"mariselle-image-container center\">\n                <img width=\"1600\" height=\"1066\" class=\"lazy-image\" alt=\"\" decoding=\"async\" loading=\"lazy\" sizes=\"auto, (max-width: 1600px) 100vw, 1600px\" src=\"https:\/\/brtk.net\/wp-content\/uploads\/2023\/05\/28\/zorlu-tore-3242.jpg?ver=9ff4a4d8577f0405997fa0a9a4372695\" srcset=\"https:\/\/brtk.net\/wp-content\/uploads\/2023\/05\/28\/zorlu-tore-3242.jpg?ver=9ff4a4d8577f0405997fa0a9a4372695 1600w, https:\/\/brtk.net\/wp-content\/uploads\/2023\/05\/28\/zorlu-tore-3242-300x200.jpg?ver=9ff4a4d8577f0405997fa0a9a4372695 300w, https:\/\/brtk.net\/wp-content\/uploads\/2023\/05\/28\/zorlu-tore-3242-1024x682.jpg?ver=1a4425254a0bf24a41649af9d3fd754e 1024w, https:\/\/brtk.net\/wp-content\/uploads\/2023\/05\/28\/zorlu-tore-3242-768x512.jpg?ver=1a4425254a0bf24a41649af9d3fd754e 768w, https:\/\/brtk.net\/wp-content\/uploads\/2023\/05\/28\/zorlu-tore-3242-1536x1023.jpg?ver=1a4425254a0bf24a41649af9d3fd754e 1536w\"\/>                            <\/div>\n<p>Cumhuriyet Meclisi Ba\u015fkan\u0131 Zorlu T\u00f6re, T\u00fcrkiye Cumhurba\u015fkan\u0131 Recep Tayyip Erdo\u011fan\u2019\u0131 kutlad\u0131\u2026<\/p>\n<p>T\u00f6re mesaj\u0131nda \u015fu ifadeleri kulland\u0131:<\/p>\n<p>\u201cAnavatan\u0131m\u0131z T\u00fcrkiye\u2019de Cumhurba\u015fkanl\u0131\u011f\u0131 se\u00e7iminin 2.turu, b\u00fcy\u00fck bir demokrasi \u015f\u00f6leni i\u00e7erisinde ge\u00e7mi\u015ftir. Se\u00e7im sonu\u00e7lar\u0131 sonucunda T\u00fcrkiye\u2019nin 13.Cumhurba\u015fkan\u0131 olarak se\u00e7ilen Say\u0131n Recep Tayyip Erdo\u011fan\u2019\u0131 kutluyoruz. T\u00fcrk Y\u00fczy\u0131l\u0131\u2019n\u0131n devam edece\u011fi bu s\u00fcre\u00e7te Anavatan\u0131m\u0131z T\u00fcrkiye Cumhuriyeti ile el ele omuz omuza y\u00fcr\u00fcmeyi s\u00fcrd\u00fcrece\u011fiz. Se\u00e7im sonu\u00e7lar\u0131n\u0131n Anavatan\u0131m\u0131za ve T\u00fcrk Milleti\u2019ne hay\u0131rlar getirmesini temenni ediyoruz.<br \/>T\u00fcrk Milleti\u2019nin yeni y\u00fczy\u0131l\u0131na m\u00fcjdeler olsun, tebrik ediyoruz\u201d dedi.<\/p>\n<\/p><\/div>\n<p><script async\n                    defer\n                    crossorigin=\"anonymous\"\n                    src=\"https:\/\/connect.facebook.net\/tr_TR\/sdk.js#xfbml=1&#038;version=v3.3\"\n            ><\/script><\/p>\n","protected":false},"excerpt":{"rendered":"<p>Cumhuriyet Meclisi Ba\u015fkan\u0131 Zorlu T\u00f6re, T\u00fcrkiye Cumhurba\u015fkan\u0131 Recep Tayyip Erdo\u011fan\u2019\u0131 kutlad\u0131\u2026 T\u00f6re mesaj\u0131nda \u015fu ifadeleri kulland\u0131: \u201cAnavatan\u0131m\u0131z T\u00fcrkiye\u2019de Cumhurba\u015fkanl\u0131\u011f\u0131 se\u00e7iminin 2.turu, b\u00fcy\u00fck bir demokrasi \u015f\u00f6leni i\u00e7erisinde ge\u00e7mi\u015ftir. Se\u00e7im sonu\u00e7lar\u0131 sonucunda T\u00fcrkiye\u2019nin 13.Cumhurba\u015fkan\u0131 olarak se\u00e7ilen Say\u0131n Recep Tayyip Erdo\u011fan\u2019\u0131 kutluyoruz. T\u00fcrk Y\u00fczy\u0131l\u0131\u2019n\u0131n devam edece\u011fi bu s\u00fcre\u00e7te Anavatan\u0131m\u0131z T\u00fcrkiye Cumhuriyeti ile el ele omuz omuza y\u00fcr\u00fcmeyi s\u00fcrd\u00fcrece\u011fiz.<\/p>\n","protected":false},"author":1,"featured_media":7795,"comment_status":"open","ping_status":"open","sticky":false,"template":"","format":"standard","meta":{"footnotes":""},"categories":[1],"tags":[],"class_list":["post-7794","post","type-post","status-publish","format-standard","has-post-thumbnail","hentry","category-gundem"],"yoast_head":"<!-- This site is optimized with the Yoast SEO plugin v27.4 - https:\/\/yoast.com\/product\/yoast-seo-wordpress\/ -->\n<title>Meclis Ba\u015fkan\u0131 T\u00f6re, TC Cumhurba\u015fkan\u0131 Erdo\u011fan\u2019\u0131 kutlad\u0131 -<\/title>\n<meta name=\"robots\" content=\"index, follow, max-snippet:-1, max-image-preview:large, max-video-preview:-1\" \/>\n<link rel=\"canonical\" href=\"https:\/\/kibrisdakik.com\/?p=7794\" \/>\n<meta property=\"og:locale\" content=\"tr_TR\" \/>\n<meta property=\"og:type\" content=\"article\" \/>\n<meta property=\"og:title\" content=\"Meclis Ba\u015fkan\u0131 T\u00f6re, TC Cumhurba\u015fkan\u0131 Erdo\u011fan\u2019\u0131 kutlad\u0131 -\" \/>\n<meta property=\"og:description\" content=\"Cumhuriyet Meclisi Ba\u015fkan\u0131 Zorlu T\u00f6re, T\u00fcrkiye Cumhurba\u015fkan\u0131 Recep Tayyip Erdo\u011fan\u2019\u0131 kutlad\u0131\u2026 T\u00f6re mesaj\u0131nda \u015fu ifadeleri kulland\u0131: \u201cAnavatan\u0131m\u0131z T\u00fcrkiye\u2019de Cumhurba\u015fkanl\u0131\u011f\u0131 se\u00e7iminin 2.turu, b\u00fcy\u00fck bir demokrasi \u015f\u00f6leni i\u00e7erisinde ge\u00e7mi\u015ftir. Se\u00e7im sonu\u00e7lar\u0131 sonucunda T\u00fcrkiye\u2019nin 13.Cumhurba\u015fkan\u0131 olarak se\u00e7ilen Say\u0131n Recep Tayyip Erdo\u011fan\u2019\u0131 kutluyoruz. T\u00fcrk Y\u00fczy\u0131l\u0131\u2019n\u0131n devam edece\u011fi bu s\u00fcre\u00e7te Anavatan\u0131m\u0131z T\u00fcrkiye Cumhuriyeti ile el ele omuz omuza y\u00fcr\u00fcmeyi s\u00fcrd\u00fcrece\u011fiz.\" \/>\n<meta property=\"og:url\" content=\"https:\/\/kibrisdakik.com\/?p=7794\" \/>\n<meta property=\"article:published_time\" content=\"2023-05-29T00:13:38+00:00\" \/>\n<meta property=\"og:image\" content=\"https:\/\/kibrisdakik.com\/wp-content\/uploads\/2023\/05\/zorlu-tore-3242-740x420.jpg\" \/>\n\t<meta property=\"og:image:width\" content=\"1600\" \/>\n\t<meta property=\"og:image:height\" content=\"1066\" \/>\n\t<meta property=\"og:image:type\" content=\"image\/jpeg\" \/>\n<meta name=\"author\" content=\"admin\" \/>\n<meta name=\"twitter:card\" content=\"summary_large_image\" \/>\n<meta name=\"twitter:label1\" content=\"Yazan:\" \/>\n\t<meta name=\"twitter:data1\" content=\"admin\" \/>\n\t<meta name=\"twitter:label2\" content=\"Tahmini okuma s\u00fcresi\" \/>\n\t<meta name=\"twitter:data2\" content=\"1 dakika\" \/>\n<script type=\"application\/ld+json\" class=\"yoast-schema-graph\">{\"@context\":\"https:\\\/\\\/schema.org\",\"@graph\":[{\"@type\":\"Article\",\"@id\":\"https:\\\/\\\/kibrisdakik.com\\\/?p=7794#article\",\"isPartOf\":{\"@id\":\"https:\\\/\\\/kibrisdakik.com\\\/?p=7794\"},\"author\":{\"name\":\"admin\",\"@id\":\"https:\\\/\\\/kibrisdakik.com\\\/#\\\/schema\\\/person\\\/9cd9d437bbb44f72b73ba127e06d8e79\"},\"headline\":\"Meclis Ba\u015fkan\u0131 T\u00f6re, TC Cumhurba\u015fkan\u0131 Erdo\u011fan\u2019\u0131 kutlad\u0131\",\"datePublished\":\"2023-05-29T00:13:38+00:00\",\"mainEntityOfPage\":{\"@id\":\"https:\\\/\\\/kibrisdakik.com\\\/?p=7794\"},\"wordCount\":142,\"commentCount\":0,\"image\":{\"@id\":\"https:\\\/\\\/kibrisdakik.com\\\/?p=7794#primaryimage\"},\"thumbnailUrl\":\"https:\\\/\\\/kibrisdakik.com\\\/wp-content\\\/uploads\\\/2023\\\/05\\\/zorlu-tore-3242-740x420.jpg\",\"articleSection\":[\"G\u00fcndem\"],\"inLanguage\":\"tr\",\"potentialAction\":[{\"@type\":\"CommentAction\",\"name\":\"Comment\",\"target\":[\"https:\\\/\\\/kibrisdakik.com\\\/?p=7794#respond\"]}]},{\"@type\":\"WebPage\",\"@id\":\"https:\\\/\\\/kibrisdakik.com\\\/?p=7794\",\"url\":\"https:\\\/\\\/kibrisdakik.com\\\/?p=7794\",\"name\":\"Meclis Ba\u015fkan\u0131 T\u00f6re, TC Cumhurba\u015fkan\u0131 Erdo\u011fan\u2019\u0131 kutlad\u0131 -\",\"isPartOf\":{\"@id\":\"https:\\\/\\\/kibrisdakik.com\\\/#website\"},\"primaryImageOfPage\":{\"@id\":\"https:\\\/\\\/kibrisdakik.com\\\/?p=7794#primaryimage\"},\"image\":{\"@id\":\"https:\\\/\\\/kibrisdakik.com\\\/?p=7794#primaryimage\"},\"thumbnailUrl\":\"https:\\\/\\\/kibrisdakik.com\\\/wp-content\\\/uploads\\\/2023\\\/05\\\/zorlu-tore-3242-740x420.jpg\",\"datePublished\":\"2023-05-29T00:13:38+00:00\",\"author\":{\"@id\":\"https:\\\/\\\/kibrisdakik.com\\\/#\\\/schema\\\/person\\\/9cd9d437bbb44f72b73ba127e06d8e79\"},\"breadcrumb\":{\"@id\":\"https:\\\/\\\/kibrisdakik.com\\\/?p=7794#breadcrumb\"},\"inLanguage\":\"tr\",\"potentialAction\":[{\"@type\":\"ReadAction\",\"target\":[\"https:\\\/\\\/kibrisdakik.com\\\/?p=7794\"]}]},{\"@type\":\"ImageObject\",\"inLanguage\":\"tr\",\"@id\":\"https:\\\/\\\/kibrisdakik.com\\\/?p=7794#primaryimage\",\"url\":\"https:\\\/\\\/kibrisdakik.com\\\/wp-content\\\/uploads\\\/2023\\\/05\\\/zorlu-tore-3242-740x420.jpg\",\"contentUrl\":\"https:\\\/\\\/kibrisdakik.com\\\/wp-content\\\/uploads\\\/2023\\\/05\\\/zorlu-tore-3242-740x420.jpg\",\"width\":1600,\"height\":1066},{\"@type\":\"BreadcrumbList\",\"@id\":\"https:\\\/\\\/kibrisdakik.com\\\/?p=7794#breadcrumb\",\"itemListElement\":[{\"@type\":\"ListItem\",\"position\":1,\"name\":\"Home\",\"item\":\"https:\\\/\\\/kibrisdakik.com\\\/\"},{\"@type\":\"ListItem\",\"position\":2,\"name\":\"Meclis Ba\u015fkan\u0131 T\u00f6re, TC Cumhurba\u015fkan\u0131 Erdo\u011fan\u2019\u0131 kutlad\u0131\"}]},{\"@type\":\"WebSite\",\"@id\":\"https:\\\/\\\/kibrisdakik.com\\\/#website\",\"url\":\"https:\\\/\\\/kibrisdakik.com\\\/\",\"name\":\"\",\"description\":\"Tam vaktinde haber\",\"potentialAction\":[{\"@type\":\"SearchAction\",\"target\":{\"@type\":\"EntryPoint\",\"urlTemplate\":\"https:\\\/\\\/kibrisdakik.com\\\/?s={search_term_string}\"},\"query-input\":{\"@type\":\"PropertyValueSpecification\",\"valueRequired\":true,\"valueName\":\"search_term_string\"}}],\"inLanguage\":\"tr\"},{\"@type\":\"Person\",\"@id\":\"https:\\\/\\\/kibrisdakik.com\\\/#\\\/schema\\\/person\\\/9cd9d437bbb44f72b73ba127e06d8e79\",\"name\":\"admin\",\"image\":{\"@type\":\"ImageObject\",\"inLanguage\":\"tr\",\"@id\":\"https:\\\/\\\/secure.gravatar.com\\\/avatar\\\/ccc17943b9d660506c869530f897617f7cb1c21a4bf30023f252596d83e1f007?s=96&d=mm&r=g\",\"url\":\"https:\\\/\\\/secure.gravatar.com\\\/avatar\\\/ccc17943b9d660506c869530f897617f7cb1c21a4bf30023f252596d83e1f007?s=96&d=mm&r=g\",\"contentUrl\":\"https:\\\/\\\/secure.gravatar.com\\\/avatar\\\/ccc17943b9d660506c869530f897617f7cb1c21a4bf30023f252596d83e1f007?s=96&d=mm&r=g\",\"caption\":\"admin\"},\"sameAs\":[\"https:\\\/\\\/kibrisdakik.com\"],\"url\":\"https:\\\/\\\/kibrisdakik.com\\\/?author=1\"}]}<\/script>\n<!-- \/ Yoast SEO plugin. -->","yoast_head_json":{"title":"Meclis Ba\u015fkan\u0131 T\u00f6re, TC Cumhurba\u015fkan\u0131 Erdo\u011fan\u2019\u0131 kutlad\u0131 -","robots":{"index":"index","follow":"follow","max-snippet":"max-snippet:-1","max-image-preview":"max-image-preview:large","max-video-preview":"max-video-preview:-1"},"canonical":"https:\/\/kibrisdakik.com\/?p=7794","og_locale":"tr_TR","og_type":"article","og_title":"Meclis Ba\u015fkan\u0131 T\u00f6re, TC Cumhurba\u015fkan\u0131 Erdo\u011fan\u2019\u0131 kutlad\u0131 -","og_description":"Cumhuriyet Meclisi Ba\u015fkan\u0131 Zorlu T\u00f6re, T\u00fcrkiye Cumhurba\u015fkan\u0131 Recep Tayyip Erdo\u011fan\u2019\u0131 kutlad\u0131\u2026 T\u00f6re mesaj\u0131nda \u015fu ifadeleri kulland\u0131: \u201cAnavatan\u0131m\u0131z T\u00fcrkiye\u2019de Cumhurba\u015fkanl\u0131\u011f\u0131 se\u00e7iminin 2.turu, b\u00fcy\u00fck bir demokrasi \u015f\u00f6leni i\u00e7erisinde ge\u00e7mi\u015ftir. Se\u00e7im sonu\u00e7lar\u0131 sonucunda T\u00fcrkiye\u2019nin 13.Cumhurba\u015fkan\u0131 olarak se\u00e7ilen Say\u0131n Recep Tayyip Erdo\u011fan\u2019\u0131 kutluyoruz. T\u00fcrk Y\u00fczy\u0131l\u0131\u2019n\u0131n devam edece\u011fi bu s\u00fcre\u00e7te Anavatan\u0131m\u0131z T\u00fcrkiye Cumhuriyeti ile el ele omuz omuza y\u00fcr\u00fcmeyi s\u00fcrd\u00fcrece\u011fiz.","og_url":"https:\/\/kibrisdakik.com\/?p=7794","article_published_time":"2023-05-29T00:13:38+00:00","og_image":[{"width":1600,"height":1066,"url":"https:\/\/kibrisdakik.com\/wp-content\/uploads\/2023\/05\/zorlu-tore-3242-740x420.jpg","type":"image\/jpeg"}],"author":"admin","twitter_card":"summary_large_image","twitter_misc":{"Yazan:":"admin","Tahmini okuma s\u00fcresi":"1 dakika"},"schema":{"@context":"https:\/\/schema.org","@graph":[{"@type":"Article","@id":"https:\/\/kibrisdakik.com\/?p=7794#article","isPartOf":{"@id":"https:\/\/kibrisdakik.com\/?p=7794"},"author":{"name":"admin","@id":"https:\/\/kibrisdakik.com\/#\/schema\/person\/9cd9d437bbb44f72b73ba127e06d8e79"},"headline":"Meclis Ba\u015fkan\u0131 T\u00f6re, TC Cumhurba\u015fkan\u0131 Erdo\u011fan\u2019\u0131 kutlad\u0131","datePublished":"2023-05-29T00:13:38+00:00","mainEntityOfPage":{"@id":"https:\/\/kibrisdakik.com\/?p=7794"},"wordCount":142,"commentCount":0,"image":{"@id":"https:\/\/kibrisdakik.com\/?p=7794#primaryimage"},"thumbnailUrl":"https:\/\/kibrisdakik.com\/wp-content\/uploads\/2023\/05\/zorlu-tore-3242-740x420.jpg","articleSection":["G\u00fcndem"],"inLanguage":"tr","potentialAction":[{"@type":"CommentAction","name":"Comment","target":["https:\/\/kibrisdakik.com\/?p=7794#respond"]}]},{"@type":"WebPage","@id":"https:\/\/kibrisdakik.com\/?p=7794","url":"https:\/\/kibrisdakik.com\/?p=7794","name":"Meclis Ba\u015fkan\u0131 T\u00f6re, TC Cumhurba\u015fkan\u0131 Erdo\u011fan\u2019\u0131 kutlad\u0131 -","isPartOf":{"@id":"https:\/\/kibrisdakik.com\/#website"},"primaryImageOfPage":{"@id":"https:\/\/kibrisdakik.com\/?p=7794#primaryimage"},"image":{"@id":"https:\/\/kibrisdakik.com\/?p=7794#primaryimage"},"thumbnailUrl":"https:\/\/kibrisdakik.com\/wp-content\/uploads\/2023\/05\/zorlu-tore-3242-740x420.jpg","datePublished":"2023-05-29T00:13:38+00:00","author":{"@id":"https:\/\/kibrisdakik.com\/#\/schema\/person\/9cd9d437bbb44f72b73ba127e06d8e79"},"breadcrumb":{"@id":"https:\/\/kibrisdakik.com\/?p=7794#breadcrumb"},"inLanguage":"tr","potentialAction":[{"@type":"ReadAction","target":["https:\/\/kibrisdakik.com\/?p=7794"]}]},{"@type":"ImageObject","inLanguage":"tr","@id":"https:\/\/kibrisdakik.com\/?p=7794#primaryimage","url":"https:\/\/kibrisdakik.com\/wp-content\/uploads\/2023\/05\/zorlu-tore-3242-740x420.jpg","contentUrl":"https:\/\/kibrisdakik.com\/wp-content\/uploads\/2023\/05\/zorlu-tore-3242-740x420.jpg","width":1600,"height":1066},{"@type":"BreadcrumbList","@id":"https:\/\/kibrisdakik.com\/?p=7794#breadcrumb","itemListElement":[{"@type":"ListItem","position":1,"name":"Home","item":"https:\/\/kibrisdakik.com\/"},{"@type":"ListItem","position":2,"name":"Meclis Ba\u015fkan\u0131 T\u00f6re, TC Cumhurba\u015fkan\u0131 Erdo\u011fan\u2019\u0131 kutlad\u0131"}]},{"@type":"WebSite","@id":"https:\/\/kibrisdakik.com\/#website","url":"https:\/\/kibrisdakik.com\/","name":"","description":"Tam vaktinde haber","potentialAction":[{"@type":"SearchAction","target":{"@type":"EntryPoint","urlTemplate":"https:\/\/kibrisdakik.com\/?s={search_term_string}"},"query-input":{"@type":"PropertyValueSpecification","valueRequired":true,"valueName":"search_term_string"}}],"inLanguage":"tr"},{"@type":"Person","@id":"https:\/\/kibrisdakik.com\/#\/schema\/person\/9cd9d437bbb44f72b73ba127e06d8e79","name":"admin","image":{"@type":"ImageObject","inLanguage":"tr","@id":"https:\/\/secure.gravatar.com\/avatar\/ccc17943b9d660506c869530f897617f7cb1c21a4bf30023f252596d83e1f007?s=96&d=mm&r=g","url":"https:\/\/secure.gravatar.com\/avatar\/ccc17943b9d660506c869530f897617f7cb1c21a4bf30023f252596d83e1f007?s=96&d=mm&r=g","contentUrl":"https:\/\/secure.gravatar.com\/avatar\/ccc17943b9d660506c869530f897617f7cb1c21a4bf30023f252596d83e1f007?s=96&d=mm&r=g","caption":"admin"},"sameAs":["https:\/\/kibrisdakik.com"],"url":"https:\/\/kibrisdakik.com\/?author=1"}]}},"_links":{"self":[{"href":"https:\/\/kibrisdakik.com\/index.php?rest_route=\/wp\/v2\/posts\/7794","targetHints":{"allow":["GET"]}}],"collection":[{"href":"https:\/\/kibrisdakik.com\/index.php?rest_route=\/wp\/v2\/posts"}],"about":[{"href":"https:\/\/kibrisdakik.com\/index.php?rest_route=\/wp\/v2\/types\/post"}],"author":[{"embeddable":true,"href":"https:\/\/kibrisdakik.com\/index.php?rest_route=\/wp\/v2\/users\/1"}],"replies":[{"embeddable":true,"href":"https:\/\/kibrisdakik.com\/index.php?rest_route=%2Fwp%2Fv2%2Fcomments&post=7794"}],"version-history":[{"count":0,"href":"https:\/\/kibrisdakik.com\/index.php?rest_route=\/wp\/v2\/posts\/7794\/revisions"}],"wp:featuredmedia":[{"embeddable":true,"href":"https:\/\/kibrisdakik.com\/index.php?rest_route=\/wp\/v2\/media\/7795"}],"wp:attachment":[{"href":"https:\/\/kibrisdakik.com\/index.php?rest_route=%2Fwp%2Fv2%2Fmedia&parent=7794"}],"wp:term":[{"taxonomy":"category","embeddable":true,"href":"https:\/\/kibrisdakik.com\/index.php?rest_route=%2Fwp%2Fv2%2Fcategories&post=7794"},{"taxonomy":"post_tag","embeddable":true,"href":"https:\/\/kibrisdakik.com\/index.php?rest_route=%2Fwp%2Fv2%2Ftags&post=7794"}],"curies":[{"name":"wp","href":"https:\/\/api.w.org\/{rel}","templated":true}]}}