{"id":77942,"date":"2025-03-16T19:51:18","date_gmt":"2025-03-16T16:51:18","guid":{"rendered":"https:\/\/kibrisdakik.com\/index.php\/2025\/03\/16\/kktcnin-ileride-dogu-akdenizin-parlayan-yildizi-olacagindan-hic-suphem-yoktur\/"},"modified":"2025-03-16T19:51:18","modified_gmt":"2025-03-16T16:51:18","slug":"kktcnin-ileride-dogu-akdenizin-parlayan-yildizi-olacagindan-hic-suphem-yoktur","status":"publish","type":"post","link":"https:\/\/kibrisdakik.com\/?p=77942","title":{"rendered":"\u201cKKTC\u2019nin ileride Do\u011fu Akdeniz\u2019in parlayan y\u0131ld\u0131z\u0131 olaca\u011f\u0131ndan hi\u00e7 \u015f\u00fcphem yoktur\u201d"},"content":{"rendered":"<div>\n<div class=\"mariselle-image-container center\">\n                                            <\/div>\n<p>\n\u0130stanbul\u2019da T\u00fcrk Edebiyat\u0131 Vakf\u0131nca, \u201cT\u00fcrk Devletleri Te\u015fkilat\u0131 Ba\u011flam\u0131nda Kuzey K\u0131br\u0131s T\u00fcrk Cumhuriyeti\u2019nin Gelecek Vizyonu\u201d Konferans\u0131 d\u00fczenlendi.<\/p>\n<p>\u00dcst d\u00fczey yetkililerle \u00e7ok say\u0131da davetlinin yer ald\u0131\u011f\u0131 vak\u0131ftaki konferansa Cumhurba\u015fkan\u0131 Ersin Tatar da konu\u015fmac\u0131 olarak kat\u0131ld\u0131.<\/p>\n<p>T\u00fcrk Edebiyat\u0131 Vakf\u0131 Ba\u015fkan\u0131 Serhat Kabakl\u0131\u2019n\u0131n a\u00e7\u0131l\u0131\u015f konu\u015fmas\u0131yla ba\u015flayan programda Cumhurba\u015fkanl\u0131\u011f\u0131nca haz\u0131rlanan, KKTC\u2019nin d\u0131\u015f i\u015flerindeki geli\u015fmelerle ilgili video, izleyenler taraf\u0131ndan alk\u0131\u015fland\u0131.<\/p>\n<p>Konferansta \u015fiirlerini seslendiren \u015fairler Oktay \u00d6ks\u00fczo\u011flu ve Feyzan Korur\u2019a, T\u00fcrk Edebiyat\u0131 Vakf\u0131n\u0131n kurucusu gazeteci, edebiyat tarih\u00e7isi ve yazar Ahmet Kabakl\u0131\u2019n\u0131n do\u011fumunun 100. y\u0131l\u0131 an\u0131s\u0131na haz\u0131rlanan madalyalar takdim edildi.<\/p>\n<p>\u2013 \u201cKKTC\u2019nin ileride Do\u011fu Akdeniz\u2019in parlayan y\u0131ld\u0131z\u0131 olaca\u011f\u0131ndan hi\u00e7 \u015f\u00fcphem yoktur\u201d<\/p>\n<p>Cumhurba\u015fkan\u0131 Tatar, yapt\u0131\u011f\u0131 konu\u015fmada, tarih boyunca hi\u00e7bir devletin ve \u0131rk\u0131n, K\u0131br\u0131s\u2019ta Osmanl\u0131 Devleti kadar uzun s\u00fcre varl\u0131k g\u00f6stermedi\u011fine dikkati \u00e7ekerek, K\u0131br\u0131sl\u0131lar i\u00e7in Osmanl\u0131 bayra\u011f\u0131n\u0131n indirilip \u0130ngiltere bayra\u011f\u0131n\u0131n g\u00f6ndere \u00e7ekilmesinin \u00e7ok \u00fcz\u00fcc\u00fc oldu\u011funu s\u00f6yledi.<\/p>\n<p>Tatar, \u201c1571\u2019den 1923 Lozan Antla\u015fmas\u0131\u2019na kadar, 350 y\u0131la yak\u0131n, \u00e7ok uzun bir s\u00fcre, Osmanl\u0131 Devletinin bir par\u00e7as\u0131 olan K\u0131br\u0131s\u2019\u0131m\u0131zla, tarihimiz, k\u00fclt\u00fcr\u00fcm\u00fcz, ge\u00e7mi\u015fimiz, vak\u0131flar\u0131m\u0131z, ruhumuz, maneviyat\u0131m\u0131z, kimli\u011fimiz, de\u011ferlerimiz vard\u0131r. Her \u015feyimiz vard\u0131r.\u201d ifadelerini kulland\u0131.<\/p>\n<p>\u0130leti\u015fim ve ula\u015f\u0131m\u0131n zor oldu\u011fu d\u00f6nemlerde bile K\u0131br\u0131sl\u0131lar\u0131n, ana vatan\u0131na, milli birli\u011fe ve beraberli\u011fe inanc\u0131n\u0131 yitirmedi\u011fine dikkati \u00e7eken Tatar, \u201cBunlar, i\u015fte bizlerin ge\u00e7mi\u015fidir. Bizlerin y\u00fcre\u011fidir. Bizlerin T\u00fcrk o\u011flu T\u00fcrk oldu\u011fumuzun, milletin ayr\u0131lmaz ve kopmaz bir par\u00e7as\u0131 oldu\u011fumuzun yegane ifadesidir. \u0130\u015fte biz b\u00f6yle bug\u00fcnlere kadar gelebildik.\u201d dedi.<\/p>\n<p>Tatar, \u015funlar\u0131 kaydetti:<\/p>\n<p>\u201cB\u00fct\u00fcn bu m\u00fccadelemiz, direni\u015fimiz, ba\u015far\u0131m\u0131z bir bak\u0131ma k\u00fclt\u00fcr\u00fcm\u00fczd\u00fcr, maneviyat\u0131m\u0131zd\u0131r, de\u011ferlerimizdir, inanc\u0131m\u0131zd\u0131r ve millete olan ba\u011fl\u0131l\u0131\u011f\u0131m\u0131zd\u0131r \u00e7\u00fcnk\u00fc millete b\u00fct\u00fcn bu de\u011ferlerle ba\u011fl\u0131l\u0131\u011f\u0131n\u0131z olmazsa kopar giderseniz, ba\u015fkalar\u0131 taraf\u0131ndan asimile edilirsiniz. Onlar\u0131n boyunduru\u011fu, esareti alt\u0131nda yok olur giderseniz. \u0130\u015fte K\u0131br\u0131s T\u00fcrk\u00fc bunlara direnebilmi\u015ftir \u00e7\u00fcnk\u00fc k\u00f6k\u00fc ve mayas\u0131 sa\u011flamd\u0131r, sa\u011flam olmaya da devam ediyor. \u201d<\/p>\n<p>K\u0131br\u0131s\u2019\u0131n y\u0131llar i\u00e7indeki geli\u015fimine i\u015faret eden Tatar, \u201cKKTC\u2019nin ileride Do\u011fu Akdeniz\u2019in parlayan y\u0131ld\u0131z\u0131 olaca\u011f\u0131ndan hi\u00e7 \u015f\u00fcphem yoktur.\u201d dedi.<\/p>\n<p>T\u00fcm bu geli\u015fimlerin daha da ileriye ta\u015f\u0131nmas\u0131 i\u00e7in ge\u00e7mi\u015fle \u00f6v\u00fcnmek, T\u00fcrk milletiyle her t\u00fcrl\u00fc ileti\u015fim kanal\u0131n\u0131n geli\u015ftirilmesi ve daha da kuvvetlendirilmesi gerekti\u011finin alt\u0131n\u0131 \u00e7izen Tatar, \u201cK\u0131br\u0131s\u2019\u0131m\u0131z\u0131 \u00e7ok daha g\u00fczel g\u00fcnlere ta\u015f\u0131yabilece\u011fimizden hi\u00e7bir \u015f\u00fcphem yok \u00e7\u00fcnk\u00fc sizler vars\u0131n\u0131z.\u201d ifadesini kulland\u0131.<\/p>\n<p>Konu\u015fmas\u0131n\u0131n ard\u0131ndan Tatar\u2019a T\u00fcrk cumhuriyetleri ve T\u00fcrk d\u00fcnyas\u0131na hizmetleri ve katk\u0131lar\u0131ndan dolay\u0131 \u201cYa\u015fayan Dede Korkut \u00d6d\u00fcl\u00fc\u201d takdim edildi.<\/p>\n<p>Konferans, aile foto\u011fraf\u0131 \u00e7ekimiyle son buldu.<\/p>\n<\/p><\/div>\n<p><script async\n                    defer\n                    crossorigin=\"anonymous\"\n                    src=\"https:\/\/connect.facebook.net\/tr_TR\/sdk.js#xfbml=1&#038;version=v3.3\"\n            ><\/script><\/p>\n","protected":false},"excerpt":{"rendered":"<p>\u0130stanbul\u2019da T\u00fcrk Edebiyat\u0131 Vakf\u0131nca, \u201cT\u00fcrk Devletleri Te\u015fkilat\u0131 Ba\u011flam\u0131nda Kuzey K\u0131br\u0131s T\u00fcrk Cumhuriyeti\u2019nin Gelecek Vizyonu\u201d Konferans\u0131 d\u00fczenlendi. \u00dcst d\u00fczey yetkililerle \u00e7ok say\u0131da davetlinin yer ald\u0131\u011f\u0131 vak\u0131ftaki konferansa Cumhurba\u015fkan\u0131 Ersin Tatar da konu\u015fmac\u0131 olarak kat\u0131ld\u0131. T\u00fcrk Edebiyat\u0131 Vakf\u0131 Ba\u015fkan\u0131 Serhat Kabakl\u0131\u2019n\u0131n a\u00e7\u0131l\u0131\u015f konu\u015fmas\u0131yla ba\u015flayan programda Cumhurba\u015fkanl\u0131\u011f\u0131nca haz\u0131rlanan, KKTC\u2019nin d\u0131\u015f i\u015flerindeki geli\u015fmelerle ilgili video, izleyenler taraf\u0131ndan alk\u0131\u015fland\u0131. Konferansta<\/p>\n","protected":false},"author":1,"featured_media":77943,"comment_status":"open","ping_status":"open","sticky":false,"template":"","format":"standard","meta":{"footnotes":""},"categories":[81,101],"tags":[],"class_list":["post-77942","post","type-post","status-publish","format-standard","has-post-thumbnail","hentry","category-kibris","category-manset"],"yoast_head":"<!-- This site is optimized with the Yoast SEO plugin v27.4 - https:\/\/yoast.com\/product\/yoast-seo-wordpress\/ -->\n<title>\u201cKKTC\u2019nin ileride Do\u011fu Akdeniz\u2019in parlayan y\u0131ld\u0131z\u0131 olaca\u011f\u0131ndan hi\u00e7 \u015f\u00fcphem yoktur\u201d -<\/title>\n<meta name=\"robots\" content=\"index, follow, max-snippet:-1, max-image-preview:large, max-video-preview:-1\" \/>\n<link rel=\"canonical\" href=\"https:\/\/kibrisdakik.com\/?p=77942\" \/>\n<meta property=\"og:locale\" content=\"tr_TR\" \/>\n<meta property=\"og:type\" content=\"article\" \/>\n<meta property=\"og:title\" content=\"\u201cKKTC\u2019nin ileride Do\u011fu Akdeniz\u2019in parlayan y\u0131ld\u0131z\u0131 olaca\u011f\u0131ndan hi\u00e7 \u015f\u00fcphem yoktur\u201d -\" \/>\n<meta property=\"og:description\" content=\"\u0130stanbul\u2019da T\u00fcrk Edebiyat\u0131 Vakf\u0131nca, \u201cT\u00fcrk Devletleri Te\u015fkilat\u0131 Ba\u011flam\u0131nda Kuzey K\u0131br\u0131s T\u00fcrk Cumhuriyeti\u2019nin Gelecek Vizyonu\u201d Konferans\u0131 d\u00fczenlendi. \u00dcst d\u00fczey yetkililerle \u00e7ok say\u0131da davetlinin yer ald\u0131\u011f\u0131 vak\u0131ftaki konferansa Cumhurba\u015fkan\u0131 Ersin Tatar da konu\u015fmac\u0131 olarak kat\u0131ld\u0131. T\u00fcrk Edebiyat\u0131 Vakf\u0131 Ba\u015fkan\u0131 Serhat Kabakl\u0131\u2019n\u0131n a\u00e7\u0131l\u0131\u015f konu\u015fmas\u0131yla ba\u015flayan programda Cumhurba\u015fkanl\u0131\u011f\u0131nca haz\u0131rlanan, KKTC\u2019nin d\u0131\u015f i\u015flerindeki geli\u015fmelerle ilgili video, izleyenler taraf\u0131ndan alk\u0131\u015fland\u0131. Konferansta\" \/>\n<meta property=\"og:url\" content=\"https:\/\/kibrisdakik.com\/?p=77942\" \/>\n<meta property=\"article:published_time\" content=\"2025-03-16T16:51:18+00:00\" \/>\n<meta property=\"og:image\" content=\"https:\/\/kibrisdakik.com\/wp-content\/uploads\/2025\/03\/1742130446008kmn63.gif\" \/>\n\t<meta property=\"og:image:width\" content=\"630\" \/>\n\t<meta property=\"og:image:height\" content=\"315\" \/>\n\t<meta property=\"og:image:type\" content=\"image\/gif\" \/>\n<meta name=\"author\" content=\"admin\" \/>\n<meta name=\"twitter:card\" content=\"summary_large_image\" \/>\n<meta name=\"twitter:label1\" content=\"Yazan:\" \/>\n\t<meta name=\"twitter:data1\" content=\"admin\" \/>\n\t<meta name=\"twitter:label2\" content=\"Tahmini okuma s\u00fcresi\" \/>\n\t<meta name=\"twitter:data2\" content=\"3 dakika\" \/>\n<script type=\"application\/ld+json\" class=\"yoast-schema-graph\">{\"@context\":\"https:\\\/\\\/schema.org\",\"@graph\":[{\"@type\":\"Article\",\"@id\":\"https:\\\/\\\/kibrisdakik.com\\\/?p=77942#article\",\"isPartOf\":{\"@id\":\"https:\\\/\\\/kibrisdakik.com\\\/?p=77942\"},\"author\":{\"name\":\"admin\",\"@id\":\"https:\\\/\\\/kibrisdakik.com\\\/#\\\/schema\\\/person\\\/9cd9d437bbb44f72b73ba127e06d8e79\"},\"headline\":\"\u201cKKTC\u2019nin ileride Do\u011fu Akdeniz\u2019in parlayan y\u0131ld\u0131z\u0131 olaca\u011f\u0131ndan hi\u00e7 \u015f\u00fcphem yoktur\u201d\",\"datePublished\":\"2025-03-16T16:51:18+00:00\",\"mainEntityOfPage\":{\"@id\":\"https:\\\/\\\/kibrisdakik.com\\\/?p=77942\"},\"wordCount\":579,\"commentCount\":0,\"image\":{\"@id\":\"https:\\\/\\\/kibrisdakik.com\\\/?p=77942#primaryimage\"},\"thumbnailUrl\":\"https:\\\/\\\/kibrisdakik.com\\\/wp-content\\\/uploads\\\/2025\\\/03\\\/1742130446008kmn63.gif\",\"articleSection\":[\"K\u0131br\u0131s\",\"Man\u015fet\"],\"inLanguage\":\"tr\",\"potentialAction\":[{\"@type\":\"CommentAction\",\"name\":\"Comment\",\"target\":[\"https:\\\/\\\/kibrisdakik.com\\\/?p=77942#respond\"]}]},{\"@type\":\"WebPage\",\"@id\":\"https:\\\/\\\/kibrisdakik.com\\\/?p=77942\",\"url\":\"https:\\\/\\\/kibrisdakik.com\\\/?p=77942\",\"name\":\"\u201cKKTC\u2019nin ileride Do\u011fu Akdeniz\u2019in parlayan y\u0131ld\u0131z\u0131 olaca\u011f\u0131ndan hi\u00e7 \u015f\u00fcphem yoktur\u201d -\",\"isPartOf\":{\"@id\":\"https:\\\/\\\/kibrisdakik.com\\\/#website\"},\"primaryImageOfPage\":{\"@id\":\"https:\\\/\\\/kibrisdakik.com\\\/?p=77942#primaryimage\"},\"image\":{\"@id\":\"https:\\\/\\\/kibrisdakik.com\\\/?p=77942#primaryimage\"},\"thumbnailUrl\":\"https:\\\/\\\/kibrisdakik.com\\\/wp-content\\\/uploads\\\/2025\\\/03\\\/1742130446008kmn63.gif\",\"datePublished\":\"2025-03-16T16:51:18+00:00\",\"author\":{\"@id\":\"https:\\\/\\\/kibrisdakik.com\\\/#\\\/schema\\\/person\\\/9cd9d437bbb44f72b73ba127e06d8e79\"},\"breadcrumb\":{\"@id\":\"https:\\\/\\\/kibrisdakik.com\\\/?p=77942#breadcrumb\"},\"inLanguage\":\"tr\",\"potentialAction\":[{\"@type\":\"ReadAction\",\"target\":[\"https:\\\/\\\/kibrisdakik.com\\\/?p=77942\"]}]},{\"@type\":\"ImageObject\",\"inLanguage\":\"tr\",\"@id\":\"https:\\\/\\\/kibrisdakik.com\\\/?p=77942#primaryimage\",\"url\":\"https:\\\/\\\/kibrisdakik.com\\\/wp-content\\\/uploads\\\/2025\\\/03\\\/1742130446008kmn63.gif\",\"contentUrl\":\"https:\\\/\\\/kibrisdakik.com\\\/wp-content\\\/uploads\\\/2025\\\/03\\\/1742130446008kmn63.gif\",\"width\":630,\"height\":315},{\"@type\":\"BreadcrumbList\",\"@id\":\"https:\\\/\\\/kibrisdakik.com\\\/?p=77942#breadcrumb\",\"itemListElement\":[{\"@type\":\"ListItem\",\"position\":1,\"name\":\"Home\",\"item\":\"https:\\\/\\\/kibrisdakik.com\\\/\"},{\"@type\":\"ListItem\",\"position\":2,\"name\":\"\u201cKKTC\u2019nin ileride Do\u011fu Akdeniz\u2019in parlayan y\u0131ld\u0131z\u0131 olaca\u011f\u0131ndan hi\u00e7 \u015f\u00fcphem yoktur\u201d\"}]},{\"@type\":\"WebSite\",\"@id\":\"https:\\\/\\\/kibrisdakik.com\\\/#website\",\"url\":\"https:\\\/\\\/kibrisdakik.com\\\/\",\"name\":\"\",\"description\":\"Tam vaktinde haber\",\"potentialAction\":[{\"@type\":\"SearchAction\",\"target\":{\"@type\":\"EntryPoint\",\"urlTemplate\":\"https:\\\/\\\/kibrisdakik.com\\\/?s={search_term_string}\"},\"query-input\":{\"@type\":\"PropertyValueSpecification\",\"valueRequired\":true,\"valueName\":\"search_term_string\"}}],\"inLanguage\":\"tr\"},{\"@type\":\"Person\",\"@id\":\"https:\\\/\\\/kibrisdakik.com\\\/#\\\/schema\\\/person\\\/9cd9d437bbb44f72b73ba127e06d8e79\",\"name\":\"admin\",\"image\":{\"@type\":\"ImageObject\",\"inLanguage\":\"tr\",\"@id\":\"https:\\\/\\\/secure.gravatar.com\\\/avatar\\\/ccc17943b9d660506c869530f897617f7cb1c21a4bf30023f252596d83e1f007?s=96&d=mm&r=g\",\"url\":\"https:\\\/\\\/secure.gravatar.com\\\/avatar\\\/ccc17943b9d660506c869530f897617f7cb1c21a4bf30023f252596d83e1f007?s=96&d=mm&r=g\",\"contentUrl\":\"https:\\\/\\\/secure.gravatar.com\\\/avatar\\\/ccc17943b9d660506c869530f897617f7cb1c21a4bf30023f252596d83e1f007?s=96&d=mm&r=g\",\"caption\":\"admin\"},\"sameAs\":[\"https:\\\/\\\/kibrisdakik.com\"],\"url\":\"https:\\\/\\\/kibrisdakik.com\\\/?author=1\"}]}<\/script>\n<!-- \/ Yoast SEO plugin. -->","yoast_head_json":{"title":"\u201cKKTC\u2019nin ileride Do\u011fu Akdeniz\u2019in parlayan y\u0131ld\u0131z\u0131 olaca\u011f\u0131ndan hi\u00e7 \u015f\u00fcphem yoktur\u201d -","robots":{"index":"index","follow":"follow","max-snippet":"max-snippet:-1","max-image-preview":"max-image-preview:large","max-video-preview":"max-video-preview:-1"},"canonical":"https:\/\/kibrisdakik.com\/?p=77942","og_locale":"tr_TR","og_type":"article","og_title":"\u201cKKTC\u2019nin ileride Do\u011fu Akdeniz\u2019in parlayan y\u0131ld\u0131z\u0131 olaca\u011f\u0131ndan hi\u00e7 \u015f\u00fcphem yoktur\u201d -","og_description":"\u0130stanbul\u2019da T\u00fcrk Edebiyat\u0131 Vakf\u0131nca, \u201cT\u00fcrk Devletleri Te\u015fkilat\u0131 Ba\u011flam\u0131nda Kuzey K\u0131br\u0131s T\u00fcrk Cumhuriyeti\u2019nin Gelecek Vizyonu\u201d Konferans\u0131 d\u00fczenlendi. \u00dcst d\u00fczey yetkililerle \u00e7ok say\u0131da davetlinin yer ald\u0131\u011f\u0131 vak\u0131ftaki konferansa Cumhurba\u015fkan\u0131 Ersin Tatar da konu\u015fmac\u0131 olarak kat\u0131ld\u0131. T\u00fcrk Edebiyat\u0131 Vakf\u0131 Ba\u015fkan\u0131 Serhat Kabakl\u0131\u2019n\u0131n a\u00e7\u0131l\u0131\u015f konu\u015fmas\u0131yla ba\u015flayan programda Cumhurba\u015fkanl\u0131\u011f\u0131nca haz\u0131rlanan, KKTC\u2019nin d\u0131\u015f i\u015flerindeki geli\u015fmelerle ilgili video, izleyenler taraf\u0131ndan alk\u0131\u015fland\u0131. Konferansta","og_url":"https:\/\/kibrisdakik.com\/?p=77942","article_published_time":"2025-03-16T16:51:18+00:00","og_image":[{"width":630,"height":315,"url":"https:\/\/kibrisdakik.com\/wp-content\/uploads\/2025\/03\/1742130446008kmn63.gif","type":"image\/gif"}],"author":"admin","twitter_card":"summary_large_image","twitter_misc":{"Yazan:":"admin","Tahmini okuma s\u00fcresi":"3 dakika"},"schema":{"@context":"https:\/\/schema.org","@graph":[{"@type":"Article","@id":"https:\/\/kibrisdakik.com\/?p=77942#article","isPartOf":{"@id":"https:\/\/kibrisdakik.com\/?p=77942"},"author":{"name":"admin","@id":"https:\/\/kibrisdakik.com\/#\/schema\/person\/9cd9d437bbb44f72b73ba127e06d8e79"},"headline":"\u201cKKTC\u2019nin ileride Do\u011fu Akdeniz\u2019in parlayan y\u0131ld\u0131z\u0131 olaca\u011f\u0131ndan hi\u00e7 \u015f\u00fcphem yoktur\u201d","datePublished":"2025-03-16T16:51:18+00:00","mainEntityOfPage":{"@id":"https:\/\/kibrisdakik.com\/?p=77942"},"wordCount":579,"commentCount":0,"image":{"@id":"https:\/\/kibrisdakik.com\/?p=77942#primaryimage"},"thumbnailUrl":"https:\/\/kibrisdakik.com\/wp-content\/uploads\/2025\/03\/1742130446008kmn63.gif","articleSection":["K\u0131br\u0131s","Man\u015fet"],"inLanguage":"tr","potentialAction":[{"@type":"CommentAction","name":"Comment","target":["https:\/\/kibrisdakik.com\/?p=77942#respond"]}]},{"@type":"WebPage","@id":"https:\/\/kibrisdakik.com\/?p=77942","url":"https:\/\/kibrisdakik.com\/?p=77942","name":"\u201cKKTC\u2019nin ileride Do\u011fu Akdeniz\u2019in parlayan y\u0131ld\u0131z\u0131 olaca\u011f\u0131ndan hi\u00e7 \u015f\u00fcphem yoktur\u201d -","isPartOf":{"@id":"https:\/\/kibrisdakik.com\/#website"},"primaryImageOfPage":{"@id":"https:\/\/kibrisdakik.com\/?p=77942#primaryimage"},"image":{"@id":"https:\/\/kibrisdakik.com\/?p=77942#primaryimage"},"thumbnailUrl":"https:\/\/kibrisdakik.com\/wp-content\/uploads\/2025\/03\/1742130446008kmn63.gif","datePublished":"2025-03-16T16:51:18+00:00","author":{"@id":"https:\/\/kibrisdakik.com\/#\/schema\/person\/9cd9d437bbb44f72b73ba127e06d8e79"},"breadcrumb":{"@id":"https:\/\/kibrisdakik.com\/?p=77942#breadcrumb"},"inLanguage":"tr","potentialAction":[{"@type":"ReadAction","target":["https:\/\/kibrisdakik.com\/?p=77942"]}]},{"@type":"ImageObject","inLanguage":"tr","@id":"https:\/\/kibrisdakik.com\/?p=77942#primaryimage","url":"https:\/\/kibrisdakik.com\/wp-content\/uploads\/2025\/03\/1742130446008kmn63.gif","contentUrl":"https:\/\/kibrisdakik.com\/wp-content\/uploads\/2025\/03\/1742130446008kmn63.gif","width":630,"height":315},{"@type":"BreadcrumbList","@id":"https:\/\/kibrisdakik.com\/?p=77942#breadcrumb","itemListElement":[{"@type":"ListItem","position":1,"name":"Home","item":"https:\/\/kibrisdakik.com\/"},{"@type":"ListItem","position":2,"name":"\u201cKKTC\u2019nin ileride Do\u011fu Akdeniz\u2019in parlayan y\u0131ld\u0131z\u0131 olaca\u011f\u0131ndan hi\u00e7 \u015f\u00fcphem yoktur\u201d"}]},{"@type":"WebSite","@id":"https:\/\/kibrisdakik.com\/#website","url":"https:\/\/kibrisdakik.com\/","name":"","description":"Tam vaktinde haber","potentialAction":[{"@type":"SearchAction","target":{"@type":"EntryPoint","urlTemplate":"https:\/\/kibrisdakik.com\/?s={search_term_string}"},"query-input":{"@type":"PropertyValueSpecification","valueRequired":true,"valueName":"search_term_string"}}],"inLanguage":"tr"},{"@type":"Person","@id":"https:\/\/kibrisdakik.com\/#\/schema\/person\/9cd9d437bbb44f72b73ba127e06d8e79","name":"admin","image":{"@type":"ImageObject","inLanguage":"tr","@id":"https:\/\/secure.gravatar.com\/avatar\/ccc17943b9d660506c869530f897617f7cb1c21a4bf30023f252596d83e1f007?s=96&d=mm&r=g","url":"https:\/\/secure.gravatar.com\/avatar\/ccc17943b9d660506c869530f897617f7cb1c21a4bf30023f252596d83e1f007?s=96&d=mm&r=g","contentUrl":"https:\/\/secure.gravatar.com\/avatar\/ccc17943b9d660506c869530f897617f7cb1c21a4bf30023f252596d83e1f007?s=96&d=mm&r=g","caption":"admin"},"sameAs":["https:\/\/kibrisdakik.com"],"url":"https:\/\/kibrisdakik.com\/?author=1"}]}},"_links":{"self":[{"href":"https:\/\/kibrisdakik.com\/index.php?rest_route=\/wp\/v2\/posts\/77942","targetHints":{"allow":["GET"]}}],"collection":[{"href":"https:\/\/kibrisdakik.com\/index.php?rest_route=\/wp\/v2\/posts"}],"about":[{"href":"https:\/\/kibrisdakik.com\/index.php?rest_route=\/wp\/v2\/types\/post"}],"author":[{"embeddable":true,"href":"https:\/\/kibrisdakik.com\/index.php?rest_route=\/wp\/v2\/users\/1"}],"replies":[{"embeddable":true,"href":"https:\/\/kibrisdakik.com\/index.php?rest_route=%2Fwp%2Fv2%2Fcomments&post=77942"}],"version-history":[{"count":0,"href":"https:\/\/kibrisdakik.com\/index.php?rest_route=\/wp\/v2\/posts\/77942\/revisions"}],"wp:featuredmedia":[{"embeddable":true,"href":"https:\/\/kibrisdakik.com\/index.php?rest_route=\/wp\/v2\/media\/77943"}],"wp:attachment":[{"href":"https:\/\/kibrisdakik.com\/index.php?rest_route=%2Fwp%2Fv2%2Fmedia&parent=77942"}],"wp:term":[{"taxonomy":"category","embeddable":true,"href":"https:\/\/kibrisdakik.com\/index.php?rest_route=%2Fwp%2Fv2%2Fcategories&post=77942"},{"taxonomy":"post_tag","embeddable":true,"href":"https:\/\/kibrisdakik.com\/index.php?rest_route=%2Fwp%2Fv2%2Ftags&post=77942"}],"curies":[{"name":"wp","href":"https:\/\/api.w.org\/{rel}","templated":true}]}}