{"id":77974,"date":"2025-03-17T12:14:03","date_gmt":"2025-03-17T09:14:03","guid":{"rendered":"https:\/\/kibrisdakik.com\/index.php\/2025\/03\/17\/ubp-milletvekili-kucuk-canakkale-zaferi-kibris-turk-halkina-ilham-vermistir\/"},"modified":"2025-03-17T12:14:03","modified_gmt":"2025-03-17T09:14:03","slug":"ubp-milletvekili-kucuk-canakkale-zaferi-kibris-turk-halkina-ilham-vermistir","status":"publish","type":"post","link":"https:\/\/kibrisdakik.com\/?p=77974","title":{"rendered":"UBP Milletvekili K\u00fc\u00e7\u00fck: \u201c\u00c7anakkale Zaferi K\u0131br\u0131s T\u00fcrk Halk\u0131\u2019na ilham vermi\u015ftir"},"content":{"rendered":"<div>\n<div class=\"mariselle-image-container center\">\n                                            <\/div>\n<p>Ulusal Birlik Partisi Milletvekili Dr. Hasan K\u00fc\u00e7\u00fck, \u00c7anakkale Zaferi\u2019nin 110. y\u0131l d\u00f6n\u00fcm\u00fc dolay\u0131s\u0131yla mesaj yay\u0131mlad\u0131.<\/p>\n<p>K\u00fc\u00e7\u00fck mesaj\u0131nda, \u00c7anakkale Zaferi\u2019nin T\u00fcrk milletinin ba\u011f\u0131ms\u0131zl\u0131k ve vatan sevgisi u\u011fruna yazd\u0131\u011f\u0131 en b\u00fcy\u00fck destanlardan biri oldu\u011funu belirterek, bu zaferin yaln\u0131zca bir sava\u015f\u0131n kazan\u0131lmas\u0131 de\u011fil, ayn\u0131 zamanda birlik ve beraberlik ruhunun bir tezah\u00fcr\u00fc oldu\u011funu ifade etti.<\/p>\n<p>K\u00fc\u00e7\u00fck, \u00c7anakkale Zaferi\u2019nin Kuzey K\u0131br\u0131s T\u00fcrk Cumhuriyeti i\u00e7in de bir ilham kayna\u011f\u0131 oldu\u011funu vurgulad\u0131.<\/p>\n<p>\u201c\u00c7anakkale\u2019de g\u00f6sterilen azim ve kararl\u0131l\u0131k, K\u0131br\u0131s T\u00fcrk halk\u0131n\u0131n kendi \u00f6zg\u00fcrl\u00fck ve egemenlik m\u00fccadelesinde de yol g\u00f6sterici olmu\u015ftur. KKTC, bu ruhla kurulan ve ya\u015fat\u0131lan bir devlettir.\u201d ifadelerini kullanan K\u00fc\u00e7\u00fck, halk\u0131n haklar\u0131n\u0131n savunulmas\u0131nda ve gelece\u011fin in\u015fas\u0131nda bu ruhun \u00f6nemine dikkat \u00e7ekti.<\/p>\n<p>Ba\u015fta Gazi Mustafa Kemal Atat\u00fcrk ve silah arkada\u015flar\u0131 olmak \u00fczere, vatan u\u011fruna canlar\u0131n\u0131 feda eden \u015fehitleri rahmetle anan K\u00fc\u00e7\u00fck, \u00c7anakkale ruhunun gelecek nesillere aktar\u0131lmas\u0131 i\u00e7in kararl\u0131l\u0131kla \u00e7al\u0131\u015fmaya devam edilece\u011fini belirtti.<\/p>\n<p>\u00c7anakkale Zaferi\u2019nin 110. y\u0131l d\u00f6n\u00fcm\u00fcn\u00fc kutlayan K\u00fc\u00e7\u00fck, bu b\u00fcy\u00fck zaferin kahramanlar\u0131n\u0131 sayg\u0131yla yad etti.<\/p>\n<\/p><\/div>\n<p><script async\n                    defer\n                    crossorigin=\"anonymous\"\n                    src=\"https:\/\/connect.facebook.net\/tr_TR\/sdk.js#xfbml=1&#038;version=v3.3\"\n            ><\/script><\/p>\n","protected":false},"excerpt":{"rendered":"<p>Ulusal Birlik Partisi Milletvekili Dr. Hasan K\u00fc\u00e7\u00fck, \u00c7anakkale Zaferi\u2019nin 110. y\u0131l d\u00f6n\u00fcm\u00fc dolay\u0131s\u0131yla mesaj yay\u0131mlad\u0131. K\u00fc\u00e7\u00fck mesaj\u0131nda, \u00c7anakkale Zaferi\u2019nin T\u00fcrk milletinin ba\u011f\u0131ms\u0131zl\u0131k ve vatan sevgisi u\u011fruna yazd\u0131\u011f\u0131 en b\u00fcy\u00fck destanlardan biri oldu\u011funu belirterek, bu zaferin yaln\u0131zca bir sava\u015f\u0131n kazan\u0131lmas\u0131 de\u011fil, ayn\u0131 zamanda birlik ve beraberlik ruhunun bir tezah\u00fcr\u00fc oldu\u011funu ifade etti. K\u00fc\u00e7\u00fck, \u00c7anakkale Zaferi\u2019nin Kuzey<\/p>\n","protected":false},"author":1,"featured_media":71585,"comment_status":"open","ping_status":"open","sticky":false,"template":"","format":"standard","meta":{"footnotes":""},"categories":[81,101],"tags":[],"class_list":["post-77974","post","type-post","status-publish","format-standard","has-post-thumbnail","hentry","category-kibris","category-manset"],"yoast_head":"<!-- This site is optimized with the Yoast SEO plugin v27.5 - https:\/\/yoast.com\/product\/yoast-seo-wordpress\/ -->\n<title>UBP Milletvekili K\u00fc\u00e7\u00fck: \u201c\u00c7anakkale Zaferi K\u0131br\u0131s T\u00fcrk Halk\u0131\u2019na ilham vermi\u015ftir -<\/title>\n<meta name=\"robots\" content=\"index, follow, max-snippet:-1, max-image-preview:large, max-video-preview:-1\" \/>\n<link rel=\"canonical\" href=\"https:\/\/kibrisdakik.com\/?p=77974\" \/>\n<meta property=\"og:locale\" content=\"tr_TR\" \/>\n<meta property=\"og:type\" content=\"article\" \/>\n<meta property=\"og:title\" content=\"UBP Milletvekili K\u00fc\u00e7\u00fck: \u201c\u00c7anakkale Zaferi K\u0131br\u0131s T\u00fcrk Halk\u0131\u2019na ilham vermi\u015ftir -\" \/>\n<meta property=\"og:description\" content=\"Ulusal Birlik Partisi Milletvekili Dr. Hasan K\u00fc\u00e7\u00fck, \u00c7anakkale Zaferi\u2019nin 110. y\u0131l d\u00f6n\u00fcm\u00fc dolay\u0131s\u0131yla mesaj yay\u0131mlad\u0131. K\u00fc\u00e7\u00fck mesaj\u0131nda, \u00c7anakkale Zaferi\u2019nin T\u00fcrk milletinin ba\u011f\u0131ms\u0131zl\u0131k ve vatan sevgisi u\u011fruna yazd\u0131\u011f\u0131 en b\u00fcy\u00fck destanlardan biri oldu\u011funu belirterek, bu zaferin yaln\u0131zca bir sava\u015f\u0131n kazan\u0131lmas\u0131 de\u011fil, ayn\u0131 zamanda birlik ve beraberlik ruhunun bir tezah\u00fcr\u00fc oldu\u011funu ifade etti. K\u00fc\u00e7\u00fck, \u00c7anakkale Zaferi\u2019nin Kuzey\" \/>\n<meta property=\"og:url\" content=\"https:\/\/kibrisdakik.com\/?p=77974\" \/>\n<meta property=\"article:published_time\" content=\"2025-03-17T09:14:03+00:00\" \/>\n<meta property=\"og:image\" content=\"https:\/\/kibrisdakik.com\/wp-content\/uploads\/2024\/12\/hqsan-kucuk-25-740x420.jpg\" \/>\n\t<meta property=\"og:image:width\" content=\"1600\" \/>\n\t<meta property=\"og:image:height\" content=\"1066\" \/>\n\t<meta property=\"og:image:type\" content=\"image\/jpeg\" \/>\n<meta name=\"author\" content=\"admin\" \/>\n<meta name=\"twitter:card\" content=\"summary_large_image\" \/>\n<meta name=\"twitter:label1\" content=\"Yazan:\" \/>\n\t<meta name=\"twitter:data1\" content=\"admin\" \/>\n\t<meta name=\"twitter:label2\" content=\"Tahmini okuma s\u00fcresi\" \/>\n\t<meta name=\"twitter:data2\" content=\"1 dakika\" \/>\n<script type=\"application\/ld+json\" class=\"yoast-schema-graph\">{\"@context\":\"https:\\\/\\\/schema.org\",\"@graph\":[{\"@type\":\"Article\",\"@id\":\"https:\\\/\\\/kibrisdakik.com\\\/?p=77974#article\",\"isPartOf\":{\"@id\":\"https:\\\/\\\/kibrisdakik.com\\\/?p=77974\"},\"author\":{\"name\":\"admin\",\"@id\":\"https:\\\/\\\/kibrisdakik.com\\\/#\\\/schema\\\/person\\\/9cd9d437bbb44f72b73ba127e06d8e79\"},\"headline\":\"UBP Milletvekili K\u00fc\u00e7\u00fck: \u201c\u00c7anakkale Zaferi K\u0131br\u0131s T\u00fcrk Halk\u0131\u2019na ilham vermi\u015ftir\",\"datePublished\":\"2025-03-17T09:14:03+00:00\",\"mainEntityOfPage\":{\"@id\":\"https:\\\/\\\/kibrisdakik.com\\\/?p=77974\"},\"wordCount\":240,\"commentCount\":0,\"image\":{\"@id\":\"https:\\\/\\\/kibrisdakik.com\\\/?p=77974#primaryimage\"},\"thumbnailUrl\":\"https:\\\/\\\/kibrisdakik.com\\\/wp-content\\\/uploads\\\/2024\\\/12\\\/hqsan-kucuk-25-740x420.jpg\",\"articleSection\":[\"K\u0131br\u0131s\",\"Man\u015fet\"],\"inLanguage\":\"tr\",\"potentialAction\":[{\"@type\":\"CommentAction\",\"name\":\"Comment\",\"target\":[\"https:\\\/\\\/kibrisdakik.com\\\/?p=77974#respond\"]}]},{\"@type\":\"WebPage\",\"@id\":\"https:\\\/\\\/kibrisdakik.com\\\/?p=77974\",\"url\":\"https:\\\/\\\/kibrisdakik.com\\\/?p=77974\",\"name\":\"UBP Milletvekili K\u00fc\u00e7\u00fck: \u201c\u00c7anakkale Zaferi K\u0131br\u0131s T\u00fcrk Halk\u0131\u2019na ilham vermi\u015ftir -\",\"isPartOf\":{\"@id\":\"https:\\\/\\\/kibrisdakik.com\\\/#website\"},\"primaryImageOfPage\":{\"@id\":\"https:\\\/\\\/kibrisdakik.com\\\/?p=77974#primaryimage\"},\"image\":{\"@id\":\"https:\\\/\\\/kibrisdakik.com\\\/?p=77974#primaryimage\"},\"thumbnailUrl\":\"https:\\\/\\\/kibrisdakik.com\\\/wp-content\\\/uploads\\\/2024\\\/12\\\/hqsan-kucuk-25-740x420.jpg\",\"datePublished\":\"2025-03-17T09:14:03+00:00\",\"author\":{\"@id\":\"https:\\\/\\\/kibrisdakik.com\\\/#\\\/schema\\\/person\\\/9cd9d437bbb44f72b73ba127e06d8e79\"},\"breadcrumb\":{\"@id\":\"https:\\\/\\\/kibrisdakik.com\\\/?p=77974#breadcrumb\"},\"inLanguage\":\"tr\",\"potentialAction\":[{\"@type\":\"ReadAction\",\"target\":[\"https:\\\/\\\/kibrisdakik.com\\\/?p=77974\"]}]},{\"@type\":\"ImageObject\",\"inLanguage\":\"tr\",\"@id\":\"https:\\\/\\\/kibrisdakik.com\\\/?p=77974#primaryimage\",\"url\":\"https:\\\/\\\/kibrisdakik.com\\\/wp-content\\\/uploads\\\/2024\\\/12\\\/hqsan-kucuk-25-740x420.jpg\",\"contentUrl\":\"https:\\\/\\\/kibrisdakik.com\\\/wp-content\\\/uploads\\\/2024\\\/12\\\/hqsan-kucuk-25-740x420.jpg\",\"width\":1600,\"height\":1066},{\"@type\":\"BreadcrumbList\",\"@id\":\"https:\\\/\\\/kibrisdakik.com\\\/?p=77974#breadcrumb\",\"itemListElement\":[{\"@type\":\"ListItem\",\"position\":1,\"name\":\"Home\",\"item\":\"https:\\\/\\\/kibrisdakik.com\\\/\"},{\"@type\":\"ListItem\",\"position\":2,\"name\":\"UBP Milletvekili K\u00fc\u00e7\u00fck: \u201c\u00c7anakkale Zaferi K\u0131br\u0131s T\u00fcrk Halk\u0131\u2019na ilham vermi\u015ftir\"}]},{\"@type\":\"WebSite\",\"@id\":\"https:\\\/\\\/kibrisdakik.com\\\/#website\",\"url\":\"https:\\\/\\\/kibrisdakik.com\\\/\",\"name\":\"\",\"description\":\"Tam vaktinde haber\",\"potentialAction\":[{\"@type\":\"SearchAction\",\"target\":{\"@type\":\"EntryPoint\",\"urlTemplate\":\"https:\\\/\\\/kibrisdakik.com\\\/?s={search_term_string}\"},\"query-input\":{\"@type\":\"PropertyValueSpecification\",\"valueRequired\":true,\"valueName\":\"search_term_string\"}}],\"inLanguage\":\"tr\"},{\"@type\":\"Person\",\"@id\":\"https:\\\/\\\/kibrisdakik.com\\\/#\\\/schema\\\/person\\\/9cd9d437bbb44f72b73ba127e06d8e79\",\"name\":\"admin\",\"image\":{\"@type\":\"ImageObject\",\"inLanguage\":\"tr\",\"@id\":\"https:\\\/\\\/secure.gravatar.com\\\/avatar\\\/ccc17943b9d660506c869530f897617f7cb1c21a4bf30023f252596d83e1f007?s=96&d=mm&r=g\",\"url\":\"https:\\\/\\\/secure.gravatar.com\\\/avatar\\\/ccc17943b9d660506c869530f897617f7cb1c21a4bf30023f252596d83e1f007?s=96&d=mm&r=g\",\"contentUrl\":\"https:\\\/\\\/secure.gravatar.com\\\/avatar\\\/ccc17943b9d660506c869530f897617f7cb1c21a4bf30023f252596d83e1f007?s=96&d=mm&r=g\",\"caption\":\"admin\"},\"sameAs\":[\"https:\\\/\\\/kibrisdakik.com\"],\"url\":\"https:\\\/\\\/kibrisdakik.com\\\/?author=1\"}]}<\/script>\n<!-- \/ Yoast SEO plugin. -->","yoast_head_json":{"title":"UBP Milletvekili K\u00fc\u00e7\u00fck: \u201c\u00c7anakkale Zaferi K\u0131br\u0131s T\u00fcrk Halk\u0131\u2019na ilham vermi\u015ftir -","robots":{"index":"index","follow":"follow","max-snippet":"max-snippet:-1","max-image-preview":"max-image-preview:large","max-video-preview":"max-video-preview:-1"},"canonical":"https:\/\/kibrisdakik.com\/?p=77974","og_locale":"tr_TR","og_type":"article","og_title":"UBP Milletvekili K\u00fc\u00e7\u00fck: \u201c\u00c7anakkale Zaferi K\u0131br\u0131s T\u00fcrk Halk\u0131\u2019na ilham vermi\u015ftir -","og_description":"Ulusal Birlik Partisi Milletvekili Dr. Hasan K\u00fc\u00e7\u00fck, \u00c7anakkale Zaferi\u2019nin 110. y\u0131l d\u00f6n\u00fcm\u00fc dolay\u0131s\u0131yla mesaj yay\u0131mlad\u0131. K\u00fc\u00e7\u00fck mesaj\u0131nda, \u00c7anakkale Zaferi\u2019nin T\u00fcrk milletinin ba\u011f\u0131ms\u0131zl\u0131k ve vatan sevgisi u\u011fruna yazd\u0131\u011f\u0131 en b\u00fcy\u00fck destanlardan biri oldu\u011funu belirterek, bu zaferin yaln\u0131zca bir sava\u015f\u0131n kazan\u0131lmas\u0131 de\u011fil, ayn\u0131 zamanda birlik ve beraberlik ruhunun bir tezah\u00fcr\u00fc oldu\u011funu ifade etti. K\u00fc\u00e7\u00fck, \u00c7anakkale Zaferi\u2019nin Kuzey","og_url":"https:\/\/kibrisdakik.com\/?p=77974","article_published_time":"2025-03-17T09:14:03+00:00","og_image":[{"width":1600,"height":1066,"url":"https:\/\/kibrisdakik.com\/wp-content\/uploads\/2024\/12\/hqsan-kucuk-25-740x420.jpg","type":"image\/jpeg"}],"author":"admin","twitter_card":"summary_large_image","twitter_misc":{"Yazan:":"admin","Tahmini okuma s\u00fcresi":"1 dakika"},"schema":{"@context":"https:\/\/schema.org","@graph":[{"@type":"Article","@id":"https:\/\/kibrisdakik.com\/?p=77974#article","isPartOf":{"@id":"https:\/\/kibrisdakik.com\/?p=77974"},"author":{"name":"admin","@id":"https:\/\/kibrisdakik.com\/#\/schema\/person\/9cd9d437bbb44f72b73ba127e06d8e79"},"headline":"UBP Milletvekili K\u00fc\u00e7\u00fck: \u201c\u00c7anakkale Zaferi K\u0131br\u0131s T\u00fcrk Halk\u0131\u2019na ilham vermi\u015ftir","datePublished":"2025-03-17T09:14:03+00:00","mainEntityOfPage":{"@id":"https:\/\/kibrisdakik.com\/?p=77974"},"wordCount":240,"commentCount":0,"image":{"@id":"https:\/\/kibrisdakik.com\/?p=77974#primaryimage"},"thumbnailUrl":"https:\/\/kibrisdakik.com\/wp-content\/uploads\/2024\/12\/hqsan-kucuk-25-740x420.jpg","articleSection":["K\u0131br\u0131s","Man\u015fet"],"inLanguage":"tr","potentialAction":[{"@type":"CommentAction","name":"Comment","target":["https:\/\/kibrisdakik.com\/?p=77974#respond"]}]},{"@type":"WebPage","@id":"https:\/\/kibrisdakik.com\/?p=77974","url":"https:\/\/kibrisdakik.com\/?p=77974","name":"UBP Milletvekili K\u00fc\u00e7\u00fck: \u201c\u00c7anakkale Zaferi K\u0131br\u0131s T\u00fcrk Halk\u0131\u2019na ilham vermi\u015ftir -","isPartOf":{"@id":"https:\/\/kibrisdakik.com\/#website"},"primaryImageOfPage":{"@id":"https:\/\/kibrisdakik.com\/?p=77974#primaryimage"},"image":{"@id":"https:\/\/kibrisdakik.com\/?p=77974#primaryimage"},"thumbnailUrl":"https:\/\/kibrisdakik.com\/wp-content\/uploads\/2024\/12\/hqsan-kucuk-25-740x420.jpg","datePublished":"2025-03-17T09:14:03+00:00","author":{"@id":"https:\/\/kibrisdakik.com\/#\/schema\/person\/9cd9d437bbb44f72b73ba127e06d8e79"},"breadcrumb":{"@id":"https:\/\/kibrisdakik.com\/?p=77974#breadcrumb"},"inLanguage":"tr","potentialAction":[{"@type":"ReadAction","target":["https:\/\/kibrisdakik.com\/?p=77974"]}]},{"@type":"ImageObject","inLanguage":"tr","@id":"https:\/\/kibrisdakik.com\/?p=77974#primaryimage","url":"https:\/\/kibrisdakik.com\/wp-content\/uploads\/2024\/12\/hqsan-kucuk-25-740x420.jpg","contentUrl":"https:\/\/kibrisdakik.com\/wp-content\/uploads\/2024\/12\/hqsan-kucuk-25-740x420.jpg","width":1600,"height":1066},{"@type":"BreadcrumbList","@id":"https:\/\/kibrisdakik.com\/?p=77974#breadcrumb","itemListElement":[{"@type":"ListItem","position":1,"name":"Home","item":"https:\/\/kibrisdakik.com\/"},{"@type":"ListItem","position":2,"name":"UBP Milletvekili K\u00fc\u00e7\u00fck: \u201c\u00c7anakkale Zaferi K\u0131br\u0131s T\u00fcrk Halk\u0131\u2019na ilham vermi\u015ftir"}]},{"@type":"WebSite","@id":"https:\/\/kibrisdakik.com\/#website","url":"https:\/\/kibrisdakik.com\/","name":"","description":"Tam vaktinde haber","potentialAction":[{"@type":"SearchAction","target":{"@type":"EntryPoint","urlTemplate":"https:\/\/kibrisdakik.com\/?s={search_term_string}"},"query-input":{"@type":"PropertyValueSpecification","valueRequired":true,"valueName":"search_term_string"}}],"inLanguage":"tr"},{"@type":"Person","@id":"https:\/\/kibrisdakik.com\/#\/schema\/person\/9cd9d437bbb44f72b73ba127e06d8e79","name":"admin","image":{"@type":"ImageObject","inLanguage":"tr","@id":"https:\/\/secure.gravatar.com\/avatar\/ccc17943b9d660506c869530f897617f7cb1c21a4bf30023f252596d83e1f007?s=96&d=mm&r=g","url":"https:\/\/secure.gravatar.com\/avatar\/ccc17943b9d660506c869530f897617f7cb1c21a4bf30023f252596d83e1f007?s=96&d=mm&r=g","contentUrl":"https:\/\/secure.gravatar.com\/avatar\/ccc17943b9d660506c869530f897617f7cb1c21a4bf30023f252596d83e1f007?s=96&d=mm&r=g","caption":"admin"},"sameAs":["https:\/\/kibrisdakik.com"],"url":"https:\/\/kibrisdakik.com\/?author=1"}]}},"_links":{"self":[{"href":"https:\/\/kibrisdakik.com\/index.php?rest_route=\/wp\/v2\/posts\/77974","targetHints":{"allow":["GET"]}}],"collection":[{"href":"https:\/\/kibrisdakik.com\/index.php?rest_route=\/wp\/v2\/posts"}],"about":[{"href":"https:\/\/kibrisdakik.com\/index.php?rest_route=\/wp\/v2\/types\/post"}],"author":[{"embeddable":true,"href":"https:\/\/kibrisdakik.com\/index.php?rest_route=\/wp\/v2\/users\/1"}],"replies":[{"embeddable":true,"href":"https:\/\/kibrisdakik.com\/index.php?rest_route=%2Fwp%2Fv2%2Fcomments&post=77974"}],"version-history":[{"count":0,"href":"https:\/\/kibrisdakik.com\/index.php?rest_route=\/wp\/v2\/posts\/77974\/revisions"}],"wp:featuredmedia":[{"embeddable":true,"href":"https:\/\/kibrisdakik.com\/index.php?rest_route=\/wp\/v2\/media\/71585"}],"wp:attachment":[{"href":"https:\/\/kibrisdakik.com\/index.php?rest_route=%2Fwp%2Fv2%2Fmedia&parent=77974"}],"wp:term":[{"taxonomy":"category","embeddable":true,"href":"https:\/\/kibrisdakik.com\/index.php?rest_route=%2Fwp%2Fv2%2Fcategories&post=77974"},{"taxonomy":"post_tag","embeddable":true,"href":"https:\/\/kibrisdakik.com\/index.php?rest_route=%2Fwp%2Fv2%2Ftags&post=77974"}],"curies":[{"name":"wp","href":"https:\/\/api.w.org\/{rel}","templated":true}]}}