{"id":7798,"date":"2023-05-29T01:14:20","date_gmt":"2023-05-29T01:14:20","guid":{"rendered":"https:\/\/kibrisdakik.com\/index.php\/2023\/05\/29\/basbakan-yardimcisi-ataogludan-turkiye-cumhurbaskani-erdogana-kutlama-mesaji\/"},"modified":"2023-05-29T01:14:20","modified_gmt":"2023-05-29T01:14:20","slug":"basbakan-yardimcisi-ataogludan-turkiye-cumhurbaskani-erdogana-kutlama-mesaji","status":"publish","type":"post","link":"https:\/\/kibrisdakik.com\/?p=7798","title":{"rendered":"Ba\u015fbakan Yard\u0131mc\u0131s\u0131 Atao\u011flu\u2019dan, T\u00fcrkiye Cumhurba\u015fkan\u0131 Erdo\u011fan\u2019a kutlama mesaj\u0131"},"content":{"rendered":"<p><\/p>\n<div>\n<div class=\"mariselle-image-container center\">\n                <img width=\"1200\" height=\"800\" class=\"lazy-image\" alt=\"\" decoding=\"async\" loading=\"lazy\" sizes=\"auto, (max-width: 1200px) 100vw, 1200px\" src=\"https:\/\/brtk.net\/wp-content\/uploads\/2023\/05\/03\/fikri-ataoglu7.jpg?ver=16dbc72ab03c313f1c4a9341e7f9107b\" srcset=\"https:\/\/brtk.net\/wp-content\/uploads\/2023\/05\/03\/fikri-ataoglu7.jpg?ver=16dbc72ab03c313f1c4a9341e7f9107b 1200w, https:\/\/brtk.net\/wp-content\/uploads\/2023\/05\/03\/fikri-ataoglu7-300x200.jpg?ver=16dbc72ab03c313f1c4a9341e7f9107b 300w, https:\/\/brtk.net\/wp-content\/uploads\/2023\/05\/03\/fikri-ataoglu7-1024x683.jpg?ver=e8923004aaddd8ae83e068926f2aea68 1024w, https:\/\/brtk.net\/wp-content\/uploads\/2023\/05\/03\/fikri-ataoglu7-768x512.jpg?ver=e8923004aaddd8ae83e068926f2aea68 768w\"\/>                            <\/div>\n<p>Ba\u015fbakan Yard\u0131mc\u0131s\u0131, Turizm, K\u00fclt\u00fcr, Gen\u00e7lik ve \u00c7evre Bakan\u0131, Demokrat Parti (DP) Genel Ba\u015fkan\u0131 Fikri Atao\u011flu, T\u00fcrkiye Cumhuriyeti\u2019nde ger\u00e7ekle\u015fen Cumhurba\u015fkanl\u0131\u011f\u0131 se\u00e7imini kazanan Recep Tayyip Erdo\u011fan\u2019a tebrik mesaj\u0131 g\u00f6nderdi.<\/p>\n<p>Atao\u011flu mesaj\u0131nda \u015fu ifadelere yer verdi;<\/p>\n<p>\u201cT\u00fcrkiye Cumhuriyeti\u2019nde tekrardan Cumhurba\u015fkan\u0131 olarak se\u00e7ilen Say\u0131n Recep Tayyip Erdo\u011fan\u0131 en i\u00e7ten dileklerimle kutlar\u0131m. Bu b\u00fcy\u00fck zaferiniz, T\u00fcrk milletinin size olan g\u00fcveninin bir g\u00f6stergesi ve liderli\u011finizin takdir edildi\u011finin bir kan\u0131t\u0131d\u0131r.<\/p>\n<p>Say\u0131n Erdo\u011fan T\u00fcrkiye\u2019nin kalk\u0131nmas\u0131 ve refah\u0131 i\u00e7in kararl\u0131 bir \u015fekilde \u00e7al\u0131\u015fmalar\u0131n\u0131 s\u00fcrd\u00fcrm\u00fc\u015f, g\u00f6sterdi\u011fi liderlik, cesaret ve vizyon sayesinde T\u00fcrkiye\u2019nin b\u00fcy\u00fck ba\u015far\u0131lar elde etmesine imkan sa\u011flam\u0131\u015ft\u0131r.<\/p>\n<p><a href=\"https:\/\/brtk.net\/\">KKTC<\/a> olarak, T\u00fcrkiye\u2019nin istikrar\u0131 ve geli\u015fimi i\u00e7in Say\u0131n Erdo\u011fan\u2019\u0131n liderli\u011finde at\u0131lan ad\u0131mlar\u0131 desteklemekteyiz. G\u00fc\u00e7l\u00fc T\u00fcrkiye\u2019nin, Kuzey K\u0131br\u0131s T\u00fcrk Cumhuriyeti\u2019nde istikrar ve refah\u0131n teminat\u0131 oldu\u011funu biliyoruz.<\/p>\n<p>Say\u0131n Erdo\u011fan\u2019\u0131n yeniden se\u00e7ilmesi, T\u00fcrkiye\u2019nin daha da ileriye ta\u015f\u0131nmas\u0131na ve T\u00fcrk halk\u0131n\u0131n refah\u0131n\u0131n artmas\u0131na katk\u0131 sa\u011flayaca\u011f\u0131na inan\u0131yorum. Say\u0131n Erdo\u011fan\u2019\u0131n ba\u015far\u0131lar\u0131lar\u0131n\u0131n devam\u0131n\u0131 diler, gelecekteki g\u00f6revinde ba\u015far\u0131lar ve kolayl\u0131klar temenni ederim.\u201d<\/p>\n<\/p><\/div>\n<p><script async\n                    defer\n                    crossorigin=\"anonymous\"\n                    src=\"https:\/\/connect.facebook.net\/tr_TR\/sdk.js#xfbml=1&#038;version=v3.3\"\n            ><\/script><\/p>\n","protected":false},"excerpt":{"rendered":"<p>Ba\u015fbakan Yard\u0131mc\u0131s\u0131, Turizm, K\u00fclt\u00fcr, Gen\u00e7lik ve \u00c7evre Bakan\u0131, Demokrat Parti (DP) Genel Ba\u015fkan\u0131 Fikri Atao\u011flu, T\u00fcrkiye Cumhuriyeti\u2019nde ger\u00e7ekle\u015fen Cumhurba\u015fkanl\u0131\u011f\u0131 se\u00e7imini kazanan Recep Tayyip Erdo\u011fan\u2019a tebrik mesaj\u0131 g\u00f6nderdi. Atao\u011flu mesaj\u0131nda \u015fu ifadelere yer verdi; \u201cT\u00fcrkiye Cumhuriyeti\u2019nde tekrardan Cumhurba\u015fkan\u0131 olarak se\u00e7ilen Say\u0131n Recep Tayyip Erdo\u011fan\u0131 en i\u00e7ten dileklerimle kutlar\u0131m. Bu b\u00fcy\u00fck zaferiniz, T\u00fcrk milletinin size olan g\u00fcveninin<\/p>\n","protected":false},"author":1,"featured_media":7176,"comment_status":"open","ping_status":"open","sticky":false,"template":"","format":"standard","meta":{"footnotes":""},"categories":[1],"tags":[],"class_list":["post-7798","post","type-post","status-publish","format-standard","has-post-thumbnail","hentry","category-gundem"],"yoast_head":"<!-- This site is optimized with the Yoast SEO plugin v27.4 - https:\/\/yoast.com\/product\/yoast-seo-wordpress\/ -->\n<title>Ba\u015fbakan Yard\u0131mc\u0131s\u0131 Atao\u011flu\u2019dan, T\u00fcrkiye Cumhurba\u015fkan\u0131 Erdo\u011fan\u2019a kutlama mesaj\u0131 -<\/title>\n<meta name=\"robots\" content=\"index, follow, max-snippet:-1, max-image-preview:large, max-video-preview:-1\" \/>\n<link rel=\"canonical\" href=\"https:\/\/kibrisdakik.com\/?p=7798\" \/>\n<meta property=\"og:locale\" content=\"tr_TR\" \/>\n<meta property=\"og:type\" content=\"article\" \/>\n<meta property=\"og:title\" content=\"Ba\u015fbakan Yard\u0131mc\u0131s\u0131 Atao\u011flu\u2019dan, T\u00fcrkiye Cumhurba\u015fkan\u0131 Erdo\u011fan\u2019a kutlama mesaj\u0131 -\" \/>\n<meta property=\"og:description\" content=\"Ba\u015fbakan Yard\u0131mc\u0131s\u0131, Turizm, K\u00fclt\u00fcr, Gen\u00e7lik ve \u00c7evre Bakan\u0131, Demokrat Parti (DP) Genel Ba\u015fkan\u0131 Fikri Atao\u011flu, T\u00fcrkiye Cumhuriyeti\u2019nde ger\u00e7ekle\u015fen Cumhurba\u015fkanl\u0131\u011f\u0131 se\u00e7imini kazanan Recep Tayyip Erdo\u011fan\u2019a tebrik mesaj\u0131 g\u00f6nderdi. Atao\u011flu mesaj\u0131nda \u015fu ifadelere yer verdi; \u201cT\u00fcrkiye Cumhuriyeti\u2019nde tekrardan Cumhurba\u015fkan\u0131 olarak se\u00e7ilen Say\u0131n Recep Tayyip Erdo\u011fan\u0131 en i\u00e7ten dileklerimle kutlar\u0131m. Bu b\u00fcy\u00fck zaferiniz, T\u00fcrk milletinin size olan g\u00fcveninin\" \/>\n<meta property=\"og:url\" content=\"https:\/\/kibrisdakik.com\/?p=7798\" \/>\n<meta property=\"article:published_time\" content=\"2023-05-29T01:14:20+00:00\" \/>\n<meta property=\"og:image\" content=\"https:\/\/kibrisdakik.com\/wp-content\/uploads\/2023\/05\/fikri-ataoglu-19-mayis-740x420.jpg\" \/>\n\t<meta property=\"og:image:width\" content=\"1200\" \/>\n\t<meta property=\"og:image:height\" content=\"800\" \/>\n\t<meta property=\"og:image:type\" content=\"image\/jpeg\" \/>\n<meta name=\"author\" content=\"admin\" \/>\n<meta name=\"twitter:card\" content=\"summary_large_image\" \/>\n<meta name=\"twitter:label1\" content=\"Yazan:\" \/>\n\t<meta name=\"twitter:data1\" content=\"admin\" \/>\n\t<meta name=\"twitter:label2\" content=\"Tahmini okuma s\u00fcresi\" \/>\n\t<meta name=\"twitter:data2\" content=\"1 dakika\" \/>\n<script type=\"application\/ld+json\" class=\"yoast-schema-graph\">{\"@context\":\"https:\\\/\\\/schema.org\",\"@graph\":[{\"@type\":\"Article\",\"@id\":\"https:\\\/\\\/kibrisdakik.com\\\/?p=7798#article\",\"isPartOf\":{\"@id\":\"https:\\\/\\\/kibrisdakik.com\\\/?p=7798\"},\"author\":{\"name\":\"admin\",\"@id\":\"https:\\\/\\\/kibrisdakik.com\\\/#\\\/schema\\\/person\\\/9cd9d437bbb44f72b73ba127e06d8e79\"},\"headline\":\"Ba\u015fbakan Yard\u0131mc\u0131s\u0131 Atao\u011flu\u2019dan, T\u00fcrkiye Cumhurba\u015fkan\u0131 Erdo\u011fan\u2019a kutlama mesaj\u0131\",\"datePublished\":\"2023-05-29T01:14:20+00:00\",\"mainEntityOfPage\":{\"@id\":\"https:\\\/\\\/kibrisdakik.com\\\/?p=7798\"},\"wordCount\":266,\"commentCount\":0,\"image\":{\"@id\":\"https:\\\/\\\/kibrisdakik.com\\\/?p=7798#primaryimage\"},\"thumbnailUrl\":\"https:\\\/\\\/kibrisdakik.com\\\/wp-content\\\/uploads\\\/2023\\\/05\\\/fikri-ataoglu-19-mayis-740x420.jpg\",\"articleSection\":[\"G\u00fcndem\"],\"inLanguage\":\"tr\",\"potentialAction\":[{\"@type\":\"CommentAction\",\"name\":\"Comment\",\"target\":[\"https:\\\/\\\/kibrisdakik.com\\\/?p=7798#respond\"]}]},{\"@type\":\"WebPage\",\"@id\":\"https:\\\/\\\/kibrisdakik.com\\\/?p=7798\",\"url\":\"https:\\\/\\\/kibrisdakik.com\\\/?p=7798\",\"name\":\"Ba\u015fbakan Yard\u0131mc\u0131s\u0131 Atao\u011flu\u2019dan, T\u00fcrkiye Cumhurba\u015fkan\u0131 Erdo\u011fan\u2019a kutlama mesaj\u0131 -\",\"isPartOf\":{\"@id\":\"https:\\\/\\\/kibrisdakik.com\\\/#website\"},\"primaryImageOfPage\":{\"@id\":\"https:\\\/\\\/kibrisdakik.com\\\/?p=7798#primaryimage\"},\"image\":{\"@id\":\"https:\\\/\\\/kibrisdakik.com\\\/?p=7798#primaryimage\"},\"thumbnailUrl\":\"https:\\\/\\\/kibrisdakik.com\\\/wp-content\\\/uploads\\\/2023\\\/05\\\/fikri-ataoglu-19-mayis-740x420.jpg\",\"datePublished\":\"2023-05-29T01:14:20+00:00\",\"author\":{\"@id\":\"https:\\\/\\\/kibrisdakik.com\\\/#\\\/schema\\\/person\\\/9cd9d437bbb44f72b73ba127e06d8e79\"},\"breadcrumb\":{\"@id\":\"https:\\\/\\\/kibrisdakik.com\\\/?p=7798#breadcrumb\"},\"inLanguage\":\"tr\",\"potentialAction\":[{\"@type\":\"ReadAction\",\"target\":[\"https:\\\/\\\/kibrisdakik.com\\\/?p=7798\"]}]},{\"@type\":\"ImageObject\",\"inLanguage\":\"tr\",\"@id\":\"https:\\\/\\\/kibrisdakik.com\\\/?p=7798#primaryimage\",\"url\":\"https:\\\/\\\/kibrisdakik.com\\\/wp-content\\\/uploads\\\/2023\\\/05\\\/fikri-ataoglu-19-mayis-740x420.jpg\",\"contentUrl\":\"https:\\\/\\\/kibrisdakik.com\\\/wp-content\\\/uploads\\\/2023\\\/05\\\/fikri-ataoglu-19-mayis-740x420.jpg\",\"width\":1200,\"height\":800},{\"@type\":\"BreadcrumbList\",\"@id\":\"https:\\\/\\\/kibrisdakik.com\\\/?p=7798#breadcrumb\",\"itemListElement\":[{\"@type\":\"ListItem\",\"position\":1,\"name\":\"Home\",\"item\":\"https:\\\/\\\/kibrisdakik.com\\\/\"},{\"@type\":\"ListItem\",\"position\":2,\"name\":\"Ba\u015fbakan Yard\u0131mc\u0131s\u0131 Atao\u011flu\u2019dan, T\u00fcrkiye Cumhurba\u015fkan\u0131 Erdo\u011fan\u2019a kutlama mesaj\u0131\"}]},{\"@type\":\"WebSite\",\"@id\":\"https:\\\/\\\/kibrisdakik.com\\\/#website\",\"url\":\"https:\\\/\\\/kibrisdakik.com\\\/\",\"name\":\"\",\"description\":\"Tam vaktinde haber\",\"potentialAction\":[{\"@type\":\"SearchAction\",\"target\":{\"@type\":\"EntryPoint\",\"urlTemplate\":\"https:\\\/\\\/kibrisdakik.com\\\/?s={search_term_string}\"},\"query-input\":{\"@type\":\"PropertyValueSpecification\",\"valueRequired\":true,\"valueName\":\"search_term_string\"}}],\"inLanguage\":\"tr\"},{\"@type\":\"Person\",\"@id\":\"https:\\\/\\\/kibrisdakik.com\\\/#\\\/schema\\\/person\\\/9cd9d437bbb44f72b73ba127e06d8e79\",\"name\":\"admin\",\"image\":{\"@type\":\"ImageObject\",\"inLanguage\":\"tr\",\"@id\":\"https:\\\/\\\/secure.gravatar.com\\\/avatar\\\/ccc17943b9d660506c869530f897617f7cb1c21a4bf30023f252596d83e1f007?s=96&d=mm&r=g\",\"url\":\"https:\\\/\\\/secure.gravatar.com\\\/avatar\\\/ccc17943b9d660506c869530f897617f7cb1c21a4bf30023f252596d83e1f007?s=96&d=mm&r=g\",\"contentUrl\":\"https:\\\/\\\/secure.gravatar.com\\\/avatar\\\/ccc17943b9d660506c869530f897617f7cb1c21a4bf30023f252596d83e1f007?s=96&d=mm&r=g\",\"caption\":\"admin\"},\"sameAs\":[\"https:\\\/\\\/kibrisdakik.com\"],\"url\":\"https:\\\/\\\/kibrisdakik.com\\\/?author=1\"}]}<\/script>\n<!-- \/ Yoast SEO plugin. -->","yoast_head_json":{"title":"Ba\u015fbakan Yard\u0131mc\u0131s\u0131 Atao\u011flu\u2019dan, T\u00fcrkiye Cumhurba\u015fkan\u0131 Erdo\u011fan\u2019a kutlama mesaj\u0131 -","robots":{"index":"index","follow":"follow","max-snippet":"max-snippet:-1","max-image-preview":"max-image-preview:large","max-video-preview":"max-video-preview:-1"},"canonical":"https:\/\/kibrisdakik.com\/?p=7798","og_locale":"tr_TR","og_type":"article","og_title":"Ba\u015fbakan Yard\u0131mc\u0131s\u0131 Atao\u011flu\u2019dan, T\u00fcrkiye Cumhurba\u015fkan\u0131 Erdo\u011fan\u2019a kutlama mesaj\u0131 -","og_description":"Ba\u015fbakan Yard\u0131mc\u0131s\u0131, Turizm, K\u00fclt\u00fcr, Gen\u00e7lik ve \u00c7evre Bakan\u0131, Demokrat Parti (DP) Genel Ba\u015fkan\u0131 Fikri Atao\u011flu, T\u00fcrkiye Cumhuriyeti\u2019nde ger\u00e7ekle\u015fen Cumhurba\u015fkanl\u0131\u011f\u0131 se\u00e7imini kazanan Recep Tayyip Erdo\u011fan\u2019a tebrik mesaj\u0131 g\u00f6nderdi. Atao\u011flu mesaj\u0131nda \u015fu ifadelere yer verdi; \u201cT\u00fcrkiye Cumhuriyeti\u2019nde tekrardan Cumhurba\u015fkan\u0131 olarak se\u00e7ilen Say\u0131n Recep Tayyip Erdo\u011fan\u0131 en i\u00e7ten dileklerimle kutlar\u0131m. Bu b\u00fcy\u00fck zaferiniz, T\u00fcrk milletinin size olan g\u00fcveninin","og_url":"https:\/\/kibrisdakik.com\/?p=7798","article_published_time":"2023-05-29T01:14:20+00:00","og_image":[{"width":1200,"height":800,"url":"https:\/\/kibrisdakik.com\/wp-content\/uploads\/2023\/05\/fikri-ataoglu-19-mayis-740x420.jpg","type":"image\/jpeg"}],"author":"admin","twitter_card":"summary_large_image","twitter_misc":{"Yazan:":"admin","Tahmini okuma s\u00fcresi":"1 dakika"},"schema":{"@context":"https:\/\/schema.org","@graph":[{"@type":"Article","@id":"https:\/\/kibrisdakik.com\/?p=7798#article","isPartOf":{"@id":"https:\/\/kibrisdakik.com\/?p=7798"},"author":{"name":"admin","@id":"https:\/\/kibrisdakik.com\/#\/schema\/person\/9cd9d437bbb44f72b73ba127e06d8e79"},"headline":"Ba\u015fbakan Yard\u0131mc\u0131s\u0131 Atao\u011flu\u2019dan, T\u00fcrkiye Cumhurba\u015fkan\u0131 Erdo\u011fan\u2019a kutlama mesaj\u0131","datePublished":"2023-05-29T01:14:20+00:00","mainEntityOfPage":{"@id":"https:\/\/kibrisdakik.com\/?p=7798"},"wordCount":266,"commentCount":0,"image":{"@id":"https:\/\/kibrisdakik.com\/?p=7798#primaryimage"},"thumbnailUrl":"https:\/\/kibrisdakik.com\/wp-content\/uploads\/2023\/05\/fikri-ataoglu-19-mayis-740x420.jpg","articleSection":["G\u00fcndem"],"inLanguage":"tr","potentialAction":[{"@type":"CommentAction","name":"Comment","target":["https:\/\/kibrisdakik.com\/?p=7798#respond"]}]},{"@type":"WebPage","@id":"https:\/\/kibrisdakik.com\/?p=7798","url":"https:\/\/kibrisdakik.com\/?p=7798","name":"Ba\u015fbakan Yard\u0131mc\u0131s\u0131 Atao\u011flu\u2019dan, T\u00fcrkiye Cumhurba\u015fkan\u0131 Erdo\u011fan\u2019a kutlama mesaj\u0131 -","isPartOf":{"@id":"https:\/\/kibrisdakik.com\/#website"},"primaryImageOfPage":{"@id":"https:\/\/kibrisdakik.com\/?p=7798#primaryimage"},"image":{"@id":"https:\/\/kibrisdakik.com\/?p=7798#primaryimage"},"thumbnailUrl":"https:\/\/kibrisdakik.com\/wp-content\/uploads\/2023\/05\/fikri-ataoglu-19-mayis-740x420.jpg","datePublished":"2023-05-29T01:14:20+00:00","author":{"@id":"https:\/\/kibrisdakik.com\/#\/schema\/person\/9cd9d437bbb44f72b73ba127e06d8e79"},"breadcrumb":{"@id":"https:\/\/kibrisdakik.com\/?p=7798#breadcrumb"},"inLanguage":"tr","potentialAction":[{"@type":"ReadAction","target":["https:\/\/kibrisdakik.com\/?p=7798"]}]},{"@type":"ImageObject","inLanguage":"tr","@id":"https:\/\/kibrisdakik.com\/?p=7798#primaryimage","url":"https:\/\/kibrisdakik.com\/wp-content\/uploads\/2023\/05\/fikri-ataoglu-19-mayis-740x420.jpg","contentUrl":"https:\/\/kibrisdakik.com\/wp-content\/uploads\/2023\/05\/fikri-ataoglu-19-mayis-740x420.jpg","width":1200,"height":800},{"@type":"BreadcrumbList","@id":"https:\/\/kibrisdakik.com\/?p=7798#breadcrumb","itemListElement":[{"@type":"ListItem","position":1,"name":"Home","item":"https:\/\/kibrisdakik.com\/"},{"@type":"ListItem","position":2,"name":"Ba\u015fbakan Yard\u0131mc\u0131s\u0131 Atao\u011flu\u2019dan, T\u00fcrkiye Cumhurba\u015fkan\u0131 Erdo\u011fan\u2019a kutlama mesaj\u0131"}]},{"@type":"WebSite","@id":"https:\/\/kibrisdakik.com\/#website","url":"https:\/\/kibrisdakik.com\/","name":"","description":"Tam vaktinde haber","potentialAction":[{"@type":"SearchAction","target":{"@type":"EntryPoint","urlTemplate":"https:\/\/kibrisdakik.com\/?s={search_term_string}"},"query-input":{"@type":"PropertyValueSpecification","valueRequired":true,"valueName":"search_term_string"}}],"inLanguage":"tr"},{"@type":"Person","@id":"https:\/\/kibrisdakik.com\/#\/schema\/person\/9cd9d437bbb44f72b73ba127e06d8e79","name":"admin","image":{"@type":"ImageObject","inLanguage":"tr","@id":"https:\/\/secure.gravatar.com\/avatar\/ccc17943b9d660506c869530f897617f7cb1c21a4bf30023f252596d83e1f007?s=96&d=mm&r=g","url":"https:\/\/secure.gravatar.com\/avatar\/ccc17943b9d660506c869530f897617f7cb1c21a4bf30023f252596d83e1f007?s=96&d=mm&r=g","contentUrl":"https:\/\/secure.gravatar.com\/avatar\/ccc17943b9d660506c869530f897617f7cb1c21a4bf30023f252596d83e1f007?s=96&d=mm&r=g","caption":"admin"},"sameAs":["https:\/\/kibrisdakik.com"],"url":"https:\/\/kibrisdakik.com\/?author=1"}]}},"_links":{"self":[{"href":"https:\/\/kibrisdakik.com\/index.php?rest_route=\/wp\/v2\/posts\/7798","targetHints":{"allow":["GET"]}}],"collection":[{"href":"https:\/\/kibrisdakik.com\/index.php?rest_route=\/wp\/v2\/posts"}],"about":[{"href":"https:\/\/kibrisdakik.com\/index.php?rest_route=\/wp\/v2\/types\/post"}],"author":[{"embeddable":true,"href":"https:\/\/kibrisdakik.com\/index.php?rest_route=\/wp\/v2\/users\/1"}],"replies":[{"embeddable":true,"href":"https:\/\/kibrisdakik.com\/index.php?rest_route=%2Fwp%2Fv2%2Fcomments&post=7798"}],"version-history":[{"count":0,"href":"https:\/\/kibrisdakik.com\/index.php?rest_route=\/wp\/v2\/posts\/7798\/revisions"}],"wp:featuredmedia":[{"embeddable":true,"href":"https:\/\/kibrisdakik.com\/index.php?rest_route=\/wp\/v2\/media\/7176"}],"wp:attachment":[{"href":"https:\/\/kibrisdakik.com\/index.php?rest_route=%2Fwp%2Fv2%2Fmedia&parent=7798"}],"wp:term":[{"taxonomy":"category","embeddable":true,"href":"https:\/\/kibrisdakik.com\/index.php?rest_route=%2Fwp%2Fv2%2Fcategories&post=7798"},{"taxonomy":"post_tag","embeddable":true,"href":"https:\/\/kibrisdakik.com\/index.php?rest_route=%2Fwp%2Fv2%2Ftags&post=7798"}],"curies":[{"name":"wp","href":"https:\/\/api.w.org\/{rel}","templated":true}]}}