{"id":78022,"date":"2025-03-17T17:17:36","date_gmt":"2025-03-17T14:17:36","guid":{"rendered":"https:\/\/kibrisdakik.com\/index.php\/2025\/03\/17\/milli-egitim-bakani-cavusoglundan-18-mart-mesaji\/"},"modified":"2025-03-17T17:17:36","modified_gmt":"2025-03-17T14:17:36","slug":"milli-egitim-bakani-cavusoglundan-18-mart-mesaji","status":"publish","type":"post","link":"https:\/\/kibrisdakik.com\/?p=78022","title":{"rendered":"Milli E\u011fitim Bakan\u0131 \u00c7avu\u015fo\u011flu\u2019ndan 18 Mart mesaj\u0131"},"content":{"rendered":"<div>\n<div class=\"mariselle-image-container center\">\n                                            <\/div>\n<p>Milli E\u011fitim Bakan\u0131 Naz\u0131m \u00c7avu\u015fo\u011flu, 18 Mart \u015eehitleri Anma G\u00fcn\u00fc ve \u00c7anakkale Zaferi\u2019nin 110. y\u0131l d\u00f6n\u00fcm\u00fc dolay\u0131s\u0131yla mesaj yay\u0131mlad\u0131.<\/p>\n<p>Bakan \u00c7avu\u015fo\u011flu mesaj\u0131nda, \u00c7anakkale Zaferi\u2019nin T\u00fcrk milletinin ba\u011f\u0131ms\u0131zl\u0131k ve vatan sevgisinin en g\u00fc\u00e7l\u00fc g\u00f6stergelerinden biri oldu\u011funu vurgulayarak, \u201c\u00c7anakkale, milletimizin birlik ve beraberlik i\u00e7inde yazd\u0131\u011f\u0131 bir destand\u0131r. Bu zafer, K\u0131br\u0131s T\u00fcrk halk\u0131n\u0131n, ba\u011f\u0131ms\u0131zl\u0131k, \u00f6zg\u00fcrl\u00fck ve egemenlik m\u00fccadelemizde oldu\u011fu gibi bizlere bug\u00fcn de rehber olmaya devam etmektedir.\u201d dedi.<\/p>\n<p>\u015eehitlerin fedakarl\u0131klar\u0131n\u0131n asla unutulmayaca\u011f\u0131n\u0131 belirten \u00c7avu\u015fo\u011flu, \u201cBu topraklar\u0131 bizlere vatan k\u0131lan, canlar\u0131n\u0131 feda eden Gazi Mustafa Kemal Atat\u00fcrk ve gazilerimizi rahmet, minnet ve \u015f\u00fckranla an\u0131yorum.\u201d ifadelerini kulland\u0131.<\/p>\n<p>Bakan \u00c7avu\u015fo\u011flu, gen\u00e7 nesillerin \u00c7anakkale ruhunu ya\u015fatarak vatan sevgisi ve milli bilin\u00e7le yeti\u015fmesinin \u00f6nemine dikkat \u00e7ekerek, \u201cMill\u00ee E\u011fitim Bakanl\u0131\u011f\u0131 olarak, ecdad\u0131m\u0131z\u0131n bizlere b\u0131rakt\u0131\u011f\u0131 bu kutlu miras\u0131 en iyi \u015fekilde gelece\u011fe ta\u015f\u0131mak en b\u00fcy\u00fck sorumlulu\u011fumuzdur.\u201d dedi.<\/p>\n<p>\u00c7avu\u015fo\u011flu ge\u00e7mi\u015ften ald\u0131klar\u0131 ilhamla milletin refah\u0131 i\u00e7in \u00e7al\u0131\u015fmaya ve m\u00fccadeleye t\u00fcm gayretleriyle durmadan devam ettiklerini belirterek, \u015fehitleri rahmet ve minnetle and\u0131, gazilere sa\u011fl\u0131k ve mutluluklar diledi.<\/p>\n<\/p><\/div>\n<p><script async\n                    defer\n                    crossorigin=\"anonymous\"\n                    src=\"https:\/\/connect.facebook.net\/tr_TR\/sdk.js#xfbml=1&#038;version=v3.3\"\n            ><\/script><\/p>\n","protected":false},"excerpt":{"rendered":"<p>Milli E\u011fitim Bakan\u0131 Naz\u0131m \u00c7avu\u015fo\u011flu, 18 Mart \u015eehitleri Anma G\u00fcn\u00fc ve \u00c7anakkale Zaferi\u2019nin 110. y\u0131l d\u00f6n\u00fcm\u00fc dolay\u0131s\u0131yla mesaj yay\u0131mlad\u0131. Bakan \u00c7avu\u015fo\u011flu mesaj\u0131nda, \u00c7anakkale Zaferi\u2019nin T\u00fcrk milletinin ba\u011f\u0131ms\u0131zl\u0131k ve vatan sevgisinin en g\u00fc\u00e7l\u00fc g\u00f6stergelerinden biri oldu\u011funu vurgulayarak, \u201c\u00c7anakkale, milletimizin birlik ve beraberlik i\u00e7inde yazd\u0131\u011f\u0131 bir destand\u0131r. Bu zafer, K\u0131br\u0131s T\u00fcrk halk\u0131n\u0131n, ba\u011f\u0131ms\u0131zl\u0131k, \u00f6zg\u00fcrl\u00fck ve egemenlik m\u00fccadelemizde<\/p>\n","protected":false},"author":1,"featured_media":78023,"comment_status":"open","ping_status":"open","sticky":false,"template":"","format":"standard","meta":{"footnotes":""},"categories":[81,101],"tags":[],"class_list":["post-78022","post","type-post","status-publish","format-standard","has-post-thumbnail","hentry","category-kibris","category-manset"],"yoast_head":"<!-- This site is optimized with the Yoast SEO plugin v27.5 - https:\/\/yoast.com\/product\/yoast-seo-wordpress\/ -->\n<title>Milli E\u011fitim Bakan\u0131 \u00c7avu\u015fo\u011flu\u2019ndan 18 Mart mesaj\u0131 -<\/title>\n<meta name=\"robots\" content=\"index, follow, max-snippet:-1, max-image-preview:large, max-video-preview:-1\" \/>\n<link rel=\"canonical\" href=\"https:\/\/kibrisdakik.com\/?p=78022\" \/>\n<meta property=\"og:locale\" content=\"tr_TR\" \/>\n<meta property=\"og:type\" content=\"article\" \/>\n<meta property=\"og:title\" content=\"Milli E\u011fitim Bakan\u0131 \u00c7avu\u015fo\u011flu\u2019ndan 18 Mart mesaj\u0131 -\" \/>\n<meta property=\"og:description\" content=\"Milli E\u011fitim Bakan\u0131 Naz\u0131m \u00c7avu\u015fo\u011flu, 18 Mart \u015eehitleri Anma G\u00fcn\u00fc ve \u00c7anakkale Zaferi\u2019nin 110. y\u0131l d\u00f6n\u00fcm\u00fc dolay\u0131s\u0131yla mesaj yay\u0131mlad\u0131. Bakan \u00c7avu\u015fo\u011flu mesaj\u0131nda, \u00c7anakkale Zaferi\u2019nin T\u00fcrk milletinin ba\u011f\u0131ms\u0131zl\u0131k ve vatan sevgisinin en g\u00fc\u00e7l\u00fc g\u00f6stergelerinden biri oldu\u011funu vurgulayarak, \u201c\u00c7anakkale, milletimizin birlik ve beraberlik i\u00e7inde yazd\u0131\u011f\u0131 bir destand\u0131r. Bu zafer, K\u0131br\u0131s T\u00fcrk halk\u0131n\u0131n, ba\u011f\u0131ms\u0131zl\u0131k, \u00f6zg\u00fcrl\u00fck ve egemenlik m\u00fccadelemizde\" \/>\n<meta property=\"og:url\" content=\"https:\/\/kibrisdakik.com\/?p=78022\" \/>\n<meta property=\"article:published_time\" content=\"2025-03-17T14:17:36+00:00\" \/>\n<meta property=\"og:image\" content=\"https:\/\/kibrisdakik.com\/wp-content\/uploads\/2025\/03\/nazim-cavusoglu-2024-a-740x420.jpg\" \/>\n\t<meta property=\"og:image:width\" content=\"2480\" \/>\n\t<meta property=\"og:image:height\" content=\"1656\" \/>\n\t<meta property=\"og:image:type\" content=\"image\/jpeg\" \/>\n<meta name=\"author\" content=\"admin\" \/>\n<meta name=\"twitter:card\" content=\"summary_large_image\" \/>\n<meta name=\"twitter:label1\" content=\"Yazan:\" \/>\n\t<meta name=\"twitter:data1\" content=\"admin\" \/>\n\t<meta name=\"twitter:label2\" content=\"Tahmini okuma s\u00fcresi\" \/>\n\t<meta name=\"twitter:data2\" content=\"1 dakika\" \/>\n<script type=\"application\/ld+json\" class=\"yoast-schema-graph\">{\"@context\":\"https:\\\/\\\/schema.org\",\"@graph\":[{\"@type\":\"Article\",\"@id\":\"https:\\\/\\\/kibrisdakik.com\\\/?p=78022#article\",\"isPartOf\":{\"@id\":\"https:\\\/\\\/kibrisdakik.com\\\/?p=78022\"},\"author\":{\"name\":\"admin\",\"@id\":\"https:\\\/\\\/kibrisdakik.com\\\/#\\\/schema\\\/person\\\/9cd9d437bbb44f72b73ba127e06d8e79\"},\"headline\":\"Milli E\u011fitim Bakan\u0131 \u00c7avu\u015fo\u011flu\u2019ndan 18 Mart mesaj\u0131\",\"datePublished\":\"2025-03-17T14:17:36+00:00\",\"mainEntityOfPage\":{\"@id\":\"https:\\\/\\\/kibrisdakik.com\\\/?p=78022\"},\"wordCount\":235,\"commentCount\":0,\"image\":{\"@id\":\"https:\\\/\\\/kibrisdakik.com\\\/?p=78022#primaryimage\"},\"thumbnailUrl\":\"https:\\\/\\\/kibrisdakik.com\\\/wp-content\\\/uploads\\\/2025\\\/03\\\/nazim-cavusoglu-2024-a-740x420.jpg\",\"articleSection\":[\"K\u0131br\u0131s\",\"Man\u015fet\"],\"inLanguage\":\"tr\",\"potentialAction\":[{\"@type\":\"CommentAction\",\"name\":\"Comment\",\"target\":[\"https:\\\/\\\/kibrisdakik.com\\\/?p=78022#respond\"]}]},{\"@type\":\"WebPage\",\"@id\":\"https:\\\/\\\/kibrisdakik.com\\\/?p=78022\",\"url\":\"https:\\\/\\\/kibrisdakik.com\\\/?p=78022\",\"name\":\"Milli E\u011fitim Bakan\u0131 \u00c7avu\u015fo\u011flu\u2019ndan 18 Mart mesaj\u0131 -\",\"isPartOf\":{\"@id\":\"https:\\\/\\\/kibrisdakik.com\\\/#website\"},\"primaryImageOfPage\":{\"@id\":\"https:\\\/\\\/kibrisdakik.com\\\/?p=78022#primaryimage\"},\"image\":{\"@id\":\"https:\\\/\\\/kibrisdakik.com\\\/?p=78022#primaryimage\"},\"thumbnailUrl\":\"https:\\\/\\\/kibrisdakik.com\\\/wp-content\\\/uploads\\\/2025\\\/03\\\/nazim-cavusoglu-2024-a-740x420.jpg\",\"datePublished\":\"2025-03-17T14:17:36+00:00\",\"author\":{\"@id\":\"https:\\\/\\\/kibrisdakik.com\\\/#\\\/schema\\\/person\\\/9cd9d437bbb44f72b73ba127e06d8e79\"},\"breadcrumb\":{\"@id\":\"https:\\\/\\\/kibrisdakik.com\\\/?p=78022#breadcrumb\"},\"inLanguage\":\"tr\",\"potentialAction\":[{\"@type\":\"ReadAction\",\"target\":[\"https:\\\/\\\/kibrisdakik.com\\\/?p=78022\"]}]},{\"@type\":\"ImageObject\",\"inLanguage\":\"tr\",\"@id\":\"https:\\\/\\\/kibrisdakik.com\\\/?p=78022#primaryimage\",\"url\":\"https:\\\/\\\/kibrisdakik.com\\\/wp-content\\\/uploads\\\/2025\\\/03\\\/nazim-cavusoglu-2024-a-740x420.jpg\",\"contentUrl\":\"https:\\\/\\\/kibrisdakik.com\\\/wp-content\\\/uploads\\\/2025\\\/03\\\/nazim-cavusoglu-2024-a-740x420.jpg\",\"width\":2480,\"height\":1656},{\"@type\":\"BreadcrumbList\",\"@id\":\"https:\\\/\\\/kibrisdakik.com\\\/?p=78022#breadcrumb\",\"itemListElement\":[{\"@type\":\"ListItem\",\"position\":1,\"name\":\"Home\",\"item\":\"https:\\\/\\\/kibrisdakik.com\\\/\"},{\"@type\":\"ListItem\",\"position\":2,\"name\":\"Milli E\u011fitim Bakan\u0131 \u00c7avu\u015fo\u011flu\u2019ndan 18 Mart mesaj\u0131\"}]},{\"@type\":\"WebSite\",\"@id\":\"https:\\\/\\\/kibrisdakik.com\\\/#website\",\"url\":\"https:\\\/\\\/kibrisdakik.com\\\/\",\"name\":\"\",\"description\":\"Tam vaktinde haber\",\"potentialAction\":[{\"@type\":\"SearchAction\",\"target\":{\"@type\":\"EntryPoint\",\"urlTemplate\":\"https:\\\/\\\/kibrisdakik.com\\\/?s={search_term_string}\"},\"query-input\":{\"@type\":\"PropertyValueSpecification\",\"valueRequired\":true,\"valueName\":\"search_term_string\"}}],\"inLanguage\":\"tr\"},{\"@type\":\"Person\",\"@id\":\"https:\\\/\\\/kibrisdakik.com\\\/#\\\/schema\\\/person\\\/9cd9d437bbb44f72b73ba127e06d8e79\",\"name\":\"admin\",\"image\":{\"@type\":\"ImageObject\",\"inLanguage\":\"tr\",\"@id\":\"https:\\\/\\\/secure.gravatar.com\\\/avatar\\\/ccc17943b9d660506c869530f897617f7cb1c21a4bf30023f252596d83e1f007?s=96&d=mm&r=g\",\"url\":\"https:\\\/\\\/secure.gravatar.com\\\/avatar\\\/ccc17943b9d660506c869530f897617f7cb1c21a4bf30023f252596d83e1f007?s=96&d=mm&r=g\",\"contentUrl\":\"https:\\\/\\\/secure.gravatar.com\\\/avatar\\\/ccc17943b9d660506c869530f897617f7cb1c21a4bf30023f252596d83e1f007?s=96&d=mm&r=g\",\"caption\":\"admin\"},\"sameAs\":[\"https:\\\/\\\/kibrisdakik.com\"],\"url\":\"https:\\\/\\\/kibrisdakik.com\\\/?author=1\"}]}<\/script>\n<!-- \/ Yoast SEO plugin. -->","yoast_head_json":{"title":"Milli E\u011fitim Bakan\u0131 \u00c7avu\u015fo\u011flu\u2019ndan 18 Mart mesaj\u0131 -","robots":{"index":"index","follow":"follow","max-snippet":"max-snippet:-1","max-image-preview":"max-image-preview:large","max-video-preview":"max-video-preview:-1"},"canonical":"https:\/\/kibrisdakik.com\/?p=78022","og_locale":"tr_TR","og_type":"article","og_title":"Milli E\u011fitim Bakan\u0131 \u00c7avu\u015fo\u011flu\u2019ndan 18 Mart mesaj\u0131 -","og_description":"Milli E\u011fitim Bakan\u0131 Naz\u0131m \u00c7avu\u015fo\u011flu, 18 Mart \u015eehitleri Anma G\u00fcn\u00fc ve \u00c7anakkale Zaferi\u2019nin 110. y\u0131l d\u00f6n\u00fcm\u00fc dolay\u0131s\u0131yla mesaj yay\u0131mlad\u0131. Bakan \u00c7avu\u015fo\u011flu mesaj\u0131nda, \u00c7anakkale Zaferi\u2019nin T\u00fcrk milletinin ba\u011f\u0131ms\u0131zl\u0131k ve vatan sevgisinin en g\u00fc\u00e7l\u00fc g\u00f6stergelerinden biri oldu\u011funu vurgulayarak, \u201c\u00c7anakkale, milletimizin birlik ve beraberlik i\u00e7inde yazd\u0131\u011f\u0131 bir destand\u0131r. Bu zafer, K\u0131br\u0131s T\u00fcrk halk\u0131n\u0131n, ba\u011f\u0131ms\u0131zl\u0131k, \u00f6zg\u00fcrl\u00fck ve egemenlik m\u00fccadelemizde","og_url":"https:\/\/kibrisdakik.com\/?p=78022","article_published_time":"2025-03-17T14:17:36+00:00","og_image":[{"width":2480,"height":1656,"url":"https:\/\/kibrisdakik.com\/wp-content\/uploads\/2025\/03\/nazim-cavusoglu-2024-a-740x420.jpg","type":"image\/jpeg"}],"author":"admin","twitter_card":"summary_large_image","twitter_misc":{"Yazan:":"admin","Tahmini okuma s\u00fcresi":"1 dakika"},"schema":{"@context":"https:\/\/schema.org","@graph":[{"@type":"Article","@id":"https:\/\/kibrisdakik.com\/?p=78022#article","isPartOf":{"@id":"https:\/\/kibrisdakik.com\/?p=78022"},"author":{"name":"admin","@id":"https:\/\/kibrisdakik.com\/#\/schema\/person\/9cd9d437bbb44f72b73ba127e06d8e79"},"headline":"Milli E\u011fitim Bakan\u0131 \u00c7avu\u015fo\u011flu\u2019ndan 18 Mart mesaj\u0131","datePublished":"2025-03-17T14:17:36+00:00","mainEntityOfPage":{"@id":"https:\/\/kibrisdakik.com\/?p=78022"},"wordCount":235,"commentCount":0,"image":{"@id":"https:\/\/kibrisdakik.com\/?p=78022#primaryimage"},"thumbnailUrl":"https:\/\/kibrisdakik.com\/wp-content\/uploads\/2025\/03\/nazim-cavusoglu-2024-a-740x420.jpg","articleSection":["K\u0131br\u0131s","Man\u015fet"],"inLanguage":"tr","potentialAction":[{"@type":"CommentAction","name":"Comment","target":["https:\/\/kibrisdakik.com\/?p=78022#respond"]}]},{"@type":"WebPage","@id":"https:\/\/kibrisdakik.com\/?p=78022","url":"https:\/\/kibrisdakik.com\/?p=78022","name":"Milli E\u011fitim Bakan\u0131 \u00c7avu\u015fo\u011flu\u2019ndan 18 Mart mesaj\u0131 -","isPartOf":{"@id":"https:\/\/kibrisdakik.com\/#website"},"primaryImageOfPage":{"@id":"https:\/\/kibrisdakik.com\/?p=78022#primaryimage"},"image":{"@id":"https:\/\/kibrisdakik.com\/?p=78022#primaryimage"},"thumbnailUrl":"https:\/\/kibrisdakik.com\/wp-content\/uploads\/2025\/03\/nazim-cavusoglu-2024-a-740x420.jpg","datePublished":"2025-03-17T14:17:36+00:00","author":{"@id":"https:\/\/kibrisdakik.com\/#\/schema\/person\/9cd9d437bbb44f72b73ba127e06d8e79"},"breadcrumb":{"@id":"https:\/\/kibrisdakik.com\/?p=78022#breadcrumb"},"inLanguage":"tr","potentialAction":[{"@type":"ReadAction","target":["https:\/\/kibrisdakik.com\/?p=78022"]}]},{"@type":"ImageObject","inLanguage":"tr","@id":"https:\/\/kibrisdakik.com\/?p=78022#primaryimage","url":"https:\/\/kibrisdakik.com\/wp-content\/uploads\/2025\/03\/nazim-cavusoglu-2024-a-740x420.jpg","contentUrl":"https:\/\/kibrisdakik.com\/wp-content\/uploads\/2025\/03\/nazim-cavusoglu-2024-a-740x420.jpg","width":2480,"height":1656},{"@type":"BreadcrumbList","@id":"https:\/\/kibrisdakik.com\/?p=78022#breadcrumb","itemListElement":[{"@type":"ListItem","position":1,"name":"Home","item":"https:\/\/kibrisdakik.com\/"},{"@type":"ListItem","position":2,"name":"Milli E\u011fitim Bakan\u0131 \u00c7avu\u015fo\u011flu\u2019ndan 18 Mart mesaj\u0131"}]},{"@type":"WebSite","@id":"https:\/\/kibrisdakik.com\/#website","url":"https:\/\/kibrisdakik.com\/","name":"","description":"Tam vaktinde haber","potentialAction":[{"@type":"SearchAction","target":{"@type":"EntryPoint","urlTemplate":"https:\/\/kibrisdakik.com\/?s={search_term_string}"},"query-input":{"@type":"PropertyValueSpecification","valueRequired":true,"valueName":"search_term_string"}}],"inLanguage":"tr"},{"@type":"Person","@id":"https:\/\/kibrisdakik.com\/#\/schema\/person\/9cd9d437bbb44f72b73ba127e06d8e79","name":"admin","image":{"@type":"ImageObject","inLanguage":"tr","@id":"https:\/\/secure.gravatar.com\/avatar\/ccc17943b9d660506c869530f897617f7cb1c21a4bf30023f252596d83e1f007?s=96&d=mm&r=g","url":"https:\/\/secure.gravatar.com\/avatar\/ccc17943b9d660506c869530f897617f7cb1c21a4bf30023f252596d83e1f007?s=96&d=mm&r=g","contentUrl":"https:\/\/secure.gravatar.com\/avatar\/ccc17943b9d660506c869530f897617f7cb1c21a4bf30023f252596d83e1f007?s=96&d=mm&r=g","caption":"admin"},"sameAs":["https:\/\/kibrisdakik.com"],"url":"https:\/\/kibrisdakik.com\/?author=1"}]}},"_links":{"self":[{"href":"https:\/\/kibrisdakik.com\/index.php?rest_route=\/wp\/v2\/posts\/78022","targetHints":{"allow":["GET"]}}],"collection":[{"href":"https:\/\/kibrisdakik.com\/index.php?rest_route=\/wp\/v2\/posts"}],"about":[{"href":"https:\/\/kibrisdakik.com\/index.php?rest_route=\/wp\/v2\/types\/post"}],"author":[{"embeddable":true,"href":"https:\/\/kibrisdakik.com\/index.php?rest_route=\/wp\/v2\/users\/1"}],"replies":[{"embeddable":true,"href":"https:\/\/kibrisdakik.com\/index.php?rest_route=%2Fwp%2Fv2%2Fcomments&post=78022"}],"version-history":[{"count":0,"href":"https:\/\/kibrisdakik.com\/index.php?rest_route=\/wp\/v2\/posts\/78022\/revisions"}],"wp:featuredmedia":[{"embeddable":true,"href":"https:\/\/kibrisdakik.com\/index.php?rest_route=\/wp\/v2\/media\/78023"}],"wp:attachment":[{"href":"https:\/\/kibrisdakik.com\/index.php?rest_route=%2Fwp%2Fv2%2Fmedia&parent=78022"}],"wp:term":[{"taxonomy":"category","embeddable":true,"href":"https:\/\/kibrisdakik.com\/index.php?rest_route=%2Fwp%2Fv2%2Fcategories&post=78022"},{"taxonomy":"post_tag","embeddable":true,"href":"https:\/\/kibrisdakik.com\/index.php?rest_route=%2Fwp%2Fv2%2Ftags&post=78022"}],"curies":[{"name":"wp","href":"https:\/\/api.w.org\/{rel}","templated":true}]}}