{"id":78028,"date":"2025-03-17T19:06:22","date_gmt":"2025-03-17T16:06:22","guid":{"rendered":"https:\/\/kibrisdakik.com\/index.php\/2025\/03\/17\/cumhurbaskani-tatar-cenevrede-geriye-degil-ileriye-bakacagiz\/"},"modified":"2025-03-17T19:06:22","modified_gmt":"2025-03-17T16:06:22","slug":"cumhurbaskani-tatar-cenevrede-geriye-degil-ileriye-bakacagiz","status":"publish","type":"post","link":"https:\/\/kibrisdakik.com\/?p=78028","title":{"rendered":"Cumhurba\u015fkan\u0131 Tatar, Cenevre\u2019de: \u201cGeriye de\u011fil ileriye bakaca\u011f\u0131z\u201d"},"content":{"rendered":"<div>\n<div class=\"mariselle-image-container center\">\n                                            <\/div>\n<p>Cumhurba\u015fkan\u0131 Ersin Tatar, Birle\u015fmi\u015f Milletler (BM) Genel Sekreteri Antonio Guterres\u2019in ev sahipli\u011finde yap\u0131lacak 5+1 gayriresmi K\u0131br\u0131s zirvesine kat\u0131lmak amac\u0131yla Cenevre\u2019ye geldi. <\/p>\n<p>Cenevre\u2019ye T\u00fcrkiye D\u0131\u015fi\u015fleri Bakan\u0131 Hakan Fidan ile ayn\u0131 u\u00e7akta gelen Cumhurba\u015fkan\u0131 Tatar, zirvede, K\u0131br\u0131s T\u00fcrk halk\u0131n\u0131n haklar\u0131n\u0131 korumak ve taraflar\u0131 i\u015f birliklerine cesaretlendirmek amac\u0131yla yer alacaklar\u0131n\u0131 belirtti. <\/p>\n<p>\u201cGeriye de\u011fil ileriye bakaca\u011f\u0131z\u201d diyen Tatar, geli\u015finde yapt\u0131\u011f\u0131 a\u00e7\u0131klamada, \u201cS\u00fcre\u00e7 ba\u015fl\u0131yor, halk\u0131m\u0131z\u0131n hak ve hukukunu korumaya geldik, in\u015fallah iyi olacak. K\u0131br\u0131s\u2019taki ger\u00e7ekleri g\u00f6zard\u0131 etmeden taraflar\u0131 i\u015f birliklerine cesaretlendirecek ad\u0131mlar\u0131 atmak istiyoruz\u201d ifadelerini kulland\u0131. <\/p>\n<p>Geni\u015fletilmi\u015f gayriresmi toplant\u0131, bug\u00fcn Cenevre saatiyle 19.00\u2019da (K\u0131br\u0131s saatiyle 20.00) Intercontinental Hotel\u2019de BM Genel Sekreteri\u2019nin heyet ba\u015fkanlar\u0131 i\u00e7in verece\u011fi ak\u015fam yeme\u011fiyle ba\u015flayacak.<\/p>\n<p>Ak\u015fam yeme\u011finde heyet ba\u015fkanlar\u0131na birer ki\u015fi e\u015flik edecek. Yemek \u00f6ncesinde BM Genel Sekreteri her heyet ba\u015fkan\u0131 ile foto\u011fraf \u00e7ekimi yapacak.<\/p>\n<p>Program, yar\u0131n sabah Cenevre saatiyle 09.00\u2019da (K\u0131br\u0131s saatiyle 10.00) Intercontinental Hotel\u2019de BM Genel Sekreteri ile her bir heyet aras\u0131nda yap\u0131lacak ikili toplant\u0131larla devam edecek.<\/p>\n<p>Genel Sekreter ile yap\u0131lacak ikili toplant\u0131larda heyet ba\u015fkanlar\u0131na be\u015f ki\u015fi e\u015flik edecek. Bu toplant\u0131lar\u0131n programlanmas\u0131 i\u00e7in BM do\u011frudan delegasyonlarla ileti\u015fime ge\u00e7ecek.<\/p>\n<p>Ard\u0131ndan Cenevre saatiyle 11.30\u2019da (K\u0131br\u0131s saatiyle 12.30) BM\u2019nin Cenevre\u2019deki Merkezi olan Milletler Saray\u0131\u2019nda  (Palais des Nations) t\u00fcm taraflar\u0131n kat\u0131l\u0131m\u0131yla geni\u015f formattaki 5+1 gayriresmi toplant\u0131 ba\u015flayacak. Toplant\u0131da, heyet ba\u015fkanlar\u0131na be\u015f ki\u015fi e\u015flik edecek.<\/p>\n<p>5+1 formattaki gayriresmi toplant\u0131, Birle\u015fmi\u015f Milletler Genel Sekreteri\u2019nin a\u00e7\u0131l\u0131\u015f konu\u015fmas\u0131 ile ba\u015flayacak ve ard\u0131ndan heyet ba\u015fkanlar\u0131 s\u00f6z alacak. Toplant\u0131 ba\u015flamadan \u00f6nce \u201caile foto\u011fraf\u0131\u201d de \u00e7ekilecek.<\/p>\n<p>Geni\u015f formattaki gayriresmi toplant\u0131n\u0131n, Cenevre saatiyle 14.30\u2019da (K\u0131br\u0131s saatiyle 15.30) tamamlanmas\u0131 planlan\u0131yor.<\/p>\n<\/p><\/div>\n<p><script async\n                    defer\n                    crossorigin=\"anonymous\"\n                    src=\"https:\/\/connect.facebook.net\/tr_TR\/sdk.js#xfbml=1&#038;version=v3.3\"\n            ><\/script><\/p>\n","protected":false},"excerpt":{"rendered":"<p>Cumhurba\u015fkan\u0131 Ersin Tatar, Birle\u015fmi\u015f Milletler (BM) Genel Sekreteri Antonio Guterres\u2019in ev sahipli\u011finde yap\u0131lacak 5+1 gayriresmi K\u0131br\u0131s zirvesine kat\u0131lmak amac\u0131yla Cenevre\u2019ye geldi. Cenevre\u2019ye T\u00fcrkiye D\u0131\u015fi\u015fleri Bakan\u0131 Hakan Fidan ile ayn\u0131 u\u00e7akta gelen Cumhurba\u015fkan\u0131 Tatar, zirvede, K\u0131br\u0131s T\u00fcrk halk\u0131n\u0131n haklar\u0131n\u0131 korumak ve taraflar\u0131 i\u015f birliklerine cesaretlendirmek amac\u0131yla yer alacaklar\u0131n\u0131 belirtti. \u201cGeriye de\u011fil ileriye bakaca\u011f\u0131z\u201d diyen Tatar, geli\u015finde<\/p>\n","protected":false},"author":1,"featured_media":78029,"comment_status":"open","ping_status":"open","sticky":false,"template":"","format":"standard","meta":{"footnotes":""},"categories":[81,101],"tags":[],"class_list":["post-78028","post","type-post","status-publish","format-standard","has-post-thumbnail","hentry","category-kibris","category-manset"],"yoast_head":"<!-- This site is optimized with the Yoast SEO plugin v27.4 - https:\/\/yoast.com\/product\/yoast-seo-wordpress\/ -->\n<title>Cumhurba\u015fkan\u0131 Tatar, Cenevre\u2019de: \u201cGeriye de\u011fil ileriye bakaca\u011f\u0131z\u201d -<\/title>\n<meta name=\"robots\" content=\"index, follow, max-snippet:-1, max-image-preview:large, max-video-preview:-1\" \/>\n<link rel=\"canonical\" href=\"https:\/\/kibrisdakik.com\/?p=78028\" \/>\n<meta property=\"og:locale\" content=\"tr_TR\" \/>\n<meta property=\"og:type\" content=\"article\" \/>\n<meta property=\"og:title\" content=\"Cumhurba\u015fkan\u0131 Tatar, Cenevre\u2019de: \u201cGeriye de\u011fil ileriye bakaca\u011f\u0131z\u201d -\" \/>\n<meta property=\"og:description\" content=\"Cumhurba\u015fkan\u0131 Ersin Tatar, Birle\u015fmi\u015f Milletler (BM) Genel Sekreteri Antonio Guterres\u2019in ev sahipli\u011finde yap\u0131lacak 5+1 gayriresmi K\u0131br\u0131s zirvesine kat\u0131lmak amac\u0131yla Cenevre\u2019ye geldi. Cenevre\u2019ye T\u00fcrkiye D\u0131\u015fi\u015fleri Bakan\u0131 Hakan Fidan ile ayn\u0131 u\u00e7akta gelen Cumhurba\u015fkan\u0131 Tatar, zirvede, K\u0131br\u0131s T\u00fcrk halk\u0131n\u0131n haklar\u0131n\u0131 korumak ve taraflar\u0131 i\u015f birliklerine cesaretlendirmek amac\u0131yla yer alacaklar\u0131n\u0131 belirtti. \u201cGeriye de\u011fil ileriye bakaca\u011f\u0131z\u201d diyen Tatar, geli\u015finde\" \/>\n<meta property=\"og:url\" content=\"https:\/\/kibrisdakik.com\/?p=78028\" \/>\n<meta property=\"article:published_time\" content=\"2025-03-17T16:06:22+00:00\" \/>\n<meta property=\"og:image\" content=\"https:\/\/kibrisdakik.com\/wp-content\/uploads\/2025\/03\/2242222-scaled-740x420.jpeg\" \/>\n\t<meta property=\"og:image:width\" content=\"2560\" \/>\n\t<meta property=\"og:image:height\" content=\"1704\" \/>\n\t<meta property=\"og:image:type\" content=\"image\/jpeg\" \/>\n<meta name=\"author\" content=\"admin\" \/>\n<meta name=\"twitter:card\" content=\"summary_large_image\" \/>\n<meta name=\"twitter:label1\" content=\"Yazan:\" \/>\n\t<meta name=\"twitter:data1\" content=\"admin\" \/>\n\t<meta name=\"twitter:label2\" content=\"Tahmini okuma s\u00fcresi\" \/>\n\t<meta name=\"twitter:data2\" content=\"2 dakika\" \/>\n<script type=\"application\/ld+json\" class=\"yoast-schema-graph\">{\"@context\":\"https:\\\/\\\/schema.org\",\"@graph\":[{\"@type\":\"Article\",\"@id\":\"https:\\\/\\\/kibrisdakik.com\\\/?p=78028#article\",\"isPartOf\":{\"@id\":\"https:\\\/\\\/kibrisdakik.com\\\/?p=78028\"},\"author\":{\"name\":\"admin\",\"@id\":\"https:\\\/\\\/kibrisdakik.com\\\/#\\\/schema\\\/person\\\/9cd9d437bbb44f72b73ba127e06d8e79\"},\"headline\":\"Cumhurba\u015fkan\u0131 Tatar, Cenevre\u2019de: \u201cGeriye de\u011fil ileriye bakaca\u011f\u0131z\u201d\",\"datePublished\":\"2025-03-17T16:06:22+00:00\",\"mainEntityOfPage\":{\"@id\":\"https:\\\/\\\/kibrisdakik.com\\\/?p=78028\"},\"wordCount\":353,\"commentCount\":0,\"image\":{\"@id\":\"https:\\\/\\\/kibrisdakik.com\\\/?p=78028#primaryimage\"},\"thumbnailUrl\":\"https:\\\/\\\/kibrisdakik.com\\\/wp-content\\\/uploads\\\/2025\\\/03\\\/2242222-scaled-740x420.jpeg\",\"articleSection\":[\"K\u0131br\u0131s\",\"Man\u015fet\"],\"inLanguage\":\"tr\",\"potentialAction\":[{\"@type\":\"CommentAction\",\"name\":\"Comment\",\"target\":[\"https:\\\/\\\/kibrisdakik.com\\\/?p=78028#respond\"]}]},{\"@type\":\"WebPage\",\"@id\":\"https:\\\/\\\/kibrisdakik.com\\\/?p=78028\",\"url\":\"https:\\\/\\\/kibrisdakik.com\\\/?p=78028\",\"name\":\"Cumhurba\u015fkan\u0131 Tatar, Cenevre\u2019de: \u201cGeriye de\u011fil ileriye bakaca\u011f\u0131z\u201d -\",\"isPartOf\":{\"@id\":\"https:\\\/\\\/kibrisdakik.com\\\/#website\"},\"primaryImageOfPage\":{\"@id\":\"https:\\\/\\\/kibrisdakik.com\\\/?p=78028#primaryimage\"},\"image\":{\"@id\":\"https:\\\/\\\/kibrisdakik.com\\\/?p=78028#primaryimage\"},\"thumbnailUrl\":\"https:\\\/\\\/kibrisdakik.com\\\/wp-content\\\/uploads\\\/2025\\\/03\\\/2242222-scaled-740x420.jpeg\",\"datePublished\":\"2025-03-17T16:06:22+00:00\",\"author\":{\"@id\":\"https:\\\/\\\/kibrisdakik.com\\\/#\\\/schema\\\/person\\\/9cd9d437bbb44f72b73ba127e06d8e79\"},\"breadcrumb\":{\"@id\":\"https:\\\/\\\/kibrisdakik.com\\\/?p=78028#breadcrumb\"},\"inLanguage\":\"tr\",\"potentialAction\":[{\"@type\":\"ReadAction\",\"target\":[\"https:\\\/\\\/kibrisdakik.com\\\/?p=78028\"]}]},{\"@type\":\"ImageObject\",\"inLanguage\":\"tr\",\"@id\":\"https:\\\/\\\/kibrisdakik.com\\\/?p=78028#primaryimage\",\"url\":\"https:\\\/\\\/kibrisdakik.com\\\/wp-content\\\/uploads\\\/2025\\\/03\\\/2242222-scaled-740x420.jpeg\",\"contentUrl\":\"https:\\\/\\\/kibrisdakik.com\\\/wp-content\\\/uploads\\\/2025\\\/03\\\/2242222-scaled-740x420.jpeg\",\"width\":2560,\"height\":1704},{\"@type\":\"BreadcrumbList\",\"@id\":\"https:\\\/\\\/kibrisdakik.com\\\/?p=78028#breadcrumb\",\"itemListElement\":[{\"@type\":\"ListItem\",\"position\":1,\"name\":\"Home\",\"item\":\"https:\\\/\\\/kibrisdakik.com\\\/\"},{\"@type\":\"ListItem\",\"position\":2,\"name\":\"Cumhurba\u015fkan\u0131 Tatar, Cenevre\u2019de: \u201cGeriye de\u011fil ileriye bakaca\u011f\u0131z\u201d\"}]},{\"@type\":\"WebSite\",\"@id\":\"https:\\\/\\\/kibrisdakik.com\\\/#website\",\"url\":\"https:\\\/\\\/kibrisdakik.com\\\/\",\"name\":\"\",\"description\":\"Tam vaktinde haber\",\"potentialAction\":[{\"@type\":\"SearchAction\",\"target\":{\"@type\":\"EntryPoint\",\"urlTemplate\":\"https:\\\/\\\/kibrisdakik.com\\\/?s={search_term_string}\"},\"query-input\":{\"@type\":\"PropertyValueSpecification\",\"valueRequired\":true,\"valueName\":\"search_term_string\"}}],\"inLanguage\":\"tr\"},{\"@type\":\"Person\",\"@id\":\"https:\\\/\\\/kibrisdakik.com\\\/#\\\/schema\\\/person\\\/9cd9d437bbb44f72b73ba127e06d8e79\",\"name\":\"admin\",\"image\":{\"@type\":\"ImageObject\",\"inLanguage\":\"tr\",\"@id\":\"https:\\\/\\\/secure.gravatar.com\\\/avatar\\\/ccc17943b9d660506c869530f897617f7cb1c21a4bf30023f252596d83e1f007?s=96&d=mm&r=g\",\"url\":\"https:\\\/\\\/secure.gravatar.com\\\/avatar\\\/ccc17943b9d660506c869530f897617f7cb1c21a4bf30023f252596d83e1f007?s=96&d=mm&r=g\",\"contentUrl\":\"https:\\\/\\\/secure.gravatar.com\\\/avatar\\\/ccc17943b9d660506c869530f897617f7cb1c21a4bf30023f252596d83e1f007?s=96&d=mm&r=g\",\"caption\":\"admin\"},\"sameAs\":[\"https:\\\/\\\/kibrisdakik.com\"],\"url\":\"https:\\\/\\\/kibrisdakik.com\\\/?author=1\"}]}<\/script>\n<!-- \/ Yoast SEO plugin. -->","yoast_head_json":{"title":"Cumhurba\u015fkan\u0131 Tatar, Cenevre\u2019de: \u201cGeriye de\u011fil ileriye bakaca\u011f\u0131z\u201d -","robots":{"index":"index","follow":"follow","max-snippet":"max-snippet:-1","max-image-preview":"max-image-preview:large","max-video-preview":"max-video-preview:-1"},"canonical":"https:\/\/kibrisdakik.com\/?p=78028","og_locale":"tr_TR","og_type":"article","og_title":"Cumhurba\u015fkan\u0131 Tatar, Cenevre\u2019de: \u201cGeriye de\u011fil ileriye bakaca\u011f\u0131z\u201d -","og_description":"Cumhurba\u015fkan\u0131 Ersin Tatar, Birle\u015fmi\u015f Milletler (BM) Genel Sekreteri Antonio Guterres\u2019in ev sahipli\u011finde yap\u0131lacak 5+1 gayriresmi K\u0131br\u0131s zirvesine kat\u0131lmak amac\u0131yla Cenevre\u2019ye geldi. Cenevre\u2019ye T\u00fcrkiye D\u0131\u015fi\u015fleri Bakan\u0131 Hakan Fidan ile ayn\u0131 u\u00e7akta gelen Cumhurba\u015fkan\u0131 Tatar, zirvede, K\u0131br\u0131s T\u00fcrk halk\u0131n\u0131n haklar\u0131n\u0131 korumak ve taraflar\u0131 i\u015f birliklerine cesaretlendirmek amac\u0131yla yer alacaklar\u0131n\u0131 belirtti. \u201cGeriye de\u011fil ileriye bakaca\u011f\u0131z\u201d diyen Tatar, geli\u015finde","og_url":"https:\/\/kibrisdakik.com\/?p=78028","article_published_time":"2025-03-17T16:06:22+00:00","og_image":[{"width":2560,"height":1704,"url":"https:\/\/kibrisdakik.com\/wp-content\/uploads\/2025\/03\/2242222-scaled-740x420.jpeg","type":"image\/jpeg"}],"author":"admin","twitter_card":"summary_large_image","twitter_misc":{"Yazan:":"admin","Tahmini okuma s\u00fcresi":"2 dakika"},"schema":{"@context":"https:\/\/schema.org","@graph":[{"@type":"Article","@id":"https:\/\/kibrisdakik.com\/?p=78028#article","isPartOf":{"@id":"https:\/\/kibrisdakik.com\/?p=78028"},"author":{"name":"admin","@id":"https:\/\/kibrisdakik.com\/#\/schema\/person\/9cd9d437bbb44f72b73ba127e06d8e79"},"headline":"Cumhurba\u015fkan\u0131 Tatar, Cenevre\u2019de: \u201cGeriye de\u011fil ileriye bakaca\u011f\u0131z\u201d","datePublished":"2025-03-17T16:06:22+00:00","mainEntityOfPage":{"@id":"https:\/\/kibrisdakik.com\/?p=78028"},"wordCount":353,"commentCount":0,"image":{"@id":"https:\/\/kibrisdakik.com\/?p=78028#primaryimage"},"thumbnailUrl":"https:\/\/kibrisdakik.com\/wp-content\/uploads\/2025\/03\/2242222-scaled-740x420.jpeg","articleSection":["K\u0131br\u0131s","Man\u015fet"],"inLanguage":"tr","potentialAction":[{"@type":"CommentAction","name":"Comment","target":["https:\/\/kibrisdakik.com\/?p=78028#respond"]}]},{"@type":"WebPage","@id":"https:\/\/kibrisdakik.com\/?p=78028","url":"https:\/\/kibrisdakik.com\/?p=78028","name":"Cumhurba\u015fkan\u0131 Tatar, Cenevre\u2019de: \u201cGeriye de\u011fil ileriye bakaca\u011f\u0131z\u201d -","isPartOf":{"@id":"https:\/\/kibrisdakik.com\/#website"},"primaryImageOfPage":{"@id":"https:\/\/kibrisdakik.com\/?p=78028#primaryimage"},"image":{"@id":"https:\/\/kibrisdakik.com\/?p=78028#primaryimage"},"thumbnailUrl":"https:\/\/kibrisdakik.com\/wp-content\/uploads\/2025\/03\/2242222-scaled-740x420.jpeg","datePublished":"2025-03-17T16:06:22+00:00","author":{"@id":"https:\/\/kibrisdakik.com\/#\/schema\/person\/9cd9d437bbb44f72b73ba127e06d8e79"},"breadcrumb":{"@id":"https:\/\/kibrisdakik.com\/?p=78028#breadcrumb"},"inLanguage":"tr","potentialAction":[{"@type":"ReadAction","target":["https:\/\/kibrisdakik.com\/?p=78028"]}]},{"@type":"ImageObject","inLanguage":"tr","@id":"https:\/\/kibrisdakik.com\/?p=78028#primaryimage","url":"https:\/\/kibrisdakik.com\/wp-content\/uploads\/2025\/03\/2242222-scaled-740x420.jpeg","contentUrl":"https:\/\/kibrisdakik.com\/wp-content\/uploads\/2025\/03\/2242222-scaled-740x420.jpeg","width":2560,"height":1704},{"@type":"BreadcrumbList","@id":"https:\/\/kibrisdakik.com\/?p=78028#breadcrumb","itemListElement":[{"@type":"ListItem","position":1,"name":"Home","item":"https:\/\/kibrisdakik.com\/"},{"@type":"ListItem","position":2,"name":"Cumhurba\u015fkan\u0131 Tatar, Cenevre\u2019de: \u201cGeriye de\u011fil ileriye bakaca\u011f\u0131z\u201d"}]},{"@type":"WebSite","@id":"https:\/\/kibrisdakik.com\/#website","url":"https:\/\/kibrisdakik.com\/","name":"","description":"Tam vaktinde haber","potentialAction":[{"@type":"SearchAction","target":{"@type":"EntryPoint","urlTemplate":"https:\/\/kibrisdakik.com\/?s={search_term_string}"},"query-input":{"@type":"PropertyValueSpecification","valueRequired":true,"valueName":"search_term_string"}}],"inLanguage":"tr"},{"@type":"Person","@id":"https:\/\/kibrisdakik.com\/#\/schema\/person\/9cd9d437bbb44f72b73ba127e06d8e79","name":"admin","image":{"@type":"ImageObject","inLanguage":"tr","@id":"https:\/\/secure.gravatar.com\/avatar\/ccc17943b9d660506c869530f897617f7cb1c21a4bf30023f252596d83e1f007?s=96&d=mm&r=g","url":"https:\/\/secure.gravatar.com\/avatar\/ccc17943b9d660506c869530f897617f7cb1c21a4bf30023f252596d83e1f007?s=96&d=mm&r=g","contentUrl":"https:\/\/secure.gravatar.com\/avatar\/ccc17943b9d660506c869530f897617f7cb1c21a4bf30023f252596d83e1f007?s=96&d=mm&r=g","caption":"admin"},"sameAs":["https:\/\/kibrisdakik.com"],"url":"https:\/\/kibrisdakik.com\/?author=1"}]}},"_links":{"self":[{"href":"https:\/\/kibrisdakik.com\/index.php?rest_route=\/wp\/v2\/posts\/78028","targetHints":{"allow":["GET"]}}],"collection":[{"href":"https:\/\/kibrisdakik.com\/index.php?rest_route=\/wp\/v2\/posts"}],"about":[{"href":"https:\/\/kibrisdakik.com\/index.php?rest_route=\/wp\/v2\/types\/post"}],"author":[{"embeddable":true,"href":"https:\/\/kibrisdakik.com\/index.php?rest_route=\/wp\/v2\/users\/1"}],"replies":[{"embeddable":true,"href":"https:\/\/kibrisdakik.com\/index.php?rest_route=%2Fwp%2Fv2%2Fcomments&post=78028"}],"version-history":[{"count":0,"href":"https:\/\/kibrisdakik.com\/index.php?rest_route=\/wp\/v2\/posts\/78028\/revisions"}],"wp:featuredmedia":[{"embeddable":true,"href":"https:\/\/kibrisdakik.com\/index.php?rest_route=\/wp\/v2\/media\/78029"}],"wp:attachment":[{"href":"https:\/\/kibrisdakik.com\/index.php?rest_route=%2Fwp%2Fv2%2Fmedia&parent=78028"}],"wp:term":[{"taxonomy":"category","embeddable":true,"href":"https:\/\/kibrisdakik.com\/index.php?rest_route=%2Fwp%2Fv2%2Fcategories&post=78028"},{"taxonomy":"post_tag","embeddable":true,"href":"https:\/\/kibrisdakik.com\/index.php?rest_route=%2Fwp%2Fv2%2Ftags&post=78028"}],"curies":[{"name":"wp","href":"https:\/\/api.w.org\/{rel}","templated":true}]}}