{"id":78059,"date":"2025-03-11T12:17:00","date_gmt":"2025-03-11T09:17:00","guid":{"rendered":"https:\/\/kibrisdakik.com\/index.php\/2025\/03\/11\/girne-belediyesi-turk-sanat-muzigi-toplulugundan-iki-konser-2\/"},"modified":"2025-03-11T12:17:00","modified_gmt":"2025-03-11T09:17:00","slug":"girne-belediyesi-turk-sanat-muzigi-toplulugundan-iki-konser-2","status":"publish","type":"post","link":"https:\/\/kibrisdakik.com\/?p=78059","title":{"rendered":"Girne Belediyesi T\u00fcrk Sanat M\u00fczi\u011fi Toplulu\u011fu\u2019ndan \u0130ki Konser"},"content":{"rendered":"<p> <br \/>\n<\/p>\n<p>Girne Belediyesi T\u00fcrk Sanat M\u00fczi\u011fi Toplulu\u011fu, 6 ve 7 Nisan\u2019da Girne\u2019de konser verecek.<\/p>\n<p>Girne Belediyesi&#8217;nden verilen bilgiye g\u00f6re, &#8220;H\u00fcz\u00fcn&#8221; isimli iki konser,\u00a0Girne Belediyesi Oda Tiyatrosu\u2019nda sahnelenecek.<\/p>\n<p>Girne Belediyesi T\u00fcrk Sanat M\u00fczi\u011fi Toplulu\u011fu, \u015eef \u0130hsan G\u00fcrel\u2019in y\u00f6netiminde sahne alacak. Konserler saat 20.00\u2019de ba\u015flayacak, etkinlik davetiyeleri Girne Belediyesi Dan\u0131\u015fma Birimi\u2019nden temin edilebilir.<\/p>\n<p><img loading=\"lazy\" decoding=\"async\" class=\"alignnone wp-image-46708 \" src=\"https:\/\/www.girneligazetesi.com\/wp-content\/uploads\/2025\/03\/1741679268121girne-belediyesi-KONSER-HUZUN-FACE_20250310_132701_0000.png\" alt=\"\" width=\"703\" height=\"838\" \/><\/p>\n<p>The post <a href=\"https:\/\/www.girneligazetesi.com\/girne-belediyesi-turk-sanat-muzigi-toplulugundan-iki-konser\/\">Girne Belediyesi T\u00fcrk Sanat M\u00fczi\u011fi Toplulu\u011fu\u2019ndan \u0130ki Konser<\/a> appeared first on <a href=\"https:\/\/www.girneligazetesi.com\">Girneli Gazetesi<\/a>.<\/p>\n","protected":false},"excerpt":{"rendered":"<p>Girne Belediyesi T\u00fcrk Sanat M\u00fczi\u011fi Toplulu\u011fu, 6 ve 7 Nisan\u2019da Girne\u2019de konser verecek. Girne Belediyesi&#8217;nden verilen bilgiye g\u00f6re, &#8220;H\u00fcz\u00fcn&#8221; isimli iki konser,\u00a0Girne Belediyesi Oda Tiyatrosu\u2019nda sahnelenecek. Girne Belediyesi T\u00fcrk Sanat M\u00fczi\u011fi Toplulu\u011fu, \u015eef \u0130hsan G\u00fcrel\u2019in y\u00f6netiminde sahne alacak. Konserler saat 20.00\u2019de ba\u015flayacak, etkinlik davetiyeleri Girne Belediyesi Dan\u0131\u015fma Birimi\u2019nden temin edilebilir. The post Girne Belediyesi T\u00fcrk<\/p>\n","protected":false},"author":1,"featured_media":78060,"comment_status":"open","ping_status":"open","sticky":false,"template":"","format":"standard","meta":{"footnotes":""},"categories":[1,81,101],"tags":[],"class_list":["post-78059","post","type-post","status-publish","format-standard","has-post-thumbnail","hentry","category-gundem","category-kibris","category-manset"],"yoast_head":"<!-- This site is optimized with the Yoast SEO plugin v27.5 - https:\/\/yoast.com\/product\/yoast-seo-wordpress\/ -->\n<title>Girne Belediyesi T\u00fcrk Sanat M\u00fczi\u011fi Toplulu\u011fu\u2019ndan \u0130ki Konser -<\/title>\n<meta name=\"robots\" content=\"index, follow, max-snippet:-1, max-image-preview:large, max-video-preview:-1\" \/>\n<link rel=\"canonical\" href=\"https:\/\/kibrisdakik.com\/?p=78059\" \/>\n<meta property=\"og:locale\" content=\"tr_TR\" \/>\n<meta property=\"og:type\" content=\"article\" \/>\n<meta property=\"og:title\" content=\"Girne Belediyesi T\u00fcrk Sanat M\u00fczi\u011fi Toplulu\u011fu\u2019ndan \u0130ki Konser -\" \/>\n<meta property=\"og:description\" content=\"Girne Belediyesi T\u00fcrk Sanat M\u00fczi\u011fi Toplulu\u011fu, 6 ve 7 Nisan\u2019da Girne\u2019de konser verecek. Girne Belediyesi&#8217;nden verilen bilgiye g\u00f6re, &#8220;H\u00fcz\u00fcn&#8221; isimli iki konser,\u00a0Girne Belediyesi Oda Tiyatrosu\u2019nda sahnelenecek. Girne Belediyesi T\u00fcrk Sanat M\u00fczi\u011fi Toplulu\u011fu, \u015eef \u0130hsan G\u00fcrel\u2019in y\u00f6netiminde sahne alacak. Konserler saat 20.00\u2019de ba\u015flayacak, etkinlik davetiyeleri Girne Belediyesi Dan\u0131\u015fma Birimi\u2019nden temin edilebilir. The post Girne Belediyesi T\u00fcrk\" \/>\n<meta property=\"og:url\" content=\"https:\/\/kibrisdakik.com\/?p=78059\" \/>\n<meta property=\"article:published_time\" content=\"2025-03-11T09:17:00+00:00\" \/>\n<meta property=\"og:image\" content=\"https:\/\/kibrisdakik.com\/wp-content\/uploads\/2025\/03\/1741679268121girne-belediyesi-KONSER-HUZUN-FACE_20250310_132701_0000-566x420.png\" \/>\n\t<meta property=\"og:image:width\" content=\"566\" \/>\n\t<meta property=\"og:image:height\" content=\"675\" \/>\n\t<meta property=\"og:image:type\" content=\"image\/png\" \/>\n<meta name=\"author\" content=\"admin\" \/>\n<meta name=\"twitter:card\" content=\"summary_large_image\" \/>\n<meta name=\"twitter:label1\" content=\"Yazan:\" \/>\n\t<meta name=\"twitter:data1\" content=\"admin\" \/>\n<script type=\"application\/ld+json\" class=\"yoast-schema-graph\">{\"@context\":\"https:\\\/\\\/schema.org\",\"@graph\":[{\"@type\":\"Article\",\"@id\":\"https:\\\/\\\/kibrisdakik.com\\\/?p=78059#article\",\"isPartOf\":{\"@id\":\"https:\\\/\\\/kibrisdakik.com\\\/?p=78059\"},\"author\":{\"name\":\"admin\",\"@id\":\"https:\\\/\\\/kibrisdakik.com\\\/#\\\/schema\\\/person\\\/9cd9d437bbb44f72b73ba127e06d8e79\"},\"headline\":\"Girne Belediyesi T\u00fcrk Sanat M\u00fczi\u011fi Toplulu\u011fu\u2019ndan \u0130ki Konser\",\"datePublished\":\"2025-03-11T09:17:00+00:00\",\"mainEntityOfPage\":{\"@id\":\"https:\\\/\\\/kibrisdakik.com\\\/?p=78059\"},\"wordCount\":104,\"commentCount\":0,\"image\":{\"@id\":\"https:\\\/\\\/kibrisdakik.com\\\/?p=78059#primaryimage\"},\"thumbnailUrl\":\"https:\\\/\\\/kibrisdakik.com\\\/wp-content\\\/uploads\\\/2025\\\/03\\\/1741679268121girne-belediyesi-KONSER-HUZUN-FACE_20250310_132701_0000-566x420.png\",\"articleSection\":[\"G\u00fcndem\",\"K\u0131br\u0131s\",\"Man\u015fet\"],\"inLanguage\":\"tr\",\"potentialAction\":[{\"@type\":\"CommentAction\",\"name\":\"Comment\",\"target\":[\"https:\\\/\\\/kibrisdakik.com\\\/?p=78059#respond\"]}]},{\"@type\":\"WebPage\",\"@id\":\"https:\\\/\\\/kibrisdakik.com\\\/?p=78059\",\"url\":\"https:\\\/\\\/kibrisdakik.com\\\/?p=78059\",\"name\":\"Girne Belediyesi T\u00fcrk Sanat M\u00fczi\u011fi Toplulu\u011fu\u2019ndan \u0130ki Konser -\",\"isPartOf\":{\"@id\":\"https:\\\/\\\/kibrisdakik.com\\\/#website\"},\"primaryImageOfPage\":{\"@id\":\"https:\\\/\\\/kibrisdakik.com\\\/?p=78059#primaryimage\"},\"image\":{\"@id\":\"https:\\\/\\\/kibrisdakik.com\\\/?p=78059#primaryimage\"},\"thumbnailUrl\":\"https:\\\/\\\/kibrisdakik.com\\\/wp-content\\\/uploads\\\/2025\\\/03\\\/1741679268121girne-belediyesi-KONSER-HUZUN-FACE_20250310_132701_0000-566x420.png\",\"datePublished\":\"2025-03-11T09:17:00+00:00\",\"author\":{\"@id\":\"https:\\\/\\\/kibrisdakik.com\\\/#\\\/schema\\\/person\\\/9cd9d437bbb44f72b73ba127e06d8e79\"},\"breadcrumb\":{\"@id\":\"https:\\\/\\\/kibrisdakik.com\\\/?p=78059#breadcrumb\"},\"inLanguage\":\"tr\",\"potentialAction\":[{\"@type\":\"ReadAction\",\"target\":[\"https:\\\/\\\/kibrisdakik.com\\\/?p=78059\"]}]},{\"@type\":\"ImageObject\",\"inLanguage\":\"tr\",\"@id\":\"https:\\\/\\\/kibrisdakik.com\\\/?p=78059#primaryimage\",\"url\":\"https:\\\/\\\/kibrisdakik.com\\\/wp-content\\\/uploads\\\/2025\\\/03\\\/1741679268121girne-belediyesi-KONSER-HUZUN-FACE_20250310_132701_0000-566x420.png\",\"contentUrl\":\"https:\\\/\\\/kibrisdakik.com\\\/wp-content\\\/uploads\\\/2025\\\/03\\\/1741679268121girne-belediyesi-KONSER-HUZUN-FACE_20250310_132701_0000-566x420.png\",\"width\":566,\"height\":675},{\"@type\":\"BreadcrumbList\",\"@id\":\"https:\\\/\\\/kibrisdakik.com\\\/?p=78059#breadcrumb\",\"itemListElement\":[{\"@type\":\"ListItem\",\"position\":1,\"name\":\"Home\",\"item\":\"https:\\\/\\\/kibrisdakik.com\\\/\"},{\"@type\":\"ListItem\",\"position\":2,\"name\":\"Girne Belediyesi T\u00fcrk Sanat M\u00fczi\u011fi Toplulu\u011fu\u2019ndan \u0130ki Konser\"}]},{\"@type\":\"WebSite\",\"@id\":\"https:\\\/\\\/kibrisdakik.com\\\/#website\",\"url\":\"https:\\\/\\\/kibrisdakik.com\\\/\",\"name\":\"\",\"description\":\"Tam vaktinde haber\",\"potentialAction\":[{\"@type\":\"SearchAction\",\"target\":{\"@type\":\"EntryPoint\",\"urlTemplate\":\"https:\\\/\\\/kibrisdakik.com\\\/?s={search_term_string}\"},\"query-input\":{\"@type\":\"PropertyValueSpecification\",\"valueRequired\":true,\"valueName\":\"search_term_string\"}}],\"inLanguage\":\"tr\"},{\"@type\":\"Person\",\"@id\":\"https:\\\/\\\/kibrisdakik.com\\\/#\\\/schema\\\/person\\\/9cd9d437bbb44f72b73ba127e06d8e79\",\"name\":\"admin\",\"image\":{\"@type\":\"ImageObject\",\"inLanguage\":\"tr\",\"@id\":\"https:\\\/\\\/secure.gravatar.com\\\/avatar\\\/ccc17943b9d660506c869530f897617f7cb1c21a4bf30023f252596d83e1f007?s=96&d=mm&r=g\",\"url\":\"https:\\\/\\\/secure.gravatar.com\\\/avatar\\\/ccc17943b9d660506c869530f897617f7cb1c21a4bf30023f252596d83e1f007?s=96&d=mm&r=g\",\"contentUrl\":\"https:\\\/\\\/secure.gravatar.com\\\/avatar\\\/ccc17943b9d660506c869530f897617f7cb1c21a4bf30023f252596d83e1f007?s=96&d=mm&r=g\",\"caption\":\"admin\"},\"sameAs\":[\"https:\\\/\\\/kibrisdakik.com\"],\"url\":\"https:\\\/\\\/kibrisdakik.com\\\/?author=1\"}]}<\/script>\n<!-- \/ Yoast SEO plugin. -->","yoast_head_json":{"title":"Girne Belediyesi T\u00fcrk Sanat M\u00fczi\u011fi Toplulu\u011fu\u2019ndan \u0130ki Konser -","robots":{"index":"index","follow":"follow","max-snippet":"max-snippet:-1","max-image-preview":"max-image-preview:large","max-video-preview":"max-video-preview:-1"},"canonical":"https:\/\/kibrisdakik.com\/?p=78059","og_locale":"tr_TR","og_type":"article","og_title":"Girne Belediyesi T\u00fcrk Sanat M\u00fczi\u011fi Toplulu\u011fu\u2019ndan \u0130ki Konser -","og_description":"Girne Belediyesi T\u00fcrk Sanat M\u00fczi\u011fi Toplulu\u011fu, 6 ve 7 Nisan\u2019da Girne\u2019de konser verecek. Girne Belediyesi&#8217;nden verilen bilgiye g\u00f6re, &#8220;H\u00fcz\u00fcn&#8221; isimli iki konser,\u00a0Girne Belediyesi Oda Tiyatrosu\u2019nda sahnelenecek. Girne Belediyesi T\u00fcrk Sanat M\u00fczi\u011fi Toplulu\u011fu, \u015eef \u0130hsan G\u00fcrel\u2019in y\u00f6netiminde sahne alacak. Konserler saat 20.00\u2019de ba\u015flayacak, etkinlik davetiyeleri Girne Belediyesi Dan\u0131\u015fma Birimi\u2019nden temin edilebilir. The post Girne Belediyesi T\u00fcrk","og_url":"https:\/\/kibrisdakik.com\/?p=78059","article_published_time":"2025-03-11T09:17:00+00:00","og_image":[{"width":566,"height":675,"url":"https:\/\/kibrisdakik.com\/wp-content\/uploads\/2025\/03\/1741679268121girne-belediyesi-KONSER-HUZUN-FACE_20250310_132701_0000-566x420.png","type":"image\/png"}],"author":"admin","twitter_card":"summary_large_image","twitter_misc":{"Yazan:":"admin"},"schema":{"@context":"https:\/\/schema.org","@graph":[{"@type":"Article","@id":"https:\/\/kibrisdakik.com\/?p=78059#article","isPartOf":{"@id":"https:\/\/kibrisdakik.com\/?p=78059"},"author":{"name":"admin","@id":"https:\/\/kibrisdakik.com\/#\/schema\/person\/9cd9d437bbb44f72b73ba127e06d8e79"},"headline":"Girne Belediyesi T\u00fcrk Sanat M\u00fczi\u011fi Toplulu\u011fu\u2019ndan \u0130ki Konser","datePublished":"2025-03-11T09:17:00+00:00","mainEntityOfPage":{"@id":"https:\/\/kibrisdakik.com\/?p=78059"},"wordCount":104,"commentCount":0,"image":{"@id":"https:\/\/kibrisdakik.com\/?p=78059#primaryimage"},"thumbnailUrl":"https:\/\/kibrisdakik.com\/wp-content\/uploads\/2025\/03\/1741679268121girne-belediyesi-KONSER-HUZUN-FACE_20250310_132701_0000-566x420.png","articleSection":["G\u00fcndem","K\u0131br\u0131s","Man\u015fet"],"inLanguage":"tr","potentialAction":[{"@type":"CommentAction","name":"Comment","target":["https:\/\/kibrisdakik.com\/?p=78059#respond"]}]},{"@type":"WebPage","@id":"https:\/\/kibrisdakik.com\/?p=78059","url":"https:\/\/kibrisdakik.com\/?p=78059","name":"Girne Belediyesi T\u00fcrk Sanat M\u00fczi\u011fi Toplulu\u011fu\u2019ndan \u0130ki Konser -","isPartOf":{"@id":"https:\/\/kibrisdakik.com\/#website"},"primaryImageOfPage":{"@id":"https:\/\/kibrisdakik.com\/?p=78059#primaryimage"},"image":{"@id":"https:\/\/kibrisdakik.com\/?p=78059#primaryimage"},"thumbnailUrl":"https:\/\/kibrisdakik.com\/wp-content\/uploads\/2025\/03\/1741679268121girne-belediyesi-KONSER-HUZUN-FACE_20250310_132701_0000-566x420.png","datePublished":"2025-03-11T09:17:00+00:00","author":{"@id":"https:\/\/kibrisdakik.com\/#\/schema\/person\/9cd9d437bbb44f72b73ba127e06d8e79"},"breadcrumb":{"@id":"https:\/\/kibrisdakik.com\/?p=78059#breadcrumb"},"inLanguage":"tr","potentialAction":[{"@type":"ReadAction","target":["https:\/\/kibrisdakik.com\/?p=78059"]}]},{"@type":"ImageObject","inLanguage":"tr","@id":"https:\/\/kibrisdakik.com\/?p=78059#primaryimage","url":"https:\/\/kibrisdakik.com\/wp-content\/uploads\/2025\/03\/1741679268121girne-belediyesi-KONSER-HUZUN-FACE_20250310_132701_0000-566x420.png","contentUrl":"https:\/\/kibrisdakik.com\/wp-content\/uploads\/2025\/03\/1741679268121girne-belediyesi-KONSER-HUZUN-FACE_20250310_132701_0000-566x420.png","width":566,"height":675},{"@type":"BreadcrumbList","@id":"https:\/\/kibrisdakik.com\/?p=78059#breadcrumb","itemListElement":[{"@type":"ListItem","position":1,"name":"Home","item":"https:\/\/kibrisdakik.com\/"},{"@type":"ListItem","position":2,"name":"Girne Belediyesi T\u00fcrk Sanat M\u00fczi\u011fi Toplulu\u011fu\u2019ndan \u0130ki Konser"}]},{"@type":"WebSite","@id":"https:\/\/kibrisdakik.com\/#website","url":"https:\/\/kibrisdakik.com\/","name":"","description":"Tam vaktinde haber","potentialAction":[{"@type":"SearchAction","target":{"@type":"EntryPoint","urlTemplate":"https:\/\/kibrisdakik.com\/?s={search_term_string}"},"query-input":{"@type":"PropertyValueSpecification","valueRequired":true,"valueName":"search_term_string"}}],"inLanguage":"tr"},{"@type":"Person","@id":"https:\/\/kibrisdakik.com\/#\/schema\/person\/9cd9d437bbb44f72b73ba127e06d8e79","name":"admin","image":{"@type":"ImageObject","inLanguage":"tr","@id":"https:\/\/secure.gravatar.com\/avatar\/ccc17943b9d660506c869530f897617f7cb1c21a4bf30023f252596d83e1f007?s=96&d=mm&r=g","url":"https:\/\/secure.gravatar.com\/avatar\/ccc17943b9d660506c869530f897617f7cb1c21a4bf30023f252596d83e1f007?s=96&d=mm&r=g","contentUrl":"https:\/\/secure.gravatar.com\/avatar\/ccc17943b9d660506c869530f897617f7cb1c21a4bf30023f252596d83e1f007?s=96&d=mm&r=g","caption":"admin"},"sameAs":["https:\/\/kibrisdakik.com"],"url":"https:\/\/kibrisdakik.com\/?author=1"}]}},"_links":{"self":[{"href":"https:\/\/kibrisdakik.com\/index.php?rest_route=\/wp\/v2\/posts\/78059","targetHints":{"allow":["GET"]}}],"collection":[{"href":"https:\/\/kibrisdakik.com\/index.php?rest_route=\/wp\/v2\/posts"}],"about":[{"href":"https:\/\/kibrisdakik.com\/index.php?rest_route=\/wp\/v2\/types\/post"}],"author":[{"embeddable":true,"href":"https:\/\/kibrisdakik.com\/index.php?rest_route=\/wp\/v2\/users\/1"}],"replies":[{"embeddable":true,"href":"https:\/\/kibrisdakik.com\/index.php?rest_route=%2Fwp%2Fv2%2Fcomments&post=78059"}],"version-history":[{"count":0,"href":"https:\/\/kibrisdakik.com\/index.php?rest_route=\/wp\/v2\/posts\/78059\/revisions"}],"wp:featuredmedia":[{"embeddable":true,"href":"https:\/\/kibrisdakik.com\/index.php?rest_route=\/wp\/v2\/media\/78060"}],"wp:attachment":[{"href":"https:\/\/kibrisdakik.com\/index.php?rest_route=%2Fwp%2Fv2%2Fmedia&parent=78059"}],"wp:term":[{"taxonomy":"category","embeddable":true,"href":"https:\/\/kibrisdakik.com\/index.php?rest_route=%2Fwp%2Fv2%2Fcategories&post=78059"},{"taxonomy":"post_tag","embeddable":true,"href":"https:\/\/kibrisdakik.com\/index.php?rest_route=%2Fwp%2Fv2%2Ftags&post=78059"}],"curies":[{"name":"wp","href":"https:\/\/api.w.org\/{rel}","templated":true}]}}