{"id":78070,"date":"2025-03-02T14:54:00","date_gmt":"2025-03-02T11:54:00","guid":{"rendered":"https:\/\/kibrisdakik.com\/index.php\/2025\/03\/02\/12-hisarkoy-orkide-festivali-basladi-2\/"},"modified":"2025-03-02T14:54:00","modified_gmt":"2025-03-02T11:54:00","slug":"12-hisarkoy-orkide-festivali-basladi-2","status":"publish","type":"post","link":"https:\/\/kibrisdakik.com\/?p=78070","title":{"rendered":"12. Hisark\u00f6y Orkide Festivali Ba\u015flad\u0131"},"content":{"rendered":"<p><\/p>\n<p>Lapta Alsancak \u00c7aml\u0131bel Belediyesi, Hisark\u00f6y K\u00fclt\u00fcr ve Spor Derne\u011fi ve Hisark\u00f6y Muhtarl\u0131\u011f\u0131 i\u015f birli\u011finde bu y\u0131l 12\u2019ncisi d\u00fczenlenen Hisark\u00f6y Orkide Festivali ba\u015flad\u0131.<\/p>\n<p>Hisark\u00f6y k\u00f6y meydan\u0131nda yer alan festivalin a\u00e7\u0131l\u0131\u015f\u0131 d\u00fcn ger\u00e7ekle\u015ftirildi. Festival bug\u00fcn de ziyaret edilebilecek.<\/p>\n<p>A\u00e7\u0131l\u0131\u015fta konu\u015fan Hisark\u00f6y Muhtar\u0131 Can \u015eemi Polat, hedeflerinin Hisark\u00f6y\u2019\u00fcn k\u00fclt\u00fcrel ve do\u011fal g\u00fczelliklerini ya\u015fatmak oldu\u011funu belirterek, festivalin ger\u00e7ekle\u015fmesine katl\u0131 koyan herkese te\u015fekk\u00fcr etti.<\/p>\n<p>Lapta Alsancak \u00c7aml\u0131bel Belediye Ba\u015fkan\u0131 F\u0131rat Ataser, beldede in\u015faat, emlak, hayvanc\u0131l\u0131k, tar\u0131m, turizm sekt\u00f6rlerinin birlikte faaliyet s\u00fcrd\u00fcrd\u00fc\u011f\u00fcn\u00fc, b\u00f6lgenin bu avantajlar\u0131n\u0131 do\u011fru kullanarak bir cazibe merkezi haline getirmek istediklerini s\u00f6yledi.<\/p>\n<p>Marina Projesi\u2019nin beldeye, b\u00f6lge halk\u0131na, \u00fclkeye ve turizme b\u00fcy\u00fck katma de\u011fer katacak bir proje oldu\u011funa da vurgu yapan Ataser, bu konuda y\u00fcksek mahkemenin verece\u011fi karara sayg\u0131l\u0131 olacaklar\u0131n\u0131 s\u00f6yledi.<\/p>\n<p>Beldenin en \u00f6nemli eksikliklerinden birinin de e\u011fitim alan\u0131nda oldu\u011funu dile getiren Ataser, bu ama\u00e7la e\u011fitim bakanl\u0131\u011f\u0131n\u0131n ay\u0131rd\u0131\u011f\u0131 400 milyon T\u00fcrk liral\u0131k b\u00fct\u00e7eyle b\u00f6lgeye yeni bir okul kazand\u0131r\u0131laca\u011f\u0131n\u0131 s\u00f6yledi.<\/p>\n<p>Ba\u015fbakan \u00dcnal \u00dcstel de a\u00e7\u0131l\u0131\u015fta yapt\u0131\u011f\u0131 konu\u015fmada, h\u00fck\u00fcmete geldiklerinde halka verdikleri t\u00fcm s\u00f6zleri yerine getirdiklerini dile getirerek, eksik kalan projelerin de 2025-2026 y\u0131l\u0131 i\u00e7inde tamamlanaca\u011f\u0131n\u0131 kaydetti.<\/p>\n<p>\u00d6nceli\u011fi yar\u0131m kalan projelere verdiklerini, ard\u0131ndan halk\u0131n ihtiya\u00e7 duydu\u011fu yeni projelere teker teker hayat verdiklerini an\u0131msatan \u00dcstel, ekonomideki s\u0131k\u0131nt\u0131lar\u0131 a\u015fmak i\u00e7in de \u00e7al\u0131\u015ft\u0131klar\u0131n\u0131 s\u00f6yledi.<\/p>\n<p>Ekonomik s\u0131k\u0131nt\u0131lar kar\u015f\u0131s\u0131nda halk\u0131n al\u0131m g\u00fcc\u00fcn\u00fc y\u00fckseltmek ad\u0131na \u00e7al\u0131\u015fanlara hayat pahal\u0131l\u0131\u011f\u0131 oran\u0131nda art\u0131\u015f verdiklerini, asgari \u00fccretle \u00e7al\u0131\u015fanlara ise tarihinin en b\u00fcy\u00fck art\u0131\u015f\u0131n\u0131 yapt\u0131klar\u0131n\u0131 dile getiren \u00dcstel, asgari \u00fccretin G\u00fcney K\u0131br\u0131s\u2019la e\u015fitlenmesiyle orada \u00e7al\u0131\u015fan bir\u00e7ok K\u0131br\u0131sl\u0131 T\u00fcrk\u2019\u00fcn yeniden Kuzeyi tercih etmeye ba\u015flad\u0131\u011f\u0131n\u0131 kaydetti.<\/p>\n<p>\u00c7al\u0131\u015fanlar yan\u0131nda, esnafa, sanayici ve turizmciye destek olduklar\u0131n\u0131, sosyal sigorta prim deste\u011fi verdiklerini de dile getiren \u00dcstel, 15 Mart\u2019a kadar yeni d\u00fczenleme yaparak b\u00fct\u00fcn sekt\u00f6rlere ayn\u0131 \u015fekilde sosyal sigorta prim deste\u011fi vermeye devam edeceklerini, KKTC\u2019deki t\u00fcm vatanda\u015flara sekt\u00f6r ayr\u0131m\u0131 yapmadan prim deste\u011fini y\u00fckselerek vereceklerini ifade etti.<\/p>\n<p>Yar\u0131m kalan projeleri tamamlamaya G\u00fczelyurt -Lefke yoluyla ba\u015flad\u0131klar\u0131n\u0131, Lefke i\u00e7in yak\u0131nda yeni projeler a\u00e7\u0131klayacaklar\u0131n\u0131, G\u00fczelyurt Hastanesi\u2019nin de 15 Kas\u0131m\u2019dan \u00f6nce hizmete a\u00e7\u0131laca\u011f\u0131n\u0131 anlatan Ba\u015fbakan \u00dcstel, G\u00fczelyurt\u2019un uzun zamand\u0131r bekledi\u011fi 15 bin tonluk so\u011fuk hava deposunun da hayat bulaca\u011f\u0131n\u0131 belirtti.<\/p>\n<p>Narenciyede ya\u015fanan s\u0131k\u0131nt\u0131lara ra\u011fmen, \u00fcreticiyi ma\u011fdur etmediklerini dile getiren \u00dcstel, dal\u0131nda kalan narenciyeyi de \u00f6dediklerini s\u00f6yledi.<\/p>\n<p>Lapta b\u00f6lgesinde uzun zamand\u0131r konu\u015fulan Marina konusuna da de\u011finen Ba\u015fbakan \u00dcstel, marina b\u00f6lgeye hizmet edecek, katma de\u011fer katacaksa, bu projeye hep birlikte sahip \u00e7\u0131k\u0131laca\u011f\u0131n\u0131 ifade etti.<\/p>\n<p>Marina turizminin, turizmin katma de\u011feri y\u00fcksek bir versiyonu oldu\u011funa ve G\u00fcney K\u0131br\u0131s\u2019ta marinalar\u0131n yayg\u0131nl\u0131\u011f\u0131na dikkat \u00e7eken \u00dcstel, \u201cOnun i\u00e7in biz Say\u0131n Ba\u015fkan\u2019a \u015funu s\u00f6yledik. E\u011fer burada yasal d\u00fczenleme gerekirse muhalefetle de konu\u015fup bu yasal d\u00fczenlemeyi Cumhuriyet Meclisi\u2019nden ge\u00e7irtip bu marinay\u0131 b\u00f6lgemize yapm\u0131\u015f olaca\u011f\u0131z\u201d diye konu\u015ftu.<\/p>\n<p>\u00dcstel, g\u00f6reve geldikten sonra Girne\u2019de yar\u0131m kalan yol projelerine Girne Bat\u0131 yollar\u0131yla ba\u015flad\u0131klar\u0131n\u0131, bat\u0131 yolu projesinin 3\u2019\u00fcnc\u00fc etab\u0131 olan Lapta Oteller b\u00f6lgesi ile Kar\u015f\u0131yaka g\u00fczergah\u0131n\u0131n 2026\u2019da tamamlanaca\u011f\u0131n\u0131 ard\u0131ndan da Kayalar-Sadrazamk\u00f6y yolunun yap\u0131m\u0131na ge\u00e7ilece\u011fini dile getirdi.<\/p>\n<p>\u00dcstel, Girne Do\u011fu Yolu projesine Girne ve \u00c7atalk\u00f6y Belediyeleri\u2019yle i\u015f birli\u011fi i\u00e7inde ba\u015flad\u0131klar\u0131n\u0131, Da\u011fyolu olarak bilinen De\u011firmenlik yolunun da en k\u0131sa s\u00fcrede yap\u0131laca\u011f\u0131n\u0131 vurgulad\u0131.<\/p>\n<p>\u00c7ocuklar\u0131n ve gen\u00e7lerin daha iyi e\u011fitim g\u00f6rmesi i\u00e7in yeni okullar yapacaklar\u0131n\u0131, Alsancak\u2019\u0131n ard\u0131ndan, Girne ve G\u00fczelyurt\u2019a yeni meslek liseleri kazand\u0131racaklar\u0131n\u0131 aktaran \u00dcstel, ama\u00e7lar\u0131n\u0131n mesleki teknik ara eleman ihtiyac\u0131n\u0131 yerel kaynaklardan kar\u015f\u0131lamak oldu\u011funu s\u00f6yledi.<\/p>\n<p>\u00dcstel konu\u015fmas\u0131n\u0131n sonunda Ramazan ay\u0131n\u0131n hay\u0131rl\u0131 olmas\u0131n\u0131 da diledi.<\/p>\n<p>Konu\u015fmalar\u0131n ard\u0131ndan, festival etkinliklerine ge\u00e7ildi.<\/p>\n<p>The post <a href=\"https:\/\/www.girneligazetesi.com\/12-hisarkoy-orkide-festivali-basladi\/\">12. Hisark\u00f6y Orkide Festivali Ba\u015flad\u0131<\/a> appeared first on <a href=\"https:\/\/www.girneligazetesi.com\">Girneli Gazetesi<\/a>.<\/p>\n","protected":false},"excerpt":{"rendered":"<p>Lapta Alsancak \u00c7aml\u0131bel Belediyesi, Hisark\u00f6y K\u00fclt\u00fcr ve Spor Derne\u011fi ve Hisark\u00f6y Muhtarl\u0131\u011f\u0131 i\u015f birli\u011finde bu y\u0131l 12\u2019ncisi d\u00fczenlenen Hisark\u00f6y Orkide Festivali ba\u015flad\u0131. Hisark\u00f6y k\u00f6y meydan\u0131nda yer alan festivalin a\u00e7\u0131l\u0131\u015f\u0131 d\u00fcn ger\u00e7ekle\u015ftirildi. Festival bug\u00fcn de ziyaret edilebilecek. A\u00e7\u0131l\u0131\u015fta konu\u015fan Hisark\u00f6y Muhtar\u0131 Can \u015eemi Polat, hedeflerinin Hisark\u00f6y\u2019\u00fcn k\u00fclt\u00fcrel ve do\u011fal g\u00fczelliklerini ya\u015fatmak oldu\u011funu belirterek, festivalin ger\u00e7ekle\u015fmesine katl\u0131<\/p>\n","protected":false},"author":1,"featured_media":0,"comment_status":"open","ping_status":"open","sticky":false,"template":"","format":"standard","meta":{"footnotes":""},"categories":[1,81,101],"tags":[],"class_list":["post-78070","post","type-post","status-publish","format-standard","hentry","category-gundem","category-kibris","category-manset"],"yoast_head":"<!-- This site is optimized with the Yoast SEO plugin v27.5 - https:\/\/yoast.com\/product\/yoast-seo-wordpress\/ -->\n<title>12. Hisark\u00f6y Orkide Festivali Ba\u015flad\u0131 -<\/title>\n<meta name=\"robots\" content=\"index, follow, max-snippet:-1, max-image-preview:large, max-video-preview:-1\" \/>\n<link rel=\"canonical\" href=\"https:\/\/kibrisdakik.com\/?p=78070\" \/>\n<meta property=\"og:locale\" content=\"tr_TR\" \/>\n<meta property=\"og:type\" content=\"article\" \/>\n<meta property=\"og:title\" content=\"12. Hisark\u00f6y Orkide Festivali Ba\u015flad\u0131 -\" \/>\n<meta property=\"og:description\" content=\"Lapta Alsancak \u00c7aml\u0131bel Belediyesi, Hisark\u00f6y K\u00fclt\u00fcr ve Spor Derne\u011fi ve Hisark\u00f6y Muhtarl\u0131\u011f\u0131 i\u015f birli\u011finde bu y\u0131l 12\u2019ncisi d\u00fczenlenen Hisark\u00f6y Orkide Festivali ba\u015flad\u0131. Hisark\u00f6y k\u00f6y meydan\u0131nda yer alan festivalin a\u00e7\u0131l\u0131\u015f\u0131 d\u00fcn ger\u00e7ekle\u015ftirildi. Festival bug\u00fcn de ziyaret edilebilecek. A\u00e7\u0131l\u0131\u015fta konu\u015fan Hisark\u00f6y Muhtar\u0131 Can \u015eemi Polat, hedeflerinin Hisark\u00f6y\u2019\u00fcn k\u00fclt\u00fcrel ve do\u011fal g\u00fczelliklerini ya\u015fatmak oldu\u011funu belirterek, festivalin ger\u00e7ekle\u015fmesine katl\u0131\" \/>\n<meta property=\"og:url\" content=\"https:\/\/kibrisdakik.com\/?p=78070\" \/>\n<meta property=\"article:published_time\" content=\"2025-03-02T11:54:00+00:00\" \/>\n<meta name=\"author\" content=\"admin\" \/>\n<meta name=\"twitter:card\" content=\"summary_large_image\" \/>\n<meta name=\"twitter:label1\" content=\"Yazan:\" \/>\n\t<meta name=\"twitter:data1\" content=\"admin\" \/>\n\t<meta name=\"twitter:label2\" content=\"Tahmini okuma s\u00fcresi\" \/>\n\t<meta name=\"twitter:data2\" content=\"4 dakika\" \/>\n<script type=\"application\/ld+json\" class=\"yoast-schema-graph\">{\"@context\":\"https:\\\/\\\/schema.org\",\"@graph\":[{\"@type\":\"Article\",\"@id\":\"https:\\\/\\\/kibrisdakik.com\\\/?p=78070#article\",\"isPartOf\":{\"@id\":\"https:\\\/\\\/kibrisdakik.com\\\/?p=78070\"},\"author\":{\"name\":\"admin\",\"@id\":\"https:\\\/\\\/kibrisdakik.com\\\/#\\\/schema\\\/person\\\/9cd9d437bbb44f72b73ba127e06d8e79\"},\"headline\":\"12. Hisark\u00f6y Orkide Festivali Ba\u015flad\u0131\",\"datePublished\":\"2025-03-02T11:54:00+00:00\",\"mainEntityOfPage\":{\"@id\":\"https:\\\/\\\/kibrisdakik.com\\\/?p=78070\"},\"wordCount\":810,\"commentCount\":0,\"articleSection\":[\"G\u00fcndem\",\"K\u0131br\u0131s\",\"Man\u015fet\"],\"inLanguage\":\"tr\",\"potentialAction\":[{\"@type\":\"CommentAction\",\"name\":\"Comment\",\"target\":[\"https:\\\/\\\/kibrisdakik.com\\\/?p=78070#respond\"]}]},{\"@type\":\"WebPage\",\"@id\":\"https:\\\/\\\/kibrisdakik.com\\\/?p=78070\",\"url\":\"https:\\\/\\\/kibrisdakik.com\\\/?p=78070\",\"name\":\"12. Hisark\u00f6y Orkide Festivali Ba\u015flad\u0131 -\",\"isPartOf\":{\"@id\":\"https:\\\/\\\/kibrisdakik.com\\\/#website\"},\"datePublished\":\"2025-03-02T11:54:00+00:00\",\"author\":{\"@id\":\"https:\\\/\\\/kibrisdakik.com\\\/#\\\/schema\\\/person\\\/9cd9d437bbb44f72b73ba127e06d8e79\"},\"breadcrumb\":{\"@id\":\"https:\\\/\\\/kibrisdakik.com\\\/?p=78070#breadcrumb\"},\"inLanguage\":\"tr\",\"potentialAction\":[{\"@type\":\"ReadAction\",\"target\":[\"https:\\\/\\\/kibrisdakik.com\\\/?p=78070\"]}]},{\"@type\":\"BreadcrumbList\",\"@id\":\"https:\\\/\\\/kibrisdakik.com\\\/?p=78070#breadcrumb\",\"itemListElement\":[{\"@type\":\"ListItem\",\"position\":1,\"name\":\"Home\",\"item\":\"https:\\\/\\\/kibrisdakik.com\\\/\"},{\"@type\":\"ListItem\",\"position\":2,\"name\":\"12. Hisark\u00f6y Orkide Festivali Ba\u015flad\u0131\"}]},{\"@type\":\"WebSite\",\"@id\":\"https:\\\/\\\/kibrisdakik.com\\\/#website\",\"url\":\"https:\\\/\\\/kibrisdakik.com\\\/\",\"name\":\"\",\"description\":\"Tam vaktinde haber\",\"potentialAction\":[{\"@type\":\"SearchAction\",\"target\":{\"@type\":\"EntryPoint\",\"urlTemplate\":\"https:\\\/\\\/kibrisdakik.com\\\/?s={search_term_string}\"},\"query-input\":{\"@type\":\"PropertyValueSpecification\",\"valueRequired\":true,\"valueName\":\"search_term_string\"}}],\"inLanguage\":\"tr\"},{\"@type\":\"Person\",\"@id\":\"https:\\\/\\\/kibrisdakik.com\\\/#\\\/schema\\\/person\\\/9cd9d437bbb44f72b73ba127e06d8e79\",\"name\":\"admin\",\"image\":{\"@type\":\"ImageObject\",\"inLanguage\":\"tr\",\"@id\":\"https:\\\/\\\/secure.gravatar.com\\\/avatar\\\/ccc17943b9d660506c869530f897617f7cb1c21a4bf30023f252596d83e1f007?s=96&d=mm&r=g\",\"url\":\"https:\\\/\\\/secure.gravatar.com\\\/avatar\\\/ccc17943b9d660506c869530f897617f7cb1c21a4bf30023f252596d83e1f007?s=96&d=mm&r=g\",\"contentUrl\":\"https:\\\/\\\/secure.gravatar.com\\\/avatar\\\/ccc17943b9d660506c869530f897617f7cb1c21a4bf30023f252596d83e1f007?s=96&d=mm&r=g\",\"caption\":\"admin\"},\"sameAs\":[\"https:\\\/\\\/kibrisdakik.com\"],\"url\":\"https:\\\/\\\/kibrisdakik.com\\\/?author=1\"}]}<\/script>\n<!-- \/ Yoast SEO plugin. -->","yoast_head_json":{"title":"12. Hisark\u00f6y Orkide Festivali Ba\u015flad\u0131 -","robots":{"index":"index","follow":"follow","max-snippet":"max-snippet:-1","max-image-preview":"max-image-preview:large","max-video-preview":"max-video-preview:-1"},"canonical":"https:\/\/kibrisdakik.com\/?p=78070","og_locale":"tr_TR","og_type":"article","og_title":"12. Hisark\u00f6y Orkide Festivali Ba\u015flad\u0131 -","og_description":"Lapta Alsancak \u00c7aml\u0131bel Belediyesi, Hisark\u00f6y K\u00fclt\u00fcr ve Spor Derne\u011fi ve Hisark\u00f6y Muhtarl\u0131\u011f\u0131 i\u015f birli\u011finde bu y\u0131l 12\u2019ncisi d\u00fczenlenen Hisark\u00f6y Orkide Festivali ba\u015flad\u0131. Hisark\u00f6y k\u00f6y meydan\u0131nda yer alan festivalin a\u00e7\u0131l\u0131\u015f\u0131 d\u00fcn ger\u00e7ekle\u015ftirildi. Festival bug\u00fcn de ziyaret edilebilecek. A\u00e7\u0131l\u0131\u015fta konu\u015fan Hisark\u00f6y Muhtar\u0131 Can \u015eemi Polat, hedeflerinin Hisark\u00f6y\u2019\u00fcn k\u00fclt\u00fcrel ve do\u011fal g\u00fczelliklerini ya\u015fatmak oldu\u011funu belirterek, festivalin ger\u00e7ekle\u015fmesine katl\u0131","og_url":"https:\/\/kibrisdakik.com\/?p=78070","article_published_time":"2025-03-02T11:54:00+00:00","author":"admin","twitter_card":"summary_large_image","twitter_misc":{"Yazan:":"admin","Tahmini okuma s\u00fcresi":"4 dakika"},"schema":{"@context":"https:\/\/schema.org","@graph":[{"@type":"Article","@id":"https:\/\/kibrisdakik.com\/?p=78070#article","isPartOf":{"@id":"https:\/\/kibrisdakik.com\/?p=78070"},"author":{"name":"admin","@id":"https:\/\/kibrisdakik.com\/#\/schema\/person\/9cd9d437bbb44f72b73ba127e06d8e79"},"headline":"12. Hisark\u00f6y Orkide Festivali Ba\u015flad\u0131","datePublished":"2025-03-02T11:54:00+00:00","mainEntityOfPage":{"@id":"https:\/\/kibrisdakik.com\/?p=78070"},"wordCount":810,"commentCount":0,"articleSection":["G\u00fcndem","K\u0131br\u0131s","Man\u015fet"],"inLanguage":"tr","potentialAction":[{"@type":"CommentAction","name":"Comment","target":["https:\/\/kibrisdakik.com\/?p=78070#respond"]}]},{"@type":"WebPage","@id":"https:\/\/kibrisdakik.com\/?p=78070","url":"https:\/\/kibrisdakik.com\/?p=78070","name":"12. Hisark\u00f6y Orkide Festivali Ba\u015flad\u0131 -","isPartOf":{"@id":"https:\/\/kibrisdakik.com\/#website"},"datePublished":"2025-03-02T11:54:00+00:00","author":{"@id":"https:\/\/kibrisdakik.com\/#\/schema\/person\/9cd9d437bbb44f72b73ba127e06d8e79"},"breadcrumb":{"@id":"https:\/\/kibrisdakik.com\/?p=78070#breadcrumb"},"inLanguage":"tr","potentialAction":[{"@type":"ReadAction","target":["https:\/\/kibrisdakik.com\/?p=78070"]}]},{"@type":"BreadcrumbList","@id":"https:\/\/kibrisdakik.com\/?p=78070#breadcrumb","itemListElement":[{"@type":"ListItem","position":1,"name":"Home","item":"https:\/\/kibrisdakik.com\/"},{"@type":"ListItem","position":2,"name":"12. Hisark\u00f6y Orkide Festivali Ba\u015flad\u0131"}]},{"@type":"WebSite","@id":"https:\/\/kibrisdakik.com\/#website","url":"https:\/\/kibrisdakik.com\/","name":"","description":"Tam vaktinde haber","potentialAction":[{"@type":"SearchAction","target":{"@type":"EntryPoint","urlTemplate":"https:\/\/kibrisdakik.com\/?s={search_term_string}"},"query-input":{"@type":"PropertyValueSpecification","valueRequired":true,"valueName":"search_term_string"}}],"inLanguage":"tr"},{"@type":"Person","@id":"https:\/\/kibrisdakik.com\/#\/schema\/person\/9cd9d437bbb44f72b73ba127e06d8e79","name":"admin","image":{"@type":"ImageObject","inLanguage":"tr","@id":"https:\/\/secure.gravatar.com\/avatar\/ccc17943b9d660506c869530f897617f7cb1c21a4bf30023f252596d83e1f007?s=96&d=mm&r=g","url":"https:\/\/secure.gravatar.com\/avatar\/ccc17943b9d660506c869530f897617f7cb1c21a4bf30023f252596d83e1f007?s=96&d=mm&r=g","contentUrl":"https:\/\/secure.gravatar.com\/avatar\/ccc17943b9d660506c869530f897617f7cb1c21a4bf30023f252596d83e1f007?s=96&d=mm&r=g","caption":"admin"},"sameAs":["https:\/\/kibrisdakik.com"],"url":"https:\/\/kibrisdakik.com\/?author=1"}]}},"_links":{"self":[{"href":"https:\/\/kibrisdakik.com\/index.php?rest_route=\/wp\/v2\/posts\/78070","targetHints":{"allow":["GET"]}}],"collection":[{"href":"https:\/\/kibrisdakik.com\/index.php?rest_route=\/wp\/v2\/posts"}],"about":[{"href":"https:\/\/kibrisdakik.com\/index.php?rest_route=\/wp\/v2\/types\/post"}],"author":[{"embeddable":true,"href":"https:\/\/kibrisdakik.com\/index.php?rest_route=\/wp\/v2\/users\/1"}],"replies":[{"embeddable":true,"href":"https:\/\/kibrisdakik.com\/index.php?rest_route=%2Fwp%2Fv2%2Fcomments&post=78070"}],"version-history":[{"count":0,"href":"https:\/\/kibrisdakik.com\/index.php?rest_route=\/wp\/v2\/posts\/78070\/revisions"}],"wp:attachment":[{"href":"https:\/\/kibrisdakik.com\/index.php?rest_route=%2Fwp%2Fv2%2Fmedia&parent=78070"}],"wp:term":[{"taxonomy":"category","embeddable":true,"href":"https:\/\/kibrisdakik.com\/index.php?rest_route=%2Fwp%2Fv2%2Fcategories&post=78070"},{"taxonomy":"post_tag","embeddable":true,"href":"https:\/\/kibrisdakik.com\/index.php?rest_route=%2Fwp%2Fv2%2Ftags&post=78070"}],"curies":[{"name":"wp","href":"https:\/\/api.w.org\/{rel}","templated":true}]}}