{"id":78076,"date":"2025-03-18T08:32:22","date_gmt":"2025-03-18T05:32:22","guid":{"rendered":"https:\/\/kibrisdakik.com\/index.php\/2025\/03\/18\/gozler-cenevrede\/"},"modified":"2025-03-18T08:32:22","modified_gmt":"2025-03-18T05:32:22","slug":"gozler-cenevrede","status":"publish","type":"post","link":"https:\/\/kibrisdakik.com\/?p=78076","title":{"rendered":"G\u00f6zler Cenevre\u2019de"},"content":{"rendered":"<div>\n<div class=\"mariselle-image-container center\">\n                                            <\/div>\n<p>\nBirle\u015fmi\u015f Milletler Genel Sekreteri Antonio Guterres\u2019in ev sahipli\u011finde Crans Montana sonras\u0131 4 y\u0131l\u0131n ard\u0131ndan Cenevre\u2019de ger\u00e7ekle\u015ftirilen  5+1 gayri resmi K\u0131br\u0131s zirvesi d\u00fcn ak\u015fam  heyetler onuruna verilen yemekle ba\u015flad\u0131\u2026<br \/>\nyakla\u015f\u0131k bir bu\u00e7uk saat s\u00fcren yeme\u011fe K\u0131br\u0131s\u2019taki taraflar ve garant\u00f6r \u00fclkeler T\u00fcrkiye, Yunanistan ve \u0130ngiltere kat\u0131ld\u0131. <\/p>\n<p>\u00f6te yandan Cumhurba\u015fkan\u0131 Ersin Tatar  yemek sonras\u0131 Cenevre\u2019de bulunan siyasi parti heyetlerini kabul ederek, g\u00f6r\u00fc\u015f al\u0131\u015fveri\u015finde bulundu. <\/p>\n<p>Bug\u00fcnse g\u00f6zler ikili temaslarda\u2026 BM Genel Sekreteri, taraflarla birebir g\u00f6r\u00fc\u015fecek. Ard\u0131ndan geni\u015f kat\u0131l\u0131ml\u0131 toplant\u0131ya ge\u00e7ilecek. Liderler, pozisyonlar\u0131n\u0131 bir kez daha masaya koyacak.<\/p>\n<\/p><\/div>\n<p><script async\n                    defer\n                    crossorigin=\"anonymous\"\n                    src=\"https:\/\/connect.facebook.net\/tr_TR\/sdk.js#xfbml=1&#038;version=v3.3\"\n            ><\/script><\/p>\n","protected":false},"excerpt":{"rendered":"<p>Birle\u015fmi\u015f Milletler Genel Sekreteri Antonio Guterres\u2019in ev sahipli\u011finde Crans Montana sonras\u0131 4 y\u0131l\u0131n ard\u0131ndan Cenevre\u2019de ger\u00e7ekle\u015ftirilen 5+1 gayri resmi K\u0131br\u0131s zirvesi d\u00fcn ak\u015fam heyetler onuruna verilen yemekle ba\u015flad\u0131\u2026 yakla\u015f\u0131k bir bu\u00e7uk saat s\u00fcren yeme\u011fe K\u0131br\u0131s\u2019taki taraflar ve garant\u00f6r \u00fclkeler T\u00fcrkiye, Yunanistan ve \u0130ngiltere kat\u0131ld\u0131. \u00f6te yandan Cumhurba\u015fkan\u0131 Ersin Tatar yemek sonras\u0131 Cenevre\u2019de bulunan siyasi parti<\/p>\n","protected":false},"author":1,"featured_media":78077,"comment_status":"open","ping_status":"open","sticky":false,"template":"","format":"standard","meta":{"footnotes":""},"categories":[81,101],"tags":[],"class_list":["post-78076","post","type-post","status-publish","format-standard","has-post-thumbnail","hentry","category-kibris","category-manset"],"yoast_head":"<!-- This site is optimized with the Yoast SEO plugin v27.5 - https:\/\/yoast.com\/product\/yoast-seo-wordpress\/ -->\n<title>G\u00f6zler Cenevre\u2019de -<\/title>\n<meta name=\"robots\" content=\"index, follow, max-snippet:-1, max-image-preview:large, max-video-preview:-1\" \/>\n<link rel=\"canonical\" href=\"https:\/\/kibrisdakik.com\/?p=78076\" \/>\n<meta property=\"og:locale\" content=\"tr_TR\" \/>\n<meta property=\"og:type\" content=\"article\" \/>\n<meta property=\"og:title\" content=\"G\u00f6zler Cenevre\u2019de -\" \/>\n<meta property=\"og:description\" content=\"Birle\u015fmi\u015f Milletler Genel Sekreteri Antonio Guterres\u2019in ev sahipli\u011finde Crans Montana sonras\u0131 4 y\u0131l\u0131n ard\u0131ndan Cenevre\u2019de ger\u00e7ekle\u015ftirilen 5+1 gayri resmi K\u0131br\u0131s zirvesi d\u00fcn ak\u015fam heyetler onuruna verilen yemekle ba\u015flad\u0131\u2026 yakla\u015f\u0131k bir bu\u00e7uk saat s\u00fcren yeme\u011fe K\u0131br\u0131s\u2019taki taraflar ve garant\u00f6r \u00fclkeler T\u00fcrkiye, Yunanistan ve \u0130ngiltere kat\u0131ld\u0131. \u00f6te yandan Cumhurba\u015fkan\u0131 Ersin Tatar yemek sonras\u0131 Cenevre\u2019de bulunan siyasi parti\" \/>\n<meta property=\"og:url\" content=\"https:\/\/kibrisdakik.com\/?p=78076\" \/>\n<meta property=\"article:published_time\" content=\"2025-03-18T05:32:22+00:00\" \/>\n<meta property=\"og:image\" content=\"https:\/\/kibrisdakik.com\/wp-content\/uploads\/2025\/03\/CENEVREDE-ONEMLI-GUN-740x420.jpeg\" \/>\n\t<meta property=\"og:image:width\" content=\"1600\" \/>\n\t<meta property=\"og:image:height\" content=\"594\" \/>\n\t<meta property=\"og:image:type\" content=\"image\/jpeg\" \/>\n<meta name=\"author\" content=\"admin\" \/>\n<meta name=\"twitter:card\" content=\"summary_large_image\" \/>\n<meta name=\"twitter:label1\" content=\"Yazan:\" \/>\n\t<meta name=\"twitter:data1\" content=\"admin\" \/>\n\t<meta name=\"twitter:label2\" content=\"Tahmini okuma s\u00fcresi\" \/>\n\t<meta name=\"twitter:data2\" content=\"1 dakika\" \/>\n<script type=\"application\/ld+json\" class=\"yoast-schema-graph\">{\"@context\":\"https:\\\/\\\/schema.org\",\"@graph\":[{\"@type\":\"Article\",\"@id\":\"https:\\\/\\\/kibrisdakik.com\\\/?p=78076#article\",\"isPartOf\":{\"@id\":\"https:\\\/\\\/kibrisdakik.com\\\/?p=78076\"},\"author\":{\"name\":\"admin\",\"@id\":\"https:\\\/\\\/kibrisdakik.com\\\/#\\\/schema\\\/person\\\/9cd9d437bbb44f72b73ba127e06d8e79\"},\"headline\":\"G\u00f6zler Cenevre\u2019de\",\"datePublished\":\"2025-03-18T05:32:22+00:00\",\"mainEntityOfPage\":{\"@id\":\"https:\\\/\\\/kibrisdakik.com\\\/?p=78076\"},\"wordCount\":124,\"commentCount\":0,\"image\":{\"@id\":\"https:\\\/\\\/kibrisdakik.com\\\/?p=78076#primaryimage\"},\"thumbnailUrl\":\"https:\\\/\\\/kibrisdakik.com\\\/wp-content\\\/uploads\\\/2025\\\/03\\\/CENEVREDE-ONEMLI-GUN-740x420.jpeg\",\"articleSection\":[\"K\u0131br\u0131s\",\"Man\u015fet\"],\"inLanguage\":\"tr\",\"potentialAction\":[{\"@type\":\"CommentAction\",\"name\":\"Comment\",\"target\":[\"https:\\\/\\\/kibrisdakik.com\\\/?p=78076#respond\"]}]},{\"@type\":\"WebPage\",\"@id\":\"https:\\\/\\\/kibrisdakik.com\\\/?p=78076\",\"url\":\"https:\\\/\\\/kibrisdakik.com\\\/?p=78076\",\"name\":\"G\u00f6zler Cenevre\u2019de -\",\"isPartOf\":{\"@id\":\"https:\\\/\\\/kibrisdakik.com\\\/#website\"},\"primaryImageOfPage\":{\"@id\":\"https:\\\/\\\/kibrisdakik.com\\\/?p=78076#primaryimage\"},\"image\":{\"@id\":\"https:\\\/\\\/kibrisdakik.com\\\/?p=78076#primaryimage\"},\"thumbnailUrl\":\"https:\\\/\\\/kibrisdakik.com\\\/wp-content\\\/uploads\\\/2025\\\/03\\\/CENEVREDE-ONEMLI-GUN-740x420.jpeg\",\"datePublished\":\"2025-03-18T05:32:22+00:00\",\"author\":{\"@id\":\"https:\\\/\\\/kibrisdakik.com\\\/#\\\/schema\\\/person\\\/9cd9d437bbb44f72b73ba127e06d8e79\"},\"breadcrumb\":{\"@id\":\"https:\\\/\\\/kibrisdakik.com\\\/?p=78076#breadcrumb\"},\"inLanguage\":\"tr\",\"potentialAction\":[{\"@type\":\"ReadAction\",\"target\":[\"https:\\\/\\\/kibrisdakik.com\\\/?p=78076\"]}]},{\"@type\":\"ImageObject\",\"inLanguage\":\"tr\",\"@id\":\"https:\\\/\\\/kibrisdakik.com\\\/?p=78076#primaryimage\",\"url\":\"https:\\\/\\\/kibrisdakik.com\\\/wp-content\\\/uploads\\\/2025\\\/03\\\/CENEVREDE-ONEMLI-GUN-740x420.jpeg\",\"contentUrl\":\"https:\\\/\\\/kibrisdakik.com\\\/wp-content\\\/uploads\\\/2025\\\/03\\\/CENEVREDE-ONEMLI-GUN-740x420.jpeg\",\"width\":1600,\"height\":594},{\"@type\":\"BreadcrumbList\",\"@id\":\"https:\\\/\\\/kibrisdakik.com\\\/?p=78076#breadcrumb\",\"itemListElement\":[{\"@type\":\"ListItem\",\"position\":1,\"name\":\"Home\",\"item\":\"https:\\\/\\\/kibrisdakik.com\\\/\"},{\"@type\":\"ListItem\",\"position\":2,\"name\":\"G\u00f6zler Cenevre\u2019de\"}]},{\"@type\":\"WebSite\",\"@id\":\"https:\\\/\\\/kibrisdakik.com\\\/#website\",\"url\":\"https:\\\/\\\/kibrisdakik.com\\\/\",\"name\":\"\",\"description\":\"Tam vaktinde haber\",\"potentialAction\":[{\"@type\":\"SearchAction\",\"target\":{\"@type\":\"EntryPoint\",\"urlTemplate\":\"https:\\\/\\\/kibrisdakik.com\\\/?s={search_term_string}\"},\"query-input\":{\"@type\":\"PropertyValueSpecification\",\"valueRequired\":true,\"valueName\":\"search_term_string\"}}],\"inLanguage\":\"tr\"},{\"@type\":\"Person\",\"@id\":\"https:\\\/\\\/kibrisdakik.com\\\/#\\\/schema\\\/person\\\/9cd9d437bbb44f72b73ba127e06d8e79\",\"name\":\"admin\",\"image\":{\"@type\":\"ImageObject\",\"inLanguage\":\"tr\",\"@id\":\"https:\\\/\\\/secure.gravatar.com\\\/avatar\\\/ccc17943b9d660506c869530f897617f7cb1c21a4bf30023f252596d83e1f007?s=96&d=mm&r=g\",\"url\":\"https:\\\/\\\/secure.gravatar.com\\\/avatar\\\/ccc17943b9d660506c869530f897617f7cb1c21a4bf30023f252596d83e1f007?s=96&d=mm&r=g\",\"contentUrl\":\"https:\\\/\\\/secure.gravatar.com\\\/avatar\\\/ccc17943b9d660506c869530f897617f7cb1c21a4bf30023f252596d83e1f007?s=96&d=mm&r=g\",\"caption\":\"admin\"},\"sameAs\":[\"https:\\\/\\\/kibrisdakik.com\"],\"url\":\"https:\\\/\\\/kibrisdakik.com\\\/?author=1\"}]}<\/script>\n<!-- \/ Yoast SEO plugin. -->","yoast_head_json":{"title":"G\u00f6zler Cenevre\u2019de -","robots":{"index":"index","follow":"follow","max-snippet":"max-snippet:-1","max-image-preview":"max-image-preview:large","max-video-preview":"max-video-preview:-1"},"canonical":"https:\/\/kibrisdakik.com\/?p=78076","og_locale":"tr_TR","og_type":"article","og_title":"G\u00f6zler Cenevre\u2019de -","og_description":"Birle\u015fmi\u015f Milletler Genel Sekreteri Antonio Guterres\u2019in ev sahipli\u011finde Crans Montana sonras\u0131 4 y\u0131l\u0131n ard\u0131ndan Cenevre\u2019de ger\u00e7ekle\u015ftirilen 5+1 gayri resmi K\u0131br\u0131s zirvesi d\u00fcn ak\u015fam heyetler onuruna verilen yemekle ba\u015flad\u0131\u2026 yakla\u015f\u0131k bir bu\u00e7uk saat s\u00fcren yeme\u011fe K\u0131br\u0131s\u2019taki taraflar ve garant\u00f6r \u00fclkeler T\u00fcrkiye, Yunanistan ve \u0130ngiltere kat\u0131ld\u0131. \u00f6te yandan Cumhurba\u015fkan\u0131 Ersin Tatar yemek sonras\u0131 Cenevre\u2019de bulunan siyasi parti","og_url":"https:\/\/kibrisdakik.com\/?p=78076","article_published_time":"2025-03-18T05:32:22+00:00","og_image":[{"width":1600,"height":594,"url":"https:\/\/kibrisdakik.com\/wp-content\/uploads\/2025\/03\/CENEVREDE-ONEMLI-GUN-740x420.jpeg","type":"image\/jpeg"}],"author":"admin","twitter_card":"summary_large_image","twitter_misc":{"Yazan:":"admin","Tahmini okuma s\u00fcresi":"1 dakika"},"schema":{"@context":"https:\/\/schema.org","@graph":[{"@type":"Article","@id":"https:\/\/kibrisdakik.com\/?p=78076#article","isPartOf":{"@id":"https:\/\/kibrisdakik.com\/?p=78076"},"author":{"name":"admin","@id":"https:\/\/kibrisdakik.com\/#\/schema\/person\/9cd9d437bbb44f72b73ba127e06d8e79"},"headline":"G\u00f6zler Cenevre\u2019de","datePublished":"2025-03-18T05:32:22+00:00","mainEntityOfPage":{"@id":"https:\/\/kibrisdakik.com\/?p=78076"},"wordCount":124,"commentCount":0,"image":{"@id":"https:\/\/kibrisdakik.com\/?p=78076#primaryimage"},"thumbnailUrl":"https:\/\/kibrisdakik.com\/wp-content\/uploads\/2025\/03\/CENEVREDE-ONEMLI-GUN-740x420.jpeg","articleSection":["K\u0131br\u0131s","Man\u015fet"],"inLanguage":"tr","potentialAction":[{"@type":"CommentAction","name":"Comment","target":["https:\/\/kibrisdakik.com\/?p=78076#respond"]}]},{"@type":"WebPage","@id":"https:\/\/kibrisdakik.com\/?p=78076","url":"https:\/\/kibrisdakik.com\/?p=78076","name":"G\u00f6zler Cenevre\u2019de -","isPartOf":{"@id":"https:\/\/kibrisdakik.com\/#website"},"primaryImageOfPage":{"@id":"https:\/\/kibrisdakik.com\/?p=78076#primaryimage"},"image":{"@id":"https:\/\/kibrisdakik.com\/?p=78076#primaryimage"},"thumbnailUrl":"https:\/\/kibrisdakik.com\/wp-content\/uploads\/2025\/03\/CENEVREDE-ONEMLI-GUN-740x420.jpeg","datePublished":"2025-03-18T05:32:22+00:00","author":{"@id":"https:\/\/kibrisdakik.com\/#\/schema\/person\/9cd9d437bbb44f72b73ba127e06d8e79"},"breadcrumb":{"@id":"https:\/\/kibrisdakik.com\/?p=78076#breadcrumb"},"inLanguage":"tr","potentialAction":[{"@type":"ReadAction","target":["https:\/\/kibrisdakik.com\/?p=78076"]}]},{"@type":"ImageObject","inLanguage":"tr","@id":"https:\/\/kibrisdakik.com\/?p=78076#primaryimage","url":"https:\/\/kibrisdakik.com\/wp-content\/uploads\/2025\/03\/CENEVREDE-ONEMLI-GUN-740x420.jpeg","contentUrl":"https:\/\/kibrisdakik.com\/wp-content\/uploads\/2025\/03\/CENEVREDE-ONEMLI-GUN-740x420.jpeg","width":1600,"height":594},{"@type":"BreadcrumbList","@id":"https:\/\/kibrisdakik.com\/?p=78076#breadcrumb","itemListElement":[{"@type":"ListItem","position":1,"name":"Home","item":"https:\/\/kibrisdakik.com\/"},{"@type":"ListItem","position":2,"name":"G\u00f6zler Cenevre\u2019de"}]},{"@type":"WebSite","@id":"https:\/\/kibrisdakik.com\/#website","url":"https:\/\/kibrisdakik.com\/","name":"","description":"Tam vaktinde haber","potentialAction":[{"@type":"SearchAction","target":{"@type":"EntryPoint","urlTemplate":"https:\/\/kibrisdakik.com\/?s={search_term_string}"},"query-input":{"@type":"PropertyValueSpecification","valueRequired":true,"valueName":"search_term_string"}}],"inLanguage":"tr"},{"@type":"Person","@id":"https:\/\/kibrisdakik.com\/#\/schema\/person\/9cd9d437bbb44f72b73ba127e06d8e79","name":"admin","image":{"@type":"ImageObject","inLanguage":"tr","@id":"https:\/\/secure.gravatar.com\/avatar\/ccc17943b9d660506c869530f897617f7cb1c21a4bf30023f252596d83e1f007?s=96&d=mm&r=g","url":"https:\/\/secure.gravatar.com\/avatar\/ccc17943b9d660506c869530f897617f7cb1c21a4bf30023f252596d83e1f007?s=96&d=mm&r=g","contentUrl":"https:\/\/secure.gravatar.com\/avatar\/ccc17943b9d660506c869530f897617f7cb1c21a4bf30023f252596d83e1f007?s=96&d=mm&r=g","caption":"admin"},"sameAs":["https:\/\/kibrisdakik.com"],"url":"https:\/\/kibrisdakik.com\/?author=1"}]}},"_links":{"self":[{"href":"https:\/\/kibrisdakik.com\/index.php?rest_route=\/wp\/v2\/posts\/78076","targetHints":{"allow":["GET"]}}],"collection":[{"href":"https:\/\/kibrisdakik.com\/index.php?rest_route=\/wp\/v2\/posts"}],"about":[{"href":"https:\/\/kibrisdakik.com\/index.php?rest_route=\/wp\/v2\/types\/post"}],"author":[{"embeddable":true,"href":"https:\/\/kibrisdakik.com\/index.php?rest_route=\/wp\/v2\/users\/1"}],"replies":[{"embeddable":true,"href":"https:\/\/kibrisdakik.com\/index.php?rest_route=%2Fwp%2Fv2%2Fcomments&post=78076"}],"version-history":[{"count":0,"href":"https:\/\/kibrisdakik.com\/index.php?rest_route=\/wp\/v2\/posts\/78076\/revisions"}],"wp:featuredmedia":[{"embeddable":true,"href":"https:\/\/kibrisdakik.com\/index.php?rest_route=\/wp\/v2\/media\/78077"}],"wp:attachment":[{"href":"https:\/\/kibrisdakik.com\/index.php?rest_route=%2Fwp%2Fv2%2Fmedia&parent=78076"}],"wp:term":[{"taxonomy":"category","embeddable":true,"href":"https:\/\/kibrisdakik.com\/index.php?rest_route=%2Fwp%2Fv2%2Fcategories&post=78076"},{"taxonomy":"post_tag","embeddable":true,"href":"https:\/\/kibrisdakik.com\/index.php?rest_route=%2Fwp%2Fv2%2Ftags&post=78076"}],"curies":[{"name":"wp","href":"https:\/\/api.w.org\/{rel}","templated":true}]}}