{"id":78096,"date":"2025-03-18T12:25:02","date_gmt":"2025-03-18T09:25:02","guid":{"rendered":"https:\/\/kibrisdakik.com\/index.php\/2025\/03\/18\/ertugruloglu-canakkale-zaferi-kibris-turklerinin-varolus-mucadelesine-ilham-oldu\/"},"modified":"2025-03-18T12:25:02","modified_gmt":"2025-03-18T09:25:02","slug":"ertugruloglu-canakkale-zaferi-kibris-turklerinin-varolus-mucadelesine-ilham-oldu","status":"publish","type":"post","link":"https:\/\/kibrisdakik.com\/?p=78096","title":{"rendered":"Ertu\u011frulo\u011flu: \u00c7anakkale Zaferi, K\u0131br\u0131s T\u00fcrklerinin varolu\u015f m\u00fccadelesine ilham oldu"},"content":{"rendered":"<div>\n<div class=\"mariselle-image-container none\">\n                                            <\/div>\n<p>D\u0131\u015fi\u015fleri Bakan\u0131 Tahsin Ertu\u011frulo\u011flu, 18 Mart \u015eehitleri Anma G\u00fcn\u00fc ve \u00c7anakkale Zaferi\u2019nin 110. y\u0131l d\u00f6n\u00fcm\u00fc dolay\u0131s\u0131yla mesaj yay\u0131mlad\u0131.<\/p>\n<p>Ertu\u011frulo\u011flu mesaj\u0131nda, \u00c7anakkale Zaferi\u2019nin K\u0131br\u0131s T\u00fcrklerinin varolu\u015f m\u00fccadelesine ilham oldu\u011funu vurgulad\u0131.<\/p>\n<p>Ertu\u011frulo\u011flu\u2019nun mesaj\u0131 \u015f\u00f6yle:<\/p>\n<p>\u201cTarihten silinmek istenen T\u00fcrk Milleti, vatan sevgisi, inan\u00e7, birlik ve beraberlik ile 1915\u2019te imkans\u0131z\u0131 ba\u015farm\u0131\u015f; yedi d\u00fcvele kar\u015f\u0131 \u2018\u00c7anakkale Ge\u00e7ilmez\u2019 diyerek ba\u011f\u0131ms\u0131zl\u0131k ve \u00f6zg\u00fcrl\u00fc\u011f\u00fcnden vazge\u00e7meyece\u011fini, esareti asla kabul etmeyece\u011fini t\u00fcm d\u00fcnyaya g\u00f6stermi\u015ftir. Gazi Mustafa Kemal Atat\u00fcrk \u00f6nderli\u011finde kazan\u0131lan ve tarihin ak\u0131\u015f\u0131n\u0131 de\u011fi\u015ftiren destans\u0131 \u00c7anakkale Zaferi, y\u00fcre\u011fi Anadolu ile atan, T\u00fcrk Milleti\u2019nin kopmaz bir par\u00e7as\u0131 olan K\u0131br\u0131s T\u00fcrkleri\u2019nin de kaderini de\u011fi\u015ftirmi\u015f, varolu\u015f m\u00fccadelesine ilham olmu\u015ftur.<\/p>\n<p>18 Mart \u015eehitleri Anma G\u00fcn\u00fc ve \u00c7anakkale Zaferi\u2019nin 110. y\u0131l\u0131nda, ba\u015fta Ulu \u00d6nder Atat\u00fcrk olmak \u00fczere, vatan u\u011fruna can veren t\u00fcm kahraman \u015fehitleri rahmet ve minnetle y\u00e2d ediyorum.\u201d<\/p>\n<\/p><\/div>\n<p><script async\n                    defer\n                    crossorigin=\"anonymous\"\n                    src=\"https:\/\/connect.facebook.net\/tr_TR\/sdk.js#xfbml=1&#038;version=v3.3\"\n            ><\/script><\/p>\n","protected":false},"excerpt":{"rendered":"<p>D\u0131\u015fi\u015fleri Bakan\u0131 Tahsin Ertu\u011frulo\u011flu, 18 Mart \u015eehitleri Anma G\u00fcn\u00fc ve \u00c7anakkale Zaferi\u2019nin 110. y\u0131l d\u00f6n\u00fcm\u00fc dolay\u0131s\u0131yla mesaj yay\u0131mlad\u0131. Ertu\u011frulo\u011flu mesaj\u0131nda, \u00c7anakkale Zaferi\u2019nin K\u0131br\u0131s T\u00fcrklerinin varolu\u015f m\u00fccadelesine ilham oldu\u011funu vurgulad\u0131. Ertu\u011frulo\u011flu\u2019nun mesaj\u0131 \u015f\u00f6yle: \u201cTarihten silinmek istenen T\u00fcrk Milleti, vatan sevgisi, inan\u00e7, birlik ve beraberlik ile 1915\u2019te imkans\u0131z\u0131 ba\u015farm\u0131\u015f; yedi d\u00fcvele kar\u015f\u0131 \u2018\u00c7anakkale Ge\u00e7ilmez\u2019 diyerek ba\u011f\u0131ms\u0131zl\u0131k ve<\/p>\n","protected":false},"author":1,"featured_media":78097,"comment_status":"open","ping_status":"open","sticky":false,"template":"","format":"standard","meta":{"footnotes":""},"categories":[81,101],"tags":[],"class_list":["post-78096","post","type-post","status-publish","format-standard","has-post-thumbnail","hentry","category-kibris","category-manset"],"yoast_head":"<!-- This site is optimized with the Yoast SEO plugin v27.4 - https:\/\/yoast.com\/product\/yoast-seo-wordpress\/ -->\n<title>Ertu\u011frulo\u011flu: \u00c7anakkale Zaferi, K\u0131br\u0131s T\u00fcrklerinin varolu\u015f m\u00fccadelesine ilham oldu -<\/title>\n<meta name=\"robots\" content=\"index, follow, max-snippet:-1, max-image-preview:large, max-video-preview:-1\" \/>\n<link rel=\"canonical\" href=\"https:\/\/kibrisdakik.com\/?p=78096\" \/>\n<meta property=\"og:locale\" content=\"tr_TR\" \/>\n<meta property=\"og:type\" content=\"article\" \/>\n<meta property=\"og:title\" content=\"Ertu\u011frulo\u011flu: \u00c7anakkale Zaferi, K\u0131br\u0131s T\u00fcrklerinin varolu\u015f m\u00fccadelesine ilham oldu -\" \/>\n<meta property=\"og:description\" content=\"D\u0131\u015fi\u015fleri Bakan\u0131 Tahsin Ertu\u011frulo\u011flu, 18 Mart \u015eehitleri Anma G\u00fcn\u00fc ve \u00c7anakkale Zaferi\u2019nin 110. y\u0131l d\u00f6n\u00fcm\u00fc dolay\u0131s\u0131yla mesaj yay\u0131mlad\u0131. Ertu\u011frulo\u011flu mesaj\u0131nda, \u00c7anakkale Zaferi\u2019nin K\u0131br\u0131s T\u00fcrklerinin varolu\u015f m\u00fccadelesine ilham oldu\u011funu vurgulad\u0131. Ertu\u011frulo\u011flu\u2019nun mesaj\u0131 \u015f\u00f6yle: \u201cTarihten silinmek istenen T\u00fcrk Milleti, vatan sevgisi, inan\u00e7, birlik ve beraberlik ile 1915\u2019te imkans\u0131z\u0131 ba\u015farm\u0131\u015f; yedi d\u00fcvele kar\u015f\u0131 \u2018\u00c7anakkale Ge\u00e7ilmez\u2019 diyerek ba\u011f\u0131ms\u0131zl\u0131k ve\" \/>\n<meta property=\"og:url\" content=\"https:\/\/kibrisdakik.com\/?p=78096\" \/>\n<meta property=\"article:published_time\" content=\"2025-03-18T09:25:02+00:00\" \/>\n<meta property=\"og:image\" content=\"https:\/\/kibrisdakik.com\/wp-content\/uploads\/2025\/03\/Tahsin-ertugruloglu-disisleri-740x420.jpg\" \/>\n\t<meta property=\"og:image:width\" content=\"941\" \/>\n\t<meta property=\"og:image:height\" content=\"712\" \/>\n\t<meta property=\"og:image:type\" content=\"image\/jpeg\" \/>\n<meta name=\"author\" content=\"admin\" \/>\n<meta name=\"twitter:card\" content=\"summary_large_image\" \/>\n<meta name=\"twitter:label1\" content=\"Yazan:\" \/>\n\t<meta name=\"twitter:data1\" content=\"admin\" \/>\n\t<meta name=\"twitter:label2\" content=\"Tahmini okuma s\u00fcresi\" \/>\n\t<meta name=\"twitter:data2\" content=\"1 dakika\" \/>\n<script type=\"application\/ld+json\" class=\"yoast-schema-graph\">{\"@context\":\"https:\\\/\\\/schema.org\",\"@graph\":[{\"@type\":\"Article\",\"@id\":\"https:\\\/\\\/kibrisdakik.com\\\/?p=78096#article\",\"isPartOf\":{\"@id\":\"https:\\\/\\\/kibrisdakik.com\\\/?p=78096\"},\"author\":{\"name\":\"admin\",\"@id\":\"https:\\\/\\\/kibrisdakik.com\\\/#\\\/schema\\\/person\\\/9cd9d437bbb44f72b73ba127e06d8e79\"},\"headline\":\"Ertu\u011frulo\u011flu: \u00c7anakkale Zaferi, K\u0131br\u0131s T\u00fcrklerinin varolu\u015f m\u00fccadelesine ilham oldu\",\"datePublished\":\"2025-03-18T09:25:02+00:00\",\"mainEntityOfPage\":{\"@id\":\"https:\\\/\\\/kibrisdakik.com\\\/?p=78096\"},\"wordCount\":204,\"commentCount\":0,\"image\":{\"@id\":\"https:\\\/\\\/kibrisdakik.com\\\/?p=78096#primaryimage\"},\"thumbnailUrl\":\"https:\\\/\\\/kibrisdakik.com\\\/wp-content\\\/uploads\\\/2025\\\/03\\\/Tahsin-ertugruloglu-disisleri-740x420.jpg\",\"articleSection\":[\"K\u0131br\u0131s\",\"Man\u015fet\"],\"inLanguage\":\"tr\",\"potentialAction\":[{\"@type\":\"CommentAction\",\"name\":\"Comment\",\"target\":[\"https:\\\/\\\/kibrisdakik.com\\\/?p=78096#respond\"]}]},{\"@type\":\"WebPage\",\"@id\":\"https:\\\/\\\/kibrisdakik.com\\\/?p=78096\",\"url\":\"https:\\\/\\\/kibrisdakik.com\\\/?p=78096\",\"name\":\"Ertu\u011frulo\u011flu: \u00c7anakkale Zaferi, K\u0131br\u0131s T\u00fcrklerinin varolu\u015f m\u00fccadelesine ilham oldu -\",\"isPartOf\":{\"@id\":\"https:\\\/\\\/kibrisdakik.com\\\/#website\"},\"primaryImageOfPage\":{\"@id\":\"https:\\\/\\\/kibrisdakik.com\\\/?p=78096#primaryimage\"},\"image\":{\"@id\":\"https:\\\/\\\/kibrisdakik.com\\\/?p=78096#primaryimage\"},\"thumbnailUrl\":\"https:\\\/\\\/kibrisdakik.com\\\/wp-content\\\/uploads\\\/2025\\\/03\\\/Tahsin-ertugruloglu-disisleri-740x420.jpg\",\"datePublished\":\"2025-03-18T09:25:02+00:00\",\"author\":{\"@id\":\"https:\\\/\\\/kibrisdakik.com\\\/#\\\/schema\\\/person\\\/9cd9d437bbb44f72b73ba127e06d8e79\"},\"breadcrumb\":{\"@id\":\"https:\\\/\\\/kibrisdakik.com\\\/?p=78096#breadcrumb\"},\"inLanguage\":\"tr\",\"potentialAction\":[{\"@type\":\"ReadAction\",\"target\":[\"https:\\\/\\\/kibrisdakik.com\\\/?p=78096\"]}]},{\"@type\":\"ImageObject\",\"inLanguage\":\"tr\",\"@id\":\"https:\\\/\\\/kibrisdakik.com\\\/?p=78096#primaryimage\",\"url\":\"https:\\\/\\\/kibrisdakik.com\\\/wp-content\\\/uploads\\\/2025\\\/03\\\/Tahsin-ertugruloglu-disisleri-740x420.jpg\",\"contentUrl\":\"https:\\\/\\\/kibrisdakik.com\\\/wp-content\\\/uploads\\\/2025\\\/03\\\/Tahsin-ertugruloglu-disisleri-740x420.jpg\",\"width\":941,\"height\":712},{\"@type\":\"BreadcrumbList\",\"@id\":\"https:\\\/\\\/kibrisdakik.com\\\/?p=78096#breadcrumb\",\"itemListElement\":[{\"@type\":\"ListItem\",\"position\":1,\"name\":\"Home\",\"item\":\"https:\\\/\\\/kibrisdakik.com\\\/\"},{\"@type\":\"ListItem\",\"position\":2,\"name\":\"Ertu\u011frulo\u011flu: \u00c7anakkale Zaferi, K\u0131br\u0131s T\u00fcrklerinin varolu\u015f m\u00fccadelesine ilham oldu\"}]},{\"@type\":\"WebSite\",\"@id\":\"https:\\\/\\\/kibrisdakik.com\\\/#website\",\"url\":\"https:\\\/\\\/kibrisdakik.com\\\/\",\"name\":\"\",\"description\":\"Tam vaktinde haber\",\"potentialAction\":[{\"@type\":\"SearchAction\",\"target\":{\"@type\":\"EntryPoint\",\"urlTemplate\":\"https:\\\/\\\/kibrisdakik.com\\\/?s={search_term_string}\"},\"query-input\":{\"@type\":\"PropertyValueSpecification\",\"valueRequired\":true,\"valueName\":\"search_term_string\"}}],\"inLanguage\":\"tr\"},{\"@type\":\"Person\",\"@id\":\"https:\\\/\\\/kibrisdakik.com\\\/#\\\/schema\\\/person\\\/9cd9d437bbb44f72b73ba127e06d8e79\",\"name\":\"admin\",\"image\":{\"@type\":\"ImageObject\",\"inLanguage\":\"tr\",\"@id\":\"https:\\\/\\\/secure.gravatar.com\\\/avatar\\\/ccc17943b9d660506c869530f897617f7cb1c21a4bf30023f252596d83e1f007?s=96&d=mm&r=g\",\"url\":\"https:\\\/\\\/secure.gravatar.com\\\/avatar\\\/ccc17943b9d660506c869530f897617f7cb1c21a4bf30023f252596d83e1f007?s=96&d=mm&r=g\",\"contentUrl\":\"https:\\\/\\\/secure.gravatar.com\\\/avatar\\\/ccc17943b9d660506c869530f897617f7cb1c21a4bf30023f252596d83e1f007?s=96&d=mm&r=g\",\"caption\":\"admin\"},\"sameAs\":[\"https:\\\/\\\/kibrisdakik.com\"],\"url\":\"https:\\\/\\\/kibrisdakik.com\\\/?author=1\"}]}<\/script>\n<!-- \/ Yoast SEO plugin. -->","yoast_head_json":{"title":"Ertu\u011frulo\u011flu: \u00c7anakkale Zaferi, K\u0131br\u0131s T\u00fcrklerinin varolu\u015f m\u00fccadelesine ilham oldu -","robots":{"index":"index","follow":"follow","max-snippet":"max-snippet:-1","max-image-preview":"max-image-preview:large","max-video-preview":"max-video-preview:-1"},"canonical":"https:\/\/kibrisdakik.com\/?p=78096","og_locale":"tr_TR","og_type":"article","og_title":"Ertu\u011frulo\u011flu: \u00c7anakkale Zaferi, K\u0131br\u0131s T\u00fcrklerinin varolu\u015f m\u00fccadelesine ilham oldu -","og_description":"D\u0131\u015fi\u015fleri Bakan\u0131 Tahsin Ertu\u011frulo\u011flu, 18 Mart \u015eehitleri Anma G\u00fcn\u00fc ve \u00c7anakkale Zaferi\u2019nin 110. y\u0131l d\u00f6n\u00fcm\u00fc dolay\u0131s\u0131yla mesaj yay\u0131mlad\u0131. Ertu\u011frulo\u011flu mesaj\u0131nda, \u00c7anakkale Zaferi\u2019nin K\u0131br\u0131s T\u00fcrklerinin varolu\u015f m\u00fccadelesine ilham oldu\u011funu vurgulad\u0131. Ertu\u011frulo\u011flu\u2019nun mesaj\u0131 \u015f\u00f6yle: \u201cTarihten silinmek istenen T\u00fcrk Milleti, vatan sevgisi, inan\u00e7, birlik ve beraberlik ile 1915\u2019te imkans\u0131z\u0131 ba\u015farm\u0131\u015f; yedi d\u00fcvele kar\u015f\u0131 \u2018\u00c7anakkale Ge\u00e7ilmez\u2019 diyerek ba\u011f\u0131ms\u0131zl\u0131k ve","og_url":"https:\/\/kibrisdakik.com\/?p=78096","article_published_time":"2025-03-18T09:25:02+00:00","og_image":[{"width":941,"height":712,"url":"https:\/\/kibrisdakik.com\/wp-content\/uploads\/2025\/03\/Tahsin-ertugruloglu-disisleri-740x420.jpg","type":"image\/jpeg"}],"author":"admin","twitter_card":"summary_large_image","twitter_misc":{"Yazan:":"admin","Tahmini okuma s\u00fcresi":"1 dakika"},"schema":{"@context":"https:\/\/schema.org","@graph":[{"@type":"Article","@id":"https:\/\/kibrisdakik.com\/?p=78096#article","isPartOf":{"@id":"https:\/\/kibrisdakik.com\/?p=78096"},"author":{"name":"admin","@id":"https:\/\/kibrisdakik.com\/#\/schema\/person\/9cd9d437bbb44f72b73ba127e06d8e79"},"headline":"Ertu\u011frulo\u011flu: \u00c7anakkale Zaferi, K\u0131br\u0131s T\u00fcrklerinin varolu\u015f m\u00fccadelesine ilham oldu","datePublished":"2025-03-18T09:25:02+00:00","mainEntityOfPage":{"@id":"https:\/\/kibrisdakik.com\/?p=78096"},"wordCount":204,"commentCount":0,"image":{"@id":"https:\/\/kibrisdakik.com\/?p=78096#primaryimage"},"thumbnailUrl":"https:\/\/kibrisdakik.com\/wp-content\/uploads\/2025\/03\/Tahsin-ertugruloglu-disisleri-740x420.jpg","articleSection":["K\u0131br\u0131s","Man\u015fet"],"inLanguage":"tr","potentialAction":[{"@type":"CommentAction","name":"Comment","target":["https:\/\/kibrisdakik.com\/?p=78096#respond"]}]},{"@type":"WebPage","@id":"https:\/\/kibrisdakik.com\/?p=78096","url":"https:\/\/kibrisdakik.com\/?p=78096","name":"Ertu\u011frulo\u011flu: \u00c7anakkale Zaferi, K\u0131br\u0131s T\u00fcrklerinin varolu\u015f m\u00fccadelesine ilham oldu -","isPartOf":{"@id":"https:\/\/kibrisdakik.com\/#website"},"primaryImageOfPage":{"@id":"https:\/\/kibrisdakik.com\/?p=78096#primaryimage"},"image":{"@id":"https:\/\/kibrisdakik.com\/?p=78096#primaryimage"},"thumbnailUrl":"https:\/\/kibrisdakik.com\/wp-content\/uploads\/2025\/03\/Tahsin-ertugruloglu-disisleri-740x420.jpg","datePublished":"2025-03-18T09:25:02+00:00","author":{"@id":"https:\/\/kibrisdakik.com\/#\/schema\/person\/9cd9d437bbb44f72b73ba127e06d8e79"},"breadcrumb":{"@id":"https:\/\/kibrisdakik.com\/?p=78096#breadcrumb"},"inLanguage":"tr","potentialAction":[{"@type":"ReadAction","target":["https:\/\/kibrisdakik.com\/?p=78096"]}]},{"@type":"ImageObject","inLanguage":"tr","@id":"https:\/\/kibrisdakik.com\/?p=78096#primaryimage","url":"https:\/\/kibrisdakik.com\/wp-content\/uploads\/2025\/03\/Tahsin-ertugruloglu-disisleri-740x420.jpg","contentUrl":"https:\/\/kibrisdakik.com\/wp-content\/uploads\/2025\/03\/Tahsin-ertugruloglu-disisleri-740x420.jpg","width":941,"height":712},{"@type":"BreadcrumbList","@id":"https:\/\/kibrisdakik.com\/?p=78096#breadcrumb","itemListElement":[{"@type":"ListItem","position":1,"name":"Home","item":"https:\/\/kibrisdakik.com\/"},{"@type":"ListItem","position":2,"name":"Ertu\u011frulo\u011flu: \u00c7anakkale Zaferi, K\u0131br\u0131s T\u00fcrklerinin varolu\u015f m\u00fccadelesine ilham oldu"}]},{"@type":"WebSite","@id":"https:\/\/kibrisdakik.com\/#website","url":"https:\/\/kibrisdakik.com\/","name":"","description":"Tam vaktinde haber","potentialAction":[{"@type":"SearchAction","target":{"@type":"EntryPoint","urlTemplate":"https:\/\/kibrisdakik.com\/?s={search_term_string}"},"query-input":{"@type":"PropertyValueSpecification","valueRequired":true,"valueName":"search_term_string"}}],"inLanguage":"tr"},{"@type":"Person","@id":"https:\/\/kibrisdakik.com\/#\/schema\/person\/9cd9d437bbb44f72b73ba127e06d8e79","name":"admin","image":{"@type":"ImageObject","inLanguage":"tr","@id":"https:\/\/secure.gravatar.com\/avatar\/ccc17943b9d660506c869530f897617f7cb1c21a4bf30023f252596d83e1f007?s=96&d=mm&r=g","url":"https:\/\/secure.gravatar.com\/avatar\/ccc17943b9d660506c869530f897617f7cb1c21a4bf30023f252596d83e1f007?s=96&d=mm&r=g","contentUrl":"https:\/\/secure.gravatar.com\/avatar\/ccc17943b9d660506c869530f897617f7cb1c21a4bf30023f252596d83e1f007?s=96&d=mm&r=g","caption":"admin"},"sameAs":["https:\/\/kibrisdakik.com"],"url":"https:\/\/kibrisdakik.com\/?author=1"}]}},"_links":{"self":[{"href":"https:\/\/kibrisdakik.com\/index.php?rest_route=\/wp\/v2\/posts\/78096","targetHints":{"allow":["GET"]}}],"collection":[{"href":"https:\/\/kibrisdakik.com\/index.php?rest_route=\/wp\/v2\/posts"}],"about":[{"href":"https:\/\/kibrisdakik.com\/index.php?rest_route=\/wp\/v2\/types\/post"}],"author":[{"embeddable":true,"href":"https:\/\/kibrisdakik.com\/index.php?rest_route=\/wp\/v2\/users\/1"}],"replies":[{"embeddable":true,"href":"https:\/\/kibrisdakik.com\/index.php?rest_route=%2Fwp%2Fv2%2Fcomments&post=78096"}],"version-history":[{"count":0,"href":"https:\/\/kibrisdakik.com\/index.php?rest_route=\/wp\/v2\/posts\/78096\/revisions"}],"wp:featuredmedia":[{"embeddable":true,"href":"https:\/\/kibrisdakik.com\/index.php?rest_route=\/wp\/v2\/media\/78097"}],"wp:attachment":[{"href":"https:\/\/kibrisdakik.com\/index.php?rest_route=%2Fwp%2Fv2%2Fmedia&parent=78096"}],"wp:term":[{"taxonomy":"category","embeddable":true,"href":"https:\/\/kibrisdakik.com\/index.php?rest_route=%2Fwp%2Fv2%2Fcategories&post=78096"},{"taxonomy":"post_tag","embeddable":true,"href":"https:\/\/kibrisdakik.com\/index.php?rest_route=%2Fwp%2Fv2%2Ftags&post=78096"}],"curies":[{"name":"wp","href":"https:\/\/api.w.org\/{rel}","templated":true}]}}