{"id":78118,"date":"2025-03-18T14:38:15","date_gmt":"2025-03-18T11:38:15","guid":{"rendered":"https:\/\/kibrisdakik.com\/index.php\/2025\/03\/18\/gayriresmi-kibris-konferansi-basladi\/"},"modified":"2025-03-18T14:38:15","modified_gmt":"2025-03-18T11:38:15","slug":"gayriresmi-kibris-konferansi-basladi","status":"publish","type":"post","link":"https:\/\/kibrisdakik.com\/?p=78118","title":{"rendered":"Gayriresmi K\u0131br\u0131s Konferans\u0131 ba\u015flad\u0131"},"content":{"rendered":"<div>\n<div class=\"mariselle-image-container none\">\n                                            <\/div>\n<p>Birle\u015fmi\u015f Milletler (BM) Genel Sekreteri Antonio Guterres himayesinde Cenevre\u2019de d\u00fczenlenen geni\u015fletilmi\u015f formatl\u0131 gayriresmi K\u0131br\u0131s konferans\u0131 ba\u015flad\u0131.<\/p>\n<p>Konferans \u00f6ncesinde aile foto\u011fraf\u0131 \u00e7ekildi ve\u00a0bas\u0131na konferans salonundan g\u00f6r\u00fcnt\u00fc alma olana\u011f\u0131 da verildi.<\/p>\n<p>BM Cenevre Ofisi Palais des Nations, AC Binas\u0131\u00a0Salle III numaral\u0131 odada yer alan konferansa, BM Genel Sekreteri Antonio Guterres, Cumhurba\u015fkan\u0131 Ersin Tatar, K\u0131br\u0131sl\u0131 Rum lider Nikos Hristodulidis, T\u00fcrkiye Cumhuriyeti D\u0131\u015fi\u015fleri Bakan\u0131 Hakan Fidan, Yunanistan D\u0131\u015fi\u015fleri Bakan\u0131 Giorgos Gerapetritis ile Birle\u015fik Krall\u0131k\u00a0Avrupa ve Kuzey Amerika\u2019dan Sorumlu Devlet Bakan\u0131 Stephen Doughty heyetleriyle birlikte kat\u0131l\u0131yor.<\/p>\n<p>Programa g\u00f6re, gayriresmi konferans BM Genel Sekreteri\u2019nin a\u00e7\u0131l\u0131\u015f konu\u015fmas\u0131yla ba\u015flayacak. Genel\u00a0Sekreter\u2019in konu\u015fmas\u0131 sonras\u0131nda GKRY lideri Hristodulidis, akabinde Cumhurba\u015fkan\u0131 Tatar,\u00a0Yunanistan D\u0131\u015fi\u015fleri Bakan\u0131 Geraptritis, T\u00fcrkiye Cumhuriyeti D\u0131\u015fi\u015fleri Bakan\u0131 Fidan ve Birle\u015fik Krall\u0131k\u00a0Avrupa ve Kuzey Amerika\u2019dan Sorumlu Devlet Bakan\u0131 Doughty konu\u015facak.<\/p>\n<p>Konferans\u0131n kapan\u0131\u015f\u0131 14.30-15.00 saatleri aras\u0131nda yap\u0131lacak.\u00a0<\/p>\n<p>Ard\u0131ndan Cumhurba\u015fkan\u0131 Tatar, BM ofisinde yabanc\u0131 haber ajanslar\u0131na y\u00f6nelik bas\u0131n toplant\u0131s\u0131 d\u00fczenleyecek.\u00a0<\/p>\n<\/p><\/div>\n<p><script async\n                    defer\n                    crossorigin=\"anonymous\"\n                    src=\"https:\/\/connect.facebook.net\/tr_TR\/sdk.js#xfbml=1&#038;version=v3.3\"\n            ><\/script><\/p>\n","protected":false},"excerpt":{"rendered":"<p>Birle\u015fmi\u015f Milletler (BM) Genel Sekreteri Antonio Guterres himayesinde Cenevre\u2019de d\u00fczenlenen geni\u015fletilmi\u015f formatl\u0131 gayriresmi K\u0131br\u0131s konferans\u0131 ba\u015flad\u0131. Konferans \u00f6ncesinde aile foto\u011fraf\u0131 \u00e7ekildi ve\u00a0bas\u0131na konferans salonundan g\u00f6r\u00fcnt\u00fc alma olana\u011f\u0131 da verildi. BM Cenevre Ofisi Palais des Nations, AC Binas\u0131\u00a0Salle III numaral\u0131 odada yer alan konferansa, BM Genel Sekreteri Antonio Guterres, Cumhurba\u015fkan\u0131 Ersin Tatar, K\u0131br\u0131sl\u0131 Rum lider Nikos<\/p>\n","protected":false},"author":1,"featured_media":78119,"comment_status":"open","ping_status":"open","sticky":false,"template":"","format":"standard","meta":{"footnotes":""},"categories":[81,101],"tags":[],"class_list":["post-78118","post","type-post","status-publish","format-standard","has-post-thumbnail","hentry","category-kibris","category-manset"],"yoast_head":"<!-- This site is optimized with the Yoast SEO plugin v27.5 - https:\/\/yoast.com\/product\/yoast-seo-wordpress\/ -->\n<title>Gayriresmi K\u0131br\u0131s Konferans\u0131 ba\u015flad\u0131 -<\/title>\n<meta name=\"robots\" content=\"index, follow, max-snippet:-1, max-image-preview:large, max-video-preview:-1\" \/>\n<link rel=\"canonical\" href=\"https:\/\/kibrisdakik.com\/?p=78118\" \/>\n<meta property=\"og:locale\" content=\"tr_TR\" \/>\n<meta property=\"og:type\" content=\"article\" \/>\n<meta property=\"og:title\" content=\"Gayriresmi K\u0131br\u0131s Konferans\u0131 ba\u015flad\u0131 -\" \/>\n<meta property=\"og:description\" content=\"Birle\u015fmi\u015f Milletler (BM) Genel Sekreteri Antonio Guterres himayesinde Cenevre\u2019de d\u00fczenlenen geni\u015fletilmi\u015f formatl\u0131 gayriresmi K\u0131br\u0131s konferans\u0131 ba\u015flad\u0131. Konferans \u00f6ncesinde aile foto\u011fraf\u0131 \u00e7ekildi ve\u00a0bas\u0131na konferans salonundan g\u00f6r\u00fcnt\u00fc alma olana\u011f\u0131 da verildi. BM Cenevre Ofisi Palais des Nations, AC Binas\u0131\u00a0Salle III numaral\u0131 odada yer alan konferansa, BM Genel Sekreteri Antonio Guterres, Cumhurba\u015fkan\u0131 Ersin Tatar, K\u0131br\u0131sl\u0131 Rum lider Nikos\" \/>\n<meta property=\"og:url\" content=\"https:\/\/kibrisdakik.com\/?p=78118\" \/>\n<meta property=\"article:published_time\" content=\"2025-03-18T11:38:15+00:00\" \/>\n<meta property=\"og:image\" content=\"https:\/\/kibrisdakik.com\/wp-content\/uploads\/2025\/03\/KIBRISKONF-740x420.jpeg\" \/>\n\t<meta property=\"og:image:width\" content=\"929\" \/>\n\t<meta property=\"og:image:height\" content=\"443\" \/>\n\t<meta property=\"og:image:type\" content=\"image\/jpeg\" \/>\n<meta name=\"author\" content=\"admin\" \/>\n<meta name=\"twitter:card\" content=\"summary_large_image\" \/>\n<meta name=\"twitter:label1\" content=\"Yazan:\" \/>\n\t<meta name=\"twitter:data1\" content=\"admin\" \/>\n\t<meta name=\"twitter:label2\" content=\"Tahmini okuma s\u00fcresi\" \/>\n\t<meta name=\"twitter:data2\" content=\"1 dakika\" \/>\n<script type=\"application\/ld+json\" class=\"yoast-schema-graph\">{\"@context\":\"https:\\\/\\\/schema.org\",\"@graph\":[{\"@type\":\"Article\",\"@id\":\"https:\\\/\\\/kibrisdakik.com\\\/?p=78118#article\",\"isPartOf\":{\"@id\":\"https:\\\/\\\/kibrisdakik.com\\\/?p=78118\"},\"author\":{\"name\":\"admin\",\"@id\":\"https:\\\/\\\/kibrisdakik.com\\\/#\\\/schema\\\/person\\\/9cd9d437bbb44f72b73ba127e06d8e79\"},\"headline\":\"Gayriresmi K\u0131br\u0131s Konferans\u0131 ba\u015flad\u0131\",\"datePublished\":\"2025-03-18T11:38:15+00:00\",\"mainEntityOfPage\":{\"@id\":\"https:\\\/\\\/kibrisdakik.com\\\/?p=78118\"},\"wordCount\":203,\"commentCount\":0,\"image\":{\"@id\":\"https:\\\/\\\/kibrisdakik.com\\\/?p=78118#primaryimage\"},\"thumbnailUrl\":\"https:\\\/\\\/kibrisdakik.com\\\/wp-content\\\/uploads\\\/2025\\\/03\\\/KIBRISKONF-740x420.jpeg\",\"articleSection\":[\"K\u0131br\u0131s\",\"Man\u015fet\"],\"inLanguage\":\"tr\",\"potentialAction\":[{\"@type\":\"CommentAction\",\"name\":\"Comment\",\"target\":[\"https:\\\/\\\/kibrisdakik.com\\\/?p=78118#respond\"]}]},{\"@type\":\"WebPage\",\"@id\":\"https:\\\/\\\/kibrisdakik.com\\\/?p=78118\",\"url\":\"https:\\\/\\\/kibrisdakik.com\\\/?p=78118\",\"name\":\"Gayriresmi K\u0131br\u0131s Konferans\u0131 ba\u015flad\u0131 -\",\"isPartOf\":{\"@id\":\"https:\\\/\\\/kibrisdakik.com\\\/#website\"},\"primaryImageOfPage\":{\"@id\":\"https:\\\/\\\/kibrisdakik.com\\\/?p=78118#primaryimage\"},\"image\":{\"@id\":\"https:\\\/\\\/kibrisdakik.com\\\/?p=78118#primaryimage\"},\"thumbnailUrl\":\"https:\\\/\\\/kibrisdakik.com\\\/wp-content\\\/uploads\\\/2025\\\/03\\\/KIBRISKONF-740x420.jpeg\",\"datePublished\":\"2025-03-18T11:38:15+00:00\",\"author\":{\"@id\":\"https:\\\/\\\/kibrisdakik.com\\\/#\\\/schema\\\/person\\\/9cd9d437bbb44f72b73ba127e06d8e79\"},\"breadcrumb\":{\"@id\":\"https:\\\/\\\/kibrisdakik.com\\\/?p=78118#breadcrumb\"},\"inLanguage\":\"tr\",\"potentialAction\":[{\"@type\":\"ReadAction\",\"target\":[\"https:\\\/\\\/kibrisdakik.com\\\/?p=78118\"]}]},{\"@type\":\"ImageObject\",\"inLanguage\":\"tr\",\"@id\":\"https:\\\/\\\/kibrisdakik.com\\\/?p=78118#primaryimage\",\"url\":\"https:\\\/\\\/kibrisdakik.com\\\/wp-content\\\/uploads\\\/2025\\\/03\\\/KIBRISKONF-740x420.jpeg\",\"contentUrl\":\"https:\\\/\\\/kibrisdakik.com\\\/wp-content\\\/uploads\\\/2025\\\/03\\\/KIBRISKONF-740x420.jpeg\",\"width\":929,\"height\":443},{\"@type\":\"BreadcrumbList\",\"@id\":\"https:\\\/\\\/kibrisdakik.com\\\/?p=78118#breadcrumb\",\"itemListElement\":[{\"@type\":\"ListItem\",\"position\":1,\"name\":\"Home\",\"item\":\"https:\\\/\\\/kibrisdakik.com\\\/\"},{\"@type\":\"ListItem\",\"position\":2,\"name\":\"Gayriresmi K\u0131br\u0131s Konferans\u0131 ba\u015flad\u0131\"}]},{\"@type\":\"WebSite\",\"@id\":\"https:\\\/\\\/kibrisdakik.com\\\/#website\",\"url\":\"https:\\\/\\\/kibrisdakik.com\\\/\",\"name\":\"\",\"description\":\"Tam vaktinde haber\",\"potentialAction\":[{\"@type\":\"SearchAction\",\"target\":{\"@type\":\"EntryPoint\",\"urlTemplate\":\"https:\\\/\\\/kibrisdakik.com\\\/?s={search_term_string}\"},\"query-input\":{\"@type\":\"PropertyValueSpecification\",\"valueRequired\":true,\"valueName\":\"search_term_string\"}}],\"inLanguage\":\"tr\"},{\"@type\":\"Person\",\"@id\":\"https:\\\/\\\/kibrisdakik.com\\\/#\\\/schema\\\/person\\\/9cd9d437bbb44f72b73ba127e06d8e79\",\"name\":\"admin\",\"image\":{\"@type\":\"ImageObject\",\"inLanguage\":\"tr\",\"@id\":\"https:\\\/\\\/secure.gravatar.com\\\/avatar\\\/ccc17943b9d660506c869530f897617f7cb1c21a4bf30023f252596d83e1f007?s=96&d=mm&r=g\",\"url\":\"https:\\\/\\\/secure.gravatar.com\\\/avatar\\\/ccc17943b9d660506c869530f897617f7cb1c21a4bf30023f252596d83e1f007?s=96&d=mm&r=g\",\"contentUrl\":\"https:\\\/\\\/secure.gravatar.com\\\/avatar\\\/ccc17943b9d660506c869530f897617f7cb1c21a4bf30023f252596d83e1f007?s=96&d=mm&r=g\",\"caption\":\"admin\"},\"sameAs\":[\"https:\\\/\\\/kibrisdakik.com\"],\"url\":\"https:\\\/\\\/kibrisdakik.com\\\/?author=1\"}]}<\/script>\n<!-- \/ Yoast SEO plugin. -->","yoast_head_json":{"title":"Gayriresmi K\u0131br\u0131s Konferans\u0131 ba\u015flad\u0131 -","robots":{"index":"index","follow":"follow","max-snippet":"max-snippet:-1","max-image-preview":"max-image-preview:large","max-video-preview":"max-video-preview:-1"},"canonical":"https:\/\/kibrisdakik.com\/?p=78118","og_locale":"tr_TR","og_type":"article","og_title":"Gayriresmi K\u0131br\u0131s Konferans\u0131 ba\u015flad\u0131 -","og_description":"Birle\u015fmi\u015f Milletler (BM) Genel Sekreteri Antonio Guterres himayesinde Cenevre\u2019de d\u00fczenlenen geni\u015fletilmi\u015f formatl\u0131 gayriresmi K\u0131br\u0131s konferans\u0131 ba\u015flad\u0131. Konferans \u00f6ncesinde aile foto\u011fraf\u0131 \u00e7ekildi ve\u00a0bas\u0131na konferans salonundan g\u00f6r\u00fcnt\u00fc alma olana\u011f\u0131 da verildi. BM Cenevre Ofisi Palais des Nations, AC Binas\u0131\u00a0Salle III numaral\u0131 odada yer alan konferansa, BM Genel Sekreteri Antonio Guterres, Cumhurba\u015fkan\u0131 Ersin Tatar, K\u0131br\u0131sl\u0131 Rum lider Nikos","og_url":"https:\/\/kibrisdakik.com\/?p=78118","article_published_time":"2025-03-18T11:38:15+00:00","og_image":[{"width":929,"height":443,"url":"https:\/\/kibrisdakik.com\/wp-content\/uploads\/2025\/03\/KIBRISKONF-740x420.jpeg","type":"image\/jpeg"}],"author":"admin","twitter_card":"summary_large_image","twitter_misc":{"Yazan:":"admin","Tahmini okuma s\u00fcresi":"1 dakika"},"schema":{"@context":"https:\/\/schema.org","@graph":[{"@type":"Article","@id":"https:\/\/kibrisdakik.com\/?p=78118#article","isPartOf":{"@id":"https:\/\/kibrisdakik.com\/?p=78118"},"author":{"name":"admin","@id":"https:\/\/kibrisdakik.com\/#\/schema\/person\/9cd9d437bbb44f72b73ba127e06d8e79"},"headline":"Gayriresmi K\u0131br\u0131s Konferans\u0131 ba\u015flad\u0131","datePublished":"2025-03-18T11:38:15+00:00","mainEntityOfPage":{"@id":"https:\/\/kibrisdakik.com\/?p=78118"},"wordCount":203,"commentCount":0,"image":{"@id":"https:\/\/kibrisdakik.com\/?p=78118#primaryimage"},"thumbnailUrl":"https:\/\/kibrisdakik.com\/wp-content\/uploads\/2025\/03\/KIBRISKONF-740x420.jpeg","articleSection":["K\u0131br\u0131s","Man\u015fet"],"inLanguage":"tr","potentialAction":[{"@type":"CommentAction","name":"Comment","target":["https:\/\/kibrisdakik.com\/?p=78118#respond"]}]},{"@type":"WebPage","@id":"https:\/\/kibrisdakik.com\/?p=78118","url":"https:\/\/kibrisdakik.com\/?p=78118","name":"Gayriresmi K\u0131br\u0131s Konferans\u0131 ba\u015flad\u0131 -","isPartOf":{"@id":"https:\/\/kibrisdakik.com\/#website"},"primaryImageOfPage":{"@id":"https:\/\/kibrisdakik.com\/?p=78118#primaryimage"},"image":{"@id":"https:\/\/kibrisdakik.com\/?p=78118#primaryimage"},"thumbnailUrl":"https:\/\/kibrisdakik.com\/wp-content\/uploads\/2025\/03\/KIBRISKONF-740x420.jpeg","datePublished":"2025-03-18T11:38:15+00:00","author":{"@id":"https:\/\/kibrisdakik.com\/#\/schema\/person\/9cd9d437bbb44f72b73ba127e06d8e79"},"breadcrumb":{"@id":"https:\/\/kibrisdakik.com\/?p=78118#breadcrumb"},"inLanguage":"tr","potentialAction":[{"@type":"ReadAction","target":["https:\/\/kibrisdakik.com\/?p=78118"]}]},{"@type":"ImageObject","inLanguage":"tr","@id":"https:\/\/kibrisdakik.com\/?p=78118#primaryimage","url":"https:\/\/kibrisdakik.com\/wp-content\/uploads\/2025\/03\/KIBRISKONF-740x420.jpeg","contentUrl":"https:\/\/kibrisdakik.com\/wp-content\/uploads\/2025\/03\/KIBRISKONF-740x420.jpeg","width":929,"height":443},{"@type":"BreadcrumbList","@id":"https:\/\/kibrisdakik.com\/?p=78118#breadcrumb","itemListElement":[{"@type":"ListItem","position":1,"name":"Home","item":"https:\/\/kibrisdakik.com\/"},{"@type":"ListItem","position":2,"name":"Gayriresmi K\u0131br\u0131s Konferans\u0131 ba\u015flad\u0131"}]},{"@type":"WebSite","@id":"https:\/\/kibrisdakik.com\/#website","url":"https:\/\/kibrisdakik.com\/","name":"","description":"Tam vaktinde haber","potentialAction":[{"@type":"SearchAction","target":{"@type":"EntryPoint","urlTemplate":"https:\/\/kibrisdakik.com\/?s={search_term_string}"},"query-input":{"@type":"PropertyValueSpecification","valueRequired":true,"valueName":"search_term_string"}}],"inLanguage":"tr"},{"@type":"Person","@id":"https:\/\/kibrisdakik.com\/#\/schema\/person\/9cd9d437bbb44f72b73ba127e06d8e79","name":"admin","image":{"@type":"ImageObject","inLanguage":"tr","@id":"https:\/\/secure.gravatar.com\/avatar\/ccc17943b9d660506c869530f897617f7cb1c21a4bf30023f252596d83e1f007?s=96&d=mm&r=g","url":"https:\/\/secure.gravatar.com\/avatar\/ccc17943b9d660506c869530f897617f7cb1c21a4bf30023f252596d83e1f007?s=96&d=mm&r=g","contentUrl":"https:\/\/secure.gravatar.com\/avatar\/ccc17943b9d660506c869530f897617f7cb1c21a4bf30023f252596d83e1f007?s=96&d=mm&r=g","caption":"admin"},"sameAs":["https:\/\/kibrisdakik.com"],"url":"https:\/\/kibrisdakik.com\/?author=1"}]}},"_links":{"self":[{"href":"https:\/\/kibrisdakik.com\/index.php?rest_route=\/wp\/v2\/posts\/78118","targetHints":{"allow":["GET"]}}],"collection":[{"href":"https:\/\/kibrisdakik.com\/index.php?rest_route=\/wp\/v2\/posts"}],"about":[{"href":"https:\/\/kibrisdakik.com\/index.php?rest_route=\/wp\/v2\/types\/post"}],"author":[{"embeddable":true,"href":"https:\/\/kibrisdakik.com\/index.php?rest_route=\/wp\/v2\/users\/1"}],"replies":[{"embeddable":true,"href":"https:\/\/kibrisdakik.com\/index.php?rest_route=%2Fwp%2Fv2%2Fcomments&post=78118"}],"version-history":[{"count":0,"href":"https:\/\/kibrisdakik.com\/index.php?rest_route=\/wp\/v2\/posts\/78118\/revisions"}],"wp:featuredmedia":[{"embeddable":true,"href":"https:\/\/kibrisdakik.com\/index.php?rest_route=\/wp\/v2\/media\/78119"}],"wp:attachment":[{"href":"https:\/\/kibrisdakik.com\/index.php?rest_route=%2Fwp%2Fv2%2Fmedia&parent=78118"}],"wp:term":[{"taxonomy":"category","embeddable":true,"href":"https:\/\/kibrisdakik.com\/index.php?rest_route=%2Fwp%2Fv2%2Fcategories&post=78118"},{"taxonomy":"post_tag","embeddable":true,"href":"https:\/\/kibrisdakik.com\/index.php?rest_route=%2Fwp%2Fv2%2Ftags&post=78118"}],"curies":[{"name":"wp","href":"https:\/\/api.w.org\/{rel}","templated":true}]}}