{"id":78120,"date":"2025-03-18T14:42:39","date_gmt":"2025-03-18T11:42:39","guid":{"rendered":"https:\/\/kibrisdakik.com\/index.php\/2025\/03\/18\/basbakanin-esi-zerrin-ustel-bulent-ecevit-rehabilitasyon-merkezini-ziyaret-etti\/"},"modified":"2025-03-18T14:42:39","modified_gmt":"2025-03-18T11:42:39","slug":"basbakanin-esi-zerrin-ustel-bulent-ecevit-rehabilitasyon-merkezini-ziyaret-etti","status":"publish","type":"post","link":"https:\/\/kibrisdakik.com\/?p=78120","title":{"rendered":"Ba\u015fbakan\u2019\u0131n e\u015fi Zerrin \u00dcstel, B\u00fclent Ecevit Rehabilitasyon Merkezi\u2019ni ziyaret etti"},"content":{"rendered":"<div>\n<div class=\"mariselle-image-container none\">\n                                            <\/div>\n<p>Ba\u015fbakan \u00dcnal \u00dcstel\u2019in e\u015fi Zerrin \u00dcstel, Ya\u015fl\u0131lara Sayg\u0131 Haftas\u0131 dolay\u0131s\u0131yla B\u00fclent Ecevit Rehabilitasyon Merkezi\u2019ni ziyaret etti.\u00a0 \u00a0<\/p>\n<p>\u00dcstel\u2019e ziyarette Sa\u011fl\u0131k Bakan\u0131 Hakan Din\u00e7y\u00fcrek de e\u015flik ederek, merkez hakk\u0131nda bilgi verdi.<\/p>\n<p>Yatakl\u0131 Tedavi Kurumlar\u0131 Dairesi M\u00fcd\u00fcr\u00fc Adil \u00d6zy\u0131lkan ve Yatakl\u0131 Tedavi Kurumlar\u0131 Ba\u015fhekimi Dr. Nil Erg\u00fcn Eleda\u011f\u2019\u0131n da haz\u0131r bulundu\u011fu ziyarette, Bakanl\u0131k \u00e7al\u0131\u015fan\u0131 Do\u011fan Baybora ya\u015fl\u0131lara m\u00fczik dinletisi sundu. \u00a0<\/p>\n<p>-Zerrin \u00dcstel: \u201c\u00dclkede ya\u015fl\u0131lara verilen de\u011fer \u00e7ocuklara \u00f6rnek bir davran\u0131\u015f\u201d<\/p>\n<p>\u00dcstel ziyarette k\u0131sa bir de a\u00e7\u0131klama yaparak, b\u00f6ylesi \u00f6zel bir g\u00fcnde ya\u015fl\u0131larla birlikte olmaktan duydu\u011fu memnuniyeti dile getirdi.<\/p>\n<p>Konu\u015fmas\u0131nda, \u201cYa\u015fl\u0131lar\u0131m\u0131z, b\u00fcy\u00fcklerimiz bizim i\u00e7in \u00e7ok k\u0131ymetlidir.\u201d diyen \u00dcstel, \u00fclkede ya\u015fl\u0131lara verilen de\u011ferin \u00e7ocuklara \u00f6rnek bir davran\u0131\u015f oldu\u011funu kaydetti.<\/p>\n<p>Zerrin \u00dcstel, \u201cBiz onlar\u0131n sayesinde bug\u00fcnlere gelebildik, b\u00fcy\u00fcd\u00fck.\u201d diyerek, her zaman ya\u015fl\u0131lar\u0131n yan\u0131nda olduklar\u0131n\u0131 da vurgulad\u0131.<\/p>\n<p>Konu\u015fmas\u0131n\u0131n sonunda ya\u015fl\u0131larla yak\u0131ndan ilgilenen Merkez\u2019deki doktor ve sa\u011fl\u0131k emek\u00e7ilerine te\u015fekk\u00fcr eden \u00dcstel, Merkez\u2019deki ya\u015fl\u0131larla sohbet ederek, onlar\u0131n Ya\u015fl\u0131lar Haftas\u0131\u2019n\u0131 kutlad\u0131.<\/p>\n<p>-Din\u00e7y\u00fcrek: \u201cBir toplum ya\u015fl\u0131lar\u0131na verdi\u011fi de\u011fer kadar geli\u015fmi\u015ftir\u201d<\/p>\n<p>Sa\u011fl\u0131k Bakan\u0131 Hakan Din\u00e7y\u00fcrek de konu\u015fmas\u0131nda ya\u015fl\u0131lar\u0131n her zaman yan\u0131nda olduklar\u0131n\u0131 vurgulad\u0131; 18-24 Mart Ya\u015fl\u0131lara Sayg\u0131 Haftas\u0131 kapsam\u0131nda Zerrin \u00dcstel\u2019in himayesinde B\u00fclent Ecevit Rehabilitasyon Merkezi\u2019nde d\u00fczenlenen bu etkinlikte yer almaktan duydu\u011fu memnuniyeti belirtti.<\/p>\n<p>Ama\u00e7lar\u0131n\u0131n sadece ya\u015fl\u0131lar\u0131 ziyaret etmek olmad\u0131\u011f\u0131n\u0131 i\u015faret eden Din\u00e7y\u00fcrek, kamuoyunda bir bilin\u00e7 yaratmak istediklerini de dile getirdi.<\/p>\n<p>Din\u00e7y\u00fcrek, toplumun k\u00f6kleri, ge\u00e7mi\u015fi olan, gelece\u011fe \u00fcmit ba\u011flanan gen\u00e7leri yeti\u015ftiren ya\u015fl\u0131lar\u0131n her zaman yanlar\u0131nda olduklar\u0131n\u0131 s\u00f6yleyerek, bir toplumun ya\u015fl\u0131lar\u0131na verdi\u011fi de\u011fer kadar geli\u015fmi\u015f bir \u00fclke oldu\u011funu kaydetti.<\/p>\n<p>Konu\u015fmas\u0131n\u0131n sonunda etkinli\u011fi d\u00fczenleyen ba\u015fta Zerrin \u00dcstel olmak \u00fczere t\u00fcm doktor ve sa\u011fl\u0131k \u00e7al\u0131\u015fanlar\u0131na te\u015fekk\u00fcr eden Din\u00e7y\u00fcrek, t\u00fcm ya\u015fl\u0131lar\u0131n Ya\u015fl\u0131lar Haftas\u0131\u2019n\u0131 kutlad\u0131.<\/p>\n<\/p><\/div>\n<p><script async\n                    defer\n                    crossorigin=\"anonymous\"\n                    src=\"https:\/\/connect.facebook.net\/tr_TR\/sdk.js#xfbml=1&#038;version=v3.3\"\n            ><\/script><\/p>\n","protected":false},"excerpt":{"rendered":"<p>Ba\u015fbakan \u00dcnal \u00dcstel\u2019in e\u015fi Zerrin \u00dcstel, Ya\u015fl\u0131lara Sayg\u0131 Haftas\u0131 dolay\u0131s\u0131yla B\u00fclent Ecevit Rehabilitasyon Merkezi\u2019ni ziyaret etti.\u00a0 \u00a0 \u00dcstel\u2019e ziyarette Sa\u011fl\u0131k Bakan\u0131 Hakan Din\u00e7y\u00fcrek de e\u015flik ederek, merkez hakk\u0131nda bilgi verdi. Yatakl\u0131 Tedavi Kurumlar\u0131 Dairesi M\u00fcd\u00fcr\u00fc Adil \u00d6zy\u0131lkan ve Yatakl\u0131 Tedavi Kurumlar\u0131 Ba\u015fhekimi Dr. Nil Erg\u00fcn Eleda\u011f\u2019\u0131n da haz\u0131r bulundu\u011fu ziyarette, Bakanl\u0131k \u00e7al\u0131\u015fan\u0131 Do\u011fan Baybora ya\u015fl\u0131lara<\/p>\n","protected":false},"author":1,"featured_media":78121,"comment_status":"open","ping_status":"open","sticky":false,"template":"","format":"standard","meta":{"footnotes":""},"categories":[81,101],"tags":[],"class_list":["post-78120","post","type-post","status-publish","format-standard","has-post-thumbnail","hentry","category-kibris","category-manset"],"yoast_head":"<!-- This site is optimized with the Yoast SEO plugin v27.4 - https:\/\/yoast.com\/product\/yoast-seo-wordpress\/ -->\n<title>Ba\u015fbakan\u2019\u0131n e\u015fi Zerrin \u00dcstel, B\u00fclent Ecevit Rehabilitasyon Merkezi\u2019ni ziyaret etti -<\/title>\n<meta name=\"robots\" content=\"index, follow, max-snippet:-1, max-image-preview:large, max-video-preview:-1\" \/>\n<link rel=\"canonical\" href=\"https:\/\/kibrisdakik.com\/?p=78120\" \/>\n<meta property=\"og:locale\" content=\"tr_TR\" \/>\n<meta property=\"og:type\" content=\"article\" \/>\n<meta property=\"og:title\" content=\"Ba\u015fbakan\u2019\u0131n e\u015fi Zerrin \u00dcstel, B\u00fclent Ecevit Rehabilitasyon Merkezi\u2019ni ziyaret etti -\" \/>\n<meta property=\"og:description\" content=\"Ba\u015fbakan \u00dcnal \u00dcstel\u2019in e\u015fi Zerrin \u00dcstel, Ya\u015fl\u0131lara Sayg\u0131 Haftas\u0131 dolay\u0131s\u0131yla B\u00fclent Ecevit Rehabilitasyon Merkezi\u2019ni ziyaret etti.\u00a0 \u00a0 \u00dcstel\u2019e ziyarette Sa\u011fl\u0131k Bakan\u0131 Hakan Din\u00e7y\u00fcrek de e\u015flik ederek, merkez hakk\u0131nda bilgi verdi. Yatakl\u0131 Tedavi Kurumlar\u0131 Dairesi M\u00fcd\u00fcr\u00fc Adil \u00d6zy\u0131lkan ve Yatakl\u0131 Tedavi Kurumlar\u0131 Ba\u015fhekimi Dr. Nil Erg\u00fcn Eleda\u011f\u2019\u0131n da haz\u0131r bulundu\u011fu ziyarette, Bakanl\u0131k \u00e7al\u0131\u015fan\u0131 Do\u011fan Baybora ya\u015fl\u0131lara\" \/>\n<meta property=\"og:url\" content=\"https:\/\/kibrisdakik.com\/?p=78120\" \/>\n<meta property=\"article:published_time\" content=\"2025-03-18T11:42:39+00:00\" \/>\n<meta property=\"og:image\" content=\"https:\/\/kibrisdakik.com\/wp-content\/uploads\/2025\/03\/ZERRIN-USTEL-BULENT-ECEVIT-REHABILITASYON-MERKEZINI-ZIYARET-ERO-3-740x420.jpeg\" \/>\n\t<meta property=\"og:image:width\" content=\"928\" \/>\n\t<meta property=\"og:image:height\" content=\"506\" \/>\n\t<meta property=\"og:image:type\" content=\"image\/jpeg\" \/>\n<meta name=\"author\" content=\"admin\" \/>\n<meta name=\"twitter:card\" content=\"summary_large_image\" \/>\n<meta name=\"twitter:label1\" content=\"Yazan:\" \/>\n\t<meta name=\"twitter:data1\" content=\"admin\" \/>\n\t<meta name=\"twitter:label2\" content=\"Tahmini okuma s\u00fcresi\" \/>\n\t<meta name=\"twitter:data2\" content=\"2 dakika\" \/>\n<script type=\"application\/ld+json\" class=\"yoast-schema-graph\">{\"@context\":\"https:\\\/\\\/schema.org\",\"@graph\":[{\"@type\":\"Article\",\"@id\":\"https:\\\/\\\/kibrisdakik.com\\\/?p=78120#article\",\"isPartOf\":{\"@id\":\"https:\\\/\\\/kibrisdakik.com\\\/?p=78120\"},\"author\":{\"name\":\"admin\",\"@id\":\"https:\\\/\\\/kibrisdakik.com\\\/#\\\/schema\\\/person\\\/9cd9d437bbb44f72b73ba127e06d8e79\"},\"headline\":\"Ba\u015fbakan\u2019\u0131n e\u015fi Zerrin \u00dcstel, B\u00fclent Ecevit Rehabilitasyon Merkezi\u2019ni ziyaret etti\",\"datePublished\":\"2025-03-18T11:42:39+00:00\",\"mainEntityOfPage\":{\"@id\":\"https:\\\/\\\/kibrisdakik.com\\\/?p=78120\"},\"wordCount\":427,\"commentCount\":0,\"image\":{\"@id\":\"https:\\\/\\\/kibrisdakik.com\\\/?p=78120#primaryimage\"},\"thumbnailUrl\":\"https:\\\/\\\/kibrisdakik.com\\\/wp-content\\\/uploads\\\/2025\\\/03\\\/ZERRIN-USTEL-BULENT-ECEVIT-REHABILITASYON-MERKEZINI-ZIYARET-ERO-3-740x420.jpeg\",\"articleSection\":[\"K\u0131br\u0131s\",\"Man\u015fet\"],\"inLanguage\":\"tr\",\"potentialAction\":[{\"@type\":\"CommentAction\",\"name\":\"Comment\",\"target\":[\"https:\\\/\\\/kibrisdakik.com\\\/?p=78120#respond\"]}]},{\"@type\":\"WebPage\",\"@id\":\"https:\\\/\\\/kibrisdakik.com\\\/?p=78120\",\"url\":\"https:\\\/\\\/kibrisdakik.com\\\/?p=78120\",\"name\":\"Ba\u015fbakan\u2019\u0131n e\u015fi Zerrin \u00dcstel, B\u00fclent Ecevit Rehabilitasyon Merkezi\u2019ni ziyaret etti -\",\"isPartOf\":{\"@id\":\"https:\\\/\\\/kibrisdakik.com\\\/#website\"},\"primaryImageOfPage\":{\"@id\":\"https:\\\/\\\/kibrisdakik.com\\\/?p=78120#primaryimage\"},\"image\":{\"@id\":\"https:\\\/\\\/kibrisdakik.com\\\/?p=78120#primaryimage\"},\"thumbnailUrl\":\"https:\\\/\\\/kibrisdakik.com\\\/wp-content\\\/uploads\\\/2025\\\/03\\\/ZERRIN-USTEL-BULENT-ECEVIT-REHABILITASYON-MERKEZINI-ZIYARET-ERO-3-740x420.jpeg\",\"datePublished\":\"2025-03-18T11:42:39+00:00\",\"author\":{\"@id\":\"https:\\\/\\\/kibrisdakik.com\\\/#\\\/schema\\\/person\\\/9cd9d437bbb44f72b73ba127e06d8e79\"},\"breadcrumb\":{\"@id\":\"https:\\\/\\\/kibrisdakik.com\\\/?p=78120#breadcrumb\"},\"inLanguage\":\"tr\",\"potentialAction\":[{\"@type\":\"ReadAction\",\"target\":[\"https:\\\/\\\/kibrisdakik.com\\\/?p=78120\"]}]},{\"@type\":\"ImageObject\",\"inLanguage\":\"tr\",\"@id\":\"https:\\\/\\\/kibrisdakik.com\\\/?p=78120#primaryimage\",\"url\":\"https:\\\/\\\/kibrisdakik.com\\\/wp-content\\\/uploads\\\/2025\\\/03\\\/ZERRIN-USTEL-BULENT-ECEVIT-REHABILITASYON-MERKEZINI-ZIYARET-ERO-3-740x420.jpeg\",\"contentUrl\":\"https:\\\/\\\/kibrisdakik.com\\\/wp-content\\\/uploads\\\/2025\\\/03\\\/ZERRIN-USTEL-BULENT-ECEVIT-REHABILITASYON-MERKEZINI-ZIYARET-ERO-3-740x420.jpeg\",\"width\":928,\"height\":506},{\"@type\":\"BreadcrumbList\",\"@id\":\"https:\\\/\\\/kibrisdakik.com\\\/?p=78120#breadcrumb\",\"itemListElement\":[{\"@type\":\"ListItem\",\"position\":1,\"name\":\"Home\",\"item\":\"https:\\\/\\\/kibrisdakik.com\\\/\"},{\"@type\":\"ListItem\",\"position\":2,\"name\":\"Ba\u015fbakan\u2019\u0131n e\u015fi Zerrin \u00dcstel, B\u00fclent Ecevit Rehabilitasyon Merkezi\u2019ni ziyaret etti\"}]},{\"@type\":\"WebSite\",\"@id\":\"https:\\\/\\\/kibrisdakik.com\\\/#website\",\"url\":\"https:\\\/\\\/kibrisdakik.com\\\/\",\"name\":\"\",\"description\":\"Tam vaktinde haber\",\"potentialAction\":[{\"@type\":\"SearchAction\",\"target\":{\"@type\":\"EntryPoint\",\"urlTemplate\":\"https:\\\/\\\/kibrisdakik.com\\\/?s={search_term_string}\"},\"query-input\":{\"@type\":\"PropertyValueSpecification\",\"valueRequired\":true,\"valueName\":\"search_term_string\"}}],\"inLanguage\":\"tr\"},{\"@type\":\"Person\",\"@id\":\"https:\\\/\\\/kibrisdakik.com\\\/#\\\/schema\\\/person\\\/9cd9d437bbb44f72b73ba127e06d8e79\",\"name\":\"admin\",\"image\":{\"@type\":\"ImageObject\",\"inLanguage\":\"tr\",\"@id\":\"https:\\\/\\\/secure.gravatar.com\\\/avatar\\\/ccc17943b9d660506c869530f897617f7cb1c21a4bf30023f252596d83e1f007?s=96&d=mm&r=g\",\"url\":\"https:\\\/\\\/secure.gravatar.com\\\/avatar\\\/ccc17943b9d660506c869530f897617f7cb1c21a4bf30023f252596d83e1f007?s=96&d=mm&r=g\",\"contentUrl\":\"https:\\\/\\\/secure.gravatar.com\\\/avatar\\\/ccc17943b9d660506c869530f897617f7cb1c21a4bf30023f252596d83e1f007?s=96&d=mm&r=g\",\"caption\":\"admin\"},\"sameAs\":[\"https:\\\/\\\/kibrisdakik.com\"],\"url\":\"https:\\\/\\\/kibrisdakik.com\\\/?author=1\"}]}<\/script>\n<!-- \/ Yoast SEO plugin. -->","yoast_head_json":{"title":"Ba\u015fbakan\u2019\u0131n e\u015fi Zerrin \u00dcstel, B\u00fclent Ecevit Rehabilitasyon Merkezi\u2019ni ziyaret etti -","robots":{"index":"index","follow":"follow","max-snippet":"max-snippet:-1","max-image-preview":"max-image-preview:large","max-video-preview":"max-video-preview:-1"},"canonical":"https:\/\/kibrisdakik.com\/?p=78120","og_locale":"tr_TR","og_type":"article","og_title":"Ba\u015fbakan\u2019\u0131n e\u015fi Zerrin \u00dcstel, B\u00fclent Ecevit Rehabilitasyon Merkezi\u2019ni ziyaret etti -","og_description":"Ba\u015fbakan \u00dcnal \u00dcstel\u2019in e\u015fi Zerrin \u00dcstel, Ya\u015fl\u0131lara Sayg\u0131 Haftas\u0131 dolay\u0131s\u0131yla B\u00fclent Ecevit Rehabilitasyon Merkezi\u2019ni ziyaret etti.\u00a0 \u00a0 \u00dcstel\u2019e ziyarette Sa\u011fl\u0131k Bakan\u0131 Hakan Din\u00e7y\u00fcrek de e\u015flik ederek, merkez hakk\u0131nda bilgi verdi. Yatakl\u0131 Tedavi Kurumlar\u0131 Dairesi M\u00fcd\u00fcr\u00fc Adil \u00d6zy\u0131lkan ve Yatakl\u0131 Tedavi Kurumlar\u0131 Ba\u015fhekimi Dr. Nil Erg\u00fcn Eleda\u011f\u2019\u0131n da haz\u0131r bulundu\u011fu ziyarette, Bakanl\u0131k \u00e7al\u0131\u015fan\u0131 Do\u011fan Baybora ya\u015fl\u0131lara","og_url":"https:\/\/kibrisdakik.com\/?p=78120","article_published_time":"2025-03-18T11:42:39+00:00","og_image":[{"width":928,"height":506,"url":"https:\/\/kibrisdakik.com\/wp-content\/uploads\/2025\/03\/ZERRIN-USTEL-BULENT-ECEVIT-REHABILITASYON-MERKEZINI-ZIYARET-ERO-3-740x420.jpeg","type":"image\/jpeg"}],"author":"admin","twitter_card":"summary_large_image","twitter_misc":{"Yazan:":"admin","Tahmini okuma s\u00fcresi":"2 dakika"},"schema":{"@context":"https:\/\/schema.org","@graph":[{"@type":"Article","@id":"https:\/\/kibrisdakik.com\/?p=78120#article","isPartOf":{"@id":"https:\/\/kibrisdakik.com\/?p=78120"},"author":{"name":"admin","@id":"https:\/\/kibrisdakik.com\/#\/schema\/person\/9cd9d437bbb44f72b73ba127e06d8e79"},"headline":"Ba\u015fbakan\u2019\u0131n e\u015fi Zerrin \u00dcstel, B\u00fclent Ecevit Rehabilitasyon Merkezi\u2019ni ziyaret etti","datePublished":"2025-03-18T11:42:39+00:00","mainEntityOfPage":{"@id":"https:\/\/kibrisdakik.com\/?p=78120"},"wordCount":427,"commentCount":0,"image":{"@id":"https:\/\/kibrisdakik.com\/?p=78120#primaryimage"},"thumbnailUrl":"https:\/\/kibrisdakik.com\/wp-content\/uploads\/2025\/03\/ZERRIN-USTEL-BULENT-ECEVIT-REHABILITASYON-MERKEZINI-ZIYARET-ERO-3-740x420.jpeg","articleSection":["K\u0131br\u0131s","Man\u015fet"],"inLanguage":"tr","potentialAction":[{"@type":"CommentAction","name":"Comment","target":["https:\/\/kibrisdakik.com\/?p=78120#respond"]}]},{"@type":"WebPage","@id":"https:\/\/kibrisdakik.com\/?p=78120","url":"https:\/\/kibrisdakik.com\/?p=78120","name":"Ba\u015fbakan\u2019\u0131n e\u015fi Zerrin \u00dcstel, B\u00fclent Ecevit Rehabilitasyon Merkezi\u2019ni ziyaret etti -","isPartOf":{"@id":"https:\/\/kibrisdakik.com\/#website"},"primaryImageOfPage":{"@id":"https:\/\/kibrisdakik.com\/?p=78120#primaryimage"},"image":{"@id":"https:\/\/kibrisdakik.com\/?p=78120#primaryimage"},"thumbnailUrl":"https:\/\/kibrisdakik.com\/wp-content\/uploads\/2025\/03\/ZERRIN-USTEL-BULENT-ECEVIT-REHABILITASYON-MERKEZINI-ZIYARET-ERO-3-740x420.jpeg","datePublished":"2025-03-18T11:42:39+00:00","author":{"@id":"https:\/\/kibrisdakik.com\/#\/schema\/person\/9cd9d437bbb44f72b73ba127e06d8e79"},"breadcrumb":{"@id":"https:\/\/kibrisdakik.com\/?p=78120#breadcrumb"},"inLanguage":"tr","potentialAction":[{"@type":"ReadAction","target":["https:\/\/kibrisdakik.com\/?p=78120"]}]},{"@type":"ImageObject","inLanguage":"tr","@id":"https:\/\/kibrisdakik.com\/?p=78120#primaryimage","url":"https:\/\/kibrisdakik.com\/wp-content\/uploads\/2025\/03\/ZERRIN-USTEL-BULENT-ECEVIT-REHABILITASYON-MERKEZINI-ZIYARET-ERO-3-740x420.jpeg","contentUrl":"https:\/\/kibrisdakik.com\/wp-content\/uploads\/2025\/03\/ZERRIN-USTEL-BULENT-ECEVIT-REHABILITASYON-MERKEZINI-ZIYARET-ERO-3-740x420.jpeg","width":928,"height":506},{"@type":"BreadcrumbList","@id":"https:\/\/kibrisdakik.com\/?p=78120#breadcrumb","itemListElement":[{"@type":"ListItem","position":1,"name":"Home","item":"https:\/\/kibrisdakik.com\/"},{"@type":"ListItem","position":2,"name":"Ba\u015fbakan\u2019\u0131n e\u015fi Zerrin \u00dcstel, B\u00fclent Ecevit Rehabilitasyon Merkezi\u2019ni ziyaret etti"}]},{"@type":"WebSite","@id":"https:\/\/kibrisdakik.com\/#website","url":"https:\/\/kibrisdakik.com\/","name":"","description":"Tam vaktinde haber","potentialAction":[{"@type":"SearchAction","target":{"@type":"EntryPoint","urlTemplate":"https:\/\/kibrisdakik.com\/?s={search_term_string}"},"query-input":{"@type":"PropertyValueSpecification","valueRequired":true,"valueName":"search_term_string"}}],"inLanguage":"tr"},{"@type":"Person","@id":"https:\/\/kibrisdakik.com\/#\/schema\/person\/9cd9d437bbb44f72b73ba127e06d8e79","name":"admin","image":{"@type":"ImageObject","inLanguage":"tr","@id":"https:\/\/secure.gravatar.com\/avatar\/ccc17943b9d660506c869530f897617f7cb1c21a4bf30023f252596d83e1f007?s=96&d=mm&r=g","url":"https:\/\/secure.gravatar.com\/avatar\/ccc17943b9d660506c869530f897617f7cb1c21a4bf30023f252596d83e1f007?s=96&d=mm&r=g","contentUrl":"https:\/\/secure.gravatar.com\/avatar\/ccc17943b9d660506c869530f897617f7cb1c21a4bf30023f252596d83e1f007?s=96&d=mm&r=g","caption":"admin"},"sameAs":["https:\/\/kibrisdakik.com"],"url":"https:\/\/kibrisdakik.com\/?author=1"}]}},"_links":{"self":[{"href":"https:\/\/kibrisdakik.com\/index.php?rest_route=\/wp\/v2\/posts\/78120","targetHints":{"allow":["GET"]}}],"collection":[{"href":"https:\/\/kibrisdakik.com\/index.php?rest_route=\/wp\/v2\/posts"}],"about":[{"href":"https:\/\/kibrisdakik.com\/index.php?rest_route=\/wp\/v2\/types\/post"}],"author":[{"embeddable":true,"href":"https:\/\/kibrisdakik.com\/index.php?rest_route=\/wp\/v2\/users\/1"}],"replies":[{"embeddable":true,"href":"https:\/\/kibrisdakik.com\/index.php?rest_route=%2Fwp%2Fv2%2Fcomments&post=78120"}],"version-history":[{"count":0,"href":"https:\/\/kibrisdakik.com\/index.php?rest_route=\/wp\/v2\/posts\/78120\/revisions"}],"wp:featuredmedia":[{"embeddable":true,"href":"https:\/\/kibrisdakik.com\/index.php?rest_route=\/wp\/v2\/media\/78121"}],"wp:attachment":[{"href":"https:\/\/kibrisdakik.com\/index.php?rest_route=%2Fwp%2Fv2%2Fmedia&parent=78120"}],"wp:term":[{"taxonomy":"category","embeddable":true,"href":"https:\/\/kibrisdakik.com\/index.php?rest_route=%2Fwp%2Fv2%2Fcategories&post=78120"},{"taxonomy":"post_tag","embeddable":true,"href":"https:\/\/kibrisdakik.com\/index.php?rest_route=%2Fwp%2Fv2%2Ftags&post=78120"}],"curies":[{"name":"wp","href":"https:\/\/api.w.org\/{rel}","templated":true}]}}