{"id":78148,"date":"2025-03-18T19:10:14","date_gmt":"2025-03-18T16:10:14","guid":{"rendered":"https:\/\/kibrisdakik.com\/index.php\/2025\/03\/18\/idari-komite-saglik-hizmetleri-dairesi-yasa-tasarisini-ele-aldi\/"},"modified":"2025-03-18T19:10:14","modified_gmt":"2025-03-18T16:10:14","slug":"idari-komite-saglik-hizmetleri-dairesi-yasa-tasarisini-ele-aldi","status":"publish","type":"post","link":"https:\/\/kibrisdakik.com\/?p=78148","title":{"rendered":"\u0130dari Komite, Sa\u011fl\u0131k Hizmetleri Dairesi Yasa Tasar\u0131s\u0131\u2019n\u0131 ele ald\u0131"},"content":{"rendered":"<div>\n<div class=\"mariselle-image-container none\">\n                                            <\/div>\n<p>Cumhuriyet Meclisi \u0130dari, Kamu ve Sa\u011fl\u0131k \u0130\u015fleri Komitesi bug\u00fcn Komite Ba\u015fkan\u0131, UBP Milletvekili Sunat Atun ba\u015fkanl\u0131\u011f\u0131nda topland\u0131.<\/p>\n<p>Cumhuriyet Meclisi\u2019nden yap\u0131lan a\u00e7\u0131klamaya g\u00f6re, Komite g\u00fcndeminde bulunan \u201cSa\u011fl\u0131k Hizmetleri Dairesi (Kurulu\u015f, G\u00f6rev ve \u00c7al\u0131\u015fma Esaslar\u0131) Yasa Tasar\u0131s\u0131\u201dn\u0131 ele ald\u0131. Komite, yasa tasar\u0131s\u0131 ile ilgili \u00e7al\u0131\u015fmalar\u0131na bir sonraki toplant\u0131s\u0131nda devam edecek.\u00a0<\/p>\n<p>Sunat Atun ba\u015fkanl\u0131\u011f\u0131ndaki toplant\u0131ya, Komite Ba\u015fkan Vekili, CTP Milletvekili Filiz Besim ile Komite \u00dcyeleri, CTP Milletvekili Devrim Bar\u00e7\u0131n ve UBP Milletvekili Ahmet Sava\u015fan kat\u0131ld\u0131.<\/p>\n<p>Komite toplant\u0131s\u0131nda ayr\u0131ca, Ba\u011f\u0131ms\u0131z Milletvekili Jale Refik Rogers da yer ald\u0131.<\/p>\n<p>Toplant\u0131ya davetli olarak Sa\u011fl\u0131k Bakanl\u0131\u011f\u0131 ile Kamu Y\u00f6netimi ve \u0130nsan Kaynaklar\u0131 Ba\u015fkanl\u0131\u011f\u0131\u2019ndan yetkililer kat\u0131larak, konuyla ilgili g\u00f6r\u00fc\u015flerini payla\u015ft\u0131.<\/p>\n<\/p><\/div>\n<p><script async\n                    defer\n                    crossorigin=\"anonymous\"\n                    src=\"https:\/\/connect.facebook.net\/tr_TR\/sdk.js#xfbml=1&#038;version=v3.3\"\n            ><\/script><\/p>\n","protected":false},"excerpt":{"rendered":"<p>Cumhuriyet Meclisi \u0130dari, Kamu ve Sa\u011fl\u0131k \u0130\u015fleri Komitesi bug\u00fcn Komite Ba\u015fkan\u0131, UBP Milletvekili Sunat Atun ba\u015fkanl\u0131\u011f\u0131nda topland\u0131. Cumhuriyet Meclisi\u2019nden yap\u0131lan a\u00e7\u0131klamaya g\u00f6re, Komite g\u00fcndeminde bulunan \u201cSa\u011fl\u0131k Hizmetleri Dairesi (Kurulu\u015f, G\u00f6rev ve \u00c7al\u0131\u015fma Esaslar\u0131) Yasa Tasar\u0131s\u0131\u201dn\u0131 ele ald\u0131. Komite, yasa tasar\u0131s\u0131 ile ilgili \u00e7al\u0131\u015fmalar\u0131na bir sonraki toplant\u0131s\u0131nda devam edecek.\u00a0 Sunat Atun ba\u015fkanl\u0131\u011f\u0131ndaki toplant\u0131ya, Komite Ba\u015fkan Vekili,<\/p>\n","protected":false},"author":1,"featured_media":78149,"comment_status":"open","ping_status":"open","sticky":false,"template":"","format":"standard","meta":{"footnotes":""},"categories":[81,101],"tags":[],"class_list":["post-78148","post","type-post","status-publish","format-standard","has-post-thumbnail","hentry","category-kibris","category-manset"],"yoast_head":"<!-- This site is optimized with the Yoast SEO plugin v27.5 - https:\/\/yoast.com\/product\/yoast-seo-wordpress\/ -->\n<title>\u0130dari Komite, Sa\u011fl\u0131k Hizmetleri Dairesi Yasa Tasar\u0131s\u0131\u2019n\u0131 ele ald\u0131 -<\/title>\n<meta name=\"robots\" content=\"index, follow, max-snippet:-1, max-image-preview:large, max-video-preview:-1\" \/>\n<link rel=\"canonical\" href=\"https:\/\/kibrisdakik.com\/?p=78148\" \/>\n<meta property=\"og:locale\" content=\"tr_TR\" \/>\n<meta property=\"og:type\" content=\"article\" \/>\n<meta property=\"og:title\" content=\"\u0130dari Komite, Sa\u011fl\u0131k Hizmetleri Dairesi Yasa Tasar\u0131s\u0131\u2019n\u0131 ele ald\u0131 -\" \/>\n<meta property=\"og:description\" content=\"Cumhuriyet Meclisi \u0130dari, Kamu ve Sa\u011fl\u0131k \u0130\u015fleri Komitesi bug\u00fcn Komite Ba\u015fkan\u0131, UBP Milletvekili Sunat Atun ba\u015fkanl\u0131\u011f\u0131nda topland\u0131. Cumhuriyet Meclisi\u2019nden yap\u0131lan a\u00e7\u0131klamaya g\u00f6re, Komite g\u00fcndeminde bulunan \u201cSa\u011fl\u0131k Hizmetleri Dairesi (Kurulu\u015f, G\u00f6rev ve \u00c7al\u0131\u015fma Esaslar\u0131) Yasa Tasar\u0131s\u0131\u201dn\u0131 ele ald\u0131. Komite, yasa tasar\u0131s\u0131 ile ilgili \u00e7al\u0131\u015fmalar\u0131na bir sonraki toplant\u0131s\u0131nda devam edecek.\u00a0 Sunat Atun ba\u015fkanl\u0131\u011f\u0131ndaki toplant\u0131ya, Komite Ba\u015fkan Vekili,\" \/>\n<meta property=\"og:url\" content=\"https:\/\/kibrisdakik.com\/?p=78148\" \/>\n<meta property=\"article:published_time\" content=\"2025-03-18T16:10:14+00:00\" \/>\n<meta property=\"og:image\" content=\"https:\/\/kibrisdakik.com\/wp-content\/uploads\/2025\/03\/Idari-Komite-toplandi-1-740x420.jpeg\" \/>\n\t<meta property=\"og:image:width\" content=\"929\" \/>\n\t<meta property=\"og:image:height\" content=\"422\" \/>\n\t<meta property=\"og:image:type\" content=\"image\/jpeg\" \/>\n<meta name=\"author\" content=\"admin\" \/>\n<meta name=\"twitter:card\" content=\"summary_large_image\" \/>\n<meta name=\"twitter:label1\" content=\"Yazan:\" \/>\n\t<meta name=\"twitter:data1\" content=\"admin\" \/>\n\t<meta name=\"twitter:label2\" content=\"Tahmini okuma s\u00fcresi\" \/>\n\t<meta name=\"twitter:data2\" content=\"1 dakika\" \/>\n<script type=\"application\/ld+json\" class=\"yoast-schema-graph\">{\"@context\":\"https:\\\/\\\/schema.org\",\"@graph\":[{\"@type\":\"Article\",\"@id\":\"https:\\\/\\\/kibrisdakik.com\\\/?p=78148#article\",\"isPartOf\":{\"@id\":\"https:\\\/\\\/kibrisdakik.com\\\/?p=78148\"},\"author\":{\"name\":\"admin\",\"@id\":\"https:\\\/\\\/kibrisdakik.com\\\/#\\\/schema\\\/person\\\/9cd9d437bbb44f72b73ba127e06d8e79\"},\"headline\":\"\u0130dari Komite, Sa\u011fl\u0131k Hizmetleri Dairesi Yasa Tasar\u0131s\u0131\u2019n\u0131 ele ald\u0131\",\"datePublished\":\"2025-03-18T16:10:14+00:00\",\"mainEntityOfPage\":{\"@id\":\"https:\\\/\\\/kibrisdakik.com\\\/?p=78148\"},\"wordCount\":158,\"commentCount\":0,\"image\":{\"@id\":\"https:\\\/\\\/kibrisdakik.com\\\/?p=78148#primaryimage\"},\"thumbnailUrl\":\"https:\\\/\\\/kibrisdakik.com\\\/wp-content\\\/uploads\\\/2025\\\/03\\\/Idari-Komite-toplandi-1-740x420.jpeg\",\"articleSection\":[\"K\u0131br\u0131s\",\"Man\u015fet\"],\"inLanguage\":\"tr\",\"potentialAction\":[{\"@type\":\"CommentAction\",\"name\":\"Comment\",\"target\":[\"https:\\\/\\\/kibrisdakik.com\\\/?p=78148#respond\"]}]},{\"@type\":\"WebPage\",\"@id\":\"https:\\\/\\\/kibrisdakik.com\\\/?p=78148\",\"url\":\"https:\\\/\\\/kibrisdakik.com\\\/?p=78148\",\"name\":\"\u0130dari Komite, Sa\u011fl\u0131k Hizmetleri Dairesi Yasa Tasar\u0131s\u0131\u2019n\u0131 ele ald\u0131 -\",\"isPartOf\":{\"@id\":\"https:\\\/\\\/kibrisdakik.com\\\/#website\"},\"primaryImageOfPage\":{\"@id\":\"https:\\\/\\\/kibrisdakik.com\\\/?p=78148#primaryimage\"},\"image\":{\"@id\":\"https:\\\/\\\/kibrisdakik.com\\\/?p=78148#primaryimage\"},\"thumbnailUrl\":\"https:\\\/\\\/kibrisdakik.com\\\/wp-content\\\/uploads\\\/2025\\\/03\\\/Idari-Komite-toplandi-1-740x420.jpeg\",\"datePublished\":\"2025-03-18T16:10:14+00:00\",\"author\":{\"@id\":\"https:\\\/\\\/kibrisdakik.com\\\/#\\\/schema\\\/person\\\/9cd9d437bbb44f72b73ba127e06d8e79\"},\"breadcrumb\":{\"@id\":\"https:\\\/\\\/kibrisdakik.com\\\/?p=78148#breadcrumb\"},\"inLanguage\":\"tr\",\"potentialAction\":[{\"@type\":\"ReadAction\",\"target\":[\"https:\\\/\\\/kibrisdakik.com\\\/?p=78148\"]}]},{\"@type\":\"ImageObject\",\"inLanguage\":\"tr\",\"@id\":\"https:\\\/\\\/kibrisdakik.com\\\/?p=78148#primaryimage\",\"url\":\"https:\\\/\\\/kibrisdakik.com\\\/wp-content\\\/uploads\\\/2025\\\/03\\\/Idari-Komite-toplandi-1-740x420.jpeg\",\"contentUrl\":\"https:\\\/\\\/kibrisdakik.com\\\/wp-content\\\/uploads\\\/2025\\\/03\\\/Idari-Komite-toplandi-1-740x420.jpeg\",\"width\":929,\"height\":422},{\"@type\":\"BreadcrumbList\",\"@id\":\"https:\\\/\\\/kibrisdakik.com\\\/?p=78148#breadcrumb\",\"itemListElement\":[{\"@type\":\"ListItem\",\"position\":1,\"name\":\"Home\",\"item\":\"https:\\\/\\\/kibrisdakik.com\\\/\"},{\"@type\":\"ListItem\",\"position\":2,\"name\":\"\u0130dari Komite, Sa\u011fl\u0131k Hizmetleri Dairesi Yasa Tasar\u0131s\u0131\u2019n\u0131 ele ald\u0131\"}]},{\"@type\":\"WebSite\",\"@id\":\"https:\\\/\\\/kibrisdakik.com\\\/#website\",\"url\":\"https:\\\/\\\/kibrisdakik.com\\\/\",\"name\":\"\",\"description\":\"Tam vaktinde haber\",\"potentialAction\":[{\"@type\":\"SearchAction\",\"target\":{\"@type\":\"EntryPoint\",\"urlTemplate\":\"https:\\\/\\\/kibrisdakik.com\\\/?s={search_term_string}\"},\"query-input\":{\"@type\":\"PropertyValueSpecification\",\"valueRequired\":true,\"valueName\":\"search_term_string\"}}],\"inLanguage\":\"tr\"},{\"@type\":\"Person\",\"@id\":\"https:\\\/\\\/kibrisdakik.com\\\/#\\\/schema\\\/person\\\/9cd9d437bbb44f72b73ba127e06d8e79\",\"name\":\"admin\",\"image\":{\"@type\":\"ImageObject\",\"inLanguage\":\"tr\",\"@id\":\"https:\\\/\\\/secure.gravatar.com\\\/avatar\\\/ccc17943b9d660506c869530f897617f7cb1c21a4bf30023f252596d83e1f007?s=96&d=mm&r=g\",\"url\":\"https:\\\/\\\/secure.gravatar.com\\\/avatar\\\/ccc17943b9d660506c869530f897617f7cb1c21a4bf30023f252596d83e1f007?s=96&d=mm&r=g\",\"contentUrl\":\"https:\\\/\\\/secure.gravatar.com\\\/avatar\\\/ccc17943b9d660506c869530f897617f7cb1c21a4bf30023f252596d83e1f007?s=96&d=mm&r=g\",\"caption\":\"admin\"},\"sameAs\":[\"https:\\\/\\\/kibrisdakik.com\"],\"url\":\"https:\\\/\\\/kibrisdakik.com\\\/?author=1\"}]}<\/script>\n<!-- \/ Yoast SEO plugin. -->","yoast_head_json":{"title":"\u0130dari Komite, Sa\u011fl\u0131k Hizmetleri Dairesi Yasa Tasar\u0131s\u0131\u2019n\u0131 ele ald\u0131 -","robots":{"index":"index","follow":"follow","max-snippet":"max-snippet:-1","max-image-preview":"max-image-preview:large","max-video-preview":"max-video-preview:-1"},"canonical":"https:\/\/kibrisdakik.com\/?p=78148","og_locale":"tr_TR","og_type":"article","og_title":"\u0130dari Komite, Sa\u011fl\u0131k Hizmetleri Dairesi Yasa Tasar\u0131s\u0131\u2019n\u0131 ele ald\u0131 -","og_description":"Cumhuriyet Meclisi \u0130dari, Kamu ve Sa\u011fl\u0131k \u0130\u015fleri Komitesi bug\u00fcn Komite Ba\u015fkan\u0131, UBP Milletvekili Sunat Atun ba\u015fkanl\u0131\u011f\u0131nda topland\u0131. Cumhuriyet Meclisi\u2019nden yap\u0131lan a\u00e7\u0131klamaya g\u00f6re, Komite g\u00fcndeminde bulunan \u201cSa\u011fl\u0131k Hizmetleri Dairesi (Kurulu\u015f, G\u00f6rev ve \u00c7al\u0131\u015fma Esaslar\u0131) Yasa Tasar\u0131s\u0131\u201dn\u0131 ele ald\u0131. Komite, yasa tasar\u0131s\u0131 ile ilgili \u00e7al\u0131\u015fmalar\u0131na bir sonraki toplant\u0131s\u0131nda devam edecek.\u00a0 Sunat Atun ba\u015fkanl\u0131\u011f\u0131ndaki toplant\u0131ya, Komite Ba\u015fkan Vekili,","og_url":"https:\/\/kibrisdakik.com\/?p=78148","article_published_time":"2025-03-18T16:10:14+00:00","og_image":[{"width":929,"height":422,"url":"https:\/\/kibrisdakik.com\/wp-content\/uploads\/2025\/03\/Idari-Komite-toplandi-1-740x420.jpeg","type":"image\/jpeg"}],"author":"admin","twitter_card":"summary_large_image","twitter_misc":{"Yazan:":"admin","Tahmini okuma s\u00fcresi":"1 dakika"},"schema":{"@context":"https:\/\/schema.org","@graph":[{"@type":"Article","@id":"https:\/\/kibrisdakik.com\/?p=78148#article","isPartOf":{"@id":"https:\/\/kibrisdakik.com\/?p=78148"},"author":{"name":"admin","@id":"https:\/\/kibrisdakik.com\/#\/schema\/person\/9cd9d437bbb44f72b73ba127e06d8e79"},"headline":"\u0130dari Komite, Sa\u011fl\u0131k Hizmetleri Dairesi Yasa Tasar\u0131s\u0131\u2019n\u0131 ele ald\u0131","datePublished":"2025-03-18T16:10:14+00:00","mainEntityOfPage":{"@id":"https:\/\/kibrisdakik.com\/?p=78148"},"wordCount":158,"commentCount":0,"image":{"@id":"https:\/\/kibrisdakik.com\/?p=78148#primaryimage"},"thumbnailUrl":"https:\/\/kibrisdakik.com\/wp-content\/uploads\/2025\/03\/Idari-Komite-toplandi-1-740x420.jpeg","articleSection":["K\u0131br\u0131s","Man\u015fet"],"inLanguage":"tr","potentialAction":[{"@type":"CommentAction","name":"Comment","target":["https:\/\/kibrisdakik.com\/?p=78148#respond"]}]},{"@type":"WebPage","@id":"https:\/\/kibrisdakik.com\/?p=78148","url":"https:\/\/kibrisdakik.com\/?p=78148","name":"\u0130dari Komite, Sa\u011fl\u0131k Hizmetleri Dairesi Yasa Tasar\u0131s\u0131\u2019n\u0131 ele ald\u0131 -","isPartOf":{"@id":"https:\/\/kibrisdakik.com\/#website"},"primaryImageOfPage":{"@id":"https:\/\/kibrisdakik.com\/?p=78148#primaryimage"},"image":{"@id":"https:\/\/kibrisdakik.com\/?p=78148#primaryimage"},"thumbnailUrl":"https:\/\/kibrisdakik.com\/wp-content\/uploads\/2025\/03\/Idari-Komite-toplandi-1-740x420.jpeg","datePublished":"2025-03-18T16:10:14+00:00","author":{"@id":"https:\/\/kibrisdakik.com\/#\/schema\/person\/9cd9d437bbb44f72b73ba127e06d8e79"},"breadcrumb":{"@id":"https:\/\/kibrisdakik.com\/?p=78148#breadcrumb"},"inLanguage":"tr","potentialAction":[{"@type":"ReadAction","target":["https:\/\/kibrisdakik.com\/?p=78148"]}]},{"@type":"ImageObject","inLanguage":"tr","@id":"https:\/\/kibrisdakik.com\/?p=78148#primaryimage","url":"https:\/\/kibrisdakik.com\/wp-content\/uploads\/2025\/03\/Idari-Komite-toplandi-1-740x420.jpeg","contentUrl":"https:\/\/kibrisdakik.com\/wp-content\/uploads\/2025\/03\/Idari-Komite-toplandi-1-740x420.jpeg","width":929,"height":422},{"@type":"BreadcrumbList","@id":"https:\/\/kibrisdakik.com\/?p=78148#breadcrumb","itemListElement":[{"@type":"ListItem","position":1,"name":"Home","item":"https:\/\/kibrisdakik.com\/"},{"@type":"ListItem","position":2,"name":"\u0130dari Komite, Sa\u011fl\u0131k Hizmetleri Dairesi Yasa Tasar\u0131s\u0131\u2019n\u0131 ele ald\u0131"}]},{"@type":"WebSite","@id":"https:\/\/kibrisdakik.com\/#website","url":"https:\/\/kibrisdakik.com\/","name":"","description":"Tam vaktinde haber","potentialAction":[{"@type":"SearchAction","target":{"@type":"EntryPoint","urlTemplate":"https:\/\/kibrisdakik.com\/?s={search_term_string}"},"query-input":{"@type":"PropertyValueSpecification","valueRequired":true,"valueName":"search_term_string"}}],"inLanguage":"tr"},{"@type":"Person","@id":"https:\/\/kibrisdakik.com\/#\/schema\/person\/9cd9d437bbb44f72b73ba127e06d8e79","name":"admin","image":{"@type":"ImageObject","inLanguage":"tr","@id":"https:\/\/secure.gravatar.com\/avatar\/ccc17943b9d660506c869530f897617f7cb1c21a4bf30023f252596d83e1f007?s=96&d=mm&r=g","url":"https:\/\/secure.gravatar.com\/avatar\/ccc17943b9d660506c869530f897617f7cb1c21a4bf30023f252596d83e1f007?s=96&d=mm&r=g","contentUrl":"https:\/\/secure.gravatar.com\/avatar\/ccc17943b9d660506c869530f897617f7cb1c21a4bf30023f252596d83e1f007?s=96&d=mm&r=g","caption":"admin"},"sameAs":["https:\/\/kibrisdakik.com"],"url":"https:\/\/kibrisdakik.com\/?author=1"}]}},"_links":{"self":[{"href":"https:\/\/kibrisdakik.com\/index.php?rest_route=\/wp\/v2\/posts\/78148","targetHints":{"allow":["GET"]}}],"collection":[{"href":"https:\/\/kibrisdakik.com\/index.php?rest_route=\/wp\/v2\/posts"}],"about":[{"href":"https:\/\/kibrisdakik.com\/index.php?rest_route=\/wp\/v2\/types\/post"}],"author":[{"embeddable":true,"href":"https:\/\/kibrisdakik.com\/index.php?rest_route=\/wp\/v2\/users\/1"}],"replies":[{"embeddable":true,"href":"https:\/\/kibrisdakik.com\/index.php?rest_route=%2Fwp%2Fv2%2Fcomments&post=78148"}],"version-history":[{"count":0,"href":"https:\/\/kibrisdakik.com\/index.php?rest_route=\/wp\/v2\/posts\/78148\/revisions"}],"wp:featuredmedia":[{"embeddable":true,"href":"https:\/\/kibrisdakik.com\/index.php?rest_route=\/wp\/v2\/media\/78149"}],"wp:attachment":[{"href":"https:\/\/kibrisdakik.com\/index.php?rest_route=%2Fwp%2Fv2%2Fmedia&parent=78148"}],"wp:term":[{"taxonomy":"category","embeddable":true,"href":"https:\/\/kibrisdakik.com\/index.php?rest_route=%2Fwp%2Fv2%2Fcategories&post=78148"},{"taxonomy":"post_tag","embeddable":true,"href":"https:\/\/kibrisdakik.com\/index.php?rest_route=%2Fwp%2Fv2%2Ftags&post=78148"}],"curies":[{"name":"wp","href":"https:\/\/api.w.org\/{rel}","templated":true}]}}