{"id":78158,"date":"2025-03-18T16:53:00","date_gmt":"2025-03-18T13:53:00","guid":{"rendered":"https:\/\/kibrisdakik.com\/index.php\/2025\/03\/18\/girnede-trafik-guvenligini-hice-sayan-gencler-rapor-edildi\/"},"modified":"2025-03-18T16:53:00","modified_gmt":"2025-03-18T13:53:00","slug":"girnede-trafik-guvenligini-hice-sayan-gencler-rapor-edildi","status":"publish","type":"post","link":"https:\/\/kibrisdakik.com\/?p=78158","title":{"rendered":"Girne\u2019de trafik g\u00fcvenli\u011fini hi\u00e7e sayan gen\u00e7ler rapor edildi"},"content":{"rendered":"<p><\/p>\n<div>\n<div class=\"mariselle-image-container none\">\n                <img loading=\"lazy\" decoding=\"async\" width=\"407\" height=\"413\" class=\"lazy-image\" alt=\"\" sizes=\"auto, (max-width: 407px) 100vw, 407px\" src=\"https:\/\/brtk.net\/wp-content\/uploads\/2025\/03\/02\/1740901824993polis-1.jpg?ver=2707e66d4df49ad23351c7b42868d198\" srcset=\"https:\/\/brtk.net\/wp-content\/uploads\/2025\/03\/02\/1740901824993polis-1.jpg?ver=2707e66d4df49ad23351c7b42868d198 407w, https:\/\/brtk.net\/wp-content\/uploads\/2025\/03\/02\/1740901824993polis-1-296x300.jpg?ver=2707e66d4df49ad23351c7b42868d198 296w\"\/>                            <\/div>\n<p>Girne\u2019de d\u00fcn ak\u015fam seyir halindeki bir ara\u00e7ta insan hayat\u0131n\u0131 tehlikeye atacak \u015fekilde davranan ara\u00e7 s\u00fcr\u00fcc\u00fcs\u00fc ve iki yolcuya ceza kesildi.<\/p>\n<p>Polis Bas\u0131n Subayl\u0131\u011f\u0131\u2019ndan yap\u0131lan a\u00e7\u0131klamaya g\u00f6re, Naci Talat Caddesi \u00fczerinde seyreden bir ara\u00e7ta bulunan iki yolcunun v\u00fccutlar\u0131n\u0131 arac\u0131n pencerelerinden d\u0131\u015far\u0131 \u00e7\u0131kararak, insan hayat\u0131n\u0131 tehlikeye atacak \u015fekilde seyahat etmeleri g\u00f6r\u00fcnt\u00fclerinin sosyal medyada yer almas\u0131 \u00fczerine Girne Polis M\u00fcd\u00fcrl\u00fc\u011f\u00fcne ba\u011fl\u0131 trafik ekipleri ara\u00e7 s\u00fcr\u00fcc\u00fcs\u00fc ve yolcular\u0131 tespit etti.<\/p>\n<p>Arac\u0131n mutat koltuklar\u0131ndan ba\u015fka bir yerde insan hayat\u0131n\u0131 tehlikeye atacak \u015fekilde yolcu ta\u015f\u0131yan ara\u00e7 s\u00fcr\u00fcc\u00fcs\u00fcne 6 bin 520,35 TL para ve 10 ceza puan\u0131, seyir halindeyken ara\u00e7tan v\u00fccutlar\u0131n\u0131 d\u0131\u015far\u0131 \u00e7\u0131kararak seyahat eden her iki yolcuya da ayr\u0131 ayr\u0131 4 bin 346,90 TL\u2019lik para cezas\u0131 kesildi.<\/p>\n<\/p><\/div>\n<p><script async\n                    defer\n                    crossorigin=\"anonymous\"\n                    src=\"https:\/\/connect.facebook.net\/tr_TR\/sdk.js#xfbml=1&#038;version=v3.3\"\n            ><\/script><\/p>\n","protected":false},"excerpt":{"rendered":"<p>Girne\u2019de d\u00fcn ak\u015fam seyir halindeki bir ara\u00e7ta insan hayat\u0131n\u0131 tehlikeye atacak \u015fekilde davranan ara\u00e7 s\u00fcr\u00fcc\u00fcs\u00fc ve iki yolcuya ceza kesildi. Polis Bas\u0131n Subayl\u0131\u011f\u0131\u2019ndan yap\u0131lan a\u00e7\u0131klamaya g\u00f6re, Naci Talat Caddesi \u00fczerinde seyreden bir ara\u00e7ta bulunan iki yolcunun v\u00fccutlar\u0131n\u0131 arac\u0131n pencerelerinden d\u0131\u015far\u0131 \u00e7\u0131kararak, insan hayat\u0131n\u0131 tehlikeye atacak \u015fekilde seyahat etmeleri g\u00f6r\u00fcnt\u00fclerinin sosyal medyada yer almas\u0131 \u00fczerine Girne<\/p>\n","protected":false},"author":1,"featured_media":77146,"comment_status":"open","ping_status":"open","sticky":false,"template":"","format":"standard","meta":{"footnotes":""},"categories":[1,101],"tags":[],"class_list":["post-78158","post","type-post","status-publish","format-standard","has-post-thumbnail","hentry","category-gundem","category-manset"],"yoast_head":"<!-- This site is optimized with the Yoast SEO plugin v28.4 - https:\/\/yoast.com\/product\/yoast-seo-wordpress\/ -->\n<title>Girne\u2019de trafik g\u00fcvenli\u011fini hi\u00e7e sayan gen\u00e7ler rapor edildi -<\/title>\n<meta name=\"robots\" content=\"index, follow, max-snippet:-1, max-image-preview:large, max-video-preview:-1\" \/>\n<link rel=\"canonical\" href=\"https:\/\/kibrisdakik.com\/?p=78158\" \/>\n<meta property=\"og:locale\" content=\"tr_TR\" \/>\n<meta property=\"og:type\" content=\"article\" \/>\n<meta property=\"og:title\" content=\"Girne\u2019de trafik g\u00fcvenli\u011fini hi\u00e7e sayan gen\u00e7ler rapor edildi -\" \/>\n<meta property=\"og:description\" content=\"Girne\u2019de d\u00fcn ak\u015fam seyir halindeki bir ara\u00e7ta insan hayat\u0131n\u0131 tehlikeye atacak \u015fekilde davranan ara\u00e7 s\u00fcr\u00fcc\u00fcs\u00fc ve iki yolcuya ceza kesildi. Polis Bas\u0131n Subayl\u0131\u011f\u0131\u2019ndan yap\u0131lan a\u00e7\u0131klamaya g\u00f6re, Naci Talat Caddesi \u00fczerinde seyreden bir ara\u00e7ta bulunan iki yolcunun v\u00fccutlar\u0131n\u0131 arac\u0131n pencerelerinden d\u0131\u015far\u0131 \u00e7\u0131kararak, insan hayat\u0131n\u0131 tehlikeye atacak \u015fekilde seyahat etmeleri g\u00f6r\u00fcnt\u00fclerinin sosyal medyada yer almas\u0131 \u00fczerine Girne\" \/>\n<meta property=\"og:url\" content=\"https:\/\/kibrisdakik.com\/?p=78158\" \/>\n<meta property=\"article:published_time\" content=\"2025-03-18T13:53:00+00:00\" \/>\n<meta property=\"og:image\" content=\"https:\/\/kibrisdakik.com\/wp-content\/uploads\/2025\/03\/1740901824993polis-1.jpg\" \/>\n\t<meta property=\"og:image:width\" content=\"407\" \/>\n\t<meta property=\"og:image:height\" content=\"413\" \/>\n\t<meta property=\"og:image:type\" content=\"image\/jpeg\" \/>\n<meta name=\"author\" content=\"admin\" \/>\n<meta name=\"twitter:card\" content=\"summary_large_image\" \/>\n<meta name=\"twitter:label1\" content=\"Yazan:\" \/>\n\t<meta name=\"twitter:data1\" content=\"admin\" \/>\n\t<meta name=\"twitter:label2\" content=\"Tahmini okuma s\u00fcresi\" \/>\n\t<meta name=\"twitter:data2\" content=\"1 dakika\" \/>\n<script type=\"application\/ld+json\" class=\"yoast-schema-graph\">{\"@context\":\"https:\\\/\\\/schema.org\",\"@graph\":[{\"@type\":\"Article\",\"@id\":\"https:\\\/\\\/kibrisdakik.com\\\/?p=78158#article\",\"isPartOf\":{\"@id\":\"https:\\\/\\\/kibrisdakik.com\\\/?p=78158\"},\"author\":{\"name\":\"admin\",\"@id\":\"https:\\\/\\\/kibrisdakik.com\\\/#\\\/schema\\\/person\\\/9cd9d437bbb44f72b73ba127e06d8e79\"},\"headline\":\"Girne\u2019de trafik g\u00fcvenli\u011fini hi\u00e7e sayan gen\u00e7ler rapor edildi\",\"datePublished\":\"2025-03-18T13:53:00+00:00\",\"mainEntityOfPage\":{\"@id\":\"https:\\\/\\\/kibrisdakik.com\\\/?p=78158\"},\"wordCount\":162,\"commentCount\":0,\"publisher\":{\"@id\":\"https:\\\/\\\/kibrisdakik.com\\\/#organization\"},\"image\":{\"@id\":\"https:\\\/\\\/kibrisdakik.com\\\/?p=78158#primaryimage\"},\"thumbnailUrl\":\"https:\\\/\\\/kibrisdakik.com\\\/wp-content\\\/uploads\\\/2025\\\/03\\\/1740901824993polis-1.jpg\",\"articleSection\":[\"G\u00fcndem\",\"Man\u015fet\"],\"inLanguage\":\"tr\",\"potentialAction\":[{\"@type\":\"CommentAction\",\"name\":\"Comment\",\"target\":[\"https:\\\/\\\/kibrisdakik.com\\\/?p=78158#respond\"]}]},{\"@type\":\"WebPage\",\"@id\":\"https:\\\/\\\/kibrisdakik.com\\\/?p=78158\",\"url\":\"https:\\\/\\\/kibrisdakik.com\\\/?p=78158\",\"name\":\"Girne\u2019de trafik g\u00fcvenli\u011fini hi\u00e7e sayan gen\u00e7ler rapor edildi -\",\"isPartOf\":{\"@id\":\"https:\\\/\\\/kibrisdakik.com\\\/#website\"},\"primaryImageOfPage\":{\"@id\":\"https:\\\/\\\/kibrisdakik.com\\\/?p=78158#primaryimage\"},\"image\":{\"@id\":\"https:\\\/\\\/kibrisdakik.com\\\/?p=78158#primaryimage\"},\"thumbnailUrl\":\"https:\\\/\\\/kibrisdakik.com\\\/wp-content\\\/uploads\\\/2025\\\/03\\\/1740901824993polis-1.jpg\",\"datePublished\":\"2025-03-18T13:53:00+00:00\",\"breadcrumb\":{\"@id\":\"https:\\\/\\\/kibrisdakik.com\\\/?p=78158#breadcrumb\"},\"inLanguage\":\"tr\",\"potentialAction\":[{\"@type\":\"ReadAction\",\"target\":[\"https:\\\/\\\/kibrisdakik.com\\\/?p=78158\"]}]},{\"@type\":\"ImageObject\",\"inLanguage\":\"tr\",\"@id\":\"https:\\\/\\\/kibrisdakik.com\\\/?p=78158#primaryimage\",\"url\":\"https:\\\/\\\/kibrisdakik.com\\\/wp-content\\\/uploads\\\/2025\\\/03\\\/1740901824993polis-1.jpg\",\"contentUrl\":\"https:\\\/\\\/kibrisdakik.com\\\/wp-content\\\/uploads\\\/2025\\\/03\\\/1740901824993polis-1.jpg\",\"width\":407,\"height\":413},{\"@type\":\"BreadcrumbList\",\"@id\":\"https:\\\/\\\/kibrisdakik.com\\\/?p=78158#breadcrumb\",\"itemListElement\":[{\"@type\":\"ListItem\",\"position\":1,\"name\":\"Home\",\"item\":\"https:\\\/\\\/kibrisdakik.com\\\/\"},{\"@type\":\"ListItem\",\"position\":2,\"name\":\"Girne\u2019de trafik g\u00fcvenli\u011fini hi\u00e7e sayan gen\u00e7ler rapor edildi\"}]},{\"@type\":\"WebSite\",\"@id\":\"https:\\\/\\\/kibrisdakik.com\\\/#website\",\"url\":\"https:\\\/\\\/kibrisdakik.com\\\/\",\"name\":\"K\u0131br\u0131s Dakik\",\"description\":\"Tam vaktinde haber\",\"publisher\":{\"@id\":\"https:\\\/\\\/kibrisdakik.com\\\/#organization\"},\"potentialAction\":[{\"@type\":\"SearchAction\",\"target\":{\"@type\":\"EntryPoint\",\"urlTemplate\":\"https:\\\/\\\/kibrisdakik.com\\\/?s={search_term_string}\"},\"query-input\":{\"@type\":\"PropertyValueSpecification\",\"valueRequired\":true,\"valueName\":\"search_term_string\"}}],\"inLanguage\":\"tr\"},{\"@type\":\"Organization\",\"@id\":\"https:\\\/\\\/kibrisdakik.com\\\/#organization\",\"name\":\"K\u0131br\u0131s Dakik\",\"url\":\"https:\\\/\\\/kibrisdakik.com\\\/\",\"logo\":{\"@type\":\"ImageObject\",\"inLanguage\":\"tr\",\"@id\":\"https:\\\/\\\/kibrisdakik.com\\\/#\\\/schema\\\/logo\\\/image\\\/\",\"url\":\"https:\\\/\\\/kibrisdakik.com\\\/wp-content\\\/uploads\\\/2025\\\/10\\\/cropped-WhatsApp-Image-2025-10-02-at-12.58.31.jpeg\",\"contentUrl\":\"https:\\\/\\\/kibrisdakik.com\\\/wp-content\\\/uploads\\\/2025\\\/10\\\/cropped-WhatsApp-Image-2025-10-02-at-12.58.31.jpeg\",\"width\":1237,\"height\":190,\"caption\":\"K\u0131br\u0131s Dakik\"},\"image\":{\"@id\":\"https:\\\/\\\/kibrisdakik.com\\\/#\\\/schema\\\/logo\\\/image\\\/\"}},{\"@type\":\"Person\",\"@id\":\"https:\\\/\\\/kibrisdakik.com\\\/#\\\/schema\\\/person\\\/9cd9d437bbb44f72b73ba127e06d8e79\",\"name\":\"admin\",\"image\":{\"@type\":\"ImageObject\",\"inLanguage\":\"tr\",\"@id\":\"https:\\\/\\\/secure.gravatar.com\\\/avatar\\\/ccc17943b9d660506c869530f897617f7cb1c21a4bf30023f252596d83e1f007?s=96&d=mm&r=g\",\"url\":\"https:\\\/\\\/secure.gravatar.com\\\/avatar\\\/ccc17943b9d660506c869530f897617f7cb1c21a4bf30023f252596d83e1f007?s=96&d=mm&r=g\",\"contentUrl\":\"https:\\\/\\\/secure.gravatar.com\\\/avatar\\\/ccc17943b9d660506c869530f897617f7cb1c21a4bf30023f252596d83e1f007?s=96&d=mm&r=g\",\"caption\":\"admin\"},\"sameAs\":[\"https:\\\/\\\/kibrisdakik.com\"],\"url\":\"https:\\\/\\\/kibrisdakik.com\\\/?author=1\"}]}<\/script>\n<!-- \/ Yoast SEO plugin. -->","yoast_head_json":{"title":"Girne\u2019de trafik g\u00fcvenli\u011fini hi\u00e7e sayan gen\u00e7ler rapor edildi -","robots":{"index":"index","follow":"follow","max-snippet":"max-snippet:-1","max-image-preview":"max-image-preview:large","max-video-preview":"max-video-preview:-1"},"canonical":"https:\/\/kibrisdakik.com\/?p=78158","og_locale":"tr_TR","og_type":"article","og_title":"Girne\u2019de trafik g\u00fcvenli\u011fini hi\u00e7e sayan gen\u00e7ler rapor edildi -","og_description":"Girne\u2019de d\u00fcn ak\u015fam seyir halindeki bir ara\u00e7ta insan hayat\u0131n\u0131 tehlikeye atacak \u015fekilde davranan ara\u00e7 s\u00fcr\u00fcc\u00fcs\u00fc ve iki yolcuya ceza kesildi. Polis Bas\u0131n Subayl\u0131\u011f\u0131\u2019ndan yap\u0131lan a\u00e7\u0131klamaya g\u00f6re, Naci Talat Caddesi \u00fczerinde seyreden bir ara\u00e7ta bulunan iki yolcunun v\u00fccutlar\u0131n\u0131 arac\u0131n pencerelerinden d\u0131\u015far\u0131 \u00e7\u0131kararak, insan hayat\u0131n\u0131 tehlikeye atacak \u015fekilde seyahat etmeleri g\u00f6r\u00fcnt\u00fclerinin sosyal medyada yer almas\u0131 \u00fczerine Girne","og_url":"https:\/\/kibrisdakik.com\/?p=78158","article_published_time":"2025-03-18T13:53:00+00:00","og_image":[{"width":407,"height":413,"url":"https:\/\/kibrisdakik.com\/wp-content\/uploads\/2025\/03\/1740901824993polis-1.jpg","type":"image\/jpeg"}],"author":"admin","twitter_card":"summary_large_image","twitter_misc":{"Yazan:":"admin","Tahmini okuma s\u00fcresi":"1 dakika"},"schema":{"@context":"https:\/\/schema.org","@graph":[{"@type":"Article","@id":"https:\/\/kibrisdakik.com\/?p=78158#article","isPartOf":{"@id":"https:\/\/kibrisdakik.com\/?p=78158"},"author":{"name":"admin","@id":"https:\/\/kibrisdakik.com\/#\/schema\/person\/9cd9d437bbb44f72b73ba127e06d8e79"},"headline":"Girne\u2019de trafik g\u00fcvenli\u011fini hi\u00e7e sayan gen\u00e7ler rapor edildi","datePublished":"2025-03-18T13:53:00+00:00","mainEntityOfPage":{"@id":"https:\/\/kibrisdakik.com\/?p=78158"},"wordCount":162,"commentCount":0,"publisher":{"@id":"https:\/\/kibrisdakik.com\/#organization"},"image":{"@id":"https:\/\/kibrisdakik.com\/?p=78158#primaryimage"},"thumbnailUrl":"https:\/\/kibrisdakik.com\/wp-content\/uploads\/2025\/03\/1740901824993polis-1.jpg","articleSection":["G\u00fcndem","Man\u015fet"],"inLanguage":"tr","potentialAction":[{"@type":"CommentAction","name":"Comment","target":["https:\/\/kibrisdakik.com\/?p=78158#respond"]}]},{"@type":"WebPage","@id":"https:\/\/kibrisdakik.com\/?p=78158","url":"https:\/\/kibrisdakik.com\/?p=78158","name":"Girne\u2019de trafik g\u00fcvenli\u011fini hi\u00e7e sayan gen\u00e7ler rapor edildi -","isPartOf":{"@id":"https:\/\/kibrisdakik.com\/#website"},"primaryImageOfPage":{"@id":"https:\/\/kibrisdakik.com\/?p=78158#primaryimage"},"image":{"@id":"https:\/\/kibrisdakik.com\/?p=78158#primaryimage"},"thumbnailUrl":"https:\/\/kibrisdakik.com\/wp-content\/uploads\/2025\/03\/1740901824993polis-1.jpg","datePublished":"2025-03-18T13:53:00+00:00","breadcrumb":{"@id":"https:\/\/kibrisdakik.com\/?p=78158#breadcrumb"},"inLanguage":"tr","potentialAction":[{"@type":"ReadAction","target":["https:\/\/kibrisdakik.com\/?p=78158"]}]},{"@type":"ImageObject","inLanguage":"tr","@id":"https:\/\/kibrisdakik.com\/?p=78158#primaryimage","url":"https:\/\/kibrisdakik.com\/wp-content\/uploads\/2025\/03\/1740901824993polis-1.jpg","contentUrl":"https:\/\/kibrisdakik.com\/wp-content\/uploads\/2025\/03\/1740901824993polis-1.jpg","width":407,"height":413},{"@type":"BreadcrumbList","@id":"https:\/\/kibrisdakik.com\/?p=78158#breadcrumb","itemListElement":[{"@type":"ListItem","position":1,"name":"Home","item":"https:\/\/kibrisdakik.com\/"},{"@type":"ListItem","position":2,"name":"Girne\u2019de trafik g\u00fcvenli\u011fini hi\u00e7e sayan gen\u00e7ler rapor edildi"}]},{"@type":"WebSite","@id":"https:\/\/kibrisdakik.com\/#website","url":"https:\/\/kibrisdakik.com\/","name":"K\u0131br\u0131s Dakik","description":"Tam vaktinde haber","publisher":{"@id":"https:\/\/kibrisdakik.com\/#organization"},"potentialAction":[{"@type":"SearchAction","target":{"@type":"EntryPoint","urlTemplate":"https:\/\/kibrisdakik.com\/?s={search_term_string}"},"query-input":{"@type":"PropertyValueSpecification","valueRequired":true,"valueName":"search_term_string"}}],"inLanguage":"tr"},{"@type":"Organization","@id":"https:\/\/kibrisdakik.com\/#organization","name":"K\u0131br\u0131s Dakik","url":"https:\/\/kibrisdakik.com\/","logo":{"@type":"ImageObject","inLanguage":"tr","@id":"https:\/\/kibrisdakik.com\/#\/schema\/logo\/image\/","url":"https:\/\/kibrisdakik.com\/wp-content\/uploads\/2025\/10\/cropped-WhatsApp-Image-2025-10-02-at-12.58.31.jpeg","contentUrl":"https:\/\/kibrisdakik.com\/wp-content\/uploads\/2025\/10\/cropped-WhatsApp-Image-2025-10-02-at-12.58.31.jpeg","width":1237,"height":190,"caption":"K\u0131br\u0131s Dakik"},"image":{"@id":"https:\/\/kibrisdakik.com\/#\/schema\/logo\/image\/"}},{"@type":"Person","@id":"https:\/\/kibrisdakik.com\/#\/schema\/person\/9cd9d437bbb44f72b73ba127e06d8e79","name":"admin","image":{"@type":"ImageObject","inLanguage":"tr","@id":"https:\/\/secure.gravatar.com\/avatar\/ccc17943b9d660506c869530f897617f7cb1c21a4bf30023f252596d83e1f007?s=96&d=mm&r=g","url":"https:\/\/secure.gravatar.com\/avatar\/ccc17943b9d660506c869530f897617f7cb1c21a4bf30023f252596d83e1f007?s=96&d=mm&r=g","contentUrl":"https:\/\/secure.gravatar.com\/avatar\/ccc17943b9d660506c869530f897617f7cb1c21a4bf30023f252596d83e1f007?s=96&d=mm&r=g","caption":"admin"},"sameAs":["https:\/\/kibrisdakik.com"],"url":"https:\/\/kibrisdakik.com\/?author=1"}]}},"_links":{"self":[{"href":"https:\/\/kibrisdakik.com\/index.php?rest_route=\/wp\/v2\/posts\/78158","targetHints":{"allow":["GET"]}}],"collection":[{"href":"https:\/\/kibrisdakik.com\/index.php?rest_route=\/wp\/v2\/posts"}],"about":[{"href":"https:\/\/kibrisdakik.com\/index.php?rest_route=\/wp\/v2\/types\/post"}],"author":[{"embeddable":true,"href":"https:\/\/kibrisdakik.com\/index.php?rest_route=\/wp\/v2\/users\/1"}],"replies":[{"embeddable":true,"href":"https:\/\/kibrisdakik.com\/index.php?rest_route=%2Fwp%2Fv2%2Fcomments&post=78158"}],"version-history":[{"count":0,"href":"https:\/\/kibrisdakik.com\/index.php?rest_route=\/wp\/v2\/posts\/78158\/revisions"}],"wp:featuredmedia":[{"embeddable":true,"href":"https:\/\/kibrisdakik.com\/index.php?rest_route=\/wp\/v2\/media\/77146"}],"wp:attachment":[{"href":"https:\/\/kibrisdakik.com\/index.php?rest_route=%2Fwp%2Fv2%2Fmedia&parent=78158"}],"wp:term":[{"taxonomy":"category","embeddable":true,"href":"https:\/\/kibrisdakik.com\/index.php?rest_route=%2Fwp%2Fv2%2Fcategories&post=78158"},{"taxonomy":"post_tag","embeddable":true,"href":"https:\/\/kibrisdakik.com\/index.php?rest_route=%2Fwp%2Fv2%2Ftags&post=78158"}],"curies":[{"name":"wp","href":"https:\/\/api.w.org\/{rel}","templated":true}]}}