{"id":78170,"date":"2025-03-18T23:39:47","date_gmt":"2025-03-18T20:39:47","guid":{"rendered":"https:\/\/kibrisdakik.com\/index.php\/2025\/03\/18\/yenierenkoyde-feci-kaza-1-ki%e1%b9%a3i-hayatini-kaybetti\/"},"modified":"2025-03-18T23:39:47","modified_gmt":"2025-03-18T20:39:47","slug":"yenierenkoyde-feci-kaza-1-ki%e1%b9%a3i-hayatini-kaybetti","status":"publish","type":"post","link":"https:\/\/kibrisdakik.com\/?p=78170","title":{"rendered":"Yenierenk\u00f6y\u2019de feci kaza: 1 ki\u1e63i hayat\u0131n\u0131 kaybetti"},"content":{"rendered":"<div>\n<div class=\"mariselle-image-container center\">\n                                            <\/div>\n<div class=\"mariselle-image-container center\">\n                <img loading=\"lazy\" decoding=\"async\" width=\"1500\" height=\"1000\" class=\"lazy-image\" alt=\"\" sizes=\"auto, (max-width: 1500px) 100vw, 1500px\" src=\"https:\/\/brtk.net\/wp-content\/uploads\/2025\/03\/18\/IMG-20250318-WA0170.jpg?ver=f8719710451486b666213a07394cb929\" srcset=\"https:\/\/brtk.net\/wp-content\/uploads\/2025\/03\/18\/IMG-20250318-WA0170.jpg?ver=f8719710451486b666213a07394cb929 1500w, https:\/\/brtk.net\/wp-content\/uploads\/2025\/03\/18\/IMG-20250318-WA0170-300x200.jpg?ver=cb1b771a9c269ee9ccc62e8b737f96cf 300w, https:\/\/brtk.net\/wp-content\/uploads\/2025\/03\/18\/IMG-20250318-WA0170-1024x683.jpg?ver=cb1b771a9c269ee9ccc62e8b737f96cf 1024w, https:\/\/brtk.net\/wp-content\/uploads\/2025\/03\/18\/IMG-20250318-WA0170-768x512.jpg?ver=cb1b771a9c269ee9ccc62e8b737f96cf 768w\"\/>                            <\/div>\n<p>Polis Bas\u0131n Subayl\u0131\u011f\u0131\u2019ndan verilen bilgiye g\u00f6re\u00a0 bu ak\u1e63am saat 20.00 s\u0131ralar\u0131nda, Yenierenk\u00f6y\u2019de k\u00f6y dahilinde, Umut G\u00d6KSAL (E-23) y\u00f6netimindeki ES 320 plakal\u0131 ara\u00e7 ile Cevdet G\u00dcL (E-25) ise y\u00f6netimindeki CS 474 plakal\u0131 ara\u00e7 ile her iki s\u00fcr\u00fcc\u00fc de bat\u0131 istikametinden do\u011fu istikametine do\u011fru seyrettikleri s\u0131rada, Yenierenk\u00f6y Sa\u011fl\u0131k Oca\u011f\u0131 \u00f6nlerinde \u00e7arp\u0131\u015fm\u0131\u015flard\u0131r.<\/p>\n<p>\u00c7arpman\u0131n etkisiyle ES 320 plakal\u0131 ara\u00e7 yolun solundan \u00e7\u0131karak bir ikametgah\u0131n demir korkuluklar\u0131na \u00e7arp\u0131p takla att\u0131ktan sonra evin bah\u00e7esi i\u00e7erisinde tavan\u0131 \u00fczerinde, CS 474 plakal\u0131 ara\u00e7 ise yine yolun solundan \u00e7\u0131karak kald\u0131r\u0131m \u00fczerinde durmu\u015ftur.<\/p>\n<p>Kaza sonucu ES 320 plakal\u0131 ara\u00e7 s\u00fcr\u00fcc\u00fcs\u00fc Umut G\u00d6KSAL olay yerinde ya\u015fam\u0131n\u0131 yitirirken, kazada yaralanan CS 474 plakal\u0131 ara\u00e7 s\u00fcr\u00fcc\u00fcs\u00fc Cevdet G\u00dcL ile ayn\u0131 ara\u00e7ta yolcu olarak bulunan Adem MERTG\u00dcL (E-18) ve G\u00f6khan G\u00dcNEY (E-16) kald\u0131r\u0131ld\u0131klar\u0131 Gazima\u011fusa Devlet Hastanesinde tedavileri halen s\u00fcr\u00fcyor.<\/p>\n<p>Polisin kazayla ilgili soru\u015fturmas\u0131 devam ediyor.<\/p>\n<\/p><\/div>\n<p><script async\n                    defer\n                    crossorigin=\"anonymous\"\n                    src=\"https:\/\/connect.facebook.net\/tr_TR\/sdk.js#xfbml=1&#038;version=v3.3\"\n            ><\/script><\/p>\n","protected":false},"excerpt":{"rendered":"<p>Polis Bas\u0131n Subayl\u0131\u011f\u0131\u2019ndan verilen bilgiye g\u00f6re\u00a0 bu ak\u1e63am saat 20.00 s\u0131ralar\u0131nda, Yenierenk\u00f6y\u2019de k\u00f6y dahilinde, Umut G\u00d6KSAL (E-23) y\u00f6netimindeki ES 320 plakal\u0131 ara\u00e7 ile Cevdet G\u00dcL (E-25) ise y\u00f6netimindeki CS 474 plakal\u0131 ara\u00e7 ile her iki s\u00fcr\u00fcc\u00fc de bat\u0131 istikametinden do\u011fu istikametine do\u011fru seyrettikleri s\u0131rada, Yenierenk\u00f6y Sa\u011fl\u0131k Oca\u011f\u0131 \u00f6nlerinde \u00e7arp\u0131\u015fm\u0131\u015flard\u0131r. \u00c7arpman\u0131n etkisiyle ES 320 plakal\u0131 ara\u00e7<\/p>\n","protected":false},"author":1,"featured_media":78171,"comment_status":"open","ping_status":"open","sticky":false,"template":"","format":"standard","meta":{"footnotes":""},"categories":[81,101],"tags":[],"class_list":["post-78170","post","type-post","status-publish","format-standard","has-post-thumbnail","hentry","category-kibris","category-manset"],"yoast_head":"<!-- This site is optimized with the Yoast SEO plugin v27.5 - https:\/\/yoast.com\/product\/yoast-seo-wordpress\/ -->\n<title>Yenierenk\u00f6y\u2019de feci kaza: 1 ki\u1e63i hayat\u0131n\u0131 kaybetti -<\/title>\n<meta name=\"robots\" content=\"index, follow, max-snippet:-1, max-image-preview:large, max-video-preview:-1\" \/>\n<link rel=\"canonical\" href=\"https:\/\/kibrisdakik.com\/?p=78170\" \/>\n<meta property=\"og:locale\" content=\"tr_TR\" \/>\n<meta property=\"og:type\" content=\"article\" \/>\n<meta property=\"og:title\" content=\"Yenierenk\u00f6y\u2019de feci kaza: 1 ki\u1e63i hayat\u0131n\u0131 kaybetti -\" \/>\n<meta property=\"og:description\" content=\"Polis Bas\u0131n Subayl\u0131\u011f\u0131\u2019ndan verilen bilgiye g\u00f6re\u00a0 bu ak\u1e63am saat 20.00 s\u0131ralar\u0131nda, Yenierenk\u00f6y\u2019de k\u00f6y dahilinde, Umut G\u00d6KSAL (E-23) y\u00f6netimindeki ES 320 plakal\u0131 ara\u00e7 ile Cevdet G\u00dcL (E-25) ise y\u00f6netimindeki CS 474 plakal\u0131 ara\u00e7 ile her iki s\u00fcr\u00fcc\u00fc de bat\u0131 istikametinden do\u011fu istikametine do\u011fru seyrettikleri s\u0131rada, Yenierenk\u00f6y Sa\u011fl\u0131k Oca\u011f\u0131 \u00f6nlerinde \u00e7arp\u0131\u015fm\u0131\u015flard\u0131r. \u00c7arpman\u0131n etkisiyle ES 320 plakal\u0131 ara\u00e7\" \/>\n<meta property=\"og:url\" content=\"https:\/\/kibrisdakik.com\/?p=78170\" \/>\n<meta property=\"article:published_time\" content=\"2025-03-18T20:39:47+00:00\" \/>\n<meta property=\"og:image\" content=\"https:\/\/kibrisdakik.com\/wp-content\/uploads\/2025\/03\/IMG-20250318-WA0170-740x420.jpg\" \/>\n\t<meta property=\"og:image:width\" content=\"1500\" \/>\n\t<meta property=\"og:image:height\" content=\"1000\" \/>\n\t<meta property=\"og:image:type\" content=\"image\/jpeg\" \/>\n<meta name=\"author\" content=\"admin\" \/>\n<meta name=\"twitter:card\" content=\"summary_large_image\" \/>\n<meta name=\"twitter:label1\" content=\"Yazan:\" \/>\n\t<meta name=\"twitter:data1\" content=\"admin\" \/>\n\t<meta name=\"twitter:label2\" content=\"Tahmini okuma s\u00fcresi\" \/>\n\t<meta name=\"twitter:data2\" content=\"1 dakika\" \/>\n<script type=\"application\/ld+json\" class=\"yoast-schema-graph\">{\"@context\":\"https:\\\/\\\/schema.org\",\"@graph\":[{\"@type\":\"Article\",\"@id\":\"https:\\\/\\\/kibrisdakik.com\\\/?p=78170#article\",\"isPartOf\":{\"@id\":\"https:\\\/\\\/kibrisdakik.com\\\/?p=78170\"},\"author\":{\"name\":\"admin\",\"@id\":\"https:\\\/\\\/kibrisdakik.com\\\/#\\\/schema\\\/person\\\/9cd9d437bbb44f72b73ba127e06d8e79\"},\"headline\":\"Yenierenk\u00f6y\u2019de feci kaza: 1 ki\u1e63i hayat\u0131n\u0131 kaybetti\",\"datePublished\":\"2025-03-18T20:39:47+00:00\",\"mainEntityOfPage\":{\"@id\":\"https:\\\/\\\/kibrisdakik.com\\\/?p=78170\"},\"wordCount\":189,\"commentCount\":0,\"image\":{\"@id\":\"https:\\\/\\\/kibrisdakik.com\\\/?p=78170#primaryimage\"},\"thumbnailUrl\":\"https:\\\/\\\/kibrisdakik.com\\\/wp-content\\\/uploads\\\/2025\\\/03\\\/IMG-20250318-WA0170-740x420.jpg\",\"articleSection\":[\"K\u0131br\u0131s\",\"Man\u015fet\"],\"inLanguage\":\"tr\",\"potentialAction\":[{\"@type\":\"CommentAction\",\"name\":\"Comment\",\"target\":[\"https:\\\/\\\/kibrisdakik.com\\\/?p=78170#respond\"]}]},{\"@type\":\"WebPage\",\"@id\":\"https:\\\/\\\/kibrisdakik.com\\\/?p=78170\",\"url\":\"https:\\\/\\\/kibrisdakik.com\\\/?p=78170\",\"name\":\"Yenierenk\u00f6y\u2019de feci kaza: 1 ki\u1e63i hayat\u0131n\u0131 kaybetti -\",\"isPartOf\":{\"@id\":\"https:\\\/\\\/kibrisdakik.com\\\/#website\"},\"primaryImageOfPage\":{\"@id\":\"https:\\\/\\\/kibrisdakik.com\\\/?p=78170#primaryimage\"},\"image\":{\"@id\":\"https:\\\/\\\/kibrisdakik.com\\\/?p=78170#primaryimage\"},\"thumbnailUrl\":\"https:\\\/\\\/kibrisdakik.com\\\/wp-content\\\/uploads\\\/2025\\\/03\\\/IMG-20250318-WA0170-740x420.jpg\",\"datePublished\":\"2025-03-18T20:39:47+00:00\",\"author\":{\"@id\":\"https:\\\/\\\/kibrisdakik.com\\\/#\\\/schema\\\/person\\\/9cd9d437bbb44f72b73ba127e06d8e79\"},\"breadcrumb\":{\"@id\":\"https:\\\/\\\/kibrisdakik.com\\\/?p=78170#breadcrumb\"},\"inLanguage\":\"tr\",\"potentialAction\":[{\"@type\":\"ReadAction\",\"target\":[\"https:\\\/\\\/kibrisdakik.com\\\/?p=78170\"]}]},{\"@type\":\"ImageObject\",\"inLanguage\":\"tr\",\"@id\":\"https:\\\/\\\/kibrisdakik.com\\\/?p=78170#primaryimage\",\"url\":\"https:\\\/\\\/kibrisdakik.com\\\/wp-content\\\/uploads\\\/2025\\\/03\\\/IMG-20250318-WA0170-740x420.jpg\",\"contentUrl\":\"https:\\\/\\\/kibrisdakik.com\\\/wp-content\\\/uploads\\\/2025\\\/03\\\/IMG-20250318-WA0170-740x420.jpg\",\"width\":1500,\"height\":1000},{\"@type\":\"BreadcrumbList\",\"@id\":\"https:\\\/\\\/kibrisdakik.com\\\/?p=78170#breadcrumb\",\"itemListElement\":[{\"@type\":\"ListItem\",\"position\":1,\"name\":\"Home\",\"item\":\"https:\\\/\\\/kibrisdakik.com\\\/\"},{\"@type\":\"ListItem\",\"position\":2,\"name\":\"Yenierenk\u00f6y\u2019de feci kaza: 1 ki\u1e63i hayat\u0131n\u0131 kaybetti\"}]},{\"@type\":\"WebSite\",\"@id\":\"https:\\\/\\\/kibrisdakik.com\\\/#website\",\"url\":\"https:\\\/\\\/kibrisdakik.com\\\/\",\"name\":\"\",\"description\":\"Tam vaktinde haber\",\"potentialAction\":[{\"@type\":\"SearchAction\",\"target\":{\"@type\":\"EntryPoint\",\"urlTemplate\":\"https:\\\/\\\/kibrisdakik.com\\\/?s={search_term_string}\"},\"query-input\":{\"@type\":\"PropertyValueSpecification\",\"valueRequired\":true,\"valueName\":\"search_term_string\"}}],\"inLanguage\":\"tr\"},{\"@type\":\"Person\",\"@id\":\"https:\\\/\\\/kibrisdakik.com\\\/#\\\/schema\\\/person\\\/9cd9d437bbb44f72b73ba127e06d8e79\",\"name\":\"admin\",\"image\":{\"@type\":\"ImageObject\",\"inLanguage\":\"tr\",\"@id\":\"https:\\\/\\\/secure.gravatar.com\\\/avatar\\\/ccc17943b9d660506c869530f897617f7cb1c21a4bf30023f252596d83e1f007?s=96&d=mm&r=g\",\"url\":\"https:\\\/\\\/secure.gravatar.com\\\/avatar\\\/ccc17943b9d660506c869530f897617f7cb1c21a4bf30023f252596d83e1f007?s=96&d=mm&r=g\",\"contentUrl\":\"https:\\\/\\\/secure.gravatar.com\\\/avatar\\\/ccc17943b9d660506c869530f897617f7cb1c21a4bf30023f252596d83e1f007?s=96&d=mm&r=g\",\"caption\":\"admin\"},\"sameAs\":[\"https:\\\/\\\/kibrisdakik.com\"],\"url\":\"https:\\\/\\\/kibrisdakik.com\\\/?author=1\"}]}<\/script>\n<!-- \/ Yoast SEO plugin. -->","yoast_head_json":{"title":"Yenierenk\u00f6y\u2019de feci kaza: 1 ki\u1e63i hayat\u0131n\u0131 kaybetti -","robots":{"index":"index","follow":"follow","max-snippet":"max-snippet:-1","max-image-preview":"max-image-preview:large","max-video-preview":"max-video-preview:-1"},"canonical":"https:\/\/kibrisdakik.com\/?p=78170","og_locale":"tr_TR","og_type":"article","og_title":"Yenierenk\u00f6y\u2019de feci kaza: 1 ki\u1e63i hayat\u0131n\u0131 kaybetti -","og_description":"Polis Bas\u0131n Subayl\u0131\u011f\u0131\u2019ndan verilen bilgiye g\u00f6re\u00a0 bu ak\u1e63am saat 20.00 s\u0131ralar\u0131nda, Yenierenk\u00f6y\u2019de k\u00f6y dahilinde, Umut G\u00d6KSAL (E-23) y\u00f6netimindeki ES 320 plakal\u0131 ara\u00e7 ile Cevdet G\u00dcL (E-25) ise y\u00f6netimindeki CS 474 plakal\u0131 ara\u00e7 ile her iki s\u00fcr\u00fcc\u00fc de bat\u0131 istikametinden do\u011fu istikametine do\u011fru seyrettikleri s\u0131rada, Yenierenk\u00f6y Sa\u011fl\u0131k Oca\u011f\u0131 \u00f6nlerinde \u00e7arp\u0131\u015fm\u0131\u015flard\u0131r. \u00c7arpman\u0131n etkisiyle ES 320 plakal\u0131 ara\u00e7","og_url":"https:\/\/kibrisdakik.com\/?p=78170","article_published_time":"2025-03-18T20:39:47+00:00","og_image":[{"width":1500,"height":1000,"url":"https:\/\/kibrisdakik.com\/wp-content\/uploads\/2025\/03\/IMG-20250318-WA0170-740x420.jpg","type":"image\/jpeg"}],"author":"admin","twitter_card":"summary_large_image","twitter_misc":{"Yazan:":"admin","Tahmini okuma s\u00fcresi":"1 dakika"},"schema":{"@context":"https:\/\/schema.org","@graph":[{"@type":"Article","@id":"https:\/\/kibrisdakik.com\/?p=78170#article","isPartOf":{"@id":"https:\/\/kibrisdakik.com\/?p=78170"},"author":{"name":"admin","@id":"https:\/\/kibrisdakik.com\/#\/schema\/person\/9cd9d437bbb44f72b73ba127e06d8e79"},"headline":"Yenierenk\u00f6y\u2019de feci kaza: 1 ki\u1e63i hayat\u0131n\u0131 kaybetti","datePublished":"2025-03-18T20:39:47+00:00","mainEntityOfPage":{"@id":"https:\/\/kibrisdakik.com\/?p=78170"},"wordCount":189,"commentCount":0,"image":{"@id":"https:\/\/kibrisdakik.com\/?p=78170#primaryimage"},"thumbnailUrl":"https:\/\/kibrisdakik.com\/wp-content\/uploads\/2025\/03\/IMG-20250318-WA0170-740x420.jpg","articleSection":["K\u0131br\u0131s","Man\u015fet"],"inLanguage":"tr","potentialAction":[{"@type":"CommentAction","name":"Comment","target":["https:\/\/kibrisdakik.com\/?p=78170#respond"]}]},{"@type":"WebPage","@id":"https:\/\/kibrisdakik.com\/?p=78170","url":"https:\/\/kibrisdakik.com\/?p=78170","name":"Yenierenk\u00f6y\u2019de feci kaza: 1 ki\u1e63i hayat\u0131n\u0131 kaybetti -","isPartOf":{"@id":"https:\/\/kibrisdakik.com\/#website"},"primaryImageOfPage":{"@id":"https:\/\/kibrisdakik.com\/?p=78170#primaryimage"},"image":{"@id":"https:\/\/kibrisdakik.com\/?p=78170#primaryimage"},"thumbnailUrl":"https:\/\/kibrisdakik.com\/wp-content\/uploads\/2025\/03\/IMG-20250318-WA0170-740x420.jpg","datePublished":"2025-03-18T20:39:47+00:00","author":{"@id":"https:\/\/kibrisdakik.com\/#\/schema\/person\/9cd9d437bbb44f72b73ba127e06d8e79"},"breadcrumb":{"@id":"https:\/\/kibrisdakik.com\/?p=78170#breadcrumb"},"inLanguage":"tr","potentialAction":[{"@type":"ReadAction","target":["https:\/\/kibrisdakik.com\/?p=78170"]}]},{"@type":"ImageObject","inLanguage":"tr","@id":"https:\/\/kibrisdakik.com\/?p=78170#primaryimage","url":"https:\/\/kibrisdakik.com\/wp-content\/uploads\/2025\/03\/IMG-20250318-WA0170-740x420.jpg","contentUrl":"https:\/\/kibrisdakik.com\/wp-content\/uploads\/2025\/03\/IMG-20250318-WA0170-740x420.jpg","width":1500,"height":1000},{"@type":"BreadcrumbList","@id":"https:\/\/kibrisdakik.com\/?p=78170#breadcrumb","itemListElement":[{"@type":"ListItem","position":1,"name":"Home","item":"https:\/\/kibrisdakik.com\/"},{"@type":"ListItem","position":2,"name":"Yenierenk\u00f6y\u2019de feci kaza: 1 ki\u1e63i hayat\u0131n\u0131 kaybetti"}]},{"@type":"WebSite","@id":"https:\/\/kibrisdakik.com\/#website","url":"https:\/\/kibrisdakik.com\/","name":"","description":"Tam vaktinde haber","potentialAction":[{"@type":"SearchAction","target":{"@type":"EntryPoint","urlTemplate":"https:\/\/kibrisdakik.com\/?s={search_term_string}"},"query-input":{"@type":"PropertyValueSpecification","valueRequired":true,"valueName":"search_term_string"}}],"inLanguage":"tr"},{"@type":"Person","@id":"https:\/\/kibrisdakik.com\/#\/schema\/person\/9cd9d437bbb44f72b73ba127e06d8e79","name":"admin","image":{"@type":"ImageObject","inLanguage":"tr","@id":"https:\/\/secure.gravatar.com\/avatar\/ccc17943b9d660506c869530f897617f7cb1c21a4bf30023f252596d83e1f007?s=96&d=mm&r=g","url":"https:\/\/secure.gravatar.com\/avatar\/ccc17943b9d660506c869530f897617f7cb1c21a4bf30023f252596d83e1f007?s=96&d=mm&r=g","contentUrl":"https:\/\/secure.gravatar.com\/avatar\/ccc17943b9d660506c869530f897617f7cb1c21a4bf30023f252596d83e1f007?s=96&d=mm&r=g","caption":"admin"},"sameAs":["https:\/\/kibrisdakik.com"],"url":"https:\/\/kibrisdakik.com\/?author=1"}]}},"_links":{"self":[{"href":"https:\/\/kibrisdakik.com\/index.php?rest_route=\/wp\/v2\/posts\/78170","targetHints":{"allow":["GET"]}}],"collection":[{"href":"https:\/\/kibrisdakik.com\/index.php?rest_route=\/wp\/v2\/posts"}],"about":[{"href":"https:\/\/kibrisdakik.com\/index.php?rest_route=\/wp\/v2\/types\/post"}],"author":[{"embeddable":true,"href":"https:\/\/kibrisdakik.com\/index.php?rest_route=\/wp\/v2\/users\/1"}],"replies":[{"embeddable":true,"href":"https:\/\/kibrisdakik.com\/index.php?rest_route=%2Fwp%2Fv2%2Fcomments&post=78170"}],"version-history":[{"count":0,"href":"https:\/\/kibrisdakik.com\/index.php?rest_route=\/wp\/v2\/posts\/78170\/revisions"}],"wp:featuredmedia":[{"embeddable":true,"href":"https:\/\/kibrisdakik.com\/index.php?rest_route=\/wp\/v2\/media\/78171"}],"wp:attachment":[{"href":"https:\/\/kibrisdakik.com\/index.php?rest_route=%2Fwp%2Fv2%2Fmedia&parent=78170"}],"wp:term":[{"taxonomy":"category","embeddable":true,"href":"https:\/\/kibrisdakik.com\/index.php?rest_route=%2Fwp%2Fv2%2Fcategories&post=78170"},{"taxonomy":"post_tag","embeddable":true,"href":"https:\/\/kibrisdakik.com\/index.php?rest_route=%2Fwp%2Fv2%2Ftags&post=78170"}],"curies":[{"name":"wp","href":"https:\/\/api.w.org\/{rel}","templated":true}]}}