{"id":78173,"date":"2025-03-18T21:09:00","date_gmt":"2025-03-18T18:09:00","guid":{"rendered":"https:\/\/kibrisdakik.com\/index.php\/2025\/03\/18\/hristodulidis-zirvenin-ardindan-aciklamada-bulundu\/"},"modified":"2025-03-18T21:09:00","modified_gmt":"2025-03-18T18:09:00","slug":"hristodulidis-zirvenin-ardindan-aciklamada-bulundu","status":"publish","type":"post","link":"https:\/\/kibrisdakik.com\/?p=78173","title":{"rendered":"Hristodulidis zirvenin ard\u0131ndan a\u00e7\u0131klamada bulundu"},"content":{"rendered":"<p><\/p>\n<div>\n<div class=\"mariselle-image-container none\">\n                <img loading=\"lazy\" decoding=\"async\" width=\"898\" height=\"442\" class=\"lazy-image\" alt=\"\" sizes=\"auto, (max-width: 898px) 100vw, 898px\" src=\"https:\/\/brtk.net\/wp-content\/uploads\/2025\/03\/18\/1742319200845xristodoulidesss-1.jpg?ver=b0d785386193e73bbcbd42ccc026095c\" srcset=\"https:\/\/brtk.net\/wp-content\/uploads\/2025\/03\/18\/1742319200845xristodoulidesss-1.jpg?ver=b0d785386193e73bbcbd42ccc026095c 898w, https:\/\/brtk.net\/wp-content\/uploads\/2025\/03\/18\/1742319200845xristodoulidesss-1-300x148.jpg?ver=efa66423fc7529011328e2508775f434 300w, https:\/\/brtk.net\/wp-content\/uploads\/2025\/03\/18\/1742319200845xristodoulidesss-1-768x378.jpg?ver=efa66423fc7529011328e2508775f434 768w, https:\/\/brtk.net\/wp-content\/uploads\/2025\/03\/18\/1742319200845xristodoulidesss-1-895x442.jpg?ver=efa66423fc7529011328e2508775f434 895w\"\/>                            <\/div>\n<p>Rum Y\u00f6netimi Ba\u015fkan\u0131 Nikos Hristodulidis\u2019in bug\u00fcn Cenevre\u2019de ger\u00e7ekle\u015ftirilen 5+1 format\u0131ndaki gayriresmi g\u00f6r\u00fc\u015fmenin tamamlamas\u0131 ard\u0131ndan a\u00e7\u0131klamalarda bulundu\u011fu belirtildi.<\/p>\n<p>\u201cKathimerini.com.cy\u201dde yer alan habere g\u00f6re, g\u00f6r\u00fc\u015fmenin sonucundan duydu\u011fu memnuniyeti dile getiren Hristodulidis, do\u011fru y\u00f6nde geli\u015fmeler oldu\u011funu ve m\u00fczakerelerin yeniden ba\u015flamas\u0131na y\u00f6nelik ilk \u00f6nemli olumlu ad\u0131m\u0131n at\u0131ld\u0131\u011f\u0131n\u0131 dile getirdi.<\/p>\n<p>A\u00e7\u0131klamas\u0131nda \u00fc\u00e7 nokta \u00fczerinde duran Hristodulidis, ilk olarak BM Genel Sekreterinin yeni bir ki\u015fisel\u00a0 temsilci atanmas\u0131 karar\u0131ndan s\u00f6z etti.<\/p>\n<p>Hristodulidis g\u00f6r\u00fc\u015fmede ikinci olarak ise, Temmuz ay\u0131 sonunda o zamana kadar sa\u011flanan ilerlemenin g\u00f6r\u00fclebilmesi i\u00e7in bir toplant\u0131 yap\u0131lmas\u0131na karar verdiklerini s\u00f6yledi.<\/p>\n<p>\u00dc\u00e7\u00fcnc\u00fc olarak ise, Avrupa Konseyi Ba\u015fkan\u0131 Antonio Costa ile AB Komisyonu Ba\u015fkan\u0131 Ursula von der Leyen\u2019in BM Genel Sekreteri Antonio Guterres\u2019e ortak bir mektup g\u00f6ndermesine at\u0131fta bulunan Hristodulidis, bunun AB\u2019nin K\u0131br\u0131s sorununun \u00e7\u00f6z\u00fcm\u00fcyle ilgili pozisyonunu belirledi\u011fini d\u00fc\u015f\u00fcnd\u00fc\u011f\u00fcn\u00fc de s\u00f6yledi.<\/p>\n<p>Hristodulidis Cenevre\u2019de kendisine e\u015flik eden t\u00fcm Ulusal Konsey \u00fcyelerine te\u015fekk\u00fcr de etti.<\/p>\n<p>TAK\/BRT<\/p>\n<\/p><\/div>\n<p><script async\n                    defer\n                    crossorigin=\"anonymous\"\n                    src=\"https:\/\/connect.facebook.net\/tr_TR\/sdk.js#xfbml=1&#038;version=v3.3\"\n            ><\/script><\/p>\n","protected":false},"excerpt":{"rendered":"<p>Rum Y\u00f6netimi Ba\u015fkan\u0131 Nikos Hristodulidis\u2019in bug\u00fcn Cenevre\u2019de ger\u00e7ekle\u015ftirilen 5+1 format\u0131ndaki gayriresmi g\u00f6r\u00fc\u015fmenin tamamlamas\u0131 ard\u0131ndan a\u00e7\u0131klamalarda bulundu\u011fu belirtildi. \u201cKathimerini.com.cy\u201dde yer alan habere g\u00f6re, g\u00f6r\u00fc\u015fmenin sonucundan duydu\u011fu memnuniyeti dile getiren Hristodulidis, do\u011fru y\u00f6nde geli\u015fmeler oldu\u011funu ve m\u00fczakerelerin yeniden ba\u015flamas\u0131na y\u00f6nelik ilk \u00f6nemli olumlu ad\u0131m\u0131n at\u0131ld\u0131\u011f\u0131n\u0131 dile getirdi. A\u00e7\u0131klamas\u0131nda \u00fc\u00e7 nokta \u00fczerinde duran Hristodulidis, ilk olarak BM Genel<\/p>\n","protected":false},"author":1,"featured_media":78174,"comment_status":"open","ping_status":"open","sticky":false,"template":"","format":"standard","meta":{"footnotes":""},"categories":[1],"tags":[],"class_list":["post-78173","post","type-post","status-publish","format-standard","has-post-thumbnail","hentry","category-gundem"],"yoast_head":"<!-- This site is optimized with the Yoast SEO plugin v27.5 - https:\/\/yoast.com\/product\/yoast-seo-wordpress\/ -->\n<title>Hristodulidis zirvenin ard\u0131ndan a\u00e7\u0131klamada bulundu -<\/title>\n<meta name=\"robots\" content=\"index, follow, max-snippet:-1, max-image-preview:large, max-video-preview:-1\" \/>\n<link rel=\"canonical\" href=\"https:\/\/kibrisdakik.com\/?p=78173\" \/>\n<meta property=\"og:locale\" content=\"tr_TR\" \/>\n<meta property=\"og:type\" content=\"article\" \/>\n<meta property=\"og:title\" content=\"Hristodulidis zirvenin ard\u0131ndan a\u00e7\u0131klamada bulundu -\" \/>\n<meta property=\"og:description\" content=\"Rum Y\u00f6netimi Ba\u015fkan\u0131 Nikos Hristodulidis\u2019in bug\u00fcn Cenevre\u2019de ger\u00e7ekle\u015ftirilen 5+1 format\u0131ndaki gayriresmi g\u00f6r\u00fc\u015fmenin tamamlamas\u0131 ard\u0131ndan a\u00e7\u0131klamalarda bulundu\u011fu belirtildi. \u201cKathimerini.com.cy\u201dde yer alan habere g\u00f6re, g\u00f6r\u00fc\u015fmenin sonucundan duydu\u011fu memnuniyeti dile getiren Hristodulidis, do\u011fru y\u00f6nde geli\u015fmeler oldu\u011funu ve m\u00fczakerelerin yeniden ba\u015flamas\u0131na y\u00f6nelik ilk \u00f6nemli olumlu ad\u0131m\u0131n at\u0131ld\u0131\u011f\u0131n\u0131 dile getirdi. A\u00e7\u0131klamas\u0131nda \u00fc\u00e7 nokta \u00fczerinde duran Hristodulidis, ilk olarak BM Genel\" \/>\n<meta property=\"og:url\" content=\"https:\/\/kibrisdakik.com\/?p=78173\" \/>\n<meta property=\"article:published_time\" content=\"2025-03-18T18:09:00+00:00\" \/>\n<meta property=\"og:image\" content=\"https:\/\/kibrisdakik.com\/wp-content\/uploads\/2025\/03\/1742319200845xristodoulidesss-1-740x420.jpg\" \/>\n\t<meta property=\"og:image:width\" content=\"898\" \/>\n\t<meta property=\"og:image:height\" content=\"442\" \/>\n\t<meta property=\"og:image:type\" content=\"image\/jpeg\" \/>\n<meta name=\"author\" content=\"admin\" \/>\n<meta name=\"twitter:card\" content=\"summary_large_image\" \/>\n<meta name=\"twitter:label1\" content=\"Yazan:\" \/>\n\t<meta name=\"twitter:data1\" content=\"admin\" \/>\n\t<meta name=\"twitter:label2\" content=\"Tahmini okuma s\u00fcresi\" \/>\n\t<meta name=\"twitter:data2\" content=\"1 dakika\" \/>\n<script type=\"application\/ld+json\" class=\"yoast-schema-graph\">{\"@context\":\"https:\\\/\\\/schema.org\",\"@graph\":[{\"@type\":\"Article\",\"@id\":\"https:\\\/\\\/kibrisdakik.com\\\/?p=78173#article\",\"isPartOf\":{\"@id\":\"https:\\\/\\\/kibrisdakik.com\\\/?p=78173\"},\"author\":{\"name\":\"admin\",\"@id\":\"https:\\\/\\\/kibrisdakik.com\\\/#\\\/schema\\\/person\\\/9cd9d437bbb44f72b73ba127e06d8e79\"},\"headline\":\"Hristodulidis zirvenin ard\u0131ndan a\u00e7\u0131klamada bulundu\",\"datePublished\":\"2025-03-18T18:09:00+00:00\",\"mainEntityOfPage\":{\"@id\":\"https:\\\/\\\/kibrisdakik.com\\\/?p=78173\"},\"wordCount\":209,\"commentCount\":0,\"image\":{\"@id\":\"https:\\\/\\\/kibrisdakik.com\\\/?p=78173#primaryimage\"},\"thumbnailUrl\":\"https:\\\/\\\/kibrisdakik.com\\\/wp-content\\\/uploads\\\/2025\\\/03\\\/1742319200845xristodoulidesss-1-740x420.jpg\",\"articleSection\":[\"G\u00fcndem\"],\"inLanguage\":\"tr\",\"potentialAction\":[{\"@type\":\"CommentAction\",\"name\":\"Comment\",\"target\":[\"https:\\\/\\\/kibrisdakik.com\\\/?p=78173#respond\"]}]},{\"@type\":\"WebPage\",\"@id\":\"https:\\\/\\\/kibrisdakik.com\\\/?p=78173\",\"url\":\"https:\\\/\\\/kibrisdakik.com\\\/?p=78173\",\"name\":\"Hristodulidis zirvenin ard\u0131ndan a\u00e7\u0131klamada bulundu -\",\"isPartOf\":{\"@id\":\"https:\\\/\\\/kibrisdakik.com\\\/#website\"},\"primaryImageOfPage\":{\"@id\":\"https:\\\/\\\/kibrisdakik.com\\\/?p=78173#primaryimage\"},\"image\":{\"@id\":\"https:\\\/\\\/kibrisdakik.com\\\/?p=78173#primaryimage\"},\"thumbnailUrl\":\"https:\\\/\\\/kibrisdakik.com\\\/wp-content\\\/uploads\\\/2025\\\/03\\\/1742319200845xristodoulidesss-1-740x420.jpg\",\"datePublished\":\"2025-03-18T18:09:00+00:00\",\"author\":{\"@id\":\"https:\\\/\\\/kibrisdakik.com\\\/#\\\/schema\\\/person\\\/9cd9d437bbb44f72b73ba127e06d8e79\"},\"breadcrumb\":{\"@id\":\"https:\\\/\\\/kibrisdakik.com\\\/?p=78173#breadcrumb\"},\"inLanguage\":\"tr\",\"potentialAction\":[{\"@type\":\"ReadAction\",\"target\":[\"https:\\\/\\\/kibrisdakik.com\\\/?p=78173\"]}]},{\"@type\":\"ImageObject\",\"inLanguage\":\"tr\",\"@id\":\"https:\\\/\\\/kibrisdakik.com\\\/?p=78173#primaryimage\",\"url\":\"https:\\\/\\\/kibrisdakik.com\\\/wp-content\\\/uploads\\\/2025\\\/03\\\/1742319200845xristodoulidesss-1-740x420.jpg\",\"contentUrl\":\"https:\\\/\\\/kibrisdakik.com\\\/wp-content\\\/uploads\\\/2025\\\/03\\\/1742319200845xristodoulidesss-1-740x420.jpg\",\"width\":898,\"height\":442},{\"@type\":\"BreadcrumbList\",\"@id\":\"https:\\\/\\\/kibrisdakik.com\\\/?p=78173#breadcrumb\",\"itemListElement\":[{\"@type\":\"ListItem\",\"position\":1,\"name\":\"Home\",\"item\":\"https:\\\/\\\/kibrisdakik.com\\\/\"},{\"@type\":\"ListItem\",\"position\":2,\"name\":\"Hristodulidis zirvenin ard\u0131ndan a\u00e7\u0131klamada bulundu\"}]},{\"@type\":\"WebSite\",\"@id\":\"https:\\\/\\\/kibrisdakik.com\\\/#website\",\"url\":\"https:\\\/\\\/kibrisdakik.com\\\/\",\"name\":\"\",\"description\":\"Tam vaktinde haber\",\"potentialAction\":[{\"@type\":\"SearchAction\",\"target\":{\"@type\":\"EntryPoint\",\"urlTemplate\":\"https:\\\/\\\/kibrisdakik.com\\\/?s={search_term_string}\"},\"query-input\":{\"@type\":\"PropertyValueSpecification\",\"valueRequired\":true,\"valueName\":\"search_term_string\"}}],\"inLanguage\":\"tr\"},{\"@type\":\"Person\",\"@id\":\"https:\\\/\\\/kibrisdakik.com\\\/#\\\/schema\\\/person\\\/9cd9d437bbb44f72b73ba127e06d8e79\",\"name\":\"admin\",\"image\":{\"@type\":\"ImageObject\",\"inLanguage\":\"tr\",\"@id\":\"https:\\\/\\\/secure.gravatar.com\\\/avatar\\\/ccc17943b9d660506c869530f897617f7cb1c21a4bf30023f252596d83e1f007?s=96&d=mm&r=g\",\"url\":\"https:\\\/\\\/secure.gravatar.com\\\/avatar\\\/ccc17943b9d660506c869530f897617f7cb1c21a4bf30023f252596d83e1f007?s=96&d=mm&r=g\",\"contentUrl\":\"https:\\\/\\\/secure.gravatar.com\\\/avatar\\\/ccc17943b9d660506c869530f897617f7cb1c21a4bf30023f252596d83e1f007?s=96&d=mm&r=g\",\"caption\":\"admin\"},\"sameAs\":[\"https:\\\/\\\/kibrisdakik.com\"],\"url\":\"https:\\\/\\\/kibrisdakik.com\\\/?author=1\"}]}<\/script>\n<!-- \/ Yoast SEO plugin. -->","yoast_head_json":{"title":"Hristodulidis zirvenin ard\u0131ndan a\u00e7\u0131klamada bulundu -","robots":{"index":"index","follow":"follow","max-snippet":"max-snippet:-1","max-image-preview":"max-image-preview:large","max-video-preview":"max-video-preview:-1"},"canonical":"https:\/\/kibrisdakik.com\/?p=78173","og_locale":"tr_TR","og_type":"article","og_title":"Hristodulidis zirvenin ard\u0131ndan a\u00e7\u0131klamada bulundu -","og_description":"Rum Y\u00f6netimi Ba\u015fkan\u0131 Nikos Hristodulidis\u2019in bug\u00fcn Cenevre\u2019de ger\u00e7ekle\u015ftirilen 5+1 format\u0131ndaki gayriresmi g\u00f6r\u00fc\u015fmenin tamamlamas\u0131 ard\u0131ndan a\u00e7\u0131klamalarda bulundu\u011fu belirtildi. \u201cKathimerini.com.cy\u201dde yer alan habere g\u00f6re, g\u00f6r\u00fc\u015fmenin sonucundan duydu\u011fu memnuniyeti dile getiren Hristodulidis, do\u011fru y\u00f6nde geli\u015fmeler oldu\u011funu ve m\u00fczakerelerin yeniden ba\u015flamas\u0131na y\u00f6nelik ilk \u00f6nemli olumlu ad\u0131m\u0131n at\u0131ld\u0131\u011f\u0131n\u0131 dile getirdi. A\u00e7\u0131klamas\u0131nda \u00fc\u00e7 nokta \u00fczerinde duran Hristodulidis, ilk olarak BM Genel","og_url":"https:\/\/kibrisdakik.com\/?p=78173","article_published_time":"2025-03-18T18:09:00+00:00","og_image":[{"width":898,"height":442,"url":"https:\/\/kibrisdakik.com\/wp-content\/uploads\/2025\/03\/1742319200845xristodoulidesss-1-740x420.jpg","type":"image\/jpeg"}],"author":"admin","twitter_card":"summary_large_image","twitter_misc":{"Yazan:":"admin","Tahmini okuma s\u00fcresi":"1 dakika"},"schema":{"@context":"https:\/\/schema.org","@graph":[{"@type":"Article","@id":"https:\/\/kibrisdakik.com\/?p=78173#article","isPartOf":{"@id":"https:\/\/kibrisdakik.com\/?p=78173"},"author":{"name":"admin","@id":"https:\/\/kibrisdakik.com\/#\/schema\/person\/9cd9d437bbb44f72b73ba127e06d8e79"},"headline":"Hristodulidis zirvenin ard\u0131ndan a\u00e7\u0131klamada bulundu","datePublished":"2025-03-18T18:09:00+00:00","mainEntityOfPage":{"@id":"https:\/\/kibrisdakik.com\/?p=78173"},"wordCount":209,"commentCount":0,"image":{"@id":"https:\/\/kibrisdakik.com\/?p=78173#primaryimage"},"thumbnailUrl":"https:\/\/kibrisdakik.com\/wp-content\/uploads\/2025\/03\/1742319200845xristodoulidesss-1-740x420.jpg","articleSection":["G\u00fcndem"],"inLanguage":"tr","potentialAction":[{"@type":"CommentAction","name":"Comment","target":["https:\/\/kibrisdakik.com\/?p=78173#respond"]}]},{"@type":"WebPage","@id":"https:\/\/kibrisdakik.com\/?p=78173","url":"https:\/\/kibrisdakik.com\/?p=78173","name":"Hristodulidis zirvenin ard\u0131ndan a\u00e7\u0131klamada bulundu -","isPartOf":{"@id":"https:\/\/kibrisdakik.com\/#website"},"primaryImageOfPage":{"@id":"https:\/\/kibrisdakik.com\/?p=78173#primaryimage"},"image":{"@id":"https:\/\/kibrisdakik.com\/?p=78173#primaryimage"},"thumbnailUrl":"https:\/\/kibrisdakik.com\/wp-content\/uploads\/2025\/03\/1742319200845xristodoulidesss-1-740x420.jpg","datePublished":"2025-03-18T18:09:00+00:00","author":{"@id":"https:\/\/kibrisdakik.com\/#\/schema\/person\/9cd9d437bbb44f72b73ba127e06d8e79"},"breadcrumb":{"@id":"https:\/\/kibrisdakik.com\/?p=78173#breadcrumb"},"inLanguage":"tr","potentialAction":[{"@type":"ReadAction","target":["https:\/\/kibrisdakik.com\/?p=78173"]}]},{"@type":"ImageObject","inLanguage":"tr","@id":"https:\/\/kibrisdakik.com\/?p=78173#primaryimage","url":"https:\/\/kibrisdakik.com\/wp-content\/uploads\/2025\/03\/1742319200845xristodoulidesss-1-740x420.jpg","contentUrl":"https:\/\/kibrisdakik.com\/wp-content\/uploads\/2025\/03\/1742319200845xristodoulidesss-1-740x420.jpg","width":898,"height":442},{"@type":"BreadcrumbList","@id":"https:\/\/kibrisdakik.com\/?p=78173#breadcrumb","itemListElement":[{"@type":"ListItem","position":1,"name":"Home","item":"https:\/\/kibrisdakik.com\/"},{"@type":"ListItem","position":2,"name":"Hristodulidis zirvenin ard\u0131ndan a\u00e7\u0131klamada bulundu"}]},{"@type":"WebSite","@id":"https:\/\/kibrisdakik.com\/#website","url":"https:\/\/kibrisdakik.com\/","name":"","description":"Tam vaktinde haber","potentialAction":[{"@type":"SearchAction","target":{"@type":"EntryPoint","urlTemplate":"https:\/\/kibrisdakik.com\/?s={search_term_string}"},"query-input":{"@type":"PropertyValueSpecification","valueRequired":true,"valueName":"search_term_string"}}],"inLanguage":"tr"},{"@type":"Person","@id":"https:\/\/kibrisdakik.com\/#\/schema\/person\/9cd9d437bbb44f72b73ba127e06d8e79","name":"admin","image":{"@type":"ImageObject","inLanguage":"tr","@id":"https:\/\/secure.gravatar.com\/avatar\/ccc17943b9d660506c869530f897617f7cb1c21a4bf30023f252596d83e1f007?s=96&d=mm&r=g","url":"https:\/\/secure.gravatar.com\/avatar\/ccc17943b9d660506c869530f897617f7cb1c21a4bf30023f252596d83e1f007?s=96&d=mm&r=g","contentUrl":"https:\/\/secure.gravatar.com\/avatar\/ccc17943b9d660506c869530f897617f7cb1c21a4bf30023f252596d83e1f007?s=96&d=mm&r=g","caption":"admin"},"sameAs":["https:\/\/kibrisdakik.com"],"url":"https:\/\/kibrisdakik.com\/?author=1"}]}},"_links":{"self":[{"href":"https:\/\/kibrisdakik.com\/index.php?rest_route=\/wp\/v2\/posts\/78173","targetHints":{"allow":["GET"]}}],"collection":[{"href":"https:\/\/kibrisdakik.com\/index.php?rest_route=\/wp\/v2\/posts"}],"about":[{"href":"https:\/\/kibrisdakik.com\/index.php?rest_route=\/wp\/v2\/types\/post"}],"author":[{"embeddable":true,"href":"https:\/\/kibrisdakik.com\/index.php?rest_route=\/wp\/v2\/users\/1"}],"replies":[{"embeddable":true,"href":"https:\/\/kibrisdakik.com\/index.php?rest_route=%2Fwp%2Fv2%2Fcomments&post=78173"}],"version-history":[{"count":0,"href":"https:\/\/kibrisdakik.com\/index.php?rest_route=\/wp\/v2\/posts\/78173\/revisions"}],"wp:featuredmedia":[{"embeddable":true,"href":"https:\/\/kibrisdakik.com\/index.php?rest_route=\/wp\/v2\/media\/78174"}],"wp:attachment":[{"href":"https:\/\/kibrisdakik.com\/index.php?rest_route=%2Fwp%2Fv2%2Fmedia&parent=78173"}],"wp:term":[{"taxonomy":"category","embeddable":true,"href":"https:\/\/kibrisdakik.com\/index.php?rest_route=%2Fwp%2Fv2%2Fcategories&post=78173"},{"taxonomy":"post_tag","embeddable":true,"href":"https:\/\/kibrisdakik.com\/index.php?rest_route=%2Fwp%2Fv2%2Ftags&post=78173"}],"curies":[{"name":"wp","href":"https:\/\/api.w.org\/{rel}","templated":true}]}}