{"id":78175,"date":"2025-03-19T06:40:25","date_gmt":"2025-03-19T03:40:25","guid":{"rendered":"https:\/\/kibrisdakik.com\/index.php\/2025\/03\/19\/girnede-arac-yayaya-carpti-1-kisi-hayatini-kaybetti\/"},"modified":"2025-03-19T06:40:25","modified_gmt":"2025-03-19T03:40:25","slug":"girnede-arac-yayaya-carpti-1-kisi-hayatini-kaybetti","status":"publish","type":"post","link":"https:\/\/kibrisdakik.com\/?p=78175","title":{"rendered":"Girne\u2019de ara\u00e7 yayaya \u00e7arpt\u0131, 1 ki\u015fi hayat\u0131n\u0131 kaybetti!"},"content":{"rendered":"<div>\n<div class=\"mariselle-image-container center\">\n                                            <\/div>\n<p>\u00a0<\/p>\n<p>Polis Bas\u0131n Subayl\u0131\u011f\u0131\u2019ndan verilen bilgiye g\u00f6re, saat 21.50 s\u0131ralar\u0131nda, Girne\u2019de Naci Talat Caddesi \u00fczerinde, Mira\u00e7 GEN\u00c7 (E-29), y\u00f6netimindeki VD 737 plakal\u0131 ara\u00e7 ile do\u011fu istikametinden bat\u0131 istikametine do\u011fru seyretti\u011fi s\u0131rada dikkatsizli\u011fi sonucu o esnada yolu kar\u015f\u0131dan kar\u015f\u0131ya yaya olarak ge\u00e7mekte olan Og\u00fcn ALDEM\u0130R (E-48)\u2019e \u00e7arpm\u0131\u015ft\u0131r.<\/p>\n<p>\u00a0<\/p>\n<p>\u00a0<\/p>\n<p>Kaza sonucu yaya Og\u00fcn ALDEM\u0130R kald\u0131r\u0131ld\u0131\u011f\u0131 Girne Dr Ak\u00e7i\u00e7ek Hastanesinde yap\u0131lan t\u00fcm m\u00fcdahalelere ra\u011fmen kurtar\u0131lamayarak ya\u015fam\u0131n\u0131 yitirmi\u015ftir. Soru\u015fturma kapsam\u0131nda VD 737 plakal\u0131 ara\u00e7 s\u00fcr\u00fcc\u00fcs\u00fc Mira\u00e7 GEN\u00c7 tutuklanm\u0131\u015f olup, polisin soru\u015fturmas\u0131 devam etmektedir.<\/p>\n<\/p><\/div>\n<p><script async\n                    defer\n                    crossorigin=\"anonymous\"\n                    src=\"https:\/\/connect.facebook.net\/tr_TR\/sdk.js#xfbml=1&#038;version=v3.3\"\n            ><\/script><\/p>\n","protected":false},"excerpt":{"rendered":"<p>\u00a0 Polis Bas\u0131n Subayl\u0131\u011f\u0131\u2019ndan verilen bilgiye g\u00f6re, saat 21.50 s\u0131ralar\u0131nda, Girne\u2019de Naci Talat Caddesi \u00fczerinde, Mira\u00e7 GEN\u00c7 (E-29), y\u00f6netimindeki VD 737 plakal\u0131 ara\u00e7 ile do\u011fu istikametinden bat\u0131 istikametine do\u011fru seyretti\u011fi s\u0131rada dikkatsizli\u011fi sonucu o esnada yolu kar\u015f\u0131dan kar\u015f\u0131ya yaya olarak ge\u00e7mekte olan Og\u00fcn ALDEM\u0130R (E-48)\u2019e \u00e7arpm\u0131\u015ft\u0131r. \u00a0 \u00a0 Kaza sonucu yaya Og\u00fcn ALDEM\u0130R kald\u0131r\u0131ld\u0131\u011f\u0131 Girne<\/p>\n","protected":false},"author":1,"featured_media":78176,"comment_status":"open","ping_status":"open","sticky":false,"template":"","format":"standard","meta":{"footnotes":""},"categories":[81,101],"tags":[],"class_list":["post-78175","post","type-post","status-publish","format-standard","has-post-thumbnail","hentry","category-kibris","category-manset"],"yoast_head":"<!-- This site is optimized with the Yoast SEO plugin v27.4 - https:\/\/yoast.com\/product\/yoast-seo-wordpress\/ -->\n<title>Girne\u2019de ara\u00e7 yayaya \u00e7arpt\u0131, 1 ki\u015fi hayat\u0131n\u0131 kaybetti! -<\/title>\n<meta name=\"robots\" content=\"index, follow, max-snippet:-1, max-image-preview:large, max-video-preview:-1\" \/>\n<link rel=\"canonical\" href=\"https:\/\/kibrisdakik.com\/?p=78175\" \/>\n<meta property=\"og:locale\" content=\"tr_TR\" \/>\n<meta property=\"og:type\" content=\"article\" \/>\n<meta property=\"og:title\" content=\"Girne\u2019de ara\u00e7 yayaya \u00e7arpt\u0131, 1 ki\u015fi hayat\u0131n\u0131 kaybetti! -\" \/>\n<meta property=\"og:description\" content=\"\u00a0 Polis Bas\u0131n Subayl\u0131\u011f\u0131\u2019ndan verilen bilgiye g\u00f6re, saat 21.50 s\u0131ralar\u0131nda, Girne\u2019de Naci Talat Caddesi \u00fczerinde, Mira\u00e7 GEN\u00c7 (E-29), y\u00f6netimindeki VD 737 plakal\u0131 ara\u00e7 ile do\u011fu istikametinden bat\u0131 istikametine do\u011fru seyretti\u011fi s\u0131rada dikkatsizli\u011fi sonucu o esnada yolu kar\u015f\u0131dan kar\u015f\u0131ya yaya olarak ge\u00e7mekte olan Og\u00fcn ALDEM\u0130R (E-48)\u2019e \u00e7arpm\u0131\u015ft\u0131r. \u00a0 \u00a0 Kaza sonucu yaya Og\u00fcn ALDEM\u0130R kald\u0131r\u0131ld\u0131\u011f\u0131 Girne\" \/>\n<meta property=\"og:url\" content=\"https:\/\/kibrisdakik.com\/?p=78175\" \/>\n<meta property=\"article:published_time\" content=\"2025-03-19T03:40:25+00:00\" \/>\n<meta property=\"og:image\" content=\"https:\/\/kibrisdakik.com\/wp-content\/uploads\/2025\/03\/InShot_20250319_055059256-scaled-740x420.jpg\" \/>\n\t<meta property=\"og:image:width\" content=\"2560\" \/>\n\t<meta property=\"og:image:height\" content=\"1439\" \/>\n\t<meta property=\"og:image:type\" content=\"image\/jpeg\" \/>\n<meta name=\"author\" content=\"admin\" \/>\n<meta name=\"twitter:card\" content=\"summary_large_image\" \/>\n<meta name=\"twitter:label1\" content=\"Yazan:\" \/>\n\t<meta name=\"twitter:data1\" content=\"admin\" \/>\n\t<meta name=\"twitter:label2\" content=\"Tahmini okuma s\u00fcresi\" \/>\n\t<meta name=\"twitter:data2\" content=\"1 dakika\" \/>\n<script type=\"application\/ld+json\" class=\"yoast-schema-graph\">{\"@context\":\"https:\\\/\\\/schema.org\",\"@graph\":[{\"@type\":\"Article\",\"@id\":\"https:\\\/\\\/kibrisdakik.com\\\/?p=78175#article\",\"isPartOf\":{\"@id\":\"https:\\\/\\\/kibrisdakik.com\\\/?p=78175\"},\"author\":{\"name\":\"admin\",\"@id\":\"https:\\\/\\\/kibrisdakik.com\\\/#\\\/schema\\\/person\\\/9cd9d437bbb44f72b73ba127e06d8e79\"},\"headline\":\"Girne\u2019de ara\u00e7 yayaya \u00e7arpt\u0131, 1 ki\u015fi hayat\u0131n\u0131 kaybetti!\",\"datePublished\":\"2025-03-19T03:40:25+00:00\",\"mainEntityOfPage\":{\"@id\":\"https:\\\/\\\/kibrisdakik.com\\\/?p=78175\"},\"wordCount\":124,\"commentCount\":0,\"image\":{\"@id\":\"https:\\\/\\\/kibrisdakik.com\\\/?p=78175#primaryimage\"},\"thumbnailUrl\":\"https:\\\/\\\/kibrisdakik.com\\\/wp-content\\\/uploads\\\/2025\\\/03\\\/InShot_20250319_055059256-scaled-740x420.jpg\",\"articleSection\":[\"K\u0131br\u0131s\",\"Man\u015fet\"],\"inLanguage\":\"tr\",\"potentialAction\":[{\"@type\":\"CommentAction\",\"name\":\"Comment\",\"target\":[\"https:\\\/\\\/kibrisdakik.com\\\/?p=78175#respond\"]}]},{\"@type\":\"WebPage\",\"@id\":\"https:\\\/\\\/kibrisdakik.com\\\/?p=78175\",\"url\":\"https:\\\/\\\/kibrisdakik.com\\\/?p=78175\",\"name\":\"Girne\u2019de ara\u00e7 yayaya \u00e7arpt\u0131, 1 ki\u015fi hayat\u0131n\u0131 kaybetti! -\",\"isPartOf\":{\"@id\":\"https:\\\/\\\/kibrisdakik.com\\\/#website\"},\"primaryImageOfPage\":{\"@id\":\"https:\\\/\\\/kibrisdakik.com\\\/?p=78175#primaryimage\"},\"image\":{\"@id\":\"https:\\\/\\\/kibrisdakik.com\\\/?p=78175#primaryimage\"},\"thumbnailUrl\":\"https:\\\/\\\/kibrisdakik.com\\\/wp-content\\\/uploads\\\/2025\\\/03\\\/InShot_20250319_055059256-scaled-740x420.jpg\",\"datePublished\":\"2025-03-19T03:40:25+00:00\",\"author\":{\"@id\":\"https:\\\/\\\/kibrisdakik.com\\\/#\\\/schema\\\/person\\\/9cd9d437bbb44f72b73ba127e06d8e79\"},\"breadcrumb\":{\"@id\":\"https:\\\/\\\/kibrisdakik.com\\\/?p=78175#breadcrumb\"},\"inLanguage\":\"tr\",\"potentialAction\":[{\"@type\":\"ReadAction\",\"target\":[\"https:\\\/\\\/kibrisdakik.com\\\/?p=78175\"]}]},{\"@type\":\"ImageObject\",\"inLanguage\":\"tr\",\"@id\":\"https:\\\/\\\/kibrisdakik.com\\\/?p=78175#primaryimage\",\"url\":\"https:\\\/\\\/kibrisdakik.com\\\/wp-content\\\/uploads\\\/2025\\\/03\\\/InShot_20250319_055059256-scaled-740x420.jpg\",\"contentUrl\":\"https:\\\/\\\/kibrisdakik.com\\\/wp-content\\\/uploads\\\/2025\\\/03\\\/InShot_20250319_055059256-scaled-740x420.jpg\",\"width\":2560,\"height\":1439},{\"@type\":\"BreadcrumbList\",\"@id\":\"https:\\\/\\\/kibrisdakik.com\\\/?p=78175#breadcrumb\",\"itemListElement\":[{\"@type\":\"ListItem\",\"position\":1,\"name\":\"Home\",\"item\":\"https:\\\/\\\/kibrisdakik.com\\\/\"},{\"@type\":\"ListItem\",\"position\":2,\"name\":\"Girne\u2019de ara\u00e7 yayaya \u00e7arpt\u0131, 1 ki\u015fi hayat\u0131n\u0131 kaybetti!\"}]},{\"@type\":\"WebSite\",\"@id\":\"https:\\\/\\\/kibrisdakik.com\\\/#website\",\"url\":\"https:\\\/\\\/kibrisdakik.com\\\/\",\"name\":\"\",\"description\":\"Tam vaktinde haber\",\"potentialAction\":[{\"@type\":\"SearchAction\",\"target\":{\"@type\":\"EntryPoint\",\"urlTemplate\":\"https:\\\/\\\/kibrisdakik.com\\\/?s={search_term_string}\"},\"query-input\":{\"@type\":\"PropertyValueSpecification\",\"valueRequired\":true,\"valueName\":\"search_term_string\"}}],\"inLanguage\":\"tr\"},{\"@type\":\"Person\",\"@id\":\"https:\\\/\\\/kibrisdakik.com\\\/#\\\/schema\\\/person\\\/9cd9d437bbb44f72b73ba127e06d8e79\",\"name\":\"admin\",\"image\":{\"@type\":\"ImageObject\",\"inLanguage\":\"tr\",\"@id\":\"https:\\\/\\\/secure.gravatar.com\\\/avatar\\\/ccc17943b9d660506c869530f897617f7cb1c21a4bf30023f252596d83e1f007?s=96&d=mm&r=g\",\"url\":\"https:\\\/\\\/secure.gravatar.com\\\/avatar\\\/ccc17943b9d660506c869530f897617f7cb1c21a4bf30023f252596d83e1f007?s=96&d=mm&r=g\",\"contentUrl\":\"https:\\\/\\\/secure.gravatar.com\\\/avatar\\\/ccc17943b9d660506c869530f897617f7cb1c21a4bf30023f252596d83e1f007?s=96&d=mm&r=g\",\"caption\":\"admin\"},\"sameAs\":[\"https:\\\/\\\/kibrisdakik.com\"],\"url\":\"https:\\\/\\\/kibrisdakik.com\\\/?author=1\"}]}<\/script>\n<!-- \/ Yoast SEO plugin. -->","yoast_head_json":{"title":"Girne\u2019de ara\u00e7 yayaya \u00e7arpt\u0131, 1 ki\u015fi hayat\u0131n\u0131 kaybetti! -","robots":{"index":"index","follow":"follow","max-snippet":"max-snippet:-1","max-image-preview":"max-image-preview:large","max-video-preview":"max-video-preview:-1"},"canonical":"https:\/\/kibrisdakik.com\/?p=78175","og_locale":"tr_TR","og_type":"article","og_title":"Girne\u2019de ara\u00e7 yayaya \u00e7arpt\u0131, 1 ki\u015fi hayat\u0131n\u0131 kaybetti! -","og_description":"\u00a0 Polis Bas\u0131n Subayl\u0131\u011f\u0131\u2019ndan verilen bilgiye g\u00f6re, saat 21.50 s\u0131ralar\u0131nda, Girne\u2019de Naci Talat Caddesi \u00fczerinde, Mira\u00e7 GEN\u00c7 (E-29), y\u00f6netimindeki VD 737 plakal\u0131 ara\u00e7 ile do\u011fu istikametinden bat\u0131 istikametine do\u011fru seyretti\u011fi s\u0131rada dikkatsizli\u011fi sonucu o esnada yolu kar\u015f\u0131dan kar\u015f\u0131ya yaya olarak ge\u00e7mekte olan Og\u00fcn ALDEM\u0130R (E-48)\u2019e \u00e7arpm\u0131\u015ft\u0131r. \u00a0 \u00a0 Kaza sonucu yaya Og\u00fcn ALDEM\u0130R kald\u0131r\u0131ld\u0131\u011f\u0131 Girne","og_url":"https:\/\/kibrisdakik.com\/?p=78175","article_published_time":"2025-03-19T03:40:25+00:00","og_image":[{"width":2560,"height":1439,"url":"https:\/\/kibrisdakik.com\/wp-content\/uploads\/2025\/03\/InShot_20250319_055059256-scaled-740x420.jpg","type":"image\/jpeg"}],"author":"admin","twitter_card":"summary_large_image","twitter_misc":{"Yazan:":"admin","Tahmini okuma s\u00fcresi":"1 dakika"},"schema":{"@context":"https:\/\/schema.org","@graph":[{"@type":"Article","@id":"https:\/\/kibrisdakik.com\/?p=78175#article","isPartOf":{"@id":"https:\/\/kibrisdakik.com\/?p=78175"},"author":{"name":"admin","@id":"https:\/\/kibrisdakik.com\/#\/schema\/person\/9cd9d437bbb44f72b73ba127e06d8e79"},"headline":"Girne\u2019de ara\u00e7 yayaya \u00e7arpt\u0131, 1 ki\u015fi hayat\u0131n\u0131 kaybetti!","datePublished":"2025-03-19T03:40:25+00:00","mainEntityOfPage":{"@id":"https:\/\/kibrisdakik.com\/?p=78175"},"wordCount":124,"commentCount":0,"image":{"@id":"https:\/\/kibrisdakik.com\/?p=78175#primaryimage"},"thumbnailUrl":"https:\/\/kibrisdakik.com\/wp-content\/uploads\/2025\/03\/InShot_20250319_055059256-scaled-740x420.jpg","articleSection":["K\u0131br\u0131s","Man\u015fet"],"inLanguage":"tr","potentialAction":[{"@type":"CommentAction","name":"Comment","target":["https:\/\/kibrisdakik.com\/?p=78175#respond"]}]},{"@type":"WebPage","@id":"https:\/\/kibrisdakik.com\/?p=78175","url":"https:\/\/kibrisdakik.com\/?p=78175","name":"Girne\u2019de ara\u00e7 yayaya \u00e7arpt\u0131, 1 ki\u015fi hayat\u0131n\u0131 kaybetti! -","isPartOf":{"@id":"https:\/\/kibrisdakik.com\/#website"},"primaryImageOfPage":{"@id":"https:\/\/kibrisdakik.com\/?p=78175#primaryimage"},"image":{"@id":"https:\/\/kibrisdakik.com\/?p=78175#primaryimage"},"thumbnailUrl":"https:\/\/kibrisdakik.com\/wp-content\/uploads\/2025\/03\/InShot_20250319_055059256-scaled-740x420.jpg","datePublished":"2025-03-19T03:40:25+00:00","author":{"@id":"https:\/\/kibrisdakik.com\/#\/schema\/person\/9cd9d437bbb44f72b73ba127e06d8e79"},"breadcrumb":{"@id":"https:\/\/kibrisdakik.com\/?p=78175#breadcrumb"},"inLanguage":"tr","potentialAction":[{"@type":"ReadAction","target":["https:\/\/kibrisdakik.com\/?p=78175"]}]},{"@type":"ImageObject","inLanguage":"tr","@id":"https:\/\/kibrisdakik.com\/?p=78175#primaryimage","url":"https:\/\/kibrisdakik.com\/wp-content\/uploads\/2025\/03\/InShot_20250319_055059256-scaled-740x420.jpg","contentUrl":"https:\/\/kibrisdakik.com\/wp-content\/uploads\/2025\/03\/InShot_20250319_055059256-scaled-740x420.jpg","width":2560,"height":1439},{"@type":"BreadcrumbList","@id":"https:\/\/kibrisdakik.com\/?p=78175#breadcrumb","itemListElement":[{"@type":"ListItem","position":1,"name":"Home","item":"https:\/\/kibrisdakik.com\/"},{"@type":"ListItem","position":2,"name":"Girne\u2019de ara\u00e7 yayaya \u00e7arpt\u0131, 1 ki\u015fi hayat\u0131n\u0131 kaybetti!"}]},{"@type":"WebSite","@id":"https:\/\/kibrisdakik.com\/#website","url":"https:\/\/kibrisdakik.com\/","name":"","description":"Tam vaktinde haber","potentialAction":[{"@type":"SearchAction","target":{"@type":"EntryPoint","urlTemplate":"https:\/\/kibrisdakik.com\/?s={search_term_string}"},"query-input":{"@type":"PropertyValueSpecification","valueRequired":true,"valueName":"search_term_string"}}],"inLanguage":"tr"},{"@type":"Person","@id":"https:\/\/kibrisdakik.com\/#\/schema\/person\/9cd9d437bbb44f72b73ba127e06d8e79","name":"admin","image":{"@type":"ImageObject","inLanguage":"tr","@id":"https:\/\/secure.gravatar.com\/avatar\/ccc17943b9d660506c869530f897617f7cb1c21a4bf30023f252596d83e1f007?s=96&d=mm&r=g","url":"https:\/\/secure.gravatar.com\/avatar\/ccc17943b9d660506c869530f897617f7cb1c21a4bf30023f252596d83e1f007?s=96&d=mm&r=g","contentUrl":"https:\/\/secure.gravatar.com\/avatar\/ccc17943b9d660506c869530f897617f7cb1c21a4bf30023f252596d83e1f007?s=96&d=mm&r=g","caption":"admin"},"sameAs":["https:\/\/kibrisdakik.com"],"url":"https:\/\/kibrisdakik.com\/?author=1"}]}},"_links":{"self":[{"href":"https:\/\/kibrisdakik.com\/index.php?rest_route=\/wp\/v2\/posts\/78175","targetHints":{"allow":["GET"]}}],"collection":[{"href":"https:\/\/kibrisdakik.com\/index.php?rest_route=\/wp\/v2\/posts"}],"about":[{"href":"https:\/\/kibrisdakik.com\/index.php?rest_route=\/wp\/v2\/types\/post"}],"author":[{"embeddable":true,"href":"https:\/\/kibrisdakik.com\/index.php?rest_route=\/wp\/v2\/users\/1"}],"replies":[{"embeddable":true,"href":"https:\/\/kibrisdakik.com\/index.php?rest_route=%2Fwp%2Fv2%2Fcomments&post=78175"}],"version-history":[{"count":0,"href":"https:\/\/kibrisdakik.com\/index.php?rest_route=\/wp\/v2\/posts\/78175\/revisions"}],"wp:featuredmedia":[{"embeddable":true,"href":"https:\/\/kibrisdakik.com\/index.php?rest_route=\/wp\/v2\/media\/78176"}],"wp:attachment":[{"href":"https:\/\/kibrisdakik.com\/index.php?rest_route=%2Fwp%2Fv2%2Fmedia&parent=78175"}],"wp:term":[{"taxonomy":"category","embeddable":true,"href":"https:\/\/kibrisdakik.com\/index.php?rest_route=%2Fwp%2Fv2%2Fcategories&post=78175"},{"taxonomy":"post_tag","embeddable":true,"href":"https:\/\/kibrisdakik.com\/index.php?rest_route=%2Fwp%2Fv2%2Ftags&post=78175"}],"curies":[{"name":"wp","href":"https:\/\/api.w.org\/{rel}","templated":true}]}}