{"id":78240,"date":"2025-03-19T20:17:52","date_gmt":"2025-03-19T17:17:52","guid":{"rendered":"https:\/\/kibrisdakik.com\/index.php\/2025\/03\/19\/guney-kibrista-gorev-yapan-buyukelciler-vakiflar-idaresinin-iftar-yemeginde-agirlandi\/"},"modified":"2025-03-19T20:17:52","modified_gmt":"2025-03-19T17:17:52","slug":"guney-kibrista-gorev-yapan-buyukelciler-vakiflar-idaresinin-iftar-yemeginde-agirlandi","status":"publish","type":"post","link":"https:\/\/kibrisdakik.com\/?p=78240","title":{"rendered":"G\u00fcney K\u0131br\u0131s\u2019ta g\u00f6rev yapan b\u00fcy\u00fckel\u00e7iler Vak\u0131flar \u0130daresi\u2019nin iftar yeme\u011finde a\u011f\u0131rland\u0131"},"content":{"rendered":"<div>\n<div class=\"mariselle-image-container center\">\n                                            <\/div>\n<p>K\u0131br\u0131s Vak\u0131flar \u0130daresi, G\u00fcney K\u0131br\u0131s Rum Y\u00f6netimi\u2019nde g\u00f6rev yapan b\u00fcy\u00fckel\u00e7iler i\u00e7in iftar yeme\u011fi d\u00fczenledi.<\/p>\n<p>Vak\u0131flardan verilen bilgiye g\u00f6re, Lefko\u015fa\u2019daki iftar yeme\u011fine din adamlar\u0131, uluslararas\u0131 kurulu\u015flar\u0131n yetkilileri, diplomatlar ve Vak\u0131flar \u0130daresi y\u00f6netim kurulu \u00fcyeleri kat\u0131ld\u0131.<\/p>\n<p>A\u00e7\u0131klamada, bu t\u00fcr organizasyonlar\u0131n toplumlararas\u0131 diyalo\u011fu ve dayan\u0131\u015fmay\u0131 art\u0131rd\u0131\u011f\u0131 dile getirildi.<\/p>\n<p>Din \u0130\u015fleri Ba\u015fkan\u0131 Hakan Moral iftar duas\u0131nda Ramazan ay\u0131n\u0131n bar\u0131\u015f, huzur ve karde\u015flik getirmesi temenni etti.<\/p>\n<p>K\u0131br\u0131s Vak\u0131flar \u0130daresi Genel M\u00fcd\u00fcr\u00fc Prof. Dr. Mustafa T\u00fcmer, iftardaki konu\u015fmas\u0131nda, K\u0131br\u0131s Vak\u0131flar \u0130daresi\u2019nin adan\u0131n sosyal, k\u00fclt\u00fcrel ve ekonomik dokusundaki rol\u00fcne i\u015faret etti.<\/p>\n<p>T\u00fcmer, \u201cVak\u0131flar \u0130daresi, toplumlar i\u00e7in destek kayna\u011f\u0131 olmu\u015f, temel hizmetleri sa\u011flam\u0131\u015f ve halk aras\u0131ndaki dayan\u0131\u015fma duygusunu art\u0131rm\u0131\u015ft\u0131r\u201d dedi.<\/p>\n<p>453 y\u0131ll\u0131k tarihiyle Evkaf\u2019\u0131n bir\u00e7ok medeniyete ve farkl\u0131 dinlere ev sahipli\u011fi yapt\u0131\u011f\u0131n\u0131 an\u0131msatan T\u00fcmer, \u201cDil, din, \u0131rk ay\u0131rt etmeden, inan\u00e7lar\u0131 ve ge\u00e7mi\u015fleri ne olursa olsun, adada ya\u015fayan herkese kucak a\u00e7\u0131ld\u0131\u201d ifadelerini kulland\u0131.<\/p>\n<p>Mustafa T\u00fcmer, Evkaf\u2019\u0131n daha iyi projeler i\u00e7in farkl\u0131 \u00fclkelerle i\u015f birli\u011fi yapma hedefinde oldu\u011funu da vurgulad\u0131.<\/p>\n<\/p><\/div>\n<p><script async\n                    defer\n                    crossorigin=\"anonymous\"\n                    src=\"https:\/\/connect.facebook.net\/tr_TR\/sdk.js#xfbml=1&#038;version=v3.3\"\n            ><\/script><\/p>\n","protected":false},"excerpt":{"rendered":"<p>K\u0131br\u0131s Vak\u0131flar \u0130daresi, G\u00fcney K\u0131br\u0131s Rum Y\u00f6netimi\u2019nde g\u00f6rev yapan b\u00fcy\u00fckel\u00e7iler i\u00e7in iftar yeme\u011fi d\u00fczenledi. Vak\u0131flardan verilen bilgiye g\u00f6re, Lefko\u015fa\u2019daki iftar yeme\u011fine din adamlar\u0131, uluslararas\u0131 kurulu\u015flar\u0131n yetkilileri, diplomatlar ve Vak\u0131flar \u0130daresi y\u00f6netim kurulu \u00fcyeleri kat\u0131ld\u0131. A\u00e7\u0131klamada, bu t\u00fcr organizasyonlar\u0131n toplumlararas\u0131 diyalo\u011fu ve dayan\u0131\u015fmay\u0131 art\u0131rd\u0131\u011f\u0131 dile getirildi. Din \u0130\u015fleri Ba\u015fkan\u0131 Hakan Moral iftar duas\u0131nda Ramazan ay\u0131n\u0131n bar\u0131\u015f,<\/p>\n","protected":false},"author":1,"featured_media":78241,"comment_status":"open","ping_status":"open","sticky":false,"template":"","format":"standard","meta":{"footnotes":""},"categories":[81,101],"tags":[],"class_list":["post-78240","post","type-post","status-publish","format-standard","has-post-thumbnail","hentry","category-kibris","category-manset"],"yoast_head":"<!-- This site is optimized with the Yoast SEO plugin v27.5 - https:\/\/yoast.com\/product\/yoast-seo-wordpress\/ -->\n<title>G\u00fcney K\u0131br\u0131s\u2019ta g\u00f6rev yapan b\u00fcy\u00fckel\u00e7iler Vak\u0131flar \u0130daresi\u2019nin iftar yeme\u011finde a\u011f\u0131rland\u0131 -<\/title>\n<meta name=\"robots\" content=\"index, follow, max-snippet:-1, max-image-preview:large, max-video-preview:-1\" \/>\n<link rel=\"canonical\" href=\"https:\/\/kibrisdakik.com\/?p=78240\" \/>\n<meta property=\"og:locale\" content=\"tr_TR\" \/>\n<meta property=\"og:type\" content=\"article\" \/>\n<meta property=\"og:title\" content=\"G\u00fcney K\u0131br\u0131s\u2019ta g\u00f6rev yapan b\u00fcy\u00fckel\u00e7iler Vak\u0131flar \u0130daresi\u2019nin iftar yeme\u011finde a\u011f\u0131rland\u0131 -\" \/>\n<meta property=\"og:description\" content=\"K\u0131br\u0131s Vak\u0131flar \u0130daresi, G\u00fcney K\u0131br\u0131s Rum Y\u00f6netimi\u2019nde g\u00f6rev yapan b\u00fcy\u00fckel\u00e7iler i\u00e7in iftar yeme\u011fi d\u00fczenledi. Vak\u0131flardan verilen bilgiye g\u00f6re, Lefko\u015fa\u2019daki iftar yeme\u011fine din adamlar\u0131, uluslararas\u0131 kurulu\u015flar\u0131n yetkilileri, diplomatlar ve Vak\u0131flar \u0130daresi y\u00f6netim kurulu \u00fcyeleri kat\u0131ld\u0131. A\u00e7\u0131klamada, bu t\u00fcr organizasyonlar\u0131n toplumlararas\u0131 diyalo\u011fu ve dayan\u0131\u015fmay\u0131 art\u0131rd\u0131\u011f\u0131 dile getirildi. Din \u0130\u015fleri Ba\u015fkan\u0131 Hakan Moral iftar duas\u0131nda Ramazan ay\u0131n\u0131n bar\u0131\u015f,\" \/>\n<meta property=\"og:url\" content=\"https:\/\/kibrisdakik.com\/?p=78240\" \/>\n<meta property=\"article:published_time\" content=\"2025-03-19T17:17:52+00:00\" \/>\n<meta property=\"og:image\" content=\"https:\/\/kibrisdakik.com\/wp-content\/uploads\/2025\/03\/1742389240881VAKIFLAR-IDARESI-4-740x420.jpg\" \/>\n\t<meta property=\"og:image:width\" content=\"1600\" \/>\n\t<meta property=\"og:image:height\" content=\"1066\" \/>\n\t<meta property=\"og:image:type\" content=\"image\/jpeg\" \/>\n<meta name=\"author\" content=\"admin\" \/>\n<meta name=\"twitter:card\" content=\"summary_large_image\" \/>\n<meta name=\"twitter:label1\" content=\"Yazan:\" \/>\n\t<meta name=\"twitter:data1\" content=\"admin\" \/>\n\t<meta name=\"twitter:label2\" content=\"Tahmini okuma s\u00fcresi\" \/>\n\t<meta name=\"twitter:data2\" content=\"1 dakika\" \/>\n<script type=\"application\/ld+json\" class=\"yoast-schema-graph\">{\"@context\":\"https:\\\/\\\/schema.org\",\"@graph\":[{\"@type\":\"Article\",\"@id\":\"https:\\\/\\\/kibrisdakik.com\\\/?p=78240#article\",\"isPartOf\":{\"@id\":\"https:\\\/\\\/kibrisdakik.com\\\/?p=78240\"},\"author\":{\"name\":\"admin\",\"@id\":\"https:\\\/\\\/kibrisdakik.com\\\/#\\\/schema\\\/person\\\/9cd9d437bbb44f72b73ba127e06d8e79\"},\"headline\":\"G\u00fcney K\u0131br\u0131s\u2019ta g\u00f6rev yapan b\u00fcy\u00fckel\u00e7iler Vak\u0131flar \u0130daresi\u2019nin iftar yeme\u011finde a\u011f\u0131rland\u0131\",\"datePublished\":\"2025-03-19T17:17:52+00:00\",\"mainEntityOfPage\":{\"@id\":\"https:\\\/\\\/kibrisdakik.com\\\/?p=78240\"},\"wordCount\":252,\"commentCount\":0,\"image\":{\"@id\":\"https:\\\/\\\/kibrisdakik.com\\\/?p=78240#primaryimage\"},\"thumbnailUrl\":\"https:\\\/\\\/kibrisdakik.com\\\/wp-content\\\/uploads\\\/2025\\\/03\\\/1742389240881VAKIFLAR-IDARESI-4-740x420.jpg\",\"articleSection\":[\"K\u0131br\u0131s\",\"Man\u015fet\"],\"inLanguage\":\"tr\",\"potentialAction\":[{\"@type\":\"CommentAction\",\"name\":\"Comment\",\"target\":[\"https:\\\/\\\/kibrisdakik.com\\\/?p=78240#respond\"]}]},{\"@type\":\"WebPage\",\"@id\":\"https:\\\/\\\/kibrisdakik.com\\\/?p=78240\",\"url\":\"https:\\\/\\\/kibrisdakik.com\\\/?p=78240\",\"name\":\"G\u00fcney K\u0131br\u0131s\u2019ta g\u00f6rev yapan b\u00fcy\u00fckel\u00e7iler Vak\u0131flar \u0130daresi\u2019nin iftar yeme\u011finde a\u011f\u0131rland\u0131 -\",\"isPartOf\":{\"@id\":\"https:\\\/\\\/kibrisdakik.com\\\/#website\"},\"primaryImageOfPage\":{\"@id\":\"https:\\\/\\\/kibrisdakik.com\\\/?p=78240#primaryimage\"},\"image\":{\"@id\":\"https:\\\/\\\/kibrisdakik.com\\\/?p=78240#primaryimage\"},\"thumbnailUrl\":\"https:\\\/\\\/kibrisdakik.com\\\/wp-content\\\/uploads\\\/2025\\\/03\\\/1742389240881VAKIFLAR-IDARESI-4-740x420.jpg\",\"datePublished\":\"2025-03-19T17:17:52+00:00\",\"author\":{\"@id\":\"https:\\\/\\\/kibrisdakik.com\\\/#\\\/schema\\\/person\\\/9cd9d437bbb44f72b73ba127e06d8e79\"},\"breadcrumb\":{\"@id\":\"https:\\\/\\\/kibrisdakik.com\\\/?p=78240#breadcrumb\"},\"inLanguage\":\"tr\",\"potentialAction\":[{\"@type\":\"ReadAction\",\"target\":[\"https:\\\/\\\/kibrisdakik.com\\\/?p=78240\"]}]},{\"@type\":\"ImageObject\",\"inLanguage\":\"tr\",\"@id\":\"https:\\\/\\\/kibrisdakik.com\\\/?p=78240#primaryimage\",\"url\":\"https:\\\/\\\/kibrisdakik.com\\\/wp-content\\\/uploads\\\/2025\\\/03\\\/1742389240881VAKIFLAR-IDARESI-4-740x420.jpg\",\"contentUrl\":\"https:\\\/\\\/kibrisdakik.com\\\/wp-content\\\/uploads\\\/2025\\\/03\\\/1742389240881VAKIFLAR-IDARESI-4-740x420.jpg\",\"width\":1600,\"height\":1066},{\"@type\":\"BreadcrumbList\",\"@id\":\"https:\\\/\\\/kibrisdakik.com\\\/?p=78240#breadcrumb\",\"itemListElement\":[{\"@type\":\"ListItem\",\"position\":1,\"name\":\"Home\",\"item\":\"https:\\\/\\\/kibrisdakik.com\\\/\"},{\"@type\":\"ListItem\",\"position\":2,\"name\":\"G\u00fcney K\u0131br\u0131s\u2019ta g\u00f6rev yapan b\u00fcy\u00fckel\u00e7iler Vak\u0131flar \u0130daresi\u2019nin iftar yeme\u011finde a\u011f\u0131rland\u0131\"}]},{\"@type\":\"WebSite\",\"@id\":\"https:\\\/\\\/kibrisdakik.com\\\/#website\",\"url\":\"https:\\\/\\\/kibrisdakik.com\\\/\",\"name\":\"\",\"description\":\"Tam vaktinde haber\",\"potentialAction\":[{\"@type\":\"SearchAction\",\"target\":{\"@type\":\"EntryPoint\",\"urlTemplate\":\"https:\\\/\\\/kibrisdakik.com\\\/?s={search_term_string}\"},\"query-input\":{\"@type\":\"PropertyValueSpecification\",\"valueRequired\":true,\"valueName\":\"search_term_string\"}}],\"inLanguage\":\"tr\"},{\"@type\":\"Person\",\"@id\":\"https:\\\/\\\/kibrisdakik.com\\\/#\\\/schema\\\/person\\\/9cd9d437bbb44f72b73ba127e06d8e79\",\"name\":\"admin\",\"image\":{\"@type\":\"ImageObject\",\"inLanguage\":\"tr\",\"@id\":\"https:\\\/\\\/secure.gravatar.com\\\/avatar\\\/ccc17943b9d660506c869530f897617f7cb1c21a4bf30023f252596d83e1f007?s=96&d=mm&r=g\",\"url\":\"https:\\\/\\\/secure.gravatar.com\\\/avatar\\\/ccc17943b9d660506c869530f897617f7cb1c21a4bf30023f252596d83e1f007?s=96&d=mm&r=g\",\"contentUrl\":\"https:\\\/\\\/secure.gravatar.com\\\/avatar\\\/ccc17943b9d660506c869530f897617f7cb1c21a4bf30023f252596d83e1f007?s=96&d=mm&r=g\",\"caption\":\"admin\"},\"sameAs\":[\"https:\\\/\\\/kibrisdakik.com\"],\"url\":\"https:\\\/\\\/kibrisdakik.com\\\/?author=1\"}]}<\/script>\n<!-- \/ Yoast SEO plugin. -->","yoast_head_json":{"title":"G\u00fcney K\u0131br\u0131s\u2019ta g\u00f6rev yapan b\u00fcy\u00fckel\u00e7iler Vak\u0131flar \u0130daresi\u2019nin iftar yeme\u011finde a\u011f\u0131rland\u0131 -","robots":{"index":"index","follow":"follow","max-snippet":"max-snippet:-1","max-image-preview":"max-image-preview:large","max-video-preview":"max-video-preview:-1"},"canonical":"https:\/\/kibrisdakik.com\/?p=78240","og_locale":"tr_TR","og_type":"article","og_title":"G\u00fcney K\u0131br\u0131s\u2019ta g\u00f6rev yapan b\u00fcy\u00fckel\u00e7iler Vak\u0131flar \u0130daresi\u2019nin iftar yeme\u011finde a\u011f\u0131rland\u0131 -","og_description":"K\u0131br\u0131s Vak\u0131flar \u0130daresi, G\u00fcney K\u0131br\u0131s Rum Y\u00f6netimi\u2019nde g\u00f6rev yapan b\u00fcy\u00fckel\u00e7iler i\u00e7in iftar yeme\u011fi d\u00fczenledi. Vak\u0131flardan verilen bilgiye g\u00f6re, Lefko\u015fa\u2019daki iftar yeme\u011fine din adamlar\u0131, uluslararas\u0131 kurulu\u015flar\u0131n yetkilileri, diplomatlar ve Vak\u0131flar \u0130daresi y\u00f6netim kurulu \u00fcyeleri kat\u0131ld\u0131. A\u00e7\u0131klamada, bu t\u00fcr organizasyonlar\u0131n toplumlararas\u0131 diyalo\u011fu ve dayan\u0131\u015fmay\u0131 art\u0131rd\u0131\u011f\u0131 dile getirildi. Din \u0130\u015fleri Ba\u015fkan\u0131 Hakan Moral iftar duas\u0131nda Ramazan ay\u0131n\u0131n bar\u0131\u015f,","og_url":"https:\/\/kibrisdakik.com\/?p=78240","article_published_time":"2025-03-19T17:17:52+00:00","og_image":[{"width":1600,"height":1066,"url":"https:\/\/kibrisdakik.com\/wp-content\/uploads\/2025\/03\/1742389240881VAKIFLAR-IDARESI-4-740x420.jpg","type":"image\/jpeg"}],"author":"admin","twitter_card":"summary_large_image","twitter_misc":{"Yazan:":"admin","Tahmini okuma s\u00fcresi":"1 dakika"},"schema":{"@context":"https:\/\/schema.org","@graph":[{"@type":"Article","@id":"https:\/\/kibrisdakik.com\/?p=78240#article","isPartOf":{"@id":"https:\/\/kibrisdakik.com\/?p=78240"},"author":{"name":"admin","@id":"https:\/\/kibrisdakik.com\/#\/schema\/person\/9cd9d437bbb44f72b73ba127e06d8e79"},"headline":"G\u00fcney K\u0131br\u0131s\u2019ta g\u00f6rev yapan b\u00fcy\u00fckel\u00e7iler Vak\u0131flar \u0130daresi\u2019nin iftar yeme\u011finde a\u011f\u0131rland\u0131","datePublished":"2025-03-19T17:17:52+00:00","mainEntityOfPage":{"@id":"https:\/\/kibrisdakik.com\/?p=78240"},"wordCount":252,"commentCount":0,"image":{"@id":"https:\/\/kibrisdakik.com\/?p=78240#primaryimage"},"thumbnailUrl":"https:\/\/kibrisdakik.com\/wp-content\/uploads\/2025\/03\/1742389240881VAKIFLAR-IDARESI-4-740x420.jpg","articleSection":["K\u0131br\u0131s","Man\u015fet"],"inLanguage":"tr","potentialAction":[{"@type":"CommentAction","name":"Comment","target":["https:\/\/kibrisdakik.com\/?p=78240#respond"]}]},{"@type":"WebPage","@id":"https:\/\/kibrisdakik.com\/?p=78240","url":"https:\/\/kibrisdakik.com\/?p=78240","name":"G\u00fcney K\u0131br\u0131s\u2019ta g\u00f6rev yapan b\u00fcy\u00fckel\u00e7iler Vak\u0131flar \u0130daresi\u2019nin iftar yeme\u011finde a\u011f\u0131rland\u0131 -","isPartOf":{"@id":"https:\/\/kibrisdakik.com\/#website"},"primaryImageOfPage":{"@id":"https:\/\/kibrisdakik.com\/?p=78240#primaryimage"},"image":{"@id":"https:\/\/kibrisdakik.com\/?p=78240#primaryimage"},"thumbnailUrl":"https:\/\/kibrisdakik.com\/wp-content\/uploads\/2025\/03\/1742389240881VAKIFLAR-IDARESI-4-740x420.jpg","datePublished":"2025-03-19T17:17:52+00:00","author":{"@id":"https:\/\/kibrisdakik.com\/#\/schema\/person\/9cd9d437bbb44f72b73ba127e06d8e79"},"breadcrumb":{"@id":"https:\/\/kibrisdakik.com\/?p=78240#breadcrumb"},"inLanguage":"tr","potentialAction":[{"@type":"ReadAction","target":["https:\/\/kibrisdakik.com\/?p=78240"]}]},{"@type":"ImageObject","inLanguage":"tr","@id":"https:\/\/kibrisdakik.com\/?p=78240#primaryimage","url":"https:\/\/kibrisdakik.com\/wp-content\/uploads\/2025\/03\/1742389240881VAKIFLAR-IDARESI-4-740x420.jpg","contentUrl":"https:\/\/kibrisdakik.com\/wp-content\/uploads\/2025\/03\/1742389240881VAKIFLAR-IDARESI-4-740x420.jpg","width":1600,"height":1066},{"@type":"BreadcrumbList","@id":"https:\/\/kibrisdakik.com\/?p=78240#breadcrumb","itemListElement":[{"@type":"ListItem","position":1,"name":"Home","item":"https:\/\/kibrisdakik.com\/"},{"@type":"ListItem","position":2,"name":"G\u00fcney K\u0131br\u0131s\u2019ta g\u00f6rev yapan b\u00fcy\u00fckel\u00e7iler Vak\u0131flar \u0130daresi\u2019nin iftar yeme\u011finde a\u011f\u0131rland\u0131"}]},{"@type":"WebSite","@id":"https:\/\/kibrisdakik.com\/#website","url":"https:\/\/kibrisdakik.com\/","name":"","description":"Tam vaktinde haber","potentialAction":[{"@type":"SearchAction","target":{"@type":"EntryPoint","urlTemplate":"https:\/\/kibrisdakik.com\/?s={search_term_string}"},"query-input":{"@type":"PropertyValueSpecification","valueRequired":true,"valueName":"search_term_string"}}],"inLanguage":"tr"},{"@type":"Person","@id":"https:\/\/kibrisdakik.com\/#\/schema\/person\/9cd9d437bbb44f72b73ba127e06d8e79","name":"admin","image":{"@type":"ImageObject","inLanguage":"tr","@id":"https:\/\/secure.gravatar.com\/avatar\/ccc17943b9d660506c869530f897617f7cb1c21a4bf30023f252596d83e1f007?s=96&d=mm&r=g","url":"https:\/\/secure.gravatar.com\/avatar\/ccc17943b9d660506c869530f897617f7cb1c21a4bf30023f252596d83e1f007?s=96&d=mm&r=g","contentUrl":"https:\/\/secure.gravatar.com\/avatar\/ccc17943b9d660506c869530f897617f7cb1c21a4bf30023f252596d83e1f007?s=96&d=mm&r=g","caption":"admin"},"sameAs":["https:\/\/kibrisdakik.com"],"url":"https:\/\/kibrisdakik.com\/?author=1"}]}},"_links":{"self":[{"href":"https:\/\/kibrisdakik.com\/index.php?rest_route=\/wp\/v2\/posts\/78240","targetHints":{"allow":["GET"]}}],"collection":[{"href":"https:\/\/kibrisdakik.com\/index.php?rest_route=\/wp\/v2\/posts"}],"about":[{"href":"https:\/\/kibrisdakik.com\/index.php?rest_route=\/wp\/v2\/types\/post"}],"author":[{"embeddable":true,"href":"https:\/\/kibrisdakik.com\/index.php?rest_route=\/wp\/v2\/users\/1"}],"replies":[{"embeddable":true,"href":"https:\/\/kibrisdakik.com\/index.php?rest_route=%2Fwp%2Fv2%2Fcomments&post=78240"}],"version-history":[{"count":0,"href":"https:\/\/kibrisdakik.com\/index.php?rest_route=\/wp\/v2\/posts\/78240\/revisions"}],"wp:featuredmedia":[{"embeddable":true,"href":"https:\/\/kibrisdakik.com\/index.php?rest_route=\/wp\/v2\/media\/78241"}],"wp:attachment":[{"href":"https:\/\/kibrisdakik.com\/index.php?rest_route=%2Fwp%2Fv2%2Fmedia&parent=78240"}],"wp:term":[{"taxonomy":"category","embeddable":true,"href":"https:\/\/kibrisdakik.com\/index.php?rest_route=%2Fwp%2Fv2%2Fcategories&post=78240"},{"taxonomy":"post_tag","embeddable":true,"href":"https:\/\/kibrisdakik.com\/index.php?rest_route=%2Fwp%2Fv2%2Ftags&post=78240"}],"curies":[{"name":"wp","href":"https:\/\/api.w.org\/{rel}","templated":true}]}}