{"id":78248,"date":"2025-03-19T20:26:15","date_gmt":"2025-03-19T17:26:15","guid":{"rendered":"https:\/\/kibrisdakik.com\/index.php\/2025\/03\/19\/guvercinlik-spor-tesisi-hizmete-acildi-t-c-genclik-ve-spor-bakani-osman-askin-bak-tesisimiz-hayirli-ugurlu-olsun\/"},"modified":"2025-03-19T20:26:15","modified_gmt":"2025-03-19T17:26:15","slug":"guvercinlik-spor-tesisi-hizmete-acildi-t-c-genclik-ve-spor-bakani-osman-askin-bak-tesisimiz-hayirli-ugurlu-olsun","status":"publish","type":"post","link":"https:\/\/kibrisdakik.com\/?p=78248","title":{"rendered":"G\u00fcvercinlik Spor Tesisi hizmete a\u00e7\u0131ld\u0131\u2026 T.C. Gen\u00e7lik ve Spor Bakan\u0131 Osman A\u015fk\u0131n Bak: \u201cTesisimiz hay\u0131rl\u0131, u\u011furlu olsun\u201d"},"content":{"rendered":"<div>\n<div class=\"mariselle-image-container center\">\n                                            <\/div>\n<p>G\u00fcvercinlik\u2019te Beyarmudu Belediyesi ile T\u00fcrkiye Cumhuriyeti Yard\u0131m Heyeti katk\u0131lar\u0131yla yap\u0131lan \u201csentetik \u00e7im saha ve spor tesisi\u201d, T\u00fcrkiye Cumhuriyeti Gen\u00e7lik ve Spor Bakan\u0131 Osman A\u015fk\u0131n Bak\u2019\u0131n kat\u0131l\u0131m\u0131yla bug\u00fcn d\u00fczenlenen t\u00f6renle hizmete a\u00e7\u0131ld\u0131.<\/p>\n<p>A\u00e7\u0131l\u0131\u015f t\u00f6renine Bakan Osman A\u015fk\u0131n Bak\u2019\u0131n yan\u0131 s\u0131ra T\u00fcrkiye Cumhuriyeti Lefko\u015fa B\u00fcy\u00fckel\u00e7isi Ali Murat Ba\u015f\u00e7eri, Milli E\u011fitim Bakan\u0131 Naz\u0131m \u00c7avu\u015fo\u011flu, Beyarmudu Belediye Ba\u015fkan\u0131 B\u00fclent Bebek ve vatanda\u015flar kat\u0131ld\u0131.<\/p>\n<p>Sayg\u0131 duru\u015fu ve \u0130stiklal Mar\u015f\u0131\u2019n\u0131n okunmas\u0131yla ba\u015flayan a\u00e7\u0131l\u0131\u015f t\u00f6reninde T\u00fcrkiye Cumhuriyeti Gen\u00e7lik ve Spor Bakan\u0131 Osman A\u015fk\u0131n Bak, Milli E\u011fitim Bakan\u0131 Naz\u0131m \u00c7avu\u015fo\u011flu ve Beyarmudu Belediye Ba\u015fkan\u0131 B\u00fclent Bebek birer konu\u015fma yapt\u0131. Konu\u015fmalar\u0131n ard\u0131ndan \u00e7i\u00e7ek takdiminde bulunuldu.<\/p>\n<p>T\u00fcrkiye Cumhuriyeti Gen\u00e7lik ve Spor Bakan\u0131 Osman A\u015fk\u0131n Bak, T\u00fcrkiye Cumhuriyeti Cumhurba\u015fkan\u0131 Recep Tayyip Erdo\u011fan\u2019\u0131n selamlar\u0131n\u0131 getirdi\u011fini belirterek s\u00f6zlerine ba\u015flad\u0131.<\/p>\n<p>\u201cTesisimiz hay\u0131rl\u0131, u\u011furlu olsun. \u00c7ok g\u00fczel bir tesis\u2026 Sizleri seviyoruz. Anavatan T\u00fcrkiye\u2019den sevgiler, sayg\u0131lar\u2026 \u201d ifadelerini kullanan Bak, KKTC\u2019nin her taraf\u0131nda b\u00f6yle tesisler yapmaya devam edeceklerini kaydetti.<\/p>\n<p>Milli E\u011fitim Bakan\u0131 Naz\u0131m \u00c7avu\u015fo\u011flu da, bu t\u00fcr yat\u0131r\u0131mlar\u0131n iki \u00fclkenin karde\u015fli\u011finin somut g\u00f6stergesi a\u00e7\u0131s\u0131ndan b\u00fcy\u00fck \u00f6neme sahip oldu\u011funu belirterek, 1571 y\u0131l\u0131ndan beri T\u00fcrklerin dilini, dinini ve \u0131rk\u0131n\u0131 koruyarak vatan yapmak i\u00e7in verdi\u011fi m\u00fccadeleyi hat\u0131rlatt\u0131.<\/p>\n<p>M\u00fccadelenin geldi\u011fi a\u015famada, uluslararas\u0131 standartlarda altyap\u0131lara sahip olma ve Atat\u00fcrk\u2019\u00fcn \u00f6ng\u00f6rd\u00fc\u011f\u00fc medeniyet seviyelerine ula\u015fmak i\u00e7in u\u011fra\u015f verdiklerini belirten \u00c7avu\u015fo\u011flu, bunlara ula\u015fmay\u0131 K\u0131br\u0131s T\u00fcrk\u00fc\u2019n\u00fcn tek ba\u015f\u0131na ba\u015farmas\u0131n\u0131n m\u00fcmk\u00fcn olmad\u0131\u011f\u0131n\u0131, ilk g\u00fcnden beri T\u00fcrkiye\u2019nin neyi varsa kalk\u0131nmaya destek i\u00e7in K\u0131br\u0131s T\u00fcrk\u00fc ile payla\u015ft\u0131\u011f\u0131n\u0131 s\u00f6yledi.<\/p>\n<p>\u201cDenkta\u015f\u2019\u0131n can istedik can verdiniz, kan istedik kan verdiniz, para istedik para verdiniz.\u201d s\u00f6ylemini hat\u0131rlatan \u00c7avu\u015fo\u011flu, KKTC\u2019de \u00e7ok yetenekli gen\u00e7ler oldu\u011funu ancak spor ambargolar\u0131ndan kaynaklanan gecikmeler ya\u015fand\u0131\u011f\u0131n\u0131, bu tip yat\u0131r\u0131mlarla uluslararas\u0131 seviyelere ula\u015fmalar\u0131na yap\u0131lan katk\u0131lar\u0131n takdirle kar\u015f\u0131land\u0131\u011f\u0131n\u0131 belirtti.<\/p>\n<div class=\"mariselle-image-container center\">\n                <img loading=\"lazy\" decoding=\"async\" width=\"1600\" height=\"1200\" class=\"lazy-image\" alt=\"\" sizes=\"auto, (max-width: 1600px) 100vw, 1600px\" src=\"https:\/\/brtk.net\/wp-content\/uploads\/2025\/03\/19\/1742395767742WhatsApp-Image-2025-03-19-at-5.27.05-PM.jpeg?ver=96ea5bb002bbbc5605dfaffa49dea0f4\" srcset=\"https:\/\/brtk.net\/wp-content\/uploads\/2025\/03\/19\/1742395767742WhatsApp-Image-2025-03-19-at-5.27.05-PM.jpeg?ver=96ea5bb002bbbc5605dfaffa49dea0f4 1600w, https:\/\/brtk.net\/wp-content\/uploads\/2025\/03\/19\/1742395767742WhatsApp-Image-2025-03-19-at-5.27.05-PM-300x225.jpeg?ver=28bacbc604c708f202ef0581ecfa9a32 300w, https:\/\/brtk.net\/wp-content\/uploads\/2025\/03\/19\/1742395767742WhatsApp-Image-2025-03-19-at-5.27.05-PM-1024x768.jpeg?ver=28bacbc604c708f202ef0581ecfa9a32 1024w, https:\/\/brtk.net\/wp-content\/uploads\/2025\/03\/19\/1742395767742WhatsApp-Image-2025-03-19-at-5.27.05-PM-768x576.jpeg?ver=28bacbc604c708f202ef0581ecfa9a32 768w, https:\/\/brtk.net\/wp-content\/uploads\/2025\/03\/19\/1742395767742WhatsApp-Image-2025-03-19-at-5.27.05-PM-1536x1152.jpeg?ver=b1367cb27c73dc0785adea570abf745d 1536w\"\/>                            <\/div>\n<p>Bu t\u00fcr yat\u0131r\u0131mlar\u0131 ger\u00e7ekle\u015ftiren T.C. yetkililerine te\u015fekk\u00fcr eden \u00c7avu\u015fo\u011flu, yat\u0131r\u0131mlar\u0131n devam edece\u011fini ve uluslararas\u0131 standartlar\u0131n \u00fczerine \u00e7\u0131kma m\u00fccadelelerinde hem ekonomik, hem g\u00fcvenlik hem de sportif alanlarda ilerlemeye devam edeceklerini vurgulad\u0131.<\/p>\n<p>Beyarmudu Belediye Ba\u015fkan\u0131 B\u00fclent Bebek de, \u201cBug\u00fcn burada T\u00fcrkiye Cumhuriyeti Cumhurba\u015fkan\u0131 Recep Tayyip Erdo\u011fan\u2019\u0131n talimat\u0131yla, T.C. Gen\u00e7lik ve Spor Bakanl\u0131\u011f\u0131 ve T.C. B\u00fcy\u00fckel\u00e7ili\u011fi\u2019nin deste\u011fiyle hepimizi gururland\u0131ran bu tesisin a\u00e7\u0131l\u0131\u015f\u0131n\u0131 ger\u00e7ekle\u015ftirmek \u00fczere bir araya geldik.\u201d diye konu\u015ftu.<\/p>\n<p>Bug\u00fcn\u00fcn herkes i\u00e7in \u00f6nemli ve anlaml\u0131 bir g\u00fcn oldu\u011funu kaydeden Bebek, yaln\u0131zca bir spor sahas\u0131n\u0131n a\u00e7\u0131l\u0131\u015f\u0131n\u0131 yapmad\u0131klar\u0131n\u0131, ayn\u0131 zamanda bir hayali ger\u00e7e\u011fe d\u00f6n\u00fc\u015ft\u00fcrd\u00fcklerini ifade etti.<\/p>\n<p>\u201cBiliyoruz ki spor, sadece fiziksel bir aktivite de\u011fil; azmin, \u00e7al\u0131\u015fkanl\u0131\u011f\u0131n ve disiplinin de bir g\u00f6stergesidir. Ama en \u00f6nemlisi, buras\u0131 dostluklar\u0131n kuruldu\u011fu, birbirimize destek olmay\u0131 \u00f6\u011frendi\u011fimiz ve birlikte g\u00fc\u00e7lendi\u011fimiz bir yer olacak.\u201d diyen Bebek, tesisin gen\u00e7lerin yeteneklerini ke\u015ffedebilecekleri, kendilerini geli\u015ftirebilecekleri ve belki de gelece\u011fin \u015fampiyonlar\u0131 olarak yeti\u015febilecekleri bir alan olaca\u011f\u0131n\u0131n alt\u0131n\u0131 \u00e7izdi.<\/p>\n<p>Bebek, projenin hayata ge\u00e7mesinde her zaman oldu\u011fu gibi desteklerini esirgemeyen Anavatan T\u00fcrkiye Cumhuriyeti\u2019ne, Cumhurba\u015fkan\u0131 Recep Tayyip Erdo\u011fan\u2019a, T.C. Gen\u00e7lik ve Spor Bakan\u0131\u2019na, T.C. B\u00fcy\u00fckel\u00e7isi\u2019ne, belediye personellerine ve tesisin yap\u0131m\u0131nda eme\u011fi ge\u00e7en ve destek veren herkese te\u015fekk\u00fcr etti.<\/p>\n<\/p><\/div>\n<p><script async\n                    defer\n                    crossorigin=\"anonymous\"\n                    src=\"https:\/\/connect.facebook.net\/tr_TR\/sdk.js#xfbml=1&#038;version=v3.3\"\n            ><\/script><\/p>\n","protected":false},"excerpt":{"rendered":"<p>G\u00fcvercinlik\u2019te Beyarmudu Belediyesi ile T\u00fcrkiye Cumhuriyeti Yard\u0131m Heyeti katk\u0131lar\u0131yla yap\u0131lan \u201csentetik \u00e7im saha ve spor tesisi\u201d, T\u00fcrkiye Cumhuriyeti Gen\u00e7lik ve Spor Bakan\u0131 Osman A\u015fk\u0131n Bak\u2019\u0131n kat\u0131l\u0131m\u0131yla bug\u00fcn d\u00fczenlenen t\u00f6renle hizmete a\u00e7\u0131ld\u0131. A\u00e7\u0131l\u0131\u015f t\u00f6renine Bakan Osman A\u015fk\u0131n Bak\u2019\u0131n yan\u0131 s\u0131ra T\u00fcrkiye Cumhuriyeti Lefko\u015fa B\u00fcy\u00fckel\u00e7isi Ali Murat Ba\u015f\u00e7eri, Milli E\u011fitim Bakan\u0131 Naz\u0131m \u00c7avu\u015fo\u011flu, Beyarmudu Belediye Ba\u015fkan\u0131 B\u00fclent<\/p>\n","protected":false},"author":1,"featured_media":78249,"comment_status":"open","ping_status":"open","sticky":false,"template":"","format":"standard","meta":{"footnotes":""},"categories":[81,101],"tags":[],"class_list":["post-78248","post","type-post","status-publish","format-standard","has-post-thumbnail","hentry","category-kibris","category-manset"],"yoast_head":"<!-- This site is optimized with the Yoast SEO plugin v27.4 - https:\/\/yoast.com\/product\/yoast-seo-wordpress\/ -->\n<title>G\u00fcvercinlik Spor Tesisi hizmete a\u00e7\u0131ld\u0131\u2026 T.C. Gen\u00e7lik ve Spor Bakan\u0131 Osman A\u015fk\u0131n Bak: \u201cTesisimiz hay\u0131rl\u0131, u\u011furlu olsun\u201d -<\/title>\n<meta name=\"robots\" content=\"index, follow, max-snippet:-1, max-image-preview:large, max-video-preview:-1\" \/>\n<link rel=\"canonical\" href=\"https:\/\/kibrisdakik.com\/?p=78248\" \/>\n<meta property=\"og:locale\" content=\"tr_TR\" \/>\n<meta property=\"og:type\" content=\"article\" \/>\n<meta property=\"og:title\" content=\"G\u00fcvercinlik Spor Tesisi hizmete a\u00e7\u0131ld\u0131\u2026 T.C. Gen\u00e7lik ve Spor Bakan\u0131 Osman A\u015fk\u0131n Bak: \u201cTesisimiz hay\u0131rl\u0131, u\u011furlu olsun\u201d -\" \/>\n<meta property=\"og:description\" content=\"G\u00fcvercinlik\u2019te Beyarmudu Belediyesi ile T\u00fcrkiye Cumhuriyeti Yard\u0131m Heyeti katk\u0131lar\u0131yla yap\u0131lan \u201csentetik \u00e7im saha ve spor tesisi\u201d, T\u00fcrkiye Cumhuriyeti Gen\u00e7lik ve Spor Bakan\u0131 Osman A\u015fk\u0131n Bak\u2019\u0131n kat\u0131l\u0131m\u0131yla bug\u00fcn d\u00fczenlenen t\u00f6renle hizmete a\u00e7\u0131ld\u0131. A\u00e7\u0131l\u0131\u015f t\u00f6renine Bakan Osman A\u015fk\u0131n Bak\u2019\u0131n yan\u0131 s\u0131ra T\u00fcrkiye Cumhuriyeti Lefko\u015fa B\u00fcy\u00fckel\u00e7isi Ali Murat Ba\u015f\u00e7eri, Milli E\u011fitim Bakan\u0131 Naz\u0131m \u00c7avu\u015fo\u011flu, Beyarmudu Belediye Ba\u015fkan\u0131 B\u00fclent\" \/>\n<meta property=\"og:url\" content=\"https:\/\/kibrisdakik.com\/?p=78248\" \/>\n<meta property=\"article:published_time\" content=\"2025-03-19T17:26:15+00:00\" \/>\n<meta property=\"og:image\" content=\"https:\/\/kibrisdakik.com\/wp-content\/uploads\/2025\/03\/1742398303779213e0c93-6bc6-4a4d-9b1d-9dc53407862c-740x420.jpg\" \/>\n\t<meta property=\"og:image:width\" content=\"1600\" \/>\n\t<meta property=\"og:image:height\" content=\"1200\" \/>\n\t<meta property=\"og:image:type\" content=\"image\/jpeg\" \/>\n<meta name=\"author\" content=\"admin\" \/>\n<meta name=\"twitter:card\" content=\"summary_large_image\" \/>\n<meta name=\"twitter:label1\" content=\"Yazan:\" \/>\n\t<meta name=\"twitter:data1\" content=\"admin\" \/>\n\t<meta name=\"twitter:label2\" content=\"Tahmini okuma s\u00fcresi\" \/>\n\t<meta name=\"twitter:data2\" content=\"3 dakika\" \/>\n<script type=\"application\/ld+json\" class=\"yoast-schema-graph\">{\"@context\":\"https:\\\/\\\/schema.org\",\"@graph\":[{\"@type\":\"Article\",\"@id\":\"https:\\\/\\\/kibrisdakik.com\\\/?p=78248#article\",\"isPartOf\":{\"@id\":\"https:\\\/\\\/kibrisdakik.com\\\/?p=78248\"},\"author\":{\"name\":\"admin\",\"@id\":\"https:\\\/\\\/kibrisdakik.com\\\/#\\\/schema\\\/person\\\/9cd9d437bbb44f72b73ba127e06d8e79\"},\"headline\":\"G\u00fcvercinlik Spor Tesisi hizmete a\u00e7\u0131ld\u0131\u2026 T.C. Gen\u00e7lik ve Spor Bakan\u0131 Osman A\u015fk\u0131n Bak: \u201cTesisimiz hay\u0131rl\u0131, u\u011furlu olsun\u201d\",\"datePublished\":\"2025-03-19T17:26:15+00:00\",\"mainEntityOfPage\":{\"@id\":\"https:\\\/\\\/kibrisdakik.com\\\/?p=78248\"},\"wordCount\":718,\"commentCount\":0,\"image\":{\"@id\":\"https:\\\/\\\/kibrisdakik.com\\\/?p=78248#primaryimage\"},\"thumbnailUrl\":\"https:\\\/\\\/kibrisdakik.com\\\/wp-content\\\/uploads\\\/2025\\\/03\\\/1742398303779213e0c93-6bc6-4a4d-9b1d-9dc53407862c-740x420.jpg\",\"articleSection\":[\"K\u0131br\u0131s\",\"Man\u015fet\"],\"inLanguage\":\"tr\",\"potentialAction\":[{\"@type\":\"CommentAction\",\"name\":\"Comment\",\"target\":[\"https:\\\/\\\/kibrisdakik.com\\\/?p=78248#respond\"]}]},{\"@type\":\"WebPage\",\"@id\":\"https:\\\/\\\/kibrisdakik.com\\\/?p=78248\",\"url\":\"https:\\\/\\\/kibrisdakik.com\\\/?p=78248\",\"name\":\"G\u00fcvercinlik Spor Tesisi hizmete a\u00e7\u0131ld\u0131\u2026 T.C. Gen\u00e7lik ve Spor Bakan\u0131 Osman A\u015fk\u0131n Bak: \u201cTesisimiz hay\u0131rl\u0131, u\u011furlu olsun\u201d -\",\"isPartOf\":{\"@id\":\"https:\\\/\\\/kibrisdakik.com\\\/#website\"},\"primaryImageOfPage\":{\"@id\":\"https:\\\/\\\/kibrisdakik.com\\\/?p=78248#primaryimage\"},\"image\":{\"@id\":\"https:\\\/\\\/kibrisdakik.com\\\/?p=78248#primaryimage\"},\"thumbnailUrl\":\"https:\\\/\\\/kibrisdakik.com\\\/wp-content\\\/uploads\\\/2025\\\/03\\\/1742398303779213e0c93-6bc6-4a4d-9b1d-9dc53407862c-740x420.jpg\",\"datePublished\":\"2025-03-19T17:26:15+00:00\",\"author\":{\"@id\":\"https:\\\/\\\/kibrisdakik.com\\\/#\\\/schema\\\/person\\\/9cd9d437bbb44f72b73ba127e06d8e79\"},\"breadcrumb\":{\"@id\":\"https:\\\/\\\/kibrisdakik.com\\\/?p=78248#breadcrumb\"},\"inLanguage\":\"tr\",\"potentialAction\":[{\"@type\":\"ReadAction\",\"target\":[\"https:\\\/\\\/kibrisdakik.com\\\/?p=78248\"]}]},{\"@type\":\"ImageObject\",\"inLanguage\":\"tr\",\"@id\":\"https:\\\/\\\/kibrisdakik.com\\\/?p=78248#primaryimage\",\"url\":\"https:\\\/\\\/kibrisdakik.com\\\/wp-content\\\/uploads\\\/2025\\\/03\\\/1742398303779213e0c93-6bc6-4a4d-9b1d-9dc53407862c-740x420.jpg\",\"contentUrl\":\"https:\\\/\\\/kibrisdakik.com\\\/wp-content\\\/uploads\\\/2025\\\/03\\\/1742398303779213e0c93-6bc6-4a4d-9b1d-9dc53407862c-740x420.jpg\",\"width\":1600,\"height\":1200},{\"@type\":\"BreadcrumbList\",\"@id\":\"https:\\\/\\\/kibrisdakik.com\\\/?p=78248#breadcrumb\",\"itemListElement\":[{\"@type\":\"ListItem\",\"position\":1,\"name\":\"Home\",\"item\":\"https:\\\/\\\/kibrisdakik.com\\\/\"},{\"@type\":\"ListItem\",\"position\":2,\"name\":\"G\u00fcvercinlik Spor Tesisi hizmete a\u00e7\u0131ld\u0131\u2026 T.C. Gen\u00e7lik ve Spor Bakan\u0131 Osman A\u015fk\u0131n Bak: \u201cTesisimiz hay\u0131rl\u0131, u\u011furlu olsun\u201d\"}]},{\"@type\":\"WebSite\",\"@id\":\"https:\\\/\\\/kibrisdakik.com\\\/#website\",\"url\":\"https:\\\/\\\/kibrisdakik.com\\\/\",\"name\":\"\",\"description\":\"Tam vaktinde haber\",\"potentialAction\":[{\"@type\":\"SearchAction\",\"target\":{\"@type\":\"EntryPoint\",\"urlTemplate\":\"https:\\\/\\\/kibrisdakik.com\\\/?s={search_term_string}\"},\"query-input\":{\"@type\":\"PropertyValueSpecification\",\"valueRequired\":true,\"valueName\":\"search_term_string\"}}],\"inLanguage\":\"tr\"},{\"@type\":\"Person\",\"@id\":\"https:\\\/\\\/kibrisdakik.com\\\/#\\\/schema\\\/person\\\/9cd9d437bbb44f72b73ba127e06d8e79\",\"name\":\"admin\",\"image\":{\"@type\":\"ImageObject\",\"inLanguage\":\"tr\",\"@id\":\"https:\\\/\\\/secure.gravatar.com\\\/avatar\\\/ccc17943b9d660506c869530f897617f7cb1c21a4bf30023f252596d83e1f007?s=96&d=mm&r=g\",\"url\":\"https:\\\/\\\/secure.gravatar.com\\\/avatar\\\/ccc17943b9d660506c869530f897617f7cb1c21a4bf30023f252596d83e1f007?s=96&d=mm&r=g\",\"contentUrl\":\"https:\\\/\\\/secure.gravatar.com\\\/avatar\\\/ccc17943b9d660506c869530f897617f7cb1c21a4bf30023f252596d83e1f007?s=96&d=mm&r=g\",\"caption\":\"admin\"},\"sameAs\":[\"https:\\\/\\\/kibrisdakik.com\"],\"url\":\"https:\\\/\\\/kibrisdakik.com\\\/?author=1\"}]}<\/script>\n<!-- \/ Yoast SEO plugin. -->","yoast_head_json":{"title":"G\u00fcvercinlik Spor Tesisi hizmete a\u00e7\u0131ld\u0131\u2026 T.C. Gen\u00e7lik ve Spor Bakan\u0131 Osman A\u015fk\u0131n Bak: \u201cTesisimiz hay\u0131rl\u0131, u\u011furlu olsun\u201d -","robots":{"index":"index","follow":"follow","max-snippet":"max-snippet:-1","max-image-preview":"max-image-preview:large","max-video-preview":"max-video-preview:-1"},"canonical":"https:\/\/kibrisdakik.com\/?p=78248","og_locale":"tr_TR","og_type":"article","og_title":"G\u00fcvercinlik Spor Tesisi hizmete a\u00e7\u0131ld\u0131\u2026 T.C. Gen\u00e7lik ve Spor Bakan\u0131 Osman A\u015fk\u0131n Bak: \u201cTesisimiz hay\u0131rl\u0131, u\u011furlu olsun\u201d -","og_description":"G\u00fcvercinlik\u2019te Beyarmudu Belediyesi ile T\u00fcrkiye Cumhuriyeti Yard\u0131m Heyeti katk\u0131lar\u0131yla yap\u0131lan \u201csentetik \u00e7im saha ve spor tesisi\u201d, T\u00fcrkiye Cumhuriyeti Gen\u00e7lik ve Spor Bakan\u0131 Osman A\u015fk\u0131n Bak\u2019\u0131n kat\u0131l\u0131m\u0131yla bug\u00fcn d\u00fczenlenen t\u00f6renle hizmete a\u00e7\u0131ld\u0131. A\u00e7\u0131l\u0131\u015f t\u00f6renine Bakan Osman A\u015fk\u0131n Bak\u2019\u0131n yan\u0131 s\u0131ra T\u00fcrkiye Cumhuriyeti Lefko\u015fa B\u00fcy\u00fckel\u00e7isi Ali Murat Ba\u015f\u00e7eri, Milli E\u011fitim Bakan\u0131 Naz\u0131m \u00c7avu\u015fo\u011flu, Beyarmudu Belediye Ba\u015fkan\u0131 B\u00fclent","og_url":"https:\/\/kibrisdakik.com\/?p=78248","article_published_time":"2025-03-19T17:26:15+00:00","og_image":[{"width":1600,"height":1200,"url":"https:\/\/kibrisdakik.com\/wp-content\/uploads\/2025\/03\/1742398303779213e0c93-6bc6-4a4d-9b1d-9dc53407862c-740x420.jpg","type":"image\/jpeg"}],"author":"admin","twitter_card":"summary_large_image","twitter_misc":{"Yazan:":"admin","Tahmini okuma s\u00fcresi":"3 dakika"},"schema":{"@context":"https:\/\/schema.org","@graph":[{"@type":"Article","@id":"https:\/\/kibrisdakik.com\/?p=78248#article","isPartOf":{"@id":"https:\/\/kibrisdakik.com\/?p=78248"},"author":{"name":"admin","@id":"https:\/\/kibrisdakik.com\/#\/schema\/person\/9cd9d437bbb44f72b73ba127e06d8e79"},"headline":"G\u00fcvercinlik Spor Tesisi hizmete a\u00e7\u0131ld\u0131\u2026 T.C. Gen\u00e7lik ve Spor Bakan\u0131 Osman A\u015fk\u0131n Bak: \u201cTesisimiz hay\u0131rl\u0131, u\u011furlu olsun\u201d","datePublished":"2025-03-19T17:26:15+00:00","mainEntityOfPage":{"@id":"https:\/\/kibrisdakik.com\/?p=78248"},"wordCount":718,"commentCount":0,"image":{"@id":"https:\/\/kibrisdakik.com\/?p=78248#primaryimage"},"thumbnailUrl":"https:\/\/kibrisdakik.com\/wp-content\/uploads\/2025\/03\/1742398303779213e0c93-6bc6-4a4d-9b1d-9dc53407862c-740x420.jpg","articleSection":["K\u0131br\u0131s","Man\u015fet"],"inLanguage":"tr","potentialAction":[{"@type":"CommentAction","name":"Comment","target":["https:\/\/kibrisdakik.com\/?p=78248#respond"]}]},{"@type":"WebPage","@id":"https:\/\/kibrisdakik.com\/?p=78248","url":"https:\/\/kibrisdakik.com\/?p=78248","name":"G\u00fcvercinlik Spor Tesisi hizmete a\u00e7\u0131ld\u0131\u2026 T.C. Gen\u00e7lik ve Spor Bakan\u0131 Osman A\u015fk\u0131n Bak: \u201cTesisimiz hay\u0131rl\u0131, u\u011furlu olsun\u201d -","isPartOf":{"@id":"https:\/\/kibrisdakik.com\/#website"},"primaryImageOfPage":{"@id":"https:\/\/kibrisdakik.com\/?p=78248#primaryimage"},"image":{"@id":"https:\/\/kibrisdakik.com\/?p=78248#primaryimage"},"thumbnailUrl":"https:\/\/kibrisdakik.com\/wp-content\/uploads\/2025\/03\/1742398303779213e0c93-6bc6-4a4d-9b1d-9dc53407862c-740x420.jpg","datePublished":"2025-03-19T17:26:15+00:00","author":{"@id":"https:\/\/kibrisdakik.com\/#\/schema\/person\/9cd9d437bbb44f72b73ba127e06d8e79"},"breadcrumb":{"@id":"https:\/\/kibrisdakik.com\/?p=78248#breadcrumb"},"inLanguage":"tr","potentialAction":[{"@type":"ReadAction","target":["https:\/\/kibrisdakik.com\/?p=78248"]}]},{"@type":"ImageObject","inLanguage":"tr","@id":"https:\/\/kibrisdakik.com\/?p=78248#primaryimage","url":"https:\/\/kibrisdakik.com\/wp-content\/uploads\/2025\/03\/1742398303779213e0c93-6bc6-4a4d-9b1d-9dc53407862c-740x420.jpg","contentUrl":"https:\/\/kibrisdakik.com\/wp-content\/uploads\/2025\/03\/1742398303779213e0c93-6bc6-4a4d-9b1d-9dc53407862c-740x420.jpg","width":1600,"height":1200},{"@type":"BreadcrumbList","@id":"https:\/\/kibrisdakik.com\/?p=78248#breadcrumb","itemListElement":[{"@type":"ListItem","position":1,"name":"Home","item":"https:\/\/kibrisdakik.com\/"},{"@type":"ListItem","position":2,"name":"G\u00fcvercinlik Spor Tesisi hizmete a\u00e7\u0131ld\u0131\u2026 T.C. Gen\u00e7lik ve Spor Bakan\u0131 Osman A\u015fk\u0131n Bak: \u201cTesisimiz hay\u0131rl\u0131, u\u011furlu olsun\u201d"}]},{"@type":"WebSite","@id":"https:\/\/kibrisdakik.com\/#website","url":"https:\/\/kibrisdakik.com\/","name":"","description":"Tam vaktinde haber","potentialAction":[{"@type":"SearchAction","target":{"@type":"EntryPoint","urlTemplate":"https:\/\/kibrisdakik.com\/?s={search_term_string}"},"query-input":{"@type":"PropertyValueSpecification","valueRequired":true,"valueName":"search_term_string"}}],"inLanguage":"tr"},{"@type":"Person","@id":"https:\/\/kibrisdakik.com\/#\/schema\/person\/9cd9d437bbb44f72b73ba127e06d8e79","name":"admin","image":{"@type":"ImageObject","inLanguage":"tr","@id":"https:\/\/secure.gravatar.com\/avatar\/ccc17943b9d660506c869530f897617f7cb1c21a4bf30023f252596d83e1f007?s=96&d=mm&r=g","url":"https:\/\/secure.gravatar.com\/avatar\/ccc17943b9d660506c869530f897617f7cb1c21a4bf30023f252596d83e1f007?s=96&d=mm&r=g","contentUrl":"https:\/\/secure.gravatar.com\/avatar\/ccc17943b9d660506c869530f897617f7cb1c21a4bf30023f252596d83e1f007?s=96&d=mm&r=g","caption":"admin"},"sameAs":["https:\/\/kibrisdakik.com"],"url":"https:\/\/kibrisdakik.com\/?author=1"}]}},"_links":{"self":[{"href":"https:\/\/kibrisdakik.com\/index.php?rest_route=\/wp\/v2\/posts\/78248","targetHints":{"allow":["GET"]}}],"collection":[{"href":"https:\/\/kibrisdakik.com\/index.php?rest_route=\/wp\/v2\/posts"}],"about":[{"href":"https:\/\/kibrisdakik.com\/index.php?rest_route=\/wp\/v2\/types\/post"}],"author":[{"embeddable":true,"href":"https:\/\/kibrisdakik.com\/index.php?rest_route=\/wp\/v2\/users\/1"}],"replies":[{"embeddable":true,"href":"https:\/\/kibrisdakik.com\/index.php?rest_route=%2Fwp%2Fv2%2Fcomments&post=78248"}],"version-history":[{"count":0,"href":"https:\/\/kibrisdakik.com\/index.php?rest_route=\/wp\/v2\/posts\/78248\/revisions"}],"wp:featuredmedia":[{"embeddable":true,"href":"https:\/\/kibrisdakik.com\/index.php?rest_route=\/wp\/v2\/media\/78249"}],"wp:attachment":[{"href":"https:\/\/kibrisdakik.com\/index.php?rest_route=%2Fwp%2Fv2%2Fmedia&parent=78248"}],"wp:term":[{"taxonomy":"category","embeddable":true,"href":"https:\/\/kibrisdakik.com\/index.php?rest_route=%2Fwp%2Fv2%2Fcategories&post=78248"},{"taxonomy":"post_tag","embeddable":true,"href":"https:\/\/kibrisdakik.com\/index.php?rest_route=%2Fwp%2Fv2%2Ftags&post=78248"}],"curies":[{"name":"wp","href":"https:\/\/api.w.org\/{rel}","templated":true}]}}