{"id":78254,"date":"2025-03-19T20:31:00","date_gmt":"2025-03-19T17:31:00","guid":{"rendered":"https:\/\/kibrisdakik.com\/index.php\/2025\/03\/19\/iletisim-baskani-altundan-istanbul-cumhuriyet-bassavciliginin-yuruttugu-sorusturmalara-iliskin-aciklama\/"},"modified":"2025-03-19T20:31:00","modified_gmt":"2025-03-19T17:31:00","slug":"iletisim-baskani-altundan-istanbul-cumhuriyet-bassavciliginin-yuruttugu-sorusturmalara-iliskin-aciklama","status":"publish","type":"post","link":"https:\/\/kibrisdakik.com\/?p=78254","title":{"rendered":"\u0130leti\u015fim Ba\u015fkan\u0131 Altun\u2019dan, \u0130stanbul Cumhuriyet Ba\u015fsavc\u0131l\u0131\u011f\u0131n\u0131n y\u00fcr\u00fctt\u00fc\u011f\u00fc soru\u015fturmalara ili\u015fkin a\u00e7\u0131klama\u2026"},"content":{"rendered":"<p><\/p>\n<div>\n<div class=\"mariselle-image-container center\">\n                <img loading=\"lazy\" decoding=\"async\" width=\"1280\" height=\"720\" class=\"lazy-image\" alt=\"\" sizes=\"auto, (max-width: 1280px) 100vw, 1280px\" src=\"https:\/\/brtk.net\/wp-content\/uploads\/2025\/03\/19\/1742395050014altun.jpg?ver=8cb3d5957d6199076ccbc99da88dc10c\" srcset=\"https:\/\/brtk.net\/wp-content\/uploads\/2025\/03\/19\/1742395050014altun.jpg?ver=8cb3d5957d6199076ccbc99da88dc10c 1280w, https:\/\/brtk.net\/wp-content\/uploads\/2025\/03\/19\/1742395050014altun-300x169.jpg?ver=7b6347c0f8e1e3e272aae49a62f6510c 300w, https:\/\/brtk.net\/wp-content\/uploads\/2025\/03\/19\/1742395050014altun-1024x576.jpg?ver=7b6347c0f8e1e3e272aae49a62f6510c 1024w, https:\/\/brtk.net\/wp-content\/uploads\/2025\/03\/19\/1742395050014altun-768x432.jpg?ver=7b6347c0f8e1e3e272aae49a62f6510c 768w\"\/>                            <\/div>\n<p>TC Cumhurba\u015fkanl\u0131\u011f\u0131 \u0130leti\u015fim Ba\u015fkan\u0131 Fahrettin Altun, \u201cBa\u015flat\u0131lan soru\u015fturman\u0131n i\u00e7eri\u011fine ve detaylar\u0131na hakim olmaks\u0131z\u0131n yap\u0131lan siyasi ve ideolojik de\u011ferlendirmeler aras\u0131nda Say\u0131n Cumhurba\u015fkan\u0131m\u0131za y\u00f6nelik akla ziyan iftiralar at\u0131ld\u0131\u011f\u0131na da \u015fahit olmaktay\u0131z.\u201d ifadesini kulland\u0131.<\/p>\n<p>Altun, sosyal medya hesab\u0131ndan yapt\u0131\u011f\u0131 payla\u015f\u0131mda, \u0130stanbul Cumhuriyet Ba\u015fsavc\u0131l\u0131\u011f\u0131 taraf\u0131ndan y\u00fcr\u00fct\u00fclen bir dizi soru\u015fturma kapsam\u0131nda \u0130stanbul B\u00fcy\u00fck\u015fehir Belediyesi yetkililerinin ve di\u011fer \u015f\u00fcphelilerin g\u00f6zalt\u0131na al\u0131nmas\u0131 karar\u0131 sonras\u0131, ba\u015fta ana muhalefet partisi y\u00f6neticileri olmak \u00fczere birtak\u0131m mahfillerin siyasi ve ideolojik saiklerle soru\u015fturmalar\u0131n selametine halel getirme \u00e7abas\u0131 i\u00e7erisinde oldu\u011funu g\u00f6rd\u00fcklerini belirtti.<\/p>\n<p>\u201cBa\u015flat\u0131lan soru\u015fturman\u0131n i\u00e7eri\u011fine ve detaylar\u0131na hakim olmaks\u0131z\u0131n yap\u0131lan siyasi ve ideolojik de\u011ferlendirmeler aras\u0131nda Say\u0131n Cumhurba\u015fkan\u0131m\u0131za y\u00f6nelik akla ziyan iftiralar at\u0131ld\u0131\u011f\u0131na da \u015fahit olmaktay\u0131z.\u201d de\u011ferlendirmesinde bulunan Altun, \u015funlar\u0131 kaydetti:<\/p>\n<p>\u201cYetkisini T\u00fcrk milleti ad\u0131na kullanan yarg\u0131 organlar\u0131m\u0131z\u0131n ba\u011f\u0131ms\u0131zl\u0131\u011f\u0131na y\u00f6nelik y\u0131pratma amac\u0131 ta\u015f\u0131d\u0131\u011f\u0131 gibi Say\u0131n Cumhurba\u015fkan\u0131m\u0131z\u0131 da t\u00f6hmet alt\u0131nda b\u0131rakmay\u0131 ama\u00e7layan bu tip \u00e7abalar\u0131n kar\u015f\u0131s\u0131nda dimdik durmay\u0131 ve bu ideolojik iftira kampanyalar\u0131na kar\u015f\u0131 Cumhurba\u015fkan\u0131m\u0131z\u0131n hukukunu korumay\u0131 s\u00fcrd\u00fcrece\u011fiz. Ba\u011f\u0131ms\u0131z yarg\u0131n\u0131n verece\u011fi her t\u00fcrl\u00fc karar\u0131n t\u00fcm kesimlerce sayg\u0131yla kar\u015f\u0131lanmas\u0131 gerekti\u011fi d\u00fc\u015f\u00fcncemizi yineliyor, bu s\u00fcre\u00e7te \u0130leti\u015fim Ba\u015fkanl\u0131\u011f\u0131 olarak dezenformasyonla m\u00fccadelemizi s\u00fcrd\u00fcrece\u011fimizi hat\u0131rlatmak istiyoruz. Vatanda\u015flar\u0131m\u0131z\u0131n da teyit edilmemi\u015f ve \u015f\u00fcpheli i\u00e7eriklere dikkatle yakla\u015farak bu m\u00fccadeleye destek olmalar\u0131n\u0131, her zaman oldu\u011fu gibi resmi kurum ve yetkililerin a\u00e7\u0131klamalar\u0131na itibar etmelerini \u00f6nemle rica ediyoruz.\u201d<\/p>\n<\/p><\/div>\n<p><script async\n                    defer\n                    crossorigin=\"anonymous\"\n                    src=\"https:\/\/connect.facebook.net\/tr_TR\/sdk.js#xfbml=1&#038;version=v3.3\"\n            ><\/script><\/p>\n","protected":false},"excerpt":{"rendered":"<p>TC Cumhurba\u015fkanl\u0131\u011f\u0131 \u0130leti\u015fim Ba\u015fkan\u0131 Fahrettin Altun, \u201cBa\u015flat\u0131lan soru\u015fturman\u0131n i\u00e7eri\u011fine ve detaylar\u0131na hakim olmaks\u0131z\u0131n yap\u0131lan siyasi ve ideolojik de\u011ferlendirmeler aras\u0131nda Say\u0131n Cumhurba\u015fkan\u0131m\u0131za y\u00f6nelik akla ziyan iftiralar at\u0131ld\u0131\u011f\u0131na da \u015fahit olmaktay\u0131z.\u201d ifadesini kulland\u0131. Altun, sosyal medya hesab\u0131ndan yapt\u0131\u011f\u0131 payla\u015f\u0131mda, \u0130stanbul Cumhuriyet Ba\u015fsavc\u0131l\u0131\u011f\u0131 taraf\u0131ndan y\u00fcr\u00fct\u00fclen bir dizi soru\u015fturma kapsam\u0131nda \u0130stanbul B\u00fcy\u00fck\u015fehir Belediyesi yetkililerinin ve di\u011fer \u015f\u00fcphelilerin g\u00f6zalt\u0131na al\u0131nmas\u0131<\/p>\n","protected":false},"author":1,"featured_media":78255,"comment_status":"open","ping_status":"open","sticky":false,"template":"","format":"standard","meta":{"footnotes":""},"categories":[86],"tags":[],"class_list":["post-78254","post","type-post","status-publish","format-standard","has-post-thumbnail","hentry","category-turkiye"],"yoast_head":"<!-- This site is optimized with the Yoast SEO plugin v27.5 - https:\/\/yoast.com\/product\/yoast-seo-wordpress\/ -->\n<title>\u0130leti\u015fim Ba\u015fkan\u0131 Altun\u2019dan, \u0130stanbul Cumhuriyet Ba\u015fsavc\u0131l\u0131\u011f\u0131n\u0131n y\u00fcr\u00fctt\u00fc\u011f\u00fc soru\u015fturmalara ili\u015fkin a\u00e7\u0131klama\u2026 -<\/title>\n<meta name=\"robots\" content=\"index, follow, max-snippet:-1, max-image-preview:large, max-video-preview:-1\" \/>\n<link rel=\"canonical\" href=\"https:\/\/kibrisdakik.com\/?p=78254\" \/>\n<meta property=\"og:locale\" content=\"tr_TR\" \/>\n<meta property=\"og:type\" content=\"article\" \/>\n<meta property=\"og:title\" content=\"\u0130leti\u015fim Ba\u015fkan\u0131 Altun\u2019dan, \u0130stanbul Cumhuriyet Ba\u015fsavc\u0131l\u0131\u011f\u0131n\u0131n y\u00fcr\u00fctt\u00fc\u011f\u00fc soru\u015fturmalara ili\u015fkin a\u00e7\u0131klama\u2026 -\" \/>\n<meta property=\"og:description\" content=\"TC Cumhurba\u015fkanl\u0131\u011f\u0131 \u0130leti\u015fim Ba\u015fkan\u0131 Fahrettin Altun, \u201cBa\u015flat\u0131lan soru\u015fturman\u0131n i\u00e7eri\u011fine ve detaylar\u0131na hakim olmaks\u0131z\u0131n yap\u0131lan siyasi ve ideolojik de\u011ferlendirmeler aras\u0131nda Say\u0131n Cumhurba\u015fkan\u0131m\u0131za y\u00f6nelik akla ziyan iftiralar at\u0131ld\u0131\u011f\u0131na da \u015fahit olmaktay\u0131z.\u201d ifadesini kulland\u0131. Altun, sosyal medya hesab\u0131ndan yapt\u0131\u011f\u0131 payla\u015f\u0131mda, \u0130stanbul Cumhuriyet Ba\u015fsavc\u0131l\u0131\u011f\u0131 taraf\u0131ndan y\u00fcr\u00fct\u00fclen bir dizi soru\u015fturma kapsam\u0131nda \u0130stanbul B\u00fcy\u00fck\u015fehir Belediyesi yetkililerinin ve di\u011fer \u015f\u00fcphelilerin g\u00f6zalt\u0131na al\u0131nmas\u0131\" \/>\n<meta property=\"og:url\" content=\"https:\/\/kibrisdakik.com\/?p=78254\" \/>\n<meta property=\"article:published_time\" content=\"2025-03-19T17:31:00+00:00\" \/>\n<meta property=\"og:image\" content=\"https:\/\/kibrisdakik.com\/wp-content\/uploads\/2025\/03\/1742395050014altun-740x420.jpg\" \/>\n\t<meta property=\"og:image:width\" content=\"1280\" \/>\n\t<meta property=\"og:image:height\" content=\"720\" \/>\n\t<meta property=\"og:image:type\" content=\"image\/jpeg\" \/>\n<meta name=\"author\" content=\"admin\" \/>\n<meta name=\"twitter:card\" content=\"summary_large_image\" \/>\n<meta name=\"twitter:label1\" content=\"Yazan:\" \/>\n\t<meta name=\"twitter:data1\" content=\"admin\" \/>\n\t<meta name=\"twitter:label2\" content=\"Tahmini okuma s\u00fcresi\" \/>\n\t<meta name=\"twitter:data2\" content=\"2 dakika\" \/>\n<script type=\"application\/ld+json\" class=\"yoast-schema-graph\">{\"@context\":\"https:\\\/\\\/schema.org\",\"@graph\":[{\"@type\":\"Article\",\"@id\":\"https:\\\/\\\/kibrisdakik.com\\\/?p=78254#article\",\"isPartOf\":{\"@id\":\"https:\\\/\\\/kibrisdakik.com\\\/?p=78254\"},\"author\":{\"name\":\"admin\",\"@id\":\"https:\\\/\\\/kibrisdakik.com\\\/#\\\/schema\\\/person\\\/9cd9d437bbb44f72b73ba127e06d8e79\"},\"headline\":\"\u0130leti\u015fim Ba\u015fkan\u0131 Altun\u2019dan, \u0130stanbul Cumhuriyet Ba\u015fsavc\u0131l\u0131\u011f\u0131n\u0131n y\u00fcr\u00fctt\u00fc\u011f\u00fc soru\u015fturmalara ili\u015fkin a\u00e7\u0131klama\u2026\",\"datePublished\":\"2025-03-19T17:31:00+00:00\",\"mainEntityOfPage\":{\"@id\":\"https:\\\/\\\/kibrisdakik.com\\\/?p=78254\"},\"wordCount\":347,\"commentCount\":0,\"image\":{\"@id\":\"https:\\\/\\\/kibrisdakik.com\\\/?p=78254#primaryimage\"},\"thumbnailUrl\":\"https:\\\/\\\/kibrisdakik.com\\\/wp-content\\\/uploads\\\/2025\\\/03\\\/1742395050014altun-740x420.jpg\",\"articleSection\":[\"T\u00fcrkiye\"],\"inLanguage\":\"tr\",\"potentialAction\":[{\"@type\":\"CommentAction\",\"name\":\"Comment\",\"target\":[\"https:\\\/\\\/kibrisdakik.com\\\/?p=78254#respond\"]}]},{\"@type\":\"WebPage\",\"@id\":\"https:\\\/\\\/kibrisdakik.com\\\/?p=78254\",\"url\":\"https:\\\/\\\/kibrisdakik.com\\\/?p=78254\",\"name\":\"\u0130leti\u015fim Ba\u015fkan\u0131 Altun\u2019dan, \u0130stanbul Cumhuriyet Ba\u015fsavc\u0131l\u0131\u011f\u0131n\u0131n y\u00fcr\u00fctt\u00fc\u011f\u00fc soru\u015fturmalara ili\u015fkin a\u00e7\u0131klama\u2026 -\",\"isPartOf\":{\"@id\":\"https:\\\/\\\/kibrisdakik.com\\\/#website\"},\"primaryImageOfPage\":{\"@id\":\"https:\\\/\\\/kibrisdakik.com\\\/?p=78254#primaryimage\"},\"image\":{\"@id\":\"https:\\\/\\\/kibrisdakik.com\\\/?p=78254#primaryimage\"},\"thumbnailUrl\":\"https:\\\/\\\/kibrisdakik.com\\\/wp-content\\\/uploads\\\/2025\\\/03\\\/1742395050014altun-740x420.jpg\",\"datePublished\":\"2025-03-19T17:31:00+00:00\",\"author\":{\"@id\":\"https:\\\/\\\/kibrisdakik.com\\\/#\\\/schema\\\/person\\\/9cd9d437bbb44f72b73ba127e06d8e79\"},\"breadcrumb\":{\"@id\":\"https:\\\/\\\/kibrisdakik.com\\\/?p=78254#breadcrumb\"},\"inLanguage\":\"tr\",\"potentialAction\":[{\"@type\":\"ReadAction\",\"target\":[\"https:\\\/\\\/kibrisdakik.com\\\/?p=78254\"]}]},{\"@type\":\"ImageObject\",\"inLanguage\":\"tr\",\"@id\":\"https:\\\/\\\/kibrisdakik.com\\\/?p=78254#primaryimage\",\"url\":\"https:\\\/\\\/kibrisdakik.com\\\/wp-content\\\/uploads\\\/2025\\\/03\\\/1742395050014altun-740x420.jpg\",\"contentUrl\":\"https:\\\/\\\/kibrisdakik.com\\\/wp-content\\\/uploads\\\/2025\\\/03\\\/1742395050014altun-740x420.jpg\",\"width\":1280,\"height\":720},{\"@type\":\"BreadcrumbList\",\"@id\":\"https:\\\/\\\/kibrisdakik.com\\\/?p=78254#breadcrumb\",\"itemListElement\":[{\"@type\":\"ListItem\",\"position\":1,\"name\":\"Home\",\"item\":\"https:\\\/\\\/kibrisdakik.com\\\/\"},{\"@type\":\"ListItem\",\"position\":2,\"name\":\"\u0130leti\u015fim Ba\u015fkan\u0131 Altun\u2019dan, \u0130stanbul Cumhuriyet Ba\u015fsavc\u0131l\u0131\u011f\u0131n\u0131n y\u00fcr\u00fctt\u00fc\u011f\u00fc soru\u015fturmalara ili\u015fkin a\u00e7\u0131klama\u2026\"}]},{\"@type\":\"WebSite\",\"@id\":\"https:\\\/\\\/kibrisdakik.com\\\/#website\",\"url\":\"https:\\\/\\\/kibrisdakik.com\\\/\",\"name\":\"\",\"description\":\"Tam vaktinde haber\",\"potentialAction\":[{\"@type\":\"SearchAction\",\"target\":{\"@type\":\"EntryPoint\",\"urlTemplate\":\"https:\\\/\\\/kibrisdakik.com\\\/?s={search_term_string}\"},\"query-input\":{\"@type\":\"PropertyValueSpecification\",\"valueRequired\":true,\"valueName\":\"search_term_string\"}}],\"inLanguage\":\"tr\"},{\"@type\":\"Person\",\"@id\":\"https:\\\/\\\/kibrisdakik.com\\\/#\\\/schema\\\/person\\\/9cd9d437bbb44f72b73ba127e06d8e79\",\"name\":\"admin\",\"image\":{\"@type\":\"ImageObject\",\"inLanguage\":\"tr\",\"@id\":\"https:\\\/\\\/secure.gravatar.com\\\/avatar\\\/ccc17943b9d660506c869530f897617f7cb1c21a4bf30023f252596d83e1f007?s=96&d=mm&r=g\",\"url\":\"https:\\\/\\\/secure.gravatar.com\\\/avatar\\\/ccc17943b9d660506c869530f897617f7cb1c21a4bf30023f252596d83e1f007?s=96&d=mm&r=g\",\"contentUrl\":\"https:\\\/\\\/secure.gravatar.com\\\/avatar\\\/ccc17943b9d660506c869530f897617f7cb1c21a4bf30023f252596d83e1f007?s=96&d=mm&r=g\",\"caption\":\"admin\"},\"sameAs\":[\"https:\\\/\\\/kibrisdakik.com\"],\"url\":\"https:\\\/\\\/kibrisdakik.com\\\/?author=1\"}]}<\/script>\n<!-- \/ Yoast SEO plugin. -->","yoast_head_json":{"title":"\u0130leti\u015fim Ba\u015fkan\u0131 Altun\u2019dan, \u0130stanbul Cumhuriyet Ba\u015fsavc\u0131l\u0131\u011f\u0131n\u0131n y\u00fcr\u00fctt\u00fc\u011f\u00fc soru\u015fturmalara ili\u015fkin a\u00e7\u0131klama\u2026 -","robots":{"index":"index","follow":"follow","max-snippet":"max-snippet:-1","max-image-preview":"max-image-preview:large","max-video-preview":"max-video-preview:-1"},"canonical":"https:\/\/kibrisdakik.com\/?p=78254","og_locale":"tr_TR","og_type":"article","og_title":"\u0130leti\u015fim Ba\u015fkan\u0131 Altun\u2019dan, \u0130stanbul Cumhuriyet Ba\u015fsavc\u0131l\u0131\u011f\u0131n\u0131n y\u00fcr\u00fctt\u00fc\u011f\u00fc soru\u015fturmalara ili\u015fkin a\u00e7\u0131klama\u2026 -","og_description":"TC Cumhurba\u015fkanl\u0131\u011f\u0131 \u0130leti\u015fim Ba\u015fkan\u0131 Fahrettin Altun, \u201cBa\u015flat\u0131lan soru\u015fturman\u0131n i\u00e7eri\u011fine ve detaylar\u0131na hakim olmaks\u0131z\u0131n yap\u0131lan siyasi ve ideolojik de\u011ferlendirmeler aras\u0131nda Say\u0131n Cumhurba\u015fkan\u0131m\u0131za y\u00f6nelik akla ziyan iftiralar at\u0131ld\u0131\u011f\u0131na da \u015fahit olmaktay\u0131z.\u201d ifadesini kulland\u0131. Altun, sosyal medya hesab\u0131ndan yapt\u0131\u011f\u0131 payla\u015f\u0131mda, \u0130stanbul Cumhuriyet Ba\u015fsavc\u0131l\u0131\u011f\u0131 taraf\u0131ndan y\u00fcr\u00fct\u00fclen bir dizi soru\u015fturma kapsam\u0131nda \u0130stanbul B\u00fcy\u00fck\u015fehir Belediyesi yetkililerinin ve di\u011fer \u015f\u00fcphelilerin g\u00f6zalt\u0131na al\u0131nmas\u0131","og_url":"https:\/\/kibrisdakik.com\/?p=78254","article_published_time":"2025-03-19T17:31:00+00:00","og_image":[{"width":1280,"height":720,"url":"https:\/\/kibrisdakik.com\/wp-content\/uploads\/2025\/03\/1742395050014altun-740x420.jpg","type":"image\/jpeg"}],"author":"admin","twitter_card":"summary_large_image","twitter_misc":{"Yazan:":"admin","Tahmini okuma s\u00fcresi":"2 dakika"},"schema":{"@context":"https:\/\/schema.org","@graph":[{"@type":"Article","@id":"https:\/\/kibrisdakik.com\/?p=78254#article","isPartOf":{"@id":"https:\/\/kibrisdakik.com\/?p=78254"},"author":{"name":"admin","@id":"https:\/\/kibrisdakik.com\/#\/schema\/person\/9cd9d437bbb44f72b73ba127e06d8e79"},"headline":"\u0130leti\u015fim Ba\u015fkan\u0131 Altun\u2019dan, \u0130stanbul Cumhuriyet Ba\u015fsavc\u0131l\u0131\u011f\u0131n\u0131n y\u00fcr\u00fctt\u00fc\u011f\u00fc soru\u015fturmalara ili\u015fkin a\u00e7\u0131klama\u2026","datePublished":"2025-03-19T17:31:00+00:00","mainEntityOfPage":{"@id":"https:\/\/kibrisdakik.com\/?p=78254"},"wordCount":347,"commentCount":0,"image":{"@id":"https:\/\/kibrisdakik.com\/?p=78254#primaryimage"},"thumbnailUrl":"https:\/\/kibrisdakik.com\/wp-content\/uploads\/2025\/03\/1742395050014altun-740x420.jpg","articleSection":["T\u00fcrkiye"],"inLanguage":"tr","potentialAction":[{"@type":"CommentAction","name":"Comment","target":["https:\/\/kibrisdakik.com\/?p=78254#respond"]}]},{"@type":"WebPage","@id":"https:\/\/kibrisdakik.com\/?p=78254","url":"https:\/\/kibrisdakik.com\/?p=78254","name":"\u0130leti\u015fim Ba\u015fkan\u0131 Altun\u2019dan, \u0130stanbul Cumhuriyet Ba\u015fsavc\u0131l\u0131\u011f\u0131n\u0131n y\u00fcr\u00fctt\u00fc\u011f\u00fc soru\u015fturmalara ili\u015fkin a\u00e7\u0131klama\u2026 -","isPartOf":{"@id":"https:\/\/kibrisdakik.com\/#website"},"primaryImageOfPage":{"@id":"https:\/\/kibrisdakik.com\/?p=78254#primaryimage"},"image":{"@id":"https:\/\/kibrisdakik.com\/?p=78254#primaryimage"},"thumbnailUrl":"https:\/\/kibrisdakik.com\/wp-content\/uploads\/2025\/03\/1742395050014altun-740x420.jpg","datePublished":"2025-03-19T17:31:00+00:00","author":{"@id":"https:\/\/kibrisdakik.com\/#\/schema\/person\/9cd9d437bbb44f72b73ba127e06d8e79"},"breadcrumb":{"@id":"https:\/\/kibrisdakik.com\/?p=78254#breadcrumb"},"inLanguage":"tr","potentialAction":[{"@type":"ReadAction","target":["https:\/\/kibrisdakik.com\/?p=78254"]}]},{"@type":"ImageObject","inLanguage":"tr","@id":"https:\/\/kibrisdakik.com\/?p=78254#primaryimage","url":"https:\/\/kibrisdakik.com\/wp-content\/uploads\/2025\/03\/1742395050014altun-740x420.jpg","contentUrl":"https:\/\/kibrisdakik.com\/wp-content\/uploads\/2025\/03\/1742395050014altun-740x420.jpg","width":1280,"height":720},{"@type":"BreadcrumbList","@id":"https:\/\/kibrisdakik.com\/?p=78254#breadcrumb","itemListElement":[{"@type":"ListItem","position":1,"name":"Home","item":"https:\/\/kibrisdakik.com\/"},{"@type":"ListItem","position":2,"name":"\u0130leti\u015fim Ba\u015fkan\u0131 Altun\u2019dan, \u0130stanbul Cumhuriyet Ba\u015fsavc\u0131l\u0131\u011f\u0131n\u0131n y\u00fcr\u00fctt\u00fc\u011f\u00fc soru\u015fturmalara ili\u015fkin a\u00e7\u0131klama\u2026"}]},{"@type":"WebSite","@id":"https:\/\/kibrisdakik.com\/#website","url":"https:\/\/kibrisdakik.com\/","name":"","description":"Tam vaktinde haber","potentialAction":[{"@type":"SearchAction","target":{"@type":"EntryPoint","urlTemplate":"https:\/\/kibrisdakik.com\/?s={search_term_string}"},"query-input":{"@type":"PropertyValueSpecification","valueRequired":true,"valueName":"search_term_string"}}],"inLanguage":"tr"},{"@type":"Person","@id":"https:\/\/kibrisdakik.com\/#\/schema\/person\/9cd9d437bbb44f72b73ba127e06d8e79","name":"admin","image":{"@type":"ImageObject","inLanguage":"tr","@id":"https:\/\/secure.gravatar.com\/avatar\/ccc17943b9d660506c869530f897617f7cb1c21a4bf30023f252596d83e1f007?s=96&d=mm&r=g","url":"https:\/\/secure.gravatar.com\/avatar\/ccc17943b9d660506c869530f897617f7cb1c21a4bf30023f252596d83e1f007?s=96&d=mm&r=g","contentUrl":"https:\/\/secure.gravatar.com\/avatar\/ccc17943b9d660506c869530f897617f7cb1c21a4bf30023f252596d83e1f007?s=96&d=mm&r=g","caption":"admin"},"sameAs":["https:\/\/kibrisdakik.com"],"url":"https:\/\/kibrisdakik.com\/?author=1"}]}},"_links":{"self":[{"href":"https:\/\/kibrisdakik.com\/index.php?rest_route=\/wp\/v2\/posts\/78254","targetHints":{"allow":["GET"]}}],"collection":[{"href":"https:\/\/kibrisdakik.com\/index.php?rest_route=\/wp\/v2\/posts"}],"about":[{"href":"https:\/\/kibrisdakik.com\/index.php?rest_route=\/wp\/v2\/types\/post"}],"author":[{"embeddable":true,"href":"https:\/\/kibrisdakik.com\/index.php?rest_route=\/wp\/v2\/users\/1"}],"replies":[{"embeddable":true,"href":"https:\/\/kibrisdakik.com\/index.php?rest_route=%2Fwp%2Fv2%2Fcomments&post=78254"}],"version-history":[{"count":0,"href":"https:\/\/kibrisdakik.com\/index.php?rest_route=\/wp\/v2\/posts\/78254\/revisions"}],"wp:featuredmedia":[{"embeddable":true,"href":"https:\/\/kibrisdakik.com\/index.php?rest_route=\/wp\/v2\/media\/78255"}],"wp:attachment":[{"href":"https:\/\/kibrisdakik.com\/index.php?rest_route=%2Fwp%2Fv2%2Fmedia&parent=78254"}],"wp:term":[{"taxonomy":"category","embeddable":true,"href":"https:\/\/kibrisdakik.com\/index.php?rest_route=%2Fwp%2Fv2%2Fcategories&post=78254"},{"taxonomy":"post_tag","embeddable":true,"href":"https:\/\/kibrisdakik.com\/index.php?rest_route=%2Fwp%2Fv2%2Ftags&post=78254"}],"curies":[{"name":"wp","href":"https:\/\/api.w.org\/{rel}","templated":true}]}}